{"id":42580,"date":"2016-07-31T08:44:49","date_gmt":"2016-07-31T11:44:49","guid":{"rendered":"http:\/\/www.pedromigao.com.br\/ourodetolo\/?p=42580"},"modified":"2016-07-31T09:48:46","modified_gmt":"2016-07-31T12:48:46","slug":"dando-uma-chance-aos-jogos","status":"publish","type":"post","link":"http:\/\/www.pedromigao.com.br\/ourodetolo\/2016\/07\/dando-uma-chance-aos-jogos\/","title":{"rendered":"Dando uma chance aos Jogos"},"content":{"rendered":"<p style=\"text-align: justify;\">Bem. J\u00e1 deixei claro em v\u00e1rias colunas o meu pensamento sobre a Olimp\u00edada no Rio de Janeiro.<\/p>\n<p style=\"text-align: justify;\">Meu sentimento \u00e9 de decep\u00e7\u00e3o como carioca n\u00e3o s\u00f3 com os\u00a0Jogos Ol\u00edmpicos como com a Copa do Mundo. Tivemos sete anos que eram para ser m\u00e1gicos. O Brasil sediaria uma Copa do Mundo e apenas dois anos depois a minha cidade, a Olimp\u00edada. Fiquei muito emocionado, chorei quando o Rio foi escolhido por amar Olimp\u00edadas e por orgulho. Faltam menos de dois meses para acabarem os Jogos Paral\u00edmpicos, e assim vai acabar esse &#8220;per\u00edodo m\u00e1gico&#8221;, e a impress\u00e3o que d\u00e1, por mais que alguns entusiastas tentem passar o contr\u00e1rio, \u00e9 de que perdemos a chance.<\/p>\n<p style=\"text-align: justify;\">Em rela\u00e7\u00e3o \u00e0\u00a0Copa do Mundo \u00e9 certo, legado m\u00ednimo, p\u00edfio. Em rela\u00e7\u00e3o \u00e0\u00a0Olimp\u00edada, temos alguns, sim, como recupera\u00e7\u00e3o de espa\u00e7os hist\u00f3ricos do centro da cidade, BRT, VLT e uma promessa de uma melhor locomo\u00e7\u00e3o pela cidade. Tudo na promessa ainda porque nesse exato momento a cidade \u00e9 o caos, nunca o tr\u00e2nsito carioca foi t\u00e3o ruim. Mas vamos esperar o fim dos Jogos para sermos justos n\u00e3o s\u00f3 com nosso tr\u00e2nsito, mas com o legado total.<\/p>\n<p style=\"text-align: justify;\">Nosso pa\u00eds n\u00e3o merecia sediar a Olimp\u00edada, n\u00e3o passa por um momento em que mere\u00e7a. Nossa classe pol\u00edtica \u00e9 uma vergonha cada vez maior com corrup\u00e7\u00e3o, baixarias, intoler\u00e2ncia e nos fazendo participar de shows de horrores todas as vezes que ganham o notici\u00e1rio. Vivemos uma era de inseguran\u00e7a, a viol\u00eancia assusta cada vez mais, o ensino est\u00e1 sucateado, hospitais em p\u00e9ssimas condi\u00e7\u00f5es, o estado onde teremos os jogos entrou em calamidade p\u00fablica e vivemos um tempo de \u00f3dio, de raiva pelo qual poucas vezes passamos. O Brasil regrediu de 2009 para c\u00e1, sem d\u00favidas, em um aspecto financeiro, moral e como sociedade.<\/p>\n<p style=\"text-align: justify;\">Usaram a Olimp\u00edada. Usaram para enriquecer e ganhar prest\u00edgio pol\u00edtico. Armaram um revezamento de tocha nebuloso no qual\u00a0subcelebridades se juntam a atletas para carregarem a tocha em cidades que s\u00f3 est\u00e3o no roteiro porque pagaram. Isso nada tem a ver com o esp\u00edrito dos Jogos. At\u00e9 uma on\u00e7a mataram no caminho porque lhe tiraram de seu habitat e ela para se defender, atacou. O Brasil vem dando poucos motivos para nos orgulharmos de seu momento e do fato de sediar a Olimp\u00edada. N\u00e3o era para ser aqui, n\u00e3o era ao menos para ser agora. N\u00e3o merec\u00edamos os\u00a0Jogos.<\/p>\n<p style=\"text-align: justify;\">Mas j\u00e1 que ser\u00e3o aqui, que desfrutemos desse momento \u00fanico em nossa hist\u00f3ria.<\/p>\n<p style=\"text-align: justify;\">&#8220;Os Jogos da paz&#8221;, inven\u00e7\u00e3o dos gregos e que voltou a fazer parte da nossa exist\u00eancia no fim do s\u00e9culo XIX. O mundo todo unido em prol de um ideal. O da competi\u00e7\u00e3o sadia, honesta em que todos vencem. A medalha \u00e9 um detalhe, fazer parte disso \u00e9 o mais importante.<\/p>\n<p style=\"text-align: justify;\">Existem poucas coisas no mundo mais bonitas que a Olimp\u00edada e seus ideais. Os her\u00f3is que ela coloca no pante\u00e3o da hist\u00f3ria, os vil\u00f5es que tamb\u00e9m s\u00e3o inesquec\u00edveis. Olimp\u00edadas de Gabrielle Andersen, Jesse Owens, Mark Spitz, Nadia Comanecci, Usain Bolt, Michael Phelps, Dream Team, Carl Lewis e tamb\u00e9m de Ben Johnson e deu doping, Setembro Negro e seu terror, mas de Muhammad Ali e sua tr\u00eamula m\u00e3o nos deixando tr\u00eamulos de emo\u00e7\u00e3o ao acender a pira em Atlanta.<\/p>\n<p style=\"text-align: justify;\">E esses evento maravilhoso ser\u00e1 aqui, na nossa casa. Voc\u00eas t\u00eam no\u00e7\u00e3o disso? J\u00e1 caiu a ficha que em cinco dias tudo aquilo que nos acostumamos a ver pela TV\u00a0desde pequenos ocorrer\u00e1 aqui?<\/p>\n<p style=\"text-align: justify;\"><img loading=\"lazy\" decoding=\"async\" class=\"size-medium wp-image-42583 alignleft\" src=\"http:\/\/www.pedromigao.com.br\/ourodetolo\/wp-content\/uploads\/2016\/07\/joaquimcruz-300x197.jpg\" alt=\"joaquimcruz\" width=\"300\" height=\"197\" srcset=\"http:\/\/www.pedromigao.com.br\/ourodetolo\/wp-content\/uploads\/2016\/07\/joaquimcruz-300x197.jpg 300w, http:\/\/www.pedromigao.com.br\/ourodetolo\/wp-content\/uploads\/2016\/07\/joaquimcruz-768x504.jpg 768w, http:\/\/www.pedromigao.com.br\/ourodetolo\/wp-content\/uploads\/2016\/07\/joaquimcruz-518x340.jpg 518w, http:\/\/www.pedromigao.com.br\/ourodetolo\/wp-content\/uploads\/2016\/07\/joaquimcruz.jpg 1340w\" sizes=\"auto, (max-width: 300px) 100vw, 300px\" \/>Acompanho Olimp\u00edadas desde Los Angeles 1984 e confesso que gosto mais de Olimp\u00edadas que Copa do Mundo. Talvez porque para a gente no futebol s\u00f3 importe a vit\u00f3ria e sabendo das dificuldades de nossos atletas ol\u00edmpicos, medalha conquistada ganhe ares de hero\u00edsmo como do meu primeiro her\u00f3i ol\u00edmpico. Joaquim Cruz vencendo os europeus bem nutridos e bem treinados e depois correndo com a bandeira do Brasil pelo est\u00e1dio ol\u00edmpico.<\/p>\n<p style=\"text-align: justify;\">Poucas vezes d\u00e1 mais orgulho de nossos compatriotas, de ser brasileiro como quando vemos a supera\u00e7\u00e3o da adversidade. Poucas vezes d\u00e1 mais orgulho de ser humano quanto nos Jogos. Seja dos super homens da NBA que voam at\u00e9 uma cesta ou as pernas tr\u00eamulas de uma corredora tentando acabar sua corrida. Do homem mais r\u00e1pido do mundo ao nadador mais lento que competiu sozinho recebendo aplausos a cada bra\u00e7ada lenta que dava. A nota 10 na gin\u00e1stica, o refugo do cavalo, o choro do ursinho. Tudo isso daria um filme maravilhoso, mas \u00e9 melhor que isso, \u00e9 a vida real.<\/p>\n<p style=\"text-align: justify;\">Temos muitos motivos para protestar e todos s\u00e3o feitos com raz\u00e3o, menos apagar a tocha porque acho isso uma babaquice que n\u00e3o ajuda em nada, mas nesse momento nada pode ser feito. Teremos sim Olimp\u00edada, queiram os cr\u00edticos ou n\u00e3o, e ela \u00e9 a menor culpada de nossas mazelas. Todos os nossos problemas j\u00e1 existem h\u00e1 s\u00e9culos e quando os atletas forem embora e a pira apagar, continuar\u00e3o. Se realmente queremos mudar algo, nos tornar um pa\u00eds decente, digno temos condi\u00e7\u00f5es em outubro de come\u00e7ar a mudar nossa realidade. Nunca a classe pol\u00edtica brasileira foi t\u00e3o exposta quanto nesse \u00faltimo ano, ent\u00e3o n\u00e3o \u00e9 dif\u00edcil para o eleitor escolher se quer mudar algo ou n\u00e3o. Apagar alguns pol\u00edticos da vida p\u00fablica tem mais efeito que apagar a tocha.<\/p>\n<p style=\"text-align: justify;\">Eu como um dos cr\u00edticos \u00e0\u00a0forma com que o Brasil conduziu seus mega eventos e vai receber a Olimp\u00edada, me sinto \u00e0\u00a0vontade para desarmar meu cora\u00e7\u00e3o e receber de peito aberto os Jogos. Aconselho a todos a fazerem o mesmo. Pelo menos por duas semanas desarmarem os esp\u00edritos, deixarem o \u00f3dio de lado e aproveitarem esse momento que provavelmente nunca mais se repetir\u00e1, n\u00e3o em nossas exist\u00eancias. A Olimp\u00edada tem muito a ensinar para quem n\u00e3o est\u00e1 tomado pela raiva e est\u00e1 disposto a aprender. Aprender sobre companheirismo, coleguismo, respeito, supera\u00e7\u00e3o, voltas por cima e que para vencer n\u00e3o \u00e9 necess\u00e1rio chegar na frente dos outros. Basta superar a si.<\/p>\n<p style=\"text-align: justify;\">Nos superando a cada dia, nos tornamos melhores e fazemos um pa\u00eds melhor, um mundo melhor.<\/p>\n<p style=\"text-align: justify;\">Que sejam bem-vindos!<\/p>\n<p style=\"text-align: justify;\">Twitter &#8211; @aloisiovillar<\/p>\n<p style=\"text-align: justify;\">Facebook &#8211; Aloisio Villar<\/p>\n<p style=\"text-align: justify;\">[related_posts limit=&#8221;3&#8243;]<\/p>\n","protected":false},"excerpt":{"rendered":"<p>Bem. J\u00e1 deixei claro em v\u00e1rias colunas o meu pensamento sobre a Olimp\u00edada no Rio de Janeiro. Meu sentimento \u00e9 de decep\u00e7\u00e3o como carioca n\u00e3oTour Details<\/p>\n","protected":false},"author":8,"featured_media":42582,"comment_status":"open","ping_status":"open","sticky":false,"template":"","format":"standard","meta":{"footnotes":""},"categories":[8],"tags":[669,94,70],"class_list":["post-42580","post","type-post","status-publish","format-standard","has-post-thumbnail","hentry","category-orun-aye","tag-olimpiadas","tag-rio-2016","tag-rio-de-janeiro"],"_links":{"self":[{"href":"http:\/\/www.pedromigao.com.br\/ourodetolo\/wp-json\/wp\/v2\/posts\/42580","targetHints":{"allow":["GET"]}}],"collection":[{"href":"http:\/\/www.pedromigao.com.br\/ourodetolo\/wp-json\/wp\/v2\/posts"}],"about":[{"href":"http:\/\/www.pedromigao.com.br\/ourodetolo\/wp-json\/wp\/v2\/types\/post"}],"author":[{"embeddable":true,"href":"http:\/\/www.pedromigao.com.br\/ourodetolo\/wp-json\/wp\/v2\/users\/8"}],"replies":[{"embeddable":true,"href":"http:\/\/www.pedromigao.com.br\/ourodetolo\/wp-json\/wp\/v2\/comments?post=42580"}],"version-history":[{"count":0,"href":"http:\/\/www.pedromigao.com.br\/ourodetolo\/wp-json\/wp\/v2\/posts\/42580\/revisions"}],"wp:featuredmedia":[{"embeddable":true,"href":"http:\/\/www.pedromigao.com.br\/ourodetolo\/wp-json\/wp\/v2\/media\/42582"}],"wp:attachment":[{"href":"http:\/\/www.pedromigao.com.br\/ourodetolo\/wp-json\/wp\/v2\/media?parent=42580"}],"wp:term":[{"taxonomy":"category","embeddable":true,"href":"http:\/\/www.pedromigao.com.br\/ourodetolo\/wp-json\/wp\/v2\/categories?post=42580"},{"taxonomy":"post_tag","embeddable":true,"href":"http:\/\/www.pedromigao.com.br\/ourodetolo\/wp-json\/wp\/v2\/tags?post=42580"}],"curies":[{"name":"wp","href":"https:\/\/api.w.org\/{rel}","templated":true}]}}