{"id":42530,"date":"2016-07-26T10:41:33","date_gmt":"2016-07-26T13:41:33","guid":{"rendered":"http:\/\/www.pedromigao.com.br\/ourodetolo\/?p=42530"},"modified":"2016-07-26T10:53:27","modified_gmt":"2016-07-26T13:53:27","slug":"nao-se-perca-na-parada-das-nacoes-rio-2016-parte-ii","status":"publish","type":"post","link":"http:\/\/www.pedromigao.com.br\/ourodetolo\/2016\/07\/nao-se-perca-na-parada-das-nacoes-rio-2016-parte-ii\/","title":{"rendered":"N\u00e3o se perca na Parada das Na\u00e7\u00f5es &#8211; Rio 2016 (Parte II)"},"content":{"rendered":"<p style=\"text-align: justify;\"><em>(Por Thiago Moreira, trabalhador offshore, tricolor (carioca!) de cora\u00e7\u00e3o e aficionado por basquete\u00a0e fatos curiosos do esporte em geral)<\/em><\/p>\n<p style=\"text-align: justify;\">As hist\u00f3rias de vida e carreira de cada atleta que competir\u00e1 nas Olimp\u00edadas\u00a0tem uma singularidade que as vezes s\u00f3 os olhos mais atentos percebem.\u00a0E apesar de todos terem sua parcela de contribui\u00e7\u00e3o, existem aqueles atletas que\u00a0conseguem a honraria de marcar seu nome na hist\u00f3ria de seu pa\u00eds como portador\u00a0da bandeira nacional. Esses atletas s\u00e3o exemplo de vida e tem trajet\u00f3rias impressionantes.<\/p>\n<p style=\"text-align: justify;\">Minha fun\u00e7\u00e3o aqui \u00e9 elucidar e informar a voc\u00eas o que essas pessoas fizeram para que\u00a0conquistassem tamanho reconhecimento. E dessa maneira, tornando-nos conhecedores dos fatos\u00a0enxerguemos com ainda mais paix\u00e3o o que esse evento nos proporciona.<\/p>\n<p style=\"text-align: justify;\">Vamos ent\u00e3o conhecer mais um pouco de :<\/p>\n<p style=\"text-align: justify;\"><strong>Zahra Nemati &#8211; Tiro com Arco &#8211; Porta Bandeira Ir\u00e3<\/strong><\/p>\n<p style=\"text-align: justify;\">Atleta de 31 anos, talvez seja o caso mais impressionante dos Jogos Rio 2016. Sua hist\u00f3ria \u00e9 inspiradora\u00a0e merece uma leitura cuidadosa.<\/p>\n<p style=\"text-align: justify;\">Nascida em um pa\u00eds em sua maioria isl\u00e2mico e com todas aquelas dificuldades que pa\u00edses daquela regi\u00e3o do planeta\u00a0apresentam (apesar de no Ir\u00e3 as mulheres serem &#8220;menos restritas&#8221; que em outros pa\u00edses de maioria isl\u00e2mica), a pequena Zahra come\u00e7a sua carreira de atleta desde cedo, aos 4 anos, no Taekwondo. Ela obtinha sucesso e competia como faixa preta quando um acidente mudou o rumo\u00a0de sua vida\/carreira. Em 2004, a menina de 19 anos sofreu um acidente de carro, que lhe deixou sequelas.<\/p>\n<p style=\"text-align: justify;\">Les\u00e3o na medula espinhal e pernas paralisadas. A partir de ent\u00e3o, ela estava confinada a uma\u00a0cadeira de rodas e o esporte que amava teve de ser abandonado.\u00a0Mas o que era para ser um triste fim ou mais uma hist\u00f3ria tr\u00e1gica, converteu-se numa espetacular reviravolta.\u00a0O acidente\u00a0tirou sua capacidade de andar, mas n\u00e3o alterou em nada seu amor ao esporte. Dois anos ap\u00f3s o acidente,\u00a0Zahra Nemati retornava \u00e0s competi\u00e7\u00f5es, agora como arqueira.<\/p>\n<p style=\"text-align: justify;\">Bons resultados se seguiram e em 2012 l\u00e1 estava ela fazendo hist\u00f3ria nos Jogos Paral\u00edmpicos de Londres. Duas medalhas, sendo uma de ouro.\u00a0Se tornava ent\u00e3o pioneira: nunca uma mulher iraniana havia ganhado uma medalha de ouro (seja em Olimp\u00edadas ou Paralimp\u00edadas).\u00a0O pioneirismo lhe caiu bem e Zahra se tornaria inspira\u00e7\u00e3o n\u00e3o somente para sua na\u00e7\u00e3o ou para as mulheres, mas para todo o mundo.<\/p>\n<p style=\"text-align: justify;\">Ap\u00f3s ganhar o ouro no ParaPan Asi\u00e1tico em 2015 e terminar em segundo nos Jogos Asi\u00e1ticos, idem 2015, ela conseguiu\u00a0o feito de representar o Ir\u00e3 em ambos os eventos, Olimp\u00edadas e Paralimp\u00edadas. O auge dessa hist\u00f3ria se dar\u00e1 no est\u00e1dio do Maracan\u00e3\u00a0no dia 5 de Agosto, quando Zahra Nemati ser\u00e1 a respons\u00e1vel a bradar a bandeira iraniana na abertura Ol\u00edmpica, marcando de vez seu nome como exemplo de vida e supera\u00e7\u00e3o.<\/p>\n<p style=\"text-align: justify;\">Compete entre 08 &#8211; 10 AGO &#8211; AR007 &#8211; AR012<\/p>\n<p style=\"text-align: justify;\"><strong><a href=\"http:\/\/www.pedromigao.com.br\/ourodetolo\/wp-content\/uploads\/2016\/07\/Siddikur.jpg\"><img loading=\"lazy\" decoding=\"async\" class=\"aligncenter size-large wp-image-42535\" src=\"http:\/\/www.pedromigao.com.br\/ourodetolo\/wp-content\/uploads\/2016\/07\/Siddikur-550x309.jpg\" alt=\"Siddikur\" width=\"550\" height=\"309\" srcset=\"http:\/\/www.pedromigao.com.br\/ourodetolo\/wp-content\/uploads\/2016\/07\/Siddikur-550x309.jpg 550w, http:\/\/www.pedromigao.com.br\/ourodetolo\/wp-content\/uploads\/2016\/07\/Siddikur-300x168.jpg 300w, http:\/\/www.pedromigao.com.br\/ourodetolo\/wp-content\/uploads\/2016\/07\/Siddikur-768x431.jpg 768w, http:\/\/www.pedromigao.com.br\/ourodetolo\/wp-content\/uploads\/2016\/07\/Siddikur.jpg 870w\" sizes=\"auto, (max-width: 550px) 100vw, 550px\" \/><\/a>Siddikur Rahman &#8211; Golfe &#8211; Porta Bandeira Bangladesh<\/strong><\/p>\n<p style=\"text-align: justify;\">Atleta de 31 anos, tem uma hist\u00f3ria de ineditismo tamb\u00e9m, fator preponderante para sua escolha como porta bandeira do pa\u00eds asi\u00e1tico.\u00a0Engana-se quem acha que Bangaldesh \u00e9 um pequeno pa\u00eds. O fato de ser a oitava maior popula\u00e7\u00e3o do mundo talvez nos d\u00ea a dimens\u00e3o\u00a0da conclus\u00e3o precipitada que fazemos.<\/p>\n<p style=\"text-align: justify;\">E ap\u00f3s a divulga\u00e7\u00e3o desse dado, podemos nos perguntar&#8230; Porque ent\u00e3o Bangladesh n\u00e3o possui \u00eaxito nas Olimp\u00edadas? A resposta \u00e9 teoricamente simples.<\/p>\n<p style=\"text-align: justify;\">O esporte mais popular do pa\u00eds \u00e9 o cr\u00edquete (esporte n\u00e3o ol\u00edmpico) e a falta de atletas de ponta, assim como a limitada cobertura da m\u00eddia local sobre o evento e a pr\u00f3pria pobreza extrema, tornam o interesse da popula\u00e7\u00e3o pequeno. Somado a isso temos por fato que Bangladesh \u00e9 o pa\u00eds mais populoso a\u00a0 nunca ter ganhado uma medalha ol\u00edmpica. Al\u00e9m disso, todos os atletas que competiam s\u00f3 o faziam por serem convidados pelo COI.<\/p>\n<p style=\"text-align: justify;\">Isso at\u00e9 o golfista Siddikur conquistar, atrav\u00e9s de sua 60\u00aa coloca\u00e7\u00e3o do ranking, a primeira vaga sem ser wild card da hist\u00f3ria de seu pa\u00eds.<\/p>\n<p style=\"text-align: justify;\"><a href=\"http:\/\/www.pedromigao.com.br\/ourodetolo\/wp-content\/uploads\/2016\/07\/2012-07-27T232920Z_1_CBRE86Q1T9200_RTROPTP_2_OLY-OPEN-CEREMONY-DAY0-ACT2.jpg\"><img loading=\"lazy\" decoding=\"async\" class=\"alignleft size-medium wp-image-42533\" src=\"http:\/\/www.pedromigao.com.br\/ourodetolo\/wp-content\/uploads\/2016\/07\/2012-07-27T232920Z_1_CBRE86Q1T9200_RTROPTP_2_OLY-OPEN-CEREMONY-DAY0-ACT2-300x199.jpg\" alt=\"2012-07-27T232920Z_1_CBRE86Q1T9200_RTROPTP_2_OLY-OPEN-CEREMONY-DAY0-ACT2\" width=\"300\" height=\"199\" srcset=\"http:\/\/www.pedromigao.com.br\/ourodetolo\/wp-content\/uploads\/2016\/07\/2012-07-27T232920Z_1_CBRE86Q1T9200_RTROPTP_2_OLY-OPEN-CEREMONY-DAY0-ACT2-300x199.jpg 300w, http:\/\/www.pedromigao.com.br\/ourodetolo\/wp-content\/uploads\/2016\/07\/2012-07-27T232920Z_1_CBRE86Q1T9200_RTROPTP_2_OLY-OPEN-CEREMONY-DAY0-ACT2.jpg 450w\" sizes=\"auto, (max-width: 300px) 100vw, 300px\" \/><\/a>Ele mesmo reconhece que Ol\u00edmpiadas n\u00e3o eram seu sonho de menino, afinal nem sabia de sua exist\u00eancia:&#8221;<em>Quando eu estava come\u00e7ando, os Jogos Ol\u00edmpicos eram algo que eu n\u00e3o sabia coisa alguma sobre&#8221;.<\/em><\/p>\n<p style=\"text-align: justify;\">Filho de um motorista de um auto-rickshaw e criado em bairro carente, Siddikur come\u00e7ou como pegador de bolas em um clube de golfe de Dacca, capital do pa\u00eds. Esse emprego rendia alimento na mesa da fam\u00edlia e aproximou o pequeno rapaz do esporte. Aos poucos, foi ganhando espa\u00e7o para umas tacadas aqui, outras ali e seu talento reconhecido se tornou profissional em 2005. Desde ent\u00e3o j\u00e1 ganhou dois Torneios da \u00c1sia.<\/p>\n<p style=\"text-align: justify;\">Ficou conhecido como <em>&#8220;Tiger Woods de Bengala&#8221;<\/em> (outro nome dado ao pa\u00eds) e ao contr\u00e1rio dos 4 primeiros do ranking mundial, que preteriram o evento, Siddikur ter\u00e1 seu momento de gl\u00f3ria disputando as Olimp\u00edadas aos olhos do mundo.<\/p>\n<p style=\"text-align: justify;\">Como o mesmo afirma: <em>&#8220;Eu tenho um bom sentimento sobre as Olimp\u00edadas e estou me preparando muito bem. Farei o meu melhor e quanto ao resto deixarei\u00a0 nas m\u00e3os de Deus&#8221;<\/em>.<\/p>\n<p style=\"text-align: justify;\">Os ingressos para o golfe:<\/p>\n<p style=\"text-align: justify;\"><span style=\"color: #ff6600;\"><a style=\"color: #ff6600;\" href=\"https:\/\/ingressos.rio2016.com\/rio2016.html?affiliate=OGF&amp;doc=sessionDetails&amp;key=1316276$6596961&amp;fun=evdetail\" target=\"_blank\">https:\/\/ingressos.rio2016.com\/rio2016.html?affiliate=OGF&amp;doc=sessionDetails&amp;key=1316276$6596961&amp;fun=evdetail<\/a><\/span><\/p>\n<p style=\"text-align: justify;\"><span style=\"color: #ff6600;\"><a style=\"color: #ff6600;\" href=\"https:\/\/ingressos.rio2016.com\/rio2016.html?affiliate=OGF&amp;doc=sessionDetails&amp;key=1316276$6596962&amp;fun=evdetail\" target=\"_blank\">https:\/\/ingressos.rio2016.com\/rio2016.html?affiliate=OGF&amp;doc=sessionDetails&amp;key=1316276$6596962&amp;fun=evdetail<\/a><\/span><\/p>\n<p style=\"text-align: justify;\"><span style=\"color: #ff6600;\"><a style=\"color: #ff6600;\" href=\"https:\/\/ingressos.rio2016.com\/rio2016.html?affiliate=OGF&amp;doc=sessionDetails&amp;key=1316276$6596960&amp;fun=evdetail\" target=\"_blank\">https:\/\/ingressos.rio2016.com\/rio2016.html?affiliate=OGF&amp;doc=sessionDetails&amp;key=1316276$6596960&amp;fun=evdetail<\/a><\/span><\/p>\n<p style=\"text-align: justify;\"><a href=\"https:\/\/ingressos.rio2016.com\/rio2016.html?affiliate=OGF&amp;doc=sessionDetails&amp;key=1316276$6596966&amp;fun=evdetail\" target=\"_blank\"><span style=\"color: #ff6600;\">https:\/\/ingressos.rio2016.com\/rio2016.html?affiliate=OGF&amp;doc=sessionDetails&amp;key=1316276$6596966&amp;fun=evdetail<\/span><\/a><\/p>\n<p style=\"text-align: justify;\"><strong><a href=\"http:\/\/www.pedromigao.com.br\/ourodetolo\/wp-content\/uploads\/2016\/07\/boza.jpg\"><img loading=\"lazy\" decoding=\"async\" class=\"aligncenter size-large wp-image-42534\" src=\"http:\/\/www.pedromigao.com.br\/ourodetolo\/wp-content\/uploads\/2016\/07\/boza-524x340.jpg\" alt=\"boza\" width=\"524\" height=\"340\" srcset=\"http:\/\/www.pedromigao.com.br\/ourodetolo\/wp-content\/uploads\/2016\/07\/boza-524x340.jpg 524w, http:\/\/www.pedromigao.com.br\/ourodetolo\/wp-content\/uploads\/2016\/07\/boza-300x195.jpg 300w, http:\/\/www.pedromigao.com.br\/ourodetolo\/wp-content\/uploads\/2016\/07\/boza.jpg 610w\" sizes=\"auto, (max-width: 524px) 100vw, 524px\" \/><\/a>Francisco Boza &#8211; Tiro &#8211; Porta Bandeira Peru<\/strong><\/p>\n<p style=\"text-align: justify;\">Atleta de 51 anos de idade, se destaca por ser um ponto fora da curva no pa\u00eds sul-americano. Estreou em Olimp\u00edadas em 1980, isso mesmo, h\u00e1 36 anos atr\u00e1s, para tentar uma medalha que n\u00e3o vinha para o Peru desde Londres-1948. Menor de idade na \u00e9poca, n\u00e3o foi bem e voltou pra casa com o 32\u00ba lugar, mas aprendeu com as dificuldades apresentadas no evento: <em>&#8220;Essa \u00e9poca era totalmente diferente da de agora. O esporte n\u00e3o tinha recursos,\u00a0 n\u00e3o havia dinheiro nem para os uniformes, sa\u00edamos uma vez por ano para competir. A gente recebia $3 para despesas di\u00e1rias &#8230; Era uma outra realidade&#8221;<\/em>, relembra Boza.<\/p>\n<p style=\"text-align: justify;\">Mas se n\u00e3o havia dinheiro, pelo menos o jovem Boza adquiriu experi\u00eancia, e com 19 anos, nas olimp\u00edadas de Los Angeles-1984, ele conseguiu a medalha\u00a0 de prata na prova de Fossa Ol\u00edmpica. As dificuldades estavam l\u00e1, mas ele passou por cima delas: <em>&#8220;Eu estudava na Alemanha e meus pais me pagaram a passagem e o hotel em Los Angeles para evitar prejudicar o Comit\u00ea Ol\u00edmpico Peruano com uma despesa extra. Cheguei a\u00a0 tr\u00eas dias da competi\u00e7\u00e3o, e ap\u00f3s chegar a empatar em primeiro lugar, consegui a medalha de prata&#8221;.<\/em><\/p>\n<p style=\"text-align: justify;\">Desde ent\u00e3o Boza prosseguia continuamente participando dos jogos por sua p\u00e1tria, sendo inclusive tendo seus servi\u00e7os reconhecidos ao ser eleito porta bandeira na \u00faltima de suas sete participa\u00e7\u00f5es consecutivas, em Atenas-2004.<\/p>\n<p style=\"text-align: justify;\">Logo ap\u00f3s a edi\u00e7\u00e3o grega dos Jogos, por\u00e9m, Boza deu uma pausa na carreira para se dedicar \u00e0 pol\u00edtica e se tornou chefe do IPD (Instituto Peruano de Desportes ) a partir de 2011. Em sua gest\u00e3o alcan\u00e7ou o direito de sediar os Jogos Pan-americanos em Lima-2019. Demitiu-se em novembro de 2014. Tamb\u00e9m fez parte do Comit\u00ea Ol\u00edmpico Peruano e presidiu a Comiss\u00e3o de Atletas do seu pa\u00eds.<\/p>\n<p style=\"text-align: justify;\">Quando decidiu retornar ao Tiro, voltou fazendo hist\u00f3ria. No Pan de Toronto-2015, coroou seus 35 anos de carreira com uma medalha de ouro, in\u00e9dita ap\u00f3s cinco disputas de Pan.<\/p>\n<p style=\"text-align: justify;\">Este resultado o qualificou para as Olimp\u00edadas Rio-2016, que ser\u00e1 a oitava de sua carreira vitoriosa. Recebeu por toda essa hist\u00f3ria a honraria de representar seu Pa\u00eds na parada das na\u00e7\u00f5es no Maracan\u00e3 em 5 de agosto.<\/p>\n<p style=\"text-align: justify;\">Os ingressos para acompanhar o peruano:<\/p>\n<p style=\"text-align: justify;\"><a href=\"https:\/\/ingressos.rio2016.com\/rio2016.html?affiliate=OGF&amp;doc=sessionDetails&amp;key=1317291$6633813&amp;fun=evdetail\" target=\"_blank\"><span style=\"color: #ff6600;\">https:\/\/ingressos.rio2016.com\/rio2016.html?affiliate=OGF&amp;doc=sessionDetails&amp;key=1317291$6633813&amp;fun=evdetail<\/span><\/a><\/p>\n<p style=\"text-align: justify;\"><span style=\"color: #ff6600;\"><a style=\"color: #ff6600;\" href=\"https:\/\/ingressos.rio2016.com\/rio2016.html?affiliate=OGF&amp;doc=sessionDetails&amp;key=1317291$6633810&amp;fun=evdetail\" target=\"_blank\">https:\/\/ingressos.rio2016.com\/rio2016.html?affiliate=OGF&amp;doc=sessionDetails&amp;key=1317291$6633810&amp;fun=evdetail<\/a><\/span><\/p>\n<p style=\"text-align: justify;\">[related_posts limit=&#8221;3&#8243;]<\/p>\n","protected":false},"excerpt":{"rendered":"<p>(Por Thiago Moreira, trabalhador offshore, tricolor (carioca!) de cora\u00e7\u00e3o e aficionado por basquete\u00a0e fatos curiosos do esporte em geral) As hist\u00f3rias de vida e carreiraTour Details<\/p>\n","protected":false},"author":2,"featured_media":42536,"comment_status":"open","ping_status":"open","sticky":false,"template":"","format":"standard","meta":{"footnotes":""},"categories":[1170],"tags":[41,93,9,94],"class_list":["post-42530","post","type-post","status-publish","format-standard","has-post-thumbnail","hentry","category-time-olimpico","tag-esporte","tag-jogos-olimpicos-2012","tag-religiao","tag-rio-2016"],"_links":{"self":[{"href":"http:\/\/www.pedromigao.com.br\/ourodetolo\/wp-json\/wp\/v2\/posts\/42530","targetHints":{"allow":["GET"]}}],"collection":[{"href":"http:\/\/www.pedromigao.com.br\/ourodetolo\/wp-json\/wp\/v2\/posts"}],"about":[{"href":"http:\/\/www.pedromigao.com.br\/ourodetolo\/wp-json\/wp\/v2\/types\/post"}],"author":[{"embeddable":true,"href":"http:\/\/www.pedromigao.com.br\/ourodetolo\/wp-json\/wp\/v2\/users\/2"}],"replies":[{"embeddable":true,"href":"http:\/\/www.pedromigao.com.br\/ourodetolo\/wp-json\/wp\/v2\/comments?post=42530"}],"version-history":[{"count":0,"href":"http:\/\/www.pedromigao.com.br\/ourodetolo\/wp-json\/wp\/v2\/posts\/42530\/revisions"}],"wp:featuredmedia":[{"embeddable":true,"href":"http:\/\/www.pedromigao.com.br\/ourodetolo\/wp-json\/wp\/v2\/media\/42536"}],"wp:attachment":[{"href":"http:\/\/www.pedromigao.com.br\/ourodetolo\/wp-json\/wp\/v2\/media?parent=42530"}],"wp:term":[{"taxonomy":"category","embeddable":true,"href":"http:\/\/www.pedromigao.com.br\/ourodetolo\/wp-json\/wp\/v2\/categories?post=42530"},{"taxonomy":"post_tag","embeddable":true,"href":"http:\/\/www.pedromigao.com.br\/ourodetolo\/wp-json\/wp\/v2\/tags?post=42530"}],"curies":[{"name":"wp","href":"https:\/\/api.w.org\/{rel}","templated":true}]}}