{"id":41926,"date":"2016-06-06T07:15:53","date_gmt":"2016-06-06T10:15:53","guid":{"rendered":"http:\/\/www.pedromigao.com.br\/ourodetolo\/?p=41926"},"modified":"2016-06-04T21:11:12","modified_gmt":"2016-06-05T00:11:12","slug":"euro-2016-e-muita-novidade","status":"publish","type":"post","link":"http:\/\/www.pedromigao.com.br\/ourodetolo\/2016\/06\/euro-2016-e-muita-novidade\/","title":{"rendered":"Euro 2016, \u00e9 muita novidade"},"content":{"rendered":"<p class=\"p1\" style=\"text-align: justify;\"><span class=\"s1\">No dia 10 de junho ter\u00e1 in\u00edcio mais uma edi\u00e7\u00e3o da Eurocopa, aquela competi\u00e7\u00e3o que muita gente considera uma Copa do Mundo sem Brasil e Argentina. Agora mais inchada, com 24 participantes, guarda mesmo muitas semelhan\u00e7as com o principal torneio de futebol do mundo. At\u00e9 na estrat\u00e9gia politico-econ\u00f4mica de ampliar o n\u00famero de classificados para a fase final.<\/span><\/p>\n<p class=\"p1\" style=\"text-align: justify;\"><span class=\"s1\">Decis\u00e3o tomada ainda pelo presidente afastado da UEFA, Michel Platini, n\u00e3o por acaso para que a Fran\u00e7a pudesse ser a primeira sede a receber filiados (e votos) desacostumados a frequentar torneios t\u00e3o relevantes.<\/span><\/p>\n<p class=\"p1\" style=\"text-align: justify;\"><span class=\"s1\">Em nomes como Alb\u00e2nia, Pa\u00eds de Gales, Irlanda do Norte e Isl\u00e2ndia residem algumas das novidades e atra\u00e7\u00f5es da Euro 2016. O formato \u00e9 in\u00e9dito para a Euro e id\u00eantico \u00e0quele dos Mundiais entre 1982 e 1994, ou seja: seis grupos de quatro, com alguns dos melhores terceiros colocados avan\u00e7ando para as oitavas-de-final. N\u00e3o \u00e9 dos meus favoritos, pela necessidade de se fazer contas e possibilitar classifica\u00e7\u00f5es e elimina\u00e7\u00f5es no saldo de gols, al\u00e9m de premiar grupos mais f\u00e1ceis, onde os terceiros acabam marcando mais pontos. <\/span><\/p>\n<p><iframe loading=\"lazy\" title=\"Final da Eurocopa 1988 - Uni\u00e3o Sovi\u00e9tica 0x2 Holanda - Rede Globo\" width=\"525\" height=\"295\" src=\"https:\/\/www.youtube.com\/embed\/43pE8Kus_zQ?feature=oembed\" frameborder=\"0\" allow=\"accelerometer; autoplay; clipboard-write; encrypted-media; gyroscope; picture-in-picture; web-share\" referrerpolicy=\"strict-origin-when-cross-origin\" allowfullscreen><\/iframe><\/p>\n<p class=\"p1\" style=\"text-align: justify;\"><span class=\"s1\">Se olhando a tabela nos deparamos com algumas &#8220;babas&#8221; cl\u00e1ssicas tamb\u00e9m \u00e9 verdade que todos os campe\u00f5es mundiais europeus v\u00e3o disputar o trof\u00e9u Henry Delaunay. Alemanha, Espanha, Fran\u00e7a, Inglaterra e It\u00e1lia. A aus\u00eancia mais sentida \u00e9 a da Holanda. Mas se os laranjas, terceiros na Copa de 2014, conseguiram ser eliminados pelos vikings da Isl\u00e2ndia!!!&#8230; <\/span><\/p>\n<p class=\"p1\" style=\"text-align: justify;\"><span class=\"s1\">&#8230; N\u00e3o podem reclamar de nada. <\/span><\/p>\n<p class=\"p1\" style=\"text-align: justify;\"><span class=\"s1\">Bacana da mesma forma \u00e9 poder ver Cristiano Ronaldo e Ibrahimovic em a\u00e7\u00e3o defendendo Portugal e Su\u00e9cia. Bale no j\u00e1 citado Gales, que volta a uma expressiva competi\u00e7\u00e3o internacional depois de ser eliminado por um gol de Pel\u00e9 no Mundial de 1958. A B\u00e9lgica, que chegou a ocupar o primeiro lugar no ranking da FIFA, \u00e9 outra atra\u00e7\u00e3o. Bem como a melhor torcida da Europa, reconhecida pela UEFA em 2012, a Rep\u00fablica da Irlanda (ainda que a sele\u00e7\u00e3o raramente retribua tanta devo\u00e7\u00e3o e alegria regadas a Guinness).<\/span><\/p>\n<p>https:\/\/www.youtube.com\/watch?v=fpjGn29MR00<\/p>\n<p class=\"p1\" style=\"text-align: justify;\"><span class=\"s1\">Outras curiosidades s\u00e3o a participa\u00e7\u00e3o simult\u00e2nea de tchecos e eslovacos, separados desde 1993 e que, juntos, como Tchecoslov\u00e1quia, bateram a ent\u00e3o campe\u00e3 do mundo, Alemanha Ocidental, na final de 1976. Com direito a p\u00eanalti batido com cavadinha por Anton\u00edn Panenka, o Loco Abreu de Praga. <\/span><\/p>\n<p class=\"p1\" style=\"text-align: justify;\"><span class=\"s1\">A volta da simp\u00e1tica (para mim e para o editor, pelo menos) sele\u00e7\u00e3o da Rom\u00eania (era f\u00e3 dos times de 90 e 94 da terra do Dr\u00e1cula). Outro retorno \u00e9 o da outrora &#8211; e bota outrora nisso &#8211; poderosa Hungria. Hoje mera coadjuvante. Como ser\u00e1 que a torcida francesa, sempre politizada, receber\u00e1 os representantes de um dos pa\u00edses que mais colocaram empecilhos para o tr\u00e2nsito de refugiados pelo continente europeu? E a sede da pr\u00f3xima Copa, a R\u00fassia? Estaria preparando uma boa gera\u00e7\u00e3o para n\u00e3o passar vergonha em casa? Praticamente todos os convocados atuam na liga nacional, uma raridade entre as sele\u00e7\u00f5es europeias, mesmo as mais fracas.<\/span><\/p>\n<p class=\"p1\" style=\"text-align: justify;\"><span class=\"s1\">Os pr\u00f3prios anfitri\u00f5es deste ano inspiram muitas d\u00favidas. Sem Benzema e Valbuena perder\u00e3o for\u00e7a? Griezmann e Pogba poder\u00e3o conduzir os azuis a mais uma conquista em casa? Particularmente acho a Fran\u00e7a uma das grandes favoritas.<\/span><\/p>\n<p class=\"p1\" style=\"text-align: justify;\"><span class=\"s1\">A Alemanha tem tido resultados decepcionantes nos amistosos mais recentes. Mas \u00e9 a Alemanha. E basta. A Espanha, apesar da Copa ruim, merece respeito em busca do tri. O sucesso dos clubes espanhois, embora recheados de estrangeiros, s\u00e3o uma prova da for\u00e7a desse futebol. Para mim, o trio de ferro do torneio. Acompanhados de perto por B\u00e9lgica, Inglaterra e Portugal &#8211; muito impulsionada pela autoconfian\u00e7a do campe\u00e3o europeu CR7. <\/span><\/p>\n<p><iframe loading=\"lazy\" title=\"Espa\u00f1a 4-0 Italia ( Final de La Eurocopa 2012 )\" width=\"525\" height=\"295\" src=\"https:\/\/www.youtube.com\/embed\/L-hfEgz0KcU?feature=oembed\" frameborder=\"0\" allow=\"accelerometer; autoplay; clipboard-write; encrypted-media; gyroscope; picture-in-picture; web-share\" referrerpolicy=\"strict-origin-when-cross-origin\" allowfullscreen><\/iframe><\/p>\n<p class=\"p1\" style=\"text-align: justify;\"><span class=\"s1\">A It\u00e1lia \u00e9 uma inc\u00f3gnita. Tem um bom t\u00e9cnico e time oper\u00e1rio. A Su\u00ed\u00e7a \u00e9 aquele ferrolho de sempre. Algu\u00e9m acredita numa Gr\u00e9cia 2004 vers\u00e3o 16? <\/span><\/p>\n<p class=\"p1\" style=\"text-align: justify;\"><span class=\"s1\">Ser\u00e1 uma Euro equilibrada. Grandiosa. Charmosa. Porque qualquer competi\u00e7\u00e3o em territ\u00f3rio franc\u00eas tem glamour. E no meio de tudo isso&#8230; Medo de terrorismo, seguran\u00e7a refor\u00e7ada, greves e protestos contra as reformas trabalhistas propostas pelo governo franc\u00eas, enchentes, novos est\u00e1dios, antigas rivalidades. <\/span><\/p>\n<p class=\"p1\" style=\"text-align: justify;\"><span class=\"s1\">A pouco menos de dois meses da Olimp\u00edada um m\u00eas de muita a\u00e7\u00e3o e, espera-se, bom futebol, ainda que no fim de uma temporada extenuante para os craques do Velho Continente.<\/span><\/p>\n<p class=\"p1\" style=\"text-align: justify;\"><em>[N.do.E.: o SporTv, a Rede Bandeirantes e a Globo (esta a partir das quartas de final) estar\u00e3o transmitindo a competi\u00e7\u00e3o. Nosso colunista estar\u00e1 l\u00e1 pela Globo e ir\u00e1 nos enviar relatos exclusivos. PM]<\/em><\/p>\n<p class=\"p1\" style=\"text-align: justify;\"><strong>Imagem: Uefa<\/strong><\/p>\n<p class=\"p1\" style=\"text-align: justify;\">[related_posts limit=&#8221;3&#8243;]<\/p>\n","protected":false},"excerpt":{"rendered":"<p>No dia 10 de junho ter\u00e1 in\u00edcio mais uma edi\u00e7\u00e3o da Eurocopa, aquela competi\u00e7\u00e3o que muita gente considera uma Copa do Mundo sem Brasil eTour Details<\/p>\n","protected":false},"author":43,"featured_media":41927,"comment_status":"open","ping_status":"open","sticky":false,"template":"","format":"standard","meta":{"footnotes":""},"categories":[910],"tags":[41,37],"class_list":["post-41926","post","type-post","status-publish","format-standard","has-post-thumbnail","hentry","category-carnaval-por-esporte","tag-esporte","tag-futebol"],"_links":{"self":[{"href":"http:\/\/www.pedromigao.com.br\/ourodetolo\/wp-json\/wp\/v2\/posts\/41926","targetHints":{"allow":["GET"]}}],"collection":[{"href":"http:\/\/www.pedromigao.com.br\/ourodetolo\/wp-json\/wp\/v2\/posts"}],"about":[{"href":"http:\/\/www.pedromigao.com.br\/ourodetolo\/wp-json\/wp\/v2\/types\/post"}],"author":[{"embeddable":true,"href":"http:\/\/www.pedromigao.com.br\/ourodetolo\/wp-json\/wp\/v2\/users\/43"}],"replies":[{"embeddable":true,"href":"http:\/\/www.pedromigao.com.br\/ourodetolo\/wp-json\/wp\/v2\/comments?post=41926"}],"version-history":[{"count":0,"href":"http:\/\/www.pedromigao.com.br\/ourodetolo\/wp-json\/wp\/v2\/posts\/41926\/revisions"}],"wp:featuredmedia":[{"embeddable":true,"href":"http:\/\/www.pedromigao.com.br\/ourodetolo\/wp-json\/wp\/v2\/media\/41927"}],"wp:attachment":[{"href":"http:\/\/www.pedromigao.com.br\/ourodetolo\/wp-json\/wp\/v2\/media?parent=41926"}],"wp:term":[{"taxonomy":"category","embeddable":true,"href":"http:\/\/www.pedromigao.com.br\/ourodetolo\/wp-json\/wp\/v2\/categories?post=41926"},{"taxonomy":"post_tag","embeddable":true,"href":"http:\/\/www.pedromigao.com.br\/ourodetolo\/wp-json\/wp\/v2\/tags?post=41926"}],"curies":[{"name":"wp","href":"https:\/\/api.w.org\/{rel}","templated":true}]}}