{"id":41882,"date":"2016-05-30T10:45:51","date_gmt":"2016-05-30T13:45:51","guid":{"rendered":"http:\/\/www.pedromigao.com.br\/ourodetolo\/?p=41882"},"modified":"2016-05-30T10:45:51","modified_gmt":"2016-05-30T13:45:51","slug":"a-cultura-do-machismo-e-do-estupro","status":"publish","type":"post","link":"http:\/\/www.pedromigao.com.br\/ourodetolo\/2016\/05\/a-cultura-do-machismo-e-do-estupro\/","title":{"rendered":"A cultura do machismo e do estupro"},"content":{"rendered":"<p style=\"text-align: justify;\">Pe\u00e7o licen\u00e7a aos leitores e ao editor chefe para falar de um assunto que parece n\u00e3o ter muito a ver com sa\u00fade, mas que est\u00e1 sim relacionado a isso e diversas outras quest\u00f5es. Mesmo que n\u00e3o estivesse, eu falaria aqui da mesma forma, at\u00e9 porque, desde quando li a not\u00edcia do ocorrido no Rio de Janeiro, n\u00e3o consigo falar nem pensar por muito tempo em outra coisa.<\/p>\n<p style=\"text-align: justify;\">N\u00e3o queria estar escrevendo sobre isso, queria que viv\u00eassemos em uma sociedade t\u00e3o evolu\u00edda que n\u00e3o fosse mais necess\u00e1rio debater isso, mas a realidade \u00e9 um tapa di\u00e1rio na minha cara. Pe\u00e7o licen\u00e7a, novamente, para escrever esse texto que muito mais que uma coluna, \u00e9 um grito de socorro.<\/p>\n<p style=\"text-align: justify;\">Eu durmo cedo, pois levanto t\u00e3o cedo quanto para trabalhar. Entretanto, costumo acordar de madrugada e foi na madrugada de quarta para quinta que li sobre a not\u00edcia do estupro a uma jovem de dezesseis anos. O ato em si j\u00e1 \u00e9 abomin\u00e1vel, cometido por 33 homens, ent\u00e3o, \u00e9 capaz de revirar o est\u00f4mago. N\u00e3o dormi mais aquela noite, n\u00e3o dormi direito essa noite, briguei com pessoa que gosto muito por ter opini\u00e3o diferente sobre o assunto, n\u00e3o venho falando em outra coisa em redes sociais.<\/p>\n<p style=\"text-align: justify;\">N\u00e3o acho que h\u00e1 muito o que debater sobre o ato em si: estuprador deve ser preso e punido com todo rigor que a lei permite. Mas, acho que os motivos que levam um homem a estuprar devem ser debatidos sim. Estudei um pouco de psicologia, n\u00e3o o suficiente que me fa\u00e7a entender a mente de um estuprador, mas eles t\u00eam algo em comum: foram criados em uma sociedade machista, que acaba refor\u00e7ando a cultura do estupro.<\/p>\n<p style=\"text-align: justify;\"><a href=\"http:\/\/www.pedromigao.com.br\/ourodetolo\/2016\/05\/a-cultura-do-machismo-e-do-estupro\/sombras-na-parede_2893012\/\" rel=\"attachment wp-att-41885\"><img loading=\"lazy\" decoding=\"async\" class=\"alignleft size-medium wp-image-41885\" src=\"http:\/\/www.pedromigao.com.br\/ourodetolo\/wp-content\/uploads\/2016\/05\/sombras-na-parede_2893012-300x224.jpg\" alt=\"sombras-na-parede_2893012\" width=\"300\" height=\"224\" srcset=\"http:\/\/www.pedromigao.com.br\/ourodetolo\/wp-content\/uploads\/2016\/05\/sombras-na-parede_2893012-300x224.jpg 300w, http:\/\/www.pedromigao.com.br\/ourodetolo\/wp-content\/uploads\/2016\/05\/sombras-na-parede_2893012-456x340.jpg 456w, http:\/\/www.pedromigao.com.br\/ourodetolo\/wp-content\/uploads\/2016\/05\/sombras-na-parede_2893012.jpg 626w\" sizes=\"auto, (max-width: 300px) 100vw, 300px\" \/><\/a>Antes de entrar no assunto propriamente dito, quero esclarecer duas coisas, ou melhor, dois termos que v\u00eam causando pol\u00eamica: \u2018\u2019Cultura do estupro\u2019\u2019 e \u2018\u2019Estuprador em potencial\u2019\u2019.<\/p>\n<p style=\"text-align: justify;\">N\u00e3o queria entrar nesse m\u00e9rito, acho que isso nem deveria ser foco das discuss\u00f5es que v\u00eam tomando conta das redes sociais diante do ocorrido, mas antes que algu\u00e9m pare de ler o texto na metade por n\u00e3o concordar com esses termos, antes que isso tome propor\u00e7\u00f5es indevidas, achei relevante tamb\u00e9m por em discuss\u00e3o.<\/p>\n<p style=\"text-align: justify;\">Cultura, segundo a Sociologia, \u00e9 \u2018\u2019<em>um complexo que re\u00fane conhecimento, arte, cren\u00e7as, leis, moral, costumes, h\u00e1bitos adquiridos pelo ser humano n\u00e3o s\u00f3 em fam\u00edlia, mas tamb\u00e9m na sociedade na qual ele vive.\u2019\u2019<\/em> Ent\u00e3o, por mais que o termo n\u00e3o agrade a muitos, ele \u00e9 perfeitamente aplic\u00e1vel, porque as rela\u00e7\u00f5es de poder, a educa\u00e7\u00e3o machista e patriarcal faz com que muitos homens se sintam no direito de abusar de uma mulher, como se ela fosse submissa, objeto. N\u00e3o que o ato seja induzido por isso, at\u00e9 porque sen\u00e3o todos os homens se sentiram no mesmo direito, mas influencia muito mais que a gente imagina.<\/p>\n<p style=\"text-align: justify;\">\u2018\u2019Estuprador em potencial\u2019\u2019 n\u00e3o quer dizer que voc\u00ea, seu pai, se vizinho sejam capazes de estuprar, mas sim que quando n\u00f3s, mulheres estamos na rua, em casa sozinhas, em qualquer lugar sozinhas, com desconhecidos, qualquer homem pode ser estuprador e n\u00e3o somos n\u00f3s que dizemos isso: \u00e9 nosso medo. Tantos casos j\u00e1 ocorreram em escolas, \u00f4nibus, trabalho, em tantos lugares que n\u00f3s n\u00e3o nos sentimos mais seguras. Ent\u00e3o, o termo se refere ao nosso medo, n\u00e3o aos homens e tampouco deveria ser utilizado para agredir ningu\u00e9m.<\/p>\n<p style=\"text-align: justify;\">Esses dois termos t\u00eam feito ocorrer uma verdadeira guerra dos sexos, t\u00eam colocado homens contra mulheres e o foco n\u00e3o \u00e9 esse, a luta n\u00e3o \u00e9 essa. Muito mais importante que a nossa indigna\u00e7\u00e3o devido a generaliza\u00e7\u00f5es que ocorrem tanto para homens quanto para mulheres, \u00e9 a nossa indigna\u00e7\u00e3o pelo que ocorreu. Devemos pensar antes na v\u00edtima, lutar por leis mais r\u00edgidas, desconstruir o machismo que \u00e9 seu, meu, que est\u00e1 t\u00e3o enraizado na nossa sociedade.<\/p>\n<p style=\"text-align: justify;\">Estupro n\u00e3o est\u00e1 relacionado \u00e0 uma quest\u00e3o sexual e sim mental, de rela\u00e7\u00e3o de poder. Ent\u00e3o n\u00e3o adianta defender castra\u00e7\u00e3o qu\u00edmica para estuprador, porque a mente dele vai continuar a mesma e o pensamento que ele carrega vai se perpetuar. Antes de punir, \u00e9 melhor tentar educar, desconstruir o machismo.<\/p>\n<p style=\"text-align: justify;\"><a href=\"http:\/\/www.pedromigao.com.br\/ourodetolo\/2016\/05\/a-cultura-do-machismo-e-do-estupro\/sombras-1\/\" rel=\"attachment wp-att-41886\"><img loading=\"lazy\" decoding=\"async\" class=\"alignleft size-medium wp-image-41886\" src=\"http:\/\/www.pedromigao.com.br\/ourodetolo\/wp-content\/uploads\/2016\/05\/sombras-1-300x123.jpg\" alt=\"sombras 1\" width=\"300\" height=\"123\" srcset=\"http:\/\/www.pedromigao.com.br\/ourodetolo\/wp-content\/uploads\/2016\/05\/sombras-1-300x123.jpg 300w, http:\/\/www.pedromigao.com.br\/ourodetolo\/wp-content\/uploads\/2016\/05\/sombras-1-768x316.jpg 768w, http:\/\/www.pedromigao.com.br\/ourodetolo\/wp-content\/uploads\/2016\/05\/sombras-1-550x226.jpg 550w\" sizes=\"auto, (max-width: 300px) 100vw, 300px\" \/><\/a>Como? Ensinando ao nosso filho que mulher deve ser respeitada, que o corpo dela \u00e9 s\u00f3 dela, n\u00e3o \u00e9 objeto. Desmistificando o pensamento de que homem quanto mais mulher \u2018\u2019pega\u2019\u2019, mais homem \u00e9, parar de rir daquela piada sexista, parar de expor a intimidade de mulher e isso n\u00e3o \u00e9 s\u00f3 uma obriga\u00e7\u00e3o do homem: \u00e9 da mulher tamb\u00e9m. Isso n\u00e3o \u00e9 uma quest\u00e3o de g\u00eanero, \u00e9 de todos n\u00f3s. N\u00e3o \u00e9 uma quest\u00e3o de roupa, de hor\u00e1rio, de lugar, nada disso causa estupro, isso \u00e9 relativizar e culpar a v\u00edtima.<\/p>\n<p style=\"text-align: justify;\">Segundo Philippe Pinel, considerado o pai da psiquiatria moderna, o louco \u00e9 aquele sujeito que perdeu a raz\u00e3o, que tem pensamentos e a\u00e7\u00f5es sem sentido, tem comportamentos distorcidos que fogem \u00e0 regra, a \u201caliena\u00e7\u00e3o mental\u201d. \u00a0Esse tipo de coisa \u00e9 comum em quem sofre de esquizofrenia e de transtorno bipolar.<\/p>\n<p style=\"text-align: justify;\">E porque eu estou falando disso? Porque vi muitos definirem os 33 estupradores como \u2018\u2019loucos\u2019\u2019, \u2018\u2019monstros\u2019\u2019. Ser\u00e1 mesmo que esses 33 caras n\u00e3o tinha no\u00e7\u00e3o da realidade? Ser\u00e1 mesmo que eles agiram fora de sua sanidade? 33 caras? N\u00e3o.<\/p>\n<p style=\"text-align: justify;\">Por isso sou contra cham\u00e1-los de monstros ou quaisquer outros adjetivos que vi por a\u00ed. Eram homens. Homens que ao serem taxados de loucos, monstros, s\u00e3o eximidos de sua responsabilidade, pois n\u00e3o estariam em sua plena sanidade metal quando praticaram tal ato. Tanto estavam que filmaram, puseram v\u00eddeo, debocharam. Nenhum deles teve a sensibilidade de parar, de sair da li, de n\u00e3o ser conivente com aquilo, todos abusaram da mo\u00e7a, um a um.<\/p>\n<p style=\"text-align: justify;\"><a href=\"http:\/\/www.pedromigao.com.br\/ourodetolo\/2016\/05\/a-cultura-do-machismo-e-do-estupro\/sombra-2\/\" rel=\"attachment wp-att-41884\"><img loading=\"lazy\" decoding=\"async\" class=\"alignright size-medium wp-image-41884\" src=\"http:\/\/www.pedromigao.com.br\/ourodetolo\/wp-content\/uploads\/2016\/05\/sombra-2-300x193.jpg\" alt=\"sombra 2\" width=\"300\" height=\"193\" srcset=\"http:\/\/www.pedromigao.com.br\/ourodetolo\/wp-content\/uploads\/2016\/05\/sombra-2-300x193.jpg 300w, http:\/\/www.pedromigao.com.br\/ourodetolo\/wp-content\/uploads\/2016\/05\/sombra-2-528x340.jpg 528w, http:\/\/www.pedromigao.com.br\/ourodetolo\/wp-content\/uploads\/2016\/05\/sombra-2.jpg 640w\" sizes=\"auto, (max-width: 300px) 100vw, 300px\" \/><\/a>N\u00e3o podem e n\u00e3o devem ser tratados como doentes, loucos, eximidos de suas responsabilidades, considerados como casos a parte da sociedade. Eram homens sim, humanos, at\u00e9 porque s\u00f3 o ser humano \u00e9 capaz de tamanha atrocidade. Eles s\u00e3o respons\u00e1veis pelo que fizeram, defini-los como loucos, monstros \u00e9 relativizar o problema, \u00e9 dizer que o que eles fizeram foi um ato de loucura e que n\u00e3o precisa ser debatido. Dizer que eram loucos \u00e9 n\u00e3o compreender, ao fundo, porque as mulheres temos medo de pegar t\u00e1xi sozinhas a noite, o por qu\u00ea temos medo de beber muito sozinhas, o por que tememos.<\/p>\n<p style=\"text-align: justify;\">Quando digo que foram homens, n\u00e3o os estou equiparando a voc\u00ea. Estou dizendo que pode ser o padeiro, o a\u00e7ougueiro, o vizinho, o m\u00e9dico. Ser\u00e1 mesmo que eles s\u00e3o loucos? Os 33 devem acertar as contas com a justi\u00e7a como homens, n\u00e3o como loucos. Dizer que s\u00e3o loucos, monstros, \u00e9 dizer que devem ser internados numa cl\u00ednica psiqui\u00e1trica e n\u00e3o coloc\u00e1-los na cadeia.<\/p>\n<p style=\"text-align: justify;\">Eu sozinha, escrevendo, posso at\u00e9 n\u00e3o conseguir muita coisa, mas voc\u00ea, eu, seu vizinho, cada um fazendo a sua parte, podemos ajudar a diminuir, quem sabe, o n\u00famero assustador de uma mulher estuprada a cada 11 minutos no Brasil. S\u00f3 porque voc\u00ea \u00e9 incapaz de fazer algo assim, n\u00e3o significa que n\u00e3o possa fazer nada.<\/p>\n<p style=\"text-align: justify;\">Todos somos respons\u00e1veis.<\/p>\n<p style=\"text-align: justify;\">[related_posts limit=&#8221;3&#8243;]<\/p>\n","protected":false},"excerpt":{"rendered":"<p>Pe\u00e7o licen\u00e7a aos leitores e ao editor chefe para falar de um assunto que parece n\u00e3o ter muito a ver com sa\u00fade, mas que est\u00e1Tour Details<\/p>\n","protected":false},"author":45,"featured_media":41883,"comment_status":"open","ping_status":"open","sticky":false,"template":"","format":"standard","meta":{"footnotes":""},"categories":[1150],"tags":[26,4,27,6],"class_list":["post-41882","post","type-post","status-publish","format-standard","has-post-thumbnail","hentry","category-setentrional","tag-policia","tag-saude","tag-sociedade","tag-vida-cotidiana"],"_links":{"self":[{"href":"http:\/\/www.pedromigao.com.br\/ourodetolo\/wp-json\/wp\/v2\/posts\/41882","targetHints":{"allow":["GET"]}}],"collection":[{"href":"http:\/\/www.pedromigao.com.br\/ourodetolo\/wp-json\/wp\/v2\/posts"}],"about":[{"href":"http:\/\/www.pedromigao.com.br\/ourodetolo\/wp-json\/wp\/v2\/types\/post"}],"author":[{"embeddable":true,"href":"http:\/\/www.pedromigao.com.br\/ourodetolo\/wp-json\/wp\/v2\/users\/45"}],"replies":[{"embeddable":true,"href":"http:\/\/www.pedromigao.com.br\/ourodetolo\/wp-json\/wp\/v2\/comments?post=41882"}],"version-history":[{"count":0,"href":"http:\/\/www.pedromigao.com.br\/ourodetolo\/wp-json\/wp\/v2\/posts\/41882\/revisions"}],"wp:featuredmedia":[{"embeddable":true,"href":"http:\/\/www.pedromigao.com.br\/ourodetolo\/wp-json\/wp\/v2\/media\/41883"}],"wp:attachment":[{"href":"http:\/\/www.pedromigao.com.br\/ourodetolo\/wp-json\/wp\/v2\/media?parent=41882"}],"wp:term":[{"taxonomy":"category","embeddable":true,"href":"http:\/\/www.pedromigao.com.br\/ourodetolo\/wp-json\/wp\/v2\/categories?post=41882"},{"taxonomy":"post_tag","embeddable":true,"href":"http:\/\/www.pedromigao.com.br\/ourodetolo\/wp-json\/wp\/v2\/tags?post=41882"}],"curies":[{"name":"wp","href":"https:\/\/api.w.org\/{rel}","templated":true}]}}