{"id":41874,"date":"2016-05-29T11:40:20","date_gmt":"2016-05-29T14:40:20","guid":{"rendered":"http:\/\/www.pedromigao.com.br\/ourodetolo\/?p=41874"},"modified":"2016-05-29T11:40:47","modified_gmt":"2016-05-29T14:40:47","slug":"o-pais-violentado","status":"publish","type":"post","link":"http:\/\/www.pedromigao.com.br\/ourodetolo\/2016\/05\/o-pais-violentado\/","title":{"rendered":"O pa\u00eds violentado"},"content":{"rendered":"<p style=\"text-align: justify;\">Semana passada terminei de escrever uma pe\u00e7a de teatro chamada &#8220;O dia mais quente do ano&#8221; que trata da criminalidade do Rio de Janeiro. Minha pe\u00e7a mais pesada, mais dif\u00edcil de escrever e com cenas duras que tive que escrever porque fazia parte do contexto, mas desconfort\u00e1veis.<\/p>\n<p style=\"text-align: justify;\">O problema \u00e9 que a realidade sempre ser\u00e1 mais pesada, dura, cruel e desconfort\u00e1vel que a fic\u00e7\u00e3o. Nunca entre tantos temas pesados que botei passou por minha cabe\u00e7a colocar uma menina de 16 anos sendo estuprada por 33 marginais, canalhas que fizeram tudo rindo e ainda filmaram e colocaram em redes sociais.<\/p>\n<p style=\"text-align: justify;\">Pois isso aconteceu e n\u00e3o foi na \u00cdndia, foi no Brasil. N\u00e3o foi no tempo das Capitanias Heredit\u00e1rias, foi agora no s\u00e9culo XXI no ano de 2016, aquele que \u00e9 disparado o pior ano da hist\u00f3ria do Brasil desde a redemocratiza\u00e7\u00e3o.<\/p>\n<p style=\"text-align: justify;\">Algumas coisas nessa hist\u00f3ria s\u00e3o t\u00e3o loucas quanto esse ato criminoso como, por exemplo, pensar que a vaidade desses bandidos pode ter ajudado a v\u00edtima. Aqui no Brasil \u00e9 assim, um crime s\u00f3 \u00e9 descoberto quando um dos bandidos entrega o bando ou a vaidade lhe entrega. Ser\u00e1 que se n\u00e3o tivessem filmado chegaria na opini\u00e3o p\u00fablica? Ser\u00e1 que chegaria na pol\u00edcia? Chegando na pol\u00edcia ser\u00e1 que ela acreditaria? Se da forma que tudo ocorreu ela ainda tem d\u00favidas imagine sem v\u00eddeo ou repercuss\u00e3o?<\/p>\n<p style=\"text-align: justify;\">Porque \u00e9 assim, o estupro \u00e9 um crime que a v\u00edtima \u00e9 julgada junto com o bandido. Sempre tem um &#8220;mas&#8221;, sempre tem um &#8220;por\u00e9m&#8221;. Ah porque estava de minissaia, ah porque estava de decote, ah porque estava b\u00eabada, usava drogas ou era prostituta, ah \u00e9 minha esposa ent\u00e3o eu tenho direitos. N\u00e3o, n\u00e3o tem direito sendo esposa, namorada, noiva ou de forma alguma. N\u00e3o tem direito por ela estar com pouca roupa ou mesmo que estivesse nua. N\u00e3o tem direito se ela quiser e na hora mudar de ideia. N\u00e3o tem direito nem que seja uma dessas &#8220;miniputas&#8221; que o babaca do Lob\u00e3o falou. N\u00e3o tem direito mesmo com ela postando fotos em redes sociais segurando fuzis ou dizendo que &#8220;quer dar para vagabundo&#8221;. Nunca h\u00e1 direito a sexo quando no ato uma das pessoas n\u00e3o quer. Sexo sem consentimento \u00e9 estupro e n\u00e3o h\u00e1 justificativas ou atenuantes para isso.<\/p>\n<p style=\"text-align: justify;\"><img loading=\"lazy\" decoding=\"async\" class=\"size-medium wp-image-41876 alignleft\" src=\"http:\/\/www.pedromigao.com.br\/ourodetolo\/wp-content\/uploads\/2016\/05\/Estupro-300x300.jpg\" alt=\"Estupro\" width=\"300\" height=\"300\" srcset=\"http:\/\/www.pedromigao.com.br\/ourodetolo\/wp-content\/uploads\/2016\/05\/Estupro-300x300.jpg 300w, http:\/\/www.pedromigao.com.br\/ourodetolo\/wp-content\/uploads\/2016\/05\/Estupro-150x150.jpg 150w, http:\/\/www.pedromigao.com.br\/ourodetolo\/wp-content\/uploads\/2016\/05\/Estupro-340x340.jpg 340w, http:\/\/www.pedromigao.com.br\/ourodetolo\/wp-content\/uploads\/2016\/05\/Estupro.jpg 400w\" sizes=\"auto, (max-width: 300px) 100vw, 300px\" \/>N\u00e3o digo que temos que debater a &#8220;cultura do estupro&#8221; porque acho essa express\u00e3o horr\u00edvel. Na minha cabe\u00e7a n\u00e3o entra que cultura, algo t\u00e3o maravilhoso, esteja na mesma express\u00e3o que estupro. N\u00e3o existe cultura do estupro, existe estupro e estupro n\u00e3o tem que ser debatido. \u00c9 crime e crime se pune com cadeia.<\/p>\n<p style=\"text-align: justify;\">Temos que debater o machismo. Machismo que n\u00e3o \u00e9 algo exclusivo dos homens. Vivemos em um pa\u00eds onde homens e mulheres s\u00e3o machistas. A m\u00e3e que acostuma o filho pequeno a mostrar o &#8220;pipi&#8221;, que bota a filha para ajudar nos afazeres de casa e n\u00e3o os meninos, o menino que \u00e9 criado para ser o garanh\u00e3o e as meninas para casarem virgens. Menina que sai com muitos caras \u00e9 puta, menino o gostos\u00e3o.<\/p>\n<p style=\"text-align: justify;\">M\u00fasicas s\u00e3o machistas e n\u00e3o s\u00f3 funk, todos os g\u00eaneros. Comerciais de cerveja vendem carne feminina, n\u00e3o cerveja, voc\u00ea lembra rapidamente que tem um comercial com uma mulher atraente que tem como slogan &#8220;Vai Ver\u00e3o&#8221;, mas demora um pouco mais para lembrar a marca da cerveja. Jogam a culpa no funk e em m\u00fasicas como a &#8220;Baile de favela&#8221; que realmente \u00e9 extremamente machista com uma letra paup\u00e9rrima, mas o funkeiro mostra a realidade dele, o ambiente que vive dentro de suas limita\u00e7\u00f5es. Pior para mim \u00e9 a r\u00e1dio que toca, como a FM ODia que tem que ter responsabilidade sobre o que coloca em seu dial ou o publicit\u00e1rio do comercial de cerveja que recebe muito, \u00e9 estudado, viajado, tem in\u00fameras possibilidades de crescimento cultural e apelam para o f\u00e1cil, para o machista.<\/p>\n<p style=\"text-align: justify;\">\u00c9 preciso debater esse machismo, \u00e9 preciso parar de usar mulher como objeto nem que para isso se boicote marcas de cerveja ou r\u00e1dios, \u00e9 preciso cobrar pol\u00edticos que se preocupam mais com homossexualismo, deturpar a palavra de Deus ou fazer sensacionalismo e se calam em um momento desses. \u00c9 preciso debater como um ministro da educa\u00e7\u00e3o recebe Alexandre Frota, um cara que disse que j\u00e1 estuprou, em seu gabinete, \u00e9 preciso debater o humor de Danilo Gentili que abusa do preconceito e da intoler\u00e2ncia em nome de uma liberdade de express\u00e3o que s\u00f3 deve ir at\u00e9 aonde afeta a liberdade do outro.<img loading=\"lazy\" decoding=\"async\" class=\"size-medium wp-image-41877 alignright\" src=\"http:\/\/www.pedromigao.com.br\/ourodetolo\/wp-content\/uploads\/2016\/05\/Estupro2-300x180.jpg\" alt=\"Estupro2\" width=\"300\" height=\"180\" srcset=\"http:\/\/www.pedromigao.com.br\/ourodetolo\/wp-content\/uploads\/2016\/05\/Estupro2-300x180.jpg 300w, http:\/\/www.pedromigao.com.br\/ourodetolo\/wp-content\/uploads\/2016\/05\/Estupro2-550x330.jpg 550w, http:\/\/www.pedromigao.com.br\/ourodetolo\/wp-content\/uploads\/2016\/05\/Estupro2.jpg 699w\" sizes=\"auto, (max-width: 300px) 100vw, 300px\" \/><\/p>\n<p style=\"text-align: justify;\">\u00c9 preciso rever leis. N\u00e3o d\u00e1 para uma pessoa que cometa crime hediondo ficar no m\u00e1ximo trinta anos na cadeia e nem isso ficar porque recebe v\u00e1rios atenuantes. Guilherme de P\u00e1dua est\u00e1 solto h\u00e1 anos, daqui a pouco o casal Nardoni e o goleiro Bruno estar\u00e3o e quem mata os pais recebe permiss\u00e3o de sair da cadeia em dia das m\u00e3es. Sou contra a pena de morte, ainda mais em um pa\u00eds corrupto, injusto e segregador como o Brasil, mas as penas tem que ser mais severas, se \u00e9 condenado a setenta anos de cadeia que cumpra os setenta, que menor que cometa crime hediondo responda como adulto (apenas hediondos) e principalmente, que crimes n\u00e3o fiquei impunes e nenhum, desde o bandido aqui debaixo at\u00e9 o colarinho branco.<\/p>\n<p style=\"text-align: justify;\">Dessa forma podemos come\u00e7ar a mudar o pa\u00eds, s\u00f3 assim. N\u00e3o \u00e9 com guerra dos sexos que isso ir\u00e1 ocorrer. N\u00e3o \u00e9 apontando o dedo para um homem e dizendo que todo homem \u00e9 um estuprador em potencial que algo vai mudar. Evidente que estupro \u00e9 crime de g\u00eanero, normalmente \u00e9 um homem que comete em uma mulher, mas toda generaliza\u00e7\u00e3o \u00e9 idiota, burra e cai no perigoso caminho do \u00f3dio. Homens e mulheres, humanos, como s\u00e3o, tem que se unir para combater esse terr\u00edvel problema. Eu n\u00e3o sou estuprador, n\u00e3o aceito a pecha de poss\u00edvel estuprador e tenho certeza que qualquer homem com um minimo de sanidade n\u00e3o cometeria uma barb\u00e1rie dessas. Falar que tem medo quando anda de noite na rua\u00a0 e v\u00ea um homem passando \u00e9 o novo &#8220;Estava na rua andando, vi um negro passando e fiquei com medo&#8221;. Estere\u00f3tipos, preconceitos, brigas de sexo acabam desviando o foco do verdadeiro problema.<\/p>\n<p style=\"text-align: justify;\">M\u00fasica n\u00e3o provoca estupro, ser homem n\u00e3o provoca estupro, minissaia n\u00e3o provoca estupro. S\u00f3 existe uma coisa que provoca estupro. Mau caratismo.<\/p>\n<p style=\"text-align: justify;\">Nesse ano de 2016 o Brasil vem sendo violentado todos os dias.<\/p>\n<p style=\"text-align: justify;\">Est\u00e1 na hora de um basta.<\/p>\n<p style=\"text-align: justify;\">Twitter &#8211; @aloisiovillar<\/p>\n<p style=\"text-align: justify;\">Facebook &#8211; Aloisio Villar<\/p>\n","protected":false},"excerpt":{"rendered":"<p>Semana passada terminei de escrever uma pe\u00e7a de teatro chamada &#8220;O dia mais quente do ano&#8221; que trata da criminalidade do Rio de Janeiro. MinhaTour Details<\/p>\n","protected":false},"author":8,"featured_media":41878,"comment_status":"open","ping_status":"open","sticky":false,"template":"","format":"standard","meta":{"footnotes":""},"categories":[8],"tags":[541,27,549],"class_list":["post-41874","post","type-post","status-publish","format-standard","has-post-thumbnail","hentry","category-orun-aye","tag-estupro","tag-sociedade","tag-violencia"],"_links":{"self":[{"href":"http:\/\/www.pedromigao.com.br\/ourodetolo\/wp-json\/wp\/v2\/posts\/41874","targetHints":{"allow":["GET"]}}],"collection":[{"href":"http:\/\/www.pedromigao.com.br\/ourodetolo\/wp-json\/wp\/v2\/posts"}],"about":[{"href":"http:\/\/www.pedromigao.com.br\/ourodetolo\/wp-json\/wp\/v2\/types\/post"}],"author":[{"embeddable":true,"href":"http:\/\/www.pedromigao.com.br\/ourodetolo\/wp-json\/wp\/v2\/users\/8"}],"replies":[{"embeddable":true,"href":"http:\/\/www.pedromigao.com.br\/ourodetolo\/wp-json\/wp\/v2\/comments?post=41874"}],"version-history":[{"count":0,"href":"http:\/\/www.pedromigao.com.br\/ourodetolo\/wp-json\/wp\/v2\/posts\/41874\/revisions"}],"wp:featuredmedia":[{"embeddable":true,"href":"http:\/\/www.pedromigao.com.br\/ourodetolo\/wp-json\/wp\/v2\/media\/41878"}],"wp:attachment":[{"href":"http:\/\/www.pedromigao.com.br\/ourodetolo\/wp-json\/wp\/v2\/media?parent=41874"}],"wp:term":[{"taxonomy":"category","embeddable":true,"href":"http:\/\/www.pedromigao.com.br\/ourodetolo\/wp-json\/wp\/v2\/categories?post=41874"},{"taxonomy":"post_tag","embeddable":true,"href":"http:\/\/www.pedromigao.com.br\/ourodetolo\/wp-json\/wp\/v2\/tags?post=41874"}],"curies":[{"name":"wp","href":"https:\/\/api.w.org\/{rel}","templated":true}]}}