{"id":41842,"date":"2016-05-27T07:00:06","date_gmt":"2016-05-27T10:00:06","guid":{"rendered":"http:\/\/www.pedromigao.com.br\/ourodetolo\/?p=41842"},"modified":"2017-08-08T10:05:02","modified_gmt":"2017-08-08T13:05:02","slug":"evento-teste-arena-carioca-2-flamengo-e-bauru","status":"publish","type":"post","link":"http:\/\/www.pedromigao.com.br\/ourodetolo\/2016\/05\/evento-teste-arena-carioca-2-flamengo-e-bauru\/","title":{"rendered":"Evento Teste Arena Carioca 2 &#8211; Flamengo e Bauru"},"content":{"rendered":"<p style=\"text-align: justify;\"><a href=\"http:\/\/www.pedromigao.com.br\/ourodetolo\/2016\/05\/algumas-notas-sobre-a-rio-2016\/\" target=\"_blank\"><span style=\"color: #ff6600;\">Conforme escrevi no artigo da \u00faltima quarta feira<\/span><\/a>, ontem estive no evento teste da Arena Carioca 2, acompanhando a partida entre Flamengo e Bauru\/Paschoaloto pelo NBB &#8211; Novo Basquete Brasil.<\/p>\n<p style=\"text-align: justify;\">A oportunidade de se utilizar a arena surgiu a partir do momento em que o Flamengo chegou \u00e0 final e n\u00e3o tinha um gin\u00e1sio com a capacidade m\u00ednima requerida. Como a Arena Carioca 2 n\u00e3o havia ainda sido testada, surgiu a possibilidade de se utilizar as partidas da final como seu evento teste, ainda que n\u00e3o oficialmente.<\/p>\n<p style=\"text-align: justify;\">A compra de ingressos foi feita pelo site que atende ao Flamengo no basquete. Um site bastante confuso, ali\u00e1s, com pouca informa\u00e7\u00e3o. N\u00e3o havia cadeira inferior e na compra da superior o site n\u00e3o informa que menores de 12 anos tem gratuidade, ou seja: comprei meia entrada para minhas filhas \u00e0 toa. No fim das contas somente a Ana Luisa, minha mais nova, me acompanhou.<\/p>\n<p style=\"text-align: justify;\"><a href=\"http:\/\/www.pedromigao.com.br\/ourodetolo\/2016\/05\/evento-teste-arena-carioca-2-flamengo-e-bauru\/20160526_163346\/\" rel=\"attachment wp-att-41849\"><img loading=\"lazy\" decoding=\"async\" class=\"aligncenter size-large wp-image-41849\" src=\"http:\/\/www.pedromigao.com.br\/ourodetolo\/wp-content\/uploads\/2016\/05\/20160526_163346-550x309.jpg\" alt=\"20160526_163346\" width=\"550\" height=\"309\" srcset=\"http:\/\/www.pedromigao.com.br\/ourodetolo\/wp-content\/uploads\/2016\/05\/20160526_163346-550x309.jpg 550w, http:\/\/www.pedromigao.com.br\/ourodetolo\/wp-content\/uploads\/2016\/05\/20160526_163346-300x169.jpg 300w, http:\/\/www.pedromigao.com.br\/ourodetolo\/wp-content\/uploads\/2016\/05\/20160526_163346-768x432.jpg 768w\" sizes=\"auto, (max-width: 550px) 100vw, 550px\" \/><\/a>A ida foi da mesma forma do que j\u00e1 relatado em outros eventos-teste: carro, Via Parque Shopping e BRT. Desta vez, um pouco diferente, pois a equipe de jornalistas do portal do Minist\u00e9rio do Esporte estava fazendo uma mat\u00e9ria comigo e, ent\u00e3o, n\u00e3o precisei caminhar at\u00e9 a entrada do Parque Ol\u00edmpico. Em breve estar\u00e1 no site.<\/p>\n<p style=\"text-align: justify;\">Embora n\u00e3o fosse um evento organizado pelo Comit\u00ea da Rio 2016, o sistema de entrada no Parque Ol\u00edmpico j\u00e1 emulou o que ocorrer\u00e1 na entrada do Parque. A revista foi feita ali e j\u00e1 se passava na roleta para acesso. Mais uma vez, houve uma queda de energia e as roletas ficaram paradas por alguns instantes.<\/p>\n<p style=\"text-align: justify;\">O acesso \u00e0 Arena Carioca 2 foi tranquilo. Foram vendidos 8 mil ingressos para a capacidade estimada de 10 mil lugares, mas a verdade \u00e9 que s\u00f3 n\u00e3o foram liberados dois pequenos setores do lado de onde ficar\u00e3o as bancadas da imprensa durante as provas de jud\u00f4 e luta ol\u00edmpica na Rio 2016. Ou seja, a capacidade total no final das contas dever\u00e1 ser algo em torno de 9 mil lugares.<\/p>\n<p style=\"text-align: justify;\">Algo importante \u00e9 que se o leitor tiver eventos subsequentes entre as Arenas Cariocas 1, 2 ou 3 a transi\u00e7\u00e3o \u00e9 bem r\u00e1pida. Em pouco mais de 10 minutos se consegue sair de uma e chegar \u00e0 outra. Para as outras instala\u00e7\u00f5es do Parque Ol\u00edmpico, a dist\u00e2ncia \u00e9 maior &#8211; em especial para o Centro Aqu\u00e1tico, que \u00e9 mais afastado das demais instala\u00e7\u00f5es.<\/p>\n<p style=\"text-align: justify;\"><a href=\"http:\/\/www.pedromigao.com.br\/ourodetolo\/2016\/05\/evento-teste-arena-carioca-2-flamengo-e-bauru\/20160526_182935\/\" rel=\"attachment wp-att-41843\"><img loading=\"lazy\" decoding=\"async\" class=\"aligncenter size-large wp-image-41843\" src=\"http:\/\/www.pedromigao.com.br\/ourodetolo\/wp-content\/uploads\/2016\/05\/20160526_182935-550x309.jpg\" alt=\"20160526_182935\" width=\"550\" height=\"309\" srcset=\"http:\/\/www.pedromigao.com.br\/ourodetolo\/wp-content\/uploads\/2016\/05\/20160526_182935-550x309.jpg 550w, http:\/\/www.pedromigao.com.br\/ourodetolo\/wp-content\/uploads\/2016\/05\/20160526_182935-300x169.jpg 300w, http:\/\/www.pedromigao.com.br\/ourodetolo\/wp-content\/uploads\/2016\/05\/20160526_182935-768x432.jpg 768w\" sizes=\"auto, (max-width: 550px) 100vw, 550px\" \/><\/a>Ao acessar o setor, come\u00e7am os problemas. O\u00a0acesso \u00e0 \u00e1rea das cadeiras (acima) \u00e9 estreito e \u00edngreme. Sem contar os degraus em metal claramente provis\u00f3rios e que n\u00e3o d\u00e3o muita sensa\u00e7\u00e3o de firmeza. Tamb\u00e9m senti falta de sinaliza\u00e7\u00e3o de faixas refletivas de seguran\u00e7a na escada.<\/p>\n<p style=\"text-align: justify;\">S\u00e3o muitos acessos, mas confesso que fiquei com d\u00favidas se n\u00e3o s\u00e3o\u00a0estreitos demais caso haja necessidade de uma evacua\u00e7\u00e3o r\u00e1pida em uma emerg\u00eancia. Os setores ainda n\u00e3o est\u00e3o marcados, nem os n\u00fameros das cadeiras. Estas s\u00e3o em um pl\u00e1stico que me pareceu bastante fr\u00e1gil.<\/p>\n<p style=\"text-align: justify;\">Ali\u00e1s, as filas no setor superior, onde fiquei, v\u00e3o at\u00e9 a letra M. A vis\u00e3o mesmo ali \u00e9 boa da quadra, ainda mais se levando em conta que os tatames de lutas ocupar\u00e3o um espa\u00e7o maior que o utilizado pela quadra de basquete. Contudo, o espa\u00e7o entre as filas \u00e9 m\u00ednimo (abaixo), e fica claro que s\u00e3o cadeiras provis\u00f3rias: a base utilizada \u00e9 em um metal claramente aparafusado.<\/p>\n<p style=\"text-align: justify;\"><a href=\"http:\/\/www.pedromigao.com.br\/ourodetolo\/2016\/05\/evento-teste-arena-carioca-2-flamengo-e-bauru\/20160526_164723\/\" rel=\"attachment wp-att-41844\"><img loading=\"lazy\" decoding=\"async\" class=\"aligncenter size-large wp-image-41844\" src=\"http:\/\/www.pedromigao.com.br\/ourodetolo\/wp-content\/uploads\/2016\/05\/20160526_164723-550x309.jpg\" alt=\"20160526_164723\" width=\"550\" height=\"309\" srcset=\"http:\/\/www.pedromigao.com.br\/ourodetolo\/wp-content\/uploads\/2016\/05\/20160526_164723-550x309.jpg 550w, http:\/\/www.pedromigao.com.br\/ourodetolo\/wp-content\/uploads\/2016\/05\/20160526_164723-300x169.jpg 300w, http:\/\/www.pedromigao.com.br\/ourodetolo\/wp-content\/uploads\/2016\/05\/20160526_164723-768x432.jpg 768w\" sizes=\"auto, (max-width: 550px) 100vw, 550px\" \/><\/a>Os bares n\u00e3o estavam funcionando, mas \u00e0 guisa dos eventos teste dos <a href=\"http:\/\/www.pedromigao.com.br\/ourodetolo\/2016\/02\/evento-teste-copa-do-mundo-de-saltos-ornamentais\/\" target=\"_blank\"><span style=\"color: #ff6600;\">saltos ornamentais<\/span><\/a>, do <a href=\"http:\/\/www.pedromigao.com.br\/ourodetolo\/2016\/03\/evento-teste-copa-do-mundo-de-nado-sincronizado\/\" target=\"_blank\"><span style=\"color: #ff6600;\">nado sincronizado<\/span><\/a> e do <span style=\"color: #ff6600;\"><a href=\"http:\/\/www.pedromigao.com.br\/ourodetolo\/2016\/05\/evento-teste-campeonato-ibero-americano-de-atletismo\/\" target=\"_blank\">atletismo<\/a>,<\/span> havia quiosques e vendedores ambulantes com cerveja, refrigerantes, \u00e1gua, cachorro quente, pipoca e snacks. A diferen\u00e7a \u00e9 que vi pessoas com espetinhos de carne e frango, mas n\u00e3o vi onde estavam sendo vendidos.<\/p>\n<p style=\"text-align: justify;\">Havia tamb\u00e9m no acesso food trucks, mas n\u00e3o parei para ver as op\u00e7\u00f5es. Minha avalia\u00e7\u00e3o \u00e9 de que atendeu ao p\u00fablico de pouco menos de 8 mil presentes.<\/p>\n<p style=\"text-align: justify;\">O aspecto geral da Arena Carioca 2, embora seja funcional, pareceu meio tosco, por assim dizer. Estruturas do ar condicionado &#8211; que funcionou a contento &#8211; aparentes, os pr\u00f3prios degraus em metal aparente e a ilumina\u00e7\u00e3o estava quase o tempo todo com apenas 40% das lumin\u00e1rias acesas. Os banheiros s\u00e3o funcionais, mas achei pequenos para o p\u00fablico esperado.<\/p>\n<p style=\"text-align: justify;\"><a href=\"http:\/\/www.pedromigao.com.br\/ourodetolo\/2016\/05\/evento-teste-arena-carioca-2-flamengo-e-bauru\/20160526_172841\/\" rel=\"attachment wp-att-41846\"><img loading=\"lazy\" decoding=\"async\" class=\"aligncenter size-large wp-image-41846\" src=\"http:\/\/www.pedromigao.com.br\/ourodetolo\/wp-content\/uploads\/2016\/05\/20160526_172841-550x309.jpg\" alt=\"20160526_172841\" width=\"550\" height=\"309\" srcset=\"http:\/\/www.pedromigao.com.br\/ourodetolo\/wp-content\/uploads\/2016\/05\/20160526_172841-550x309.jpg 550w, http:\/\/www.pedromigao.com.br\/ourodetolo\/wp-content\/uploads\/2016\/05\/20160526_172841-300x169.jpg 300w, http:\/\/www.pedromigao.com.br\/ourodetolo\/wp-content\/uploads\/2016\/05\/20160526_172841-768x432.jpg 768w\" sizes=\"auto, (max-width: 550px) 100vw, 550px\" \/><\/a>Outro ponto a se chamar aten\u00e7\u00e3o \u00e9 a localiza\u00e7\u00e3o dos setores. As cadeiras atr\u00e1s da tabela no jud\u00f4, que ser\u00e3o categoria A, me parecem ter uma vis\u00e3o pior que o setor superior no mesmo lugar, que \u00e9 categoria C (acima). Da mesma forma as filas A e B tanto no setor inferior quanto o superior tem a vis\u00e3o encoberta por grades ou anteparos. Por outro lado, mesmo sem a marca\u00e7\u00e3o, n\u00e3o \u00e9 dif\u00edcil perceber a numera\u00e7\u00e3o sabendo-se os setores que ser\u00e3o categoria C.<\/p>\n<p style=\"text-align: justify;\">Na Arena Carioca 2, os lugares para cadeirantes e demais portadores de necessidades especiais ficar\u00e3o entre os pisos inferior e superior. As filas de cadeiras s\u00e3o bem inclinadas e, com o pouco espa\u00e7o entre as cadeiras &#8211; mesmo para uma crian\u00e7a passar t\u00ednhamos de nos levantar &#8211; qualquer m\u00ednima confus\u00e3o corre-se o risco de ter gente despencando fileiras abaixo.<\/p>\n<p style=\"text-align: justify;\">Acredito que a configura\u00e7\u00e3o da Arena Carioca 1 seja semelhante &#8211; apenas maior &#8211; e esta caracter\u00edstica torna ainda mais de alto risco uma partida como Brasil e Argentina no basquete, por exemplo. Outro ponto a se notar \u00e9 que a ac\u00fastica n\u00e3o \u00e9 das melhores: o som reverbera muito.<\/p>\n<p style=\"text-align: justify;\"><a href=\"http:\/\/www.pedromigao.com.br\/ourodetolo\/2016\/05\/evento-teste-arena-carioca-2-flamengo-e-bauru\/20160526_180251\/\" rel=\"attachment wp-att-41848\"><img loading=\"lazy\" decoding=\"async\" class=\"aligncenter size-large wp-image-41848\" src=\"http:\/\/www.pedromigao.com.br\/ourodetolo\/wp-content\/uploads\/2016\/05\/20160526_180251-550x309.jpg\" alt=\"20160526_180251\" width=\"550\" height=\"309\" srcset=\"http:\/\/www.pedromigao.com.br\/ourodetolo\/wp-content\/uploads\/2016\/05\/20160526_180251-550x309.jpg 550w, http:\/\/www.pedromigao.com.br\/ourodetolo\/wp-content\/uploads\/2016\/05\/20160526_180251-300x169.jpg 300w, http:\/\/www.pedromigao.com.br\/ourodetolo\/wp-content\/uploads\/2016\/05\/20160526_180251-768x432.jpg 768w\" sizes=\"auto, (max-width: 550px) 100vw, 550px\" \/><\/a>A partida em si terminou com a vit\u00f3ria do Bauru por 85 a 80, for\u00e7ando obrigatoriamente o quarto jogo. Ao contr\u00e1rio do que se esperava, a torcida aplaudiu o time ao final, reconhecendo o esfor\u00e7o em um dia no qual\u00a0os jogadores n\u00e3o estavam inspirados.<\/p>\n<p style=\"text-align: justify;\">Algo a que se deve prestar aten\u00e7\u00e3o \u00e9 que o Comit\u00ea Rio 2016 est\u00e1 atribuindo 1h45 para as sess\u00f5es do basquete masculino, mas a partida, com as regras FIBA, durou pouco mais de duas horas. Tenho sess\u00f5es \u00e0s 16 horas ap\u00f3s jogos de basquete e fiquei na d\u00favida se haver\u00e1 tempo de pegar desde o in\u00edcio.<\/p>\n<p style=\"text-align: justify;\">Outro ponto a se observar \u00e9 que o Centro Aqu\u00e1tico Ol\u00edmpico \u00e9 mais distante das demais estruturas &#8211; o Maria Lenk tamb\u00e9m, mas do outro lado &#8211; e o tempo de deslocamento entre sess\u00f5es de nata\u00e7\u00e3o e outras no Parque Ol\u00edmpico ser\u00e1 maior.<\/p>\n<p style=\"text-align: justify;\"><a href=\"http:\/\/www.pedromigao.com.br\/ourodetolo\/2016\/05\/evento-teste-arena-carioca-2-flamengo-e-bauru\/20160526_193539\/\" rel=\"attachment wp-att-41855\"><img loading=\"lazy\" decoding=\"async\" class=\"aligncenter size-large wp-image-41855\" src=\"http:\/\/www.pedromigao.com.br\/ourodetolo\/wp-content\/uploads\/2016\/05\/20160526_193539-550x309.jpg\" alt=\"20160526_193539\" width=\"550\" height=\"309\" srcset=\"http:\/\/www.pedromigao.com.br\/ourodetolo\/wp-content\/uploads\/2016\/05\/20160526_193539-550x309.jpg 550w, http:\/\/www.pedromigao.com.br\/ourodetolo\/wp-content\/uploads\/2016\/05\/20160526_193539-300x169.jpg 300w, http:\/\/www.pedromigao.com.br\/ourodetolo\/wp-content\/uploads\/2016\/05\/20160526_193539-768x432.jpg 768w\" sizes=\"auto, (max-width: 550px) 100vw, 550px\" \/><\/a>Caminhando pela \u00e1rea do Parque Ol\u00edmpico percebe-se o tamanho da \u00e1rea destinada aos eventos nesta sede. A quadra central do t\u00eanis destaca-se na paisagem, bastante imponente &#8211; mesmo apagada durante a noite. As tr\u00eas Arenas Cariocas, integradas, tamb\u00e9m s\u00e3o impactantes &#8211; e de certa forma acaba sendo meio decepcionante ao v\u00ea-la por dentro.<\/p>\n<p style=\"text-align: justify;\">Preocupante \u00e9 a situa\u00e7\u00e3o do Vel\u00f3dromo. Muita gente trabalhando, n\u00e3o se tem ideia do estado das obras internamente, mas por fora a sensa\u00e7\u00e3o \u00e9 de que ainda h\u00e1 bastante a\u00a0fazer. Estava at\u00e9 comentando que se n\u00e3o ficar pronta a parte externa o neg\u00f3cio seria ir \u00e0 Cidade do Samba, contratar uns 20 ou 30 profissionais e elaborar plotters para decorar a fachada da instala\u00e7\u00e3o.<\/p>\n<p style=\"text-align: justify;\">Ao final, a caminhada at\u00e9 a esta\u00e7\u00e3o do BRT Rio II foi tranquila &#8211; embora um pouco longa, ainda mais com crian\u00e7a &#8211; mas o embarque foi mais tranquilo que o imaginado. Voltei rapidamente ao Via Parque em uma composi\u00e7\u00e3o vazia. Isso leva a pensar que, com um fluxo n\u00e3o muto acima do verificado ao final de cada sess\u00e3o, o sistema ir\u00e1 suportar bem.<\/p>\n<p style=\"text-align: justify;\"><a href=\"http:\/\/www.pedromigao.com.br\/ourodetolo\/2016\/05\/evento-teste-arena-carioca-2-flamengo-e-bauru\/20160526_200225\/\" rel=\"attachment wp-att-41850\"><img loading=\"lazy\" decoding=\"async\" class=\"aligncenter size-large wp-image-41850\" src=\"http:\/\/www.pedromigao.com.br\/ourodetolo\/wp-content\/uploads\/2016\/05\/20160526_200225-550x309.jpg\" alt=\"20160526_200225\" width=\"550\" height=\"309\" srcset=\"http:\/\/www.pedromigao.com.br\/ourodetolo\/wp-content\/uploads\/2016\/05\/20160526_200225-550x309.jpg 550w, http:\/\/www.pedromigao.com.br\/ourodetolo\/wp-content\/uploads\/2016\/05\/20160526_200225-300x169.jpg 300w, http:\/\/www.pedromigao.com.br\/ourodetolo\/wp-content\/uploads\/2016\/05\/20160526_200225-768x432.jpg 768w\" sizes=\"auto, (max-width: 550px) 100vw, 550px\" \/><\/a>Vale lembrar que a esta\u00e7\u00e3o Centro Ol\u00edmpico ainda n\u00e3o foi inaugurada e ser\u00e1 em frente ao Parque Ol\u00edmpico, diminuindo a caminhada necess\u00e1ria. N\u00e3o sabemos se o estacionamento do Via Parque estar\u00e1 dispon\u00edvel como alimentador do sistema, mas \u00e9 uma alternativa interessante caso esteja.<\/p>\n<p style=\"text-align: justify;\">Concluindo, diria que esperava mais como um todo da Arena Carioca 2 por dentro (mesmo sabendo que a maior parte das arquibancadas s\u00e3o provis\u00f3rias), mas, apesar da derrota do Flamengo, o teste foi bastante v\u00e1lido para se perceber uma s\u00e9rie de quest\u00f5es pr\u00e1ticas envolvendo o tr\u00e2mite entre as sess\u00f5es e mesmo a estrutura das principais arenas do Parque Ol\u00edmpico.<\/p>\n<p style=\"text-align: justify;\">Em junho estarei nas partidas de v\u00f4lei na Arena Carioca 1 e teremos aqui mais um relato.<\/p>\n<p style=\"text-align: justify;\"><strong>Imagens: Arquivo Ouro de Tolo<\/strong><\/p>\n<p style=\"text-align: justify;\">[related_posts limit=&#8221;3&#8243;]<\/p>\n<p style=\"text-align: justify;\"><a href=\"http:\/\/www.pedromigao.com.br\/ourodetolo\/2016\/05\/evento-teste-arena-carioca-2-flamengo-e-bauru\/20160526_1759581\/\" rel=\"attachment wp-att-41857\"><img loading=\"lazy\" decoding=\"async\" class=\"aligncenter wp-image-41857 size-large\" src=\"http:\/\/www.pedromigao.com.br\/ourodetolo\/wp-content\/uploads\/2016\/05\/20160526_1759581-e1464317339112-550x309.jpg\" alt=\"20160526_175958[1]\" width=\"550\" height=\"309\" srcset=\"http:\/\/www.pedromigao.com.br\/ourodetolo\/wp-content\/uploads\/2016\/05\/20160526_1759581-e1464317339112-550x309.jpg 550w, http:\/\/www.pedromigao.com.br\/ourodetolo\/wp-content\/uploads\/2016\/05\/20160526_1759581-e1464317339112-300x169.jpg 300w, http:\/\/www.pedromigao.com.br\/ourodetolo\/wp-content\/uploads\/2016\/05\/20160526_1759581-e1464317339112-768x432.jpg 768w\" sizes=\"auto, (max-width: 550px) 100vw, 550px\" \/><\/a><\/p>\n","protected":false},"excerpt":{"rendered":"<p>Conforme escrevi no artigo da \u00faltima quarta feira, ontem estive no evento teste da Arena Carioca 2, acompanhando a partida entre Flamengo e Bauru\/Paschoaloto peloTour Details<\/p>\n","protected":false},"author":2,"featured_media":41859,"comment_status":"open","ping_status":"open","sticky":false,"template":"","format":"standard","meta":{"footnotes":""},"categories":[289],"tags":[41,1277,42,1161,665,94],"class_list":["post-41842","post","type-post","status-publish","format-standard","has-post-thumbnail","hentry","category-pedro-migao","tag-esporte","tag-evento-teste","tag-flamengo","tag-ingressos-rio-2016","tag-jogos-olimpicos-2016","tag-rio-2016"],"_links":{"self":[{"href":"http:\/\/www.pedromigao.com.br\/ourodetolo\/wp-json\/wp\/v2\/posts\/41842","targetHints":{"allow":["GET"]}}],"collection":[{"href":"http:\/\/www.pedromigao.com.br\/ourodetolo\/wp-json\/wp\/v2\/posts"}],"about":[{"href":"http:\/\/www.pedromigao.com.br\/ourodetolo\/wp-json\/wp\/v2\/types\/post"}],"author":[{"embeddable":true,"href":"http:\/\/www.pedromigao.com.br\/ourodetolo\/wp-json\/wp\/v2\/users\/2"}],"replies":[{"embeddable":true,"href":"http:\/\/www.pedromigao.com.br\/ourodetolo\/wp-json\/wp\/v2\/comments?post=41842"}],"version-history":[{"count":1,"href":"http:\/\/www.pedromigao.com.br\/ourodetolo\/wp-json\/wp\/v2\/posts\/41842\/revisions"}],"predecessor-version":[{"id":46751,"href":"http:\/\/www.pedromigao.com.br\/ourodetolo\/wp-json\/wp\/v2\/posts\/41842\/revisions\/46751"}],"wp:featuredmedia":[{"embeddable":true,"href":"http:\/\/www.pedromigao.com.br\/ourodetolo\/wp-json\/wp\/v2\/media\/41859"}],"wp:attachment":[{"href":"http:\/\/www.pedromigao.com.br\/ourodetolo\/wp-json\/wp\/v2\/media?parent=41842"}],"wp:term":[{"taxonomy":"category","embeddable":true,"href":"http:\/\/www.pedromigao.com.br\/ourodetolo\/wp-json\/wp\/v2\/categories?post=41842"},{"taxonomy":"post_tag","embeddable":true,"href":"http:\/\/www.pedromigao.com.br\/ourodetolo\/wp-json\/wp\/v2\/tags?post=41842"}],"curies":[{"name":"wp","href":"https:\/\/api.w.org\/{rel}","templated":true}]}}