{"id":41811,"date":"2016-05-23T14:24:09","date_gmt":"2016-05-23T17:24:09","guid":{"rendered":"http:\/\/www.pedromigao.com.br\/ourodetolo\/?p=41811"},"modified":"2016-05-23T14:24:09","modified_gmt":"2016-05-23T17:24:09","slug":"temer-convida-o-brasil-para-a-luta-e-hora-de-voltar-para-o-combate","status":"publish","type":"post","link":"http:\/\/www.pedromigao.com.br\/ourodetolo\/2016\/05\/temer-convida-o-brasil-para-a-luta-e-hora-de-voltar-para-o-combate\/","title":{"rendered":"Temer convida o Brasil para a luta: \u00e9 hora de voltar para o combate"},"content":{"rendered":"<p style=\"text-align: justify;\">Os primeiros dias do Governo Michel Temer mostram um projeto de pa\u00eds feito totalmente no improviso. Conhecido e renomado legislador, conhecedor quase irrepreens\u00edvel do direito constitucional, o interino nunca foi muito bom em entender o pa\u00eds em que viveu. Nunca foi campe\u00e3o nas urnas, nunca se fez entender em um ambiente informal.<\/p>\n<p style=\"text-align: justify;\">At\u00e9 para conquistar o amor de sua vida precisou da burocracia t\u00e3o comum aos juristas \u2013 at\u00e9 \u201cpedir a m\u00e3o para a fam\u00edlia\u201d ele pediu, como se a vontade da pr\u00f3pria Marcela Temer n\u00e3o lhe fosse garantia suficiente de que conseguiria ali construir uma rela\u00e7\u00e3o de sucesso. Sempre atuando com um intermedi\u00e1rio, sempre precisando <strong>articular<\/strong>, arquitetar por fora o sucesso que n\u00e3o consegue obter no cen\u00e1rio principal.<\/p>\n<p style=\"text-align: justify;\">Foi assim que se tornou um dos parlamentares mais importantes do pa\u00eds, ainda que fosse um ilustre desconhecido para a maior parte dos brasileiros. Foi assim que se tornou vice-presidente e foi assim que saiu, <strong>legitimamente<\/strong>, do papel \u201cdecorativo\u201d no qual foi colocado. E foi assim que pela primeira vez precisou falar de igual para igual com o povo que n\u00e3o o conhecia. Sem intermedi\u00e1rios, sem arquiteturas, sem cen\u00e1rios. Ele e o povo, o povo e ele. E como olha feio esse povo que quase unanimemente reprova o Presidente interino!<\/p>\n<p style=\"text-align: justify;\">A falta de traquejo de Michel Temer com o popular se manifesta n\u00e3o apenas nas medidas impopulares que toma, como tamb\u00e9m na rapidez com que volta atr\u00e1s de algumas delas. \u00c9 quando volta atr\u00e1s que Temer se mostra fr\u00e1gil. \u00c9 quando volta atr\u00e1s que mostra alguma surpresa com a resposta que recebe aos seus atos. Temer \u00e9 mais um expoente do desconhecimento que a classe pol\u00edtica tem do Brasil. \u00c9 mais um dos que pensam viver em um pa\u00eds que n\u00e3o existe h\u00e1 quase um s\u00e9culo.<\/p>\n<p style=\"text-align: justify;\">Um pa\u00eds onde se pode esconder as mulheres sem que elas reclamem. Um pa\u00eds onde negro nenhum vai reclamar de n\u00e3o ter sido lembrado. Um pa\u00eds em que esse neg\u00f3cio de \u201ccultura\u201d \u00e9 coisa de vagabundo que n\u00e3o quer trabalhar. Por falar nisso, nesse pa\u00eds n\u00e3o vai se falar em crise porque \u00e9 preciso trabalhar. Um pa\u00eds de ordem e progresso, com muito mais ordem que progresso e onde d\u00e1 para justificar que o segundo n\u00e3o veio por falta do primeiro e que por isso \u00e9 preciso sempre mais dessa ordem. Ordem, ordem, ordem.<\/p>\n<p style=\"text-align: justify;\">Esse pa\u00eds pode at\u00e9 existir nas urnas, mas na realidade ele \u00e9 bem diferente. A gritaria e os panela\u00e7os nada gloriosos que receberam Temer mostram uma gloriosa faceta que o Brasil perdeu nos \u00faltimos 13 anos: a da for\u00e7a popular como oposi\u00e7\u00e3o. Convencidas de que estavam inseridas na sociedade como nunca estiveram as minorias aceitaram um \u201crepresentante iluminado\u201d: o PT.<\/p>\n<p style=\"text-align: justify;\"><img loading=\"lazy\" decoding=\"async\" class=\"size-medium wp-image-33344 alignleft\" src=\"http:\/\/www.pedromigao.com.br\/ourodetolo\/wp-content\/uploads\/2015\/03\/AGE20111221131-300x188.jpg\" alt=\"Dilma e Michel Temer\" width=\"300\" height=\"188\" srcset=\"http:\/\/www.pedromigao.com.br\/ourodetolo\/wp-content\/uploads\/2015\/03\/AGE20111221131-300x188.jpg 300w, http:\/\/www.pedromigao.com.br\/ourodetolo\/wp-content\/uploads\/2015\/03\/AGE20111221131-543x340.jpg 543w\" sizes=\"auto, (max-width: 300px) 100vw, 300px\" \/>O partido em nome da \u201cgovernabilidade\u201d colocou a vontade da fiel (era o que se pensava, ao menos) bancada evang\u00e9lica, o desejo dos coron\u00e9is que comandam regi\u00f5es inteiras s\u00f3 com o sobrenome e at\u00e9 os paraquedistas que nem sabem o que fazem em Bras\u00edlia na frente do interesse de quem sempre esperou por um pouco mais de voz. Mas disfar\u00e7ou bem no discurso.<\/p>\n<p style=\"text-align: justify;\">N\u00e3o tendo Michel Temer a preocupa\u00e7\u00e3o com esse disfarce, a resposta \u00e9 maravilhosamente ruim. Mulheres, artistas, negros, homossexuais e at\u00e9 a \u201celite branca masculina\u201d n\u00e3o lhe dar\u00e3o sossego e \u00e9 assim que deve ser. \u00c9 hora desse pa\u00eds largar o acomodamento trazido pela presen\u00e7a de um Governo dito popular.<\/p>\n<p style=\"text-align: justify;\">Comparando com uma luta de boxe \u2013 porque \u00e9 assim que a classe pol\u00edtica deve ser tratada, j\u00e1 que s\u00e3o incapazes eles de merecerem uma boa rela\u00e7\u00e3o com seus eleitores &#8211; \u00e9 como se tiv\u00e9ssemos nos livrado de um lutador cheio de marra, que chega conquistando a galera e intimida pela simpatia. Esse lutador foi marrento o bastante para fazer o advers\u00e1rio abandonar a luta antes dela come\u00e7ar.<\/p>\n<p style=\"text-align: justify;\">Agora, ganhamos um lutador franzino, assustado que tenta intimidar fazendo cara de bad boy e acaba assustando ainda menos. Michel Temer n\u00e3o intimida ningu\u00e9m. Pelo contr\u00e1rio, convida \u00e0 luta. O Brasil tem agora a chance que n\u00e3o tem h\u00e1 anos. O medo de derrotar o PT (e n\u00e3o falo aqui de tir\u00e1-lo do combate, falo das pequenas lutas do dia-a-dia) e acabar beijando a lona da luta seguinte fez o Brasil esconder seus golpes.<\/p>\n<p style=\"text-align: justify;\">Temer nos d\u00e1 confian\u00e7a para bater. E \u00e9 hora de bater com for\u00e7a. Devolver com um cruzado, seja de esquerda ou de direita, a \u201cordem e o progresso\u201d. Nocautear sem d\u00f3 aqueles que se recusarem a aceitar que, em 2016, mulher e negro competente se acham aos montes em qualquer lugar.<\/p>\n<p style=\"text-align: justify;\">\u00c9 hora de rearticular movimentos sindicais s\u00e9rios, acabar com o peleguismo. Porque se existem 11 milh\u00f5es de desempregados o respons\u00e1vel n\u00e3o deve receber sua \u201cgratid\u00e3o\u201d pelo que foi feito h\u00e1 sabe l\u00e1 Deus quanto tempo. Deve receber indigna\u00e7\u00e3o, revolta, contesta\u00e7\u00e3o. Como certamente vai receber Michel Temer caso as coisas n\u00e3o melhorem \u2013 e n\u00e3o devem melhorar. Movimentos que defendam os trabalhadores das crises econ\u00f4micas, que exijam um di\u00e1logo verdadeiro com as classes mais pobres. Que n\u00e3o aceitem mentiras propagadas em discursos onde um Governo diz para seus governados o que eles pensam.<\/p>\n<p style=\"text-align: justify;\">\u00c9 hora de fazer o feminismo ganhar o pa\u00eds para confrontar o machismo que impera dos dois lados. Derrotar o \u201cbela, recatada e do lar\u201d e a \u201cmulher de grelo duro\u201d. N\u00e3o aceitar que a \u201cgovernabilidade\u201d impe\u00e7a uma mulher de decidir o que fazer da sua vida ou do seu corpo caso engravide e n\u00e3o se sinta em condi\u00e7\u00f5es de levar adiante esta gravidez. N\u00e3o aceitar que os homens usem uma representa\u00e7\u00e3o vergonhosa do sexo feminino no primeiro escala\u00e7\u00e3o de seus Governos para disfar\u00e7ar uma \u201cinclus\u00e3o\u201d.<\/p>\n<p style=\"text-align: justify;\">\u00c9 hora de se construir uma for\u00e7a negra que n\u00e3o se limite ao papel de narrador de programa eleitoral. Que n\u00e3o seja s\u00f3 o mensageiro, mas sim a mensagem. Porque se o Governo lhe garante a presen\u00e7a nas universidades n\u00e3o est\u00e1 fazendo mais que sua obriga\u00e7\u00e3o e qualquer coisa que n\u00e3o seja feita a partir da\u00ed deve ser bem repreendida. Especialmente quando s\u00e3o os negros os mais prejudicados com um SUS que sofre sucessivos atrasos no repasse de verbas, com um Minha Casa, Minha Vida cada vez mais lento e com um Bolsa Fam\u00edlia cada vez mais ineficiente.<\/p>\n<p style=\"text-align: justify;\">\u00c9 hora de a cultura recuperar o seu papel contestador. Porque qualquer express\u00e3o art\u00edstica financiada pelo Estado n\u00e3o \u00e9 financiada por um Governo e sim por um pa\u00eds e o compromisso, portanto, n\u00e3o deve ser com o partido. \u00c9 hora de usar a arte para auxiliar todos os outros movimentos a conquistarem aquela parcela da popula\u00e7\u00e3o que ainda est\u00e1 convencida de que vive no Brasil que Michel Temer sonhou encontrar, aquele onde essa mesma parcela da popula\u00e7\u00e3o tem de se acostumar com sua sina.<\/p>\n<p style=\"text-align: justify;\">N\u00e3o, n\u00e3o vivemos mais nesse Brasil. Se pode haver algo de bom neste Governo mambembe e inseguro, \u00e9 o fato de que o Brasil pode e deve se reencontrar com sua for\u00e7a. Pode mostrar ao seu Governo, seja ele qual for, que n\u00e3o aceita mais ficar afastado do centro das discuss\u00f5es. Pode, enfim, perder o medo de que o pouco que conquistou seja o suficiente. N\u00e3o \u00e9. Nunca \u00e9. Sempre \u00e9 preciso fazer mais. E n\u00e3o se faz mais lembrando do que se fez antes. \u00c9 hora de se fazer oposi\u00e7\u00e3o a um Governo sem que isso seja usado como artif\u00edcio para salvar a pele de outro. \u00c9 hora de aceitar a legalidade do impeachment e mostrar que t\u00e3o legal quanto ele s\u00e3o os olhares tortos que o Presidente-tamp\u00e3o receber\u00e1 sempre que pisar na bola.<\/p>\n<p style=\"text-align: justify;\">Em suma, os anos de Michel Temer podem ser uma li\u00e7\u00e3o valiosa para que o PT reencontre suas ra\u00edzes. E pode ser uma li\u00e7\u00e3o essencial para os g\u00eanios do enxugamento do Estado entenderem que justi\u00e7a social, cultura, direitos humanos e a pr\u00f3pria identidade nacional expressada na arte n\u00e3o s\u00e3o coisa da esquerda. S\u00e3o coisa de todos n\u00f3s e n\u00e3o s\u00e3o despesas para se cortar em momento de crise. E, acima de tudo, para que todos, independentemente do partido, saberem que quem pensar diferente vai ser chamado para a luta. E n\u00e3o vai ser salvo pelo gongo. Porque o <strong>golpe <\/strong>est\u00e1 na regra e faz parte do jogo. E n\u00e3o existe jeito mais n\u00edtido de demonstrar a justi\u00e7a de um resultado.<\/p>\n","protected":false},"excerpt":{"rendered":"<p>Os primeiros dias do Governo Michel Temer mostram um projeto de pa\u00eds feito totalmente no improviso. Conhecido e renomado legislador, conhecedor quase irrepreens\u00edvel do direitoTour Details<\/p>\n","protected":false},"author":40,"featured_media":41244,"comment_status":"open","ping_status":"open","sticky":false,"template":"","format":"standard","meta":{"footnotes":""},"categories":[351],"tags":[852,853,854,1166],"class_list":["post-41811","post","type-post","status-publish","format-standard","has-post-thumbnail","hentry","category-filho-prodigo","tag-dilma-rousseff","tag-impeachment","tag-michel-temer","tag-pmdb"],"_links":{"self":[{"href":"http:\/\/www.pedromigao.com.br\/ourodetolo\/wp-json\/wp\/v2\/posts\/41811","targetHints":{"allow":["GET"]}}],"collection":[{"href":"http:\/\/www.pedromigao.com.br\/ourodetolo\/wp-json\/wp\/v2\/posts"}],"about":[{"href":"http:\/\/www.pedromigao.com.br\/ourodetolo\/wp-json\/wp\/v2\/types\/post"}],"author":[{"embeddable":true,"href":"http:\/\/www.pedromigao.com.br\/ourodetolo\/wp-json\/wp\/v2\/users\/40"}],"replies":[{"embeddable":true,"href":"http:\/\/www.pedromigao.com.br\/ourodetolo\/wp-json\/wp\/v2\/comments?post=41811"}],"version-history":[{"count":0,"href":"http:\/\/www.pedromigao.com.br\/ourodetolo\/wp-json\/wp\/v2\/posts\/41811\/revisions"}],"wp:featuredmedia":[{"embeddable":true,"href":"http:\/\/www.pedromigao.com.br\/ourodetolo\/wp-json\/wp\/v2\/media\/41244"}],"wp:attachment":[{"href":"http:\/\/www.pedromigao.com.br\/ourodetolo\/wp-json\/wp\/v2\/media?parent=41811"}],"wp:term":[{"taxonomy":"category","embeddable":true,"href":"http:\/\/www.pedromigao.com.br\/ourodetolo\/wp-json\/wp\/v2\/categories?post=41811"},{"taxonomy":"post_tag","embeddable":true,"href":"http:\/\/www.pedromigao.com.br\/ourodetolo\/wp-json\/wp\/v2\/tags?post=41811"}],"curies":[{"name":"wp","href":"https:\/\/api.w.org\/{rel}","templated":true}]}}