{"id":41806,"date":"2016-05-22T09:14:57","date_gmt":"2016-05-22T12:14:57","guid":{"rendered":"http:\/\/www.pedromigao.com.br\/ourodetolo\/?p=41806"},"modified":"2016-05-21T14:23:09","modified_gmt":"2016-05-21T17:23:09","slug":"2013-e-2016","status":"publish","type":"post","link":"http:\/\/www.pedromigao.com.br\/ourodetolo\/2016\/05\/2013-e-2016\/","title":{"rendered":"2013 e 2016"},"content":{"rendered":"<p style=\"text-align: justify;\">Muita gente boa (e o Pedro Mig\u00e3o tamb\u00e9m) gosta de relacionar os fatos que ocorreram em 2016 com as manifesta\u00e7\u00f5es de 2013. Dizem que ali foi gerado um &#8220;ovo de serpente&#8221; e que essas manifesta\u00e7\u00f5es de 2013 fizeram do Brasil um pa\u00eds reacion\u00e1rio e de direita.<\/p>\n<p style=\"text-align: justify;\">Concordo em algumas coisas com essas opini\u00f5es, discordo da maior parte.<\/p>\n<p style=\"text-align: justify;\">Para quem n\u00e3o se lembra (\u00e9 evidente que todos se lembram), em junho de 2013, poucos dias antes da Copa das Confedera\u00e7\u00f5es, boa parte do povo foi para as ruas em um ato surpreendente j\u00e1 que nosso povo sempre foi conhecido por ser pregui\u00e7oso e subserviente quando a quest\u00e3o \u00e9 lutar por seu pa\u00eds. O m\u00e1ximo que o brasileiro se acostumou em luta patri\u00f3tica foi lutar contra o sono domingo de manh\u00e3 para ver Ayrton Senna correr.<\/p>\n<p style=\"text-align: justify;\">Mas, sim, o povo decidiu protestar e foi para as ruas inicialmente lutar contra o aumento das passagens em 20 centavos. A coisa foi ganhando propor\u00e7\u00e3o at\u00e9 que milh\u00f5es se juntaram a causa. Assustaram a m\u00eddia e a classe pol\u00edtica as imagem do povo &#8220;tomando&#8221; o congresso e o pal\u00e1cio do planalto. As mesmas correram o mundo.<\/p>\n<p style=\"text-align: justify;\">Assustaram os cartolas do futebol, que chegaram a cogitar tirar a Copa das Confedera\u00e7\u00f5es daqui. Passou quando os &#8220;black blocs&#8221; passaram a agir e tornar as manifesta\u00e7\u00f5es violentas.<\/p>\n<p style=\"text-align: justify;\">Algumas coisas de 2016 realmente come\u00e7aram em 2013. Gra\u00e7as \u00e0s manifesta\u00e7\u00f5es, o povo em geral aprendeu o caminho da rua e que pode ir l\u00e1 fazer barulho sempre que achar necess\u00e1rio (mesmo que ele n\u00e3o ache, mas algu\u00e9m o induz a achar), 2013 fez parte da popula\u00e7\u00e3o come\u00e7ar a perceber que as coisas n\u00e3o iam t\u00e3o bem no pa\u00eds quanto imaginavam. Aqui no Rio mesmo existia quase uma unanimidade em rela\u00e7\u00e3o aos governos federal, estadual e municipal muito em virtude da euforia da Copa, Olimp\u00edadas e implementa\u00e7\u00e3o das UPPs.<\/p>\n<p style=\"text-align: justify;\">A \u00faltima rela\u00e7\u00e3o que fa\u00e7o entre 2013 e 2016 \u00e9 o surgimento de movimentos como o &#8220;MBL&#8221; e seu l\u00edder Kim Kataguiry, uma esp\u00e9cie de Diogo Mainardi vers\u00e3o Malha\u00e7\u00e3o. Gente que de alguma esp\u00e9cie liderou essas manifesta\u00e7\u00f5es e ganhou voz.<\/p>\n<p style=\"text-align: justify;\">A\u00ed para mim acabam as rela\u00e7\u00f5es.<\/p>\n<p style=\"text-align: justify;\"><img loading=\"lazy\" decoding=\"async\" class=\"size-medium wp-image-41807 alignleft\" src=\"http:\/\/www.pedromigao.com.br\/ourodetolo\/wp-content\/uploads\/2016\/05\/manifesta\u00e7\u00e3o-300x300.jpg\" alt=\"manifesta\u00e7\u00e3o\" width=\"300\" height=\"300\" srcset=\"http:\/\/www.pedromigao.com.br\/ourodetolo\/wp-content\/uploads\/2016\/05\/manifesta\u00e7\u00e3o-300x300.jpg 300w, http:\/\/www.pedromigao.com.br\/ourodetolo\/wp-content\/uploads\/2016\/05\/manifesta\u00e7\u00e3o-150x150.jpg 150w, http:\/\/www.pedromigao.com.br\/ourodetolo\/wp-content\/uploads\/2016\/05\/manifesta\u00e7\u00e3o-340x340.jpg 340w, http:\/\/www.pedromigao.com.br\/ourodetolo\/wp-content\/uploads\/2016\/05\/manifesta\u00e7\u00e3o.jpg 480w\" sizes=\"auto, (max-width: 300px) 100vw, 300px\" \/>N\u00e3o acho que Dilma caiu devido a 2013. O principal motivo \u00e9 que ela foi reeleita em 2014. N\u00e3o s\u00f3 ela como v\u00e1rios dos pol\u00edticos alvos dos protestos em 2013 foram reeleitos. Se 2013 tivesse realmente transformado o povo, nenhum deles voltaria.<\/p>\n<p style=\"text-align: justify;\">Dilma caiu por dois motivos principais. Sua falta de habilidade pol\u00edtica e a grav\u00edssima crise financeira que imp\u00f4s ao pa\u00eds. Da\u00ed sim podemos tirar o &#8220;ovo da serpente&#8221;. O Brasil sempre foi corrupto, desde 1500, quando Pero Vaz de Caminha em sua famosa carta ao rei de Portugal pediu emprego para um sobrinho. Nunca \u00e9 demais lembrar que Portugal mandou para povoar o pa\u00eds o que tinha de pior l\u00e1, ent\u00e3o a corrup\u00e7\u00e3o como o futebol, carnaval e caf\u00e9 s\u00e3o produtos genuinamente nacionais.<\/p>\n<p style=\"text-align: justify;\">Lula sobreviveu a situa\u00e7\u00e3o pior de corrup\u00e7\u00e3o porque o Brasil crescia, Dilma caiu porque o brasileiro v\u00ea as acusa\u00e7\u00f5es de corrup\u00e7\u00e3o e na reportagem seguinte v\u00ea aumento de desemprego e da infla\u00e7\u00e3o. Velhos pesadelos voltam assim como aquele comich\u00e3o que d\u00e1 em pessoas de direita sempre que um governo popular comete erros. Foi a jun\u00e7\u00e3o da fome com a vontade de comer. O golpe s\u00f3 foi dado porque o governo deu brecha para que ele fosse dado.<\/p>\n<p style=\"text-align: justify;\">N\u00e3o sou cego como boa parte dos petistas. Ningu\u00e9m derruba governo popular, dificilmente d\u00e3o golpe em governo bom. Se a Dilma caiu foi por erros dela, n\u00e3o pelas manifesta\u00e7\u00f5es de 2013.<\/p>\n<p style=\"text-align: justify;\">E essa guinada para a direita que o pa\u00eds deu tamb\u00e9m n\u00e3o tem nada com as manifesta\u00e7\u00f5es. O mundo tem dado essa guinada. S\u00f3 vermos gente como Donald Trump podendo ser eleito presidente dos Estados Unidos e a mudan\u00e7a de governo na Argentina. A verdade \u00e9 que a esquerda fracassa em rela\u00e7\u00e3o \u00e0 classe m\u00e9dia, que \u00e9 quem determina o rumo das coisas. Os ricos n\u00e3o querem que nada mude e os pobres se preocupam mais em ter o que comer do que com ideologia. Quem perde a classe m\u00e9dia perde o comando.<\/p>\n<p style=\"text-align: justify;\">Culpar as manifesta\u00e7\u00f5es \u00e9 um erro, \u00e9 querer tirar do povo um direito leg\u00edtimo, o de protestar quando acha que as coisas est\u00e3o erradas. Como s\u00e3o leg\u00edtimas as manifesta\u00e7\u00f5es de agora contra o governo Michel Temer e foram as contra Dilma ano passado e em mar\u00e7o. Protesto \u00e9 um direito dado pela democracia, tendo ou n\u00e3o raz\u00e3o.<\/p>\n<p style=\"text-align: justify;\">N\u00e3o importa pelo que se luta.<\/p>\n<p style=\"text-align: justify;\">O que importa \u00e9 que ela exista.<\/p>\n<p style=\"text-align: justify;\">Twitter &#8211; @aloisiovillar<\/p>\n<p style=\"text-align: justify;\">Facebook &#8211; Aloisio Villar<\/p>\n","protected":false},"excerpt":{"rendered":"<p>Muita gente boa (e o Pedro Mig\u00e3o tamb\u00e9m) gosta de relacionar os fatos que ocorreram em 2016 com as manifesta\u00e7\u00f5es de 2013. Dizem que aliTour Details<\/p>\n","protected":false},"author":8,"featured_media":41808,"comment_status":"open","ping_status":"open","sticky":false,"template":"","format":"standard","meta":{"footnotes":""},"categories":[8],"tags":[682,870,24],"class_list":["post-41806","post","type-post","status-publish","format-standard","has-post-thumbnail","hentry","category-orun-aye","tag-cotidiano","tag-manifestacoes","tag-politica"],"_links":{"self":[{"href":"http:\/\/www.pedromigao.com.br\/ourodetolo\/wp-json\/wp\/v2\/posts\/41806","targetHints":{"allow":["GET"]}}],"collection":[{"href":"http:\/\/www.pedromigao.com.br\/ourodetolo\/wp-json\/wp\/v2\/posts"}],"about":[{"href":"http:\/\/www.pedromigao.com.br\/ourodetolo\/wp-json\/wp\/v2\/types\/post"}],"author":[{"embeddable":true,"href":"http:\/\/www.pedromigao.com.br\/ourodetolo\/wp-json\/wp\/v2\/users\/8"}],"replies":[{"embeddable":true,"href":"http:\/\/www.pedromigao.com.br\/ourodetolo\/wp-json\/wp\/v2\/comments?post=41806"}],"version-history":[{"count":0,"href":"http:\/\/www.pedromigao.com.br\/ourodetolo\/wp-json\/wp\/v2\/posts\/41806\/revisions"}],"wp:featuredmedia":[{"embeddable":true,"href":"http:\/\/www.pedromigao.com.br\/ourodetolo\/wp-json\/wp\/v2\/media\/41808"}],"wp:attachment":[{"href":"http:\/\/www.pedromigao.com.br\/ourodetolo\/wp-json\/wp\/v2\/media?parent=41806"}],"wp:term":[{"taxonomy":"category","embeddable":true,"href":"http:\/\/www.pedromigao.com.br\/ourodetolo\/wp-json\/wp\/v2\/categories?post=41806"},{"taxonomy":"post_tag","embeddable":true,"href":"http:\/\/www.pedromigao.com.br\/ourodetolo\/wp-json\/wp\/v2\/tags?post=41806"}],"curies":[{"name":"wp","href":"https:\/\/api.w.org\/{rel}","templated":true}]}}