{"id":41796,"date":"2016-05-21T09:35:50","date_gmt":"2016-05-21T12:35:50","guid":{"rendered":"http:\/\/www.pedromigao.com.br\/ourodetolo\/?p=41796"},"modified":"2016-05-21T13:30:08","modified_gmt":"2016-05-21T16:30:08","slug":"a-reacao-do-vasco","status":"publish","type":"post","link":"http:\/\/www.pedromigao.com.br\/ourodetolo\/2016\/05\/a-reacao-do-vasco\/","title":{"rendered":"A rea\u00e7\u00e3o do Vasco"},"content":{"rendered":"<p style=\"text-align: justify;\">Antes de escrever essa coluna, uma confid\u00eancia. J\u00e1 tinha programada a mesma desde o t\u00edtulo estadual e, quando soube que o clube escapou da derrota e de uma poss\u00edvel elimina\u00e7\u00e3o da Copa do Brasil aos 47 do segundo tempo, lamentei, evidente, por ser torcedor do Flamengo e ao mesmo tempo disse &#8220;ufa&#8221; porque n\u00e3o tinha mais nenhuma ideia de coluna para hoje, al\u00e9m de refor\u00e7ar uma ideia de maldi\u00e7\u00e3o da &#8220;Jogando nas Onze&#8221;, j\u00e1 que fiz enaltecendo o Tite pouco antes da elimina\u00e7\u00e3o para o Guaran\u00ed do Paraguai e o Popbola pouco antes da demiss\u00e3o da Bradesco Esportes.<\/p>\n<p style=\"text-align: justify;\">Dito isso, posso dizer que o que ocorreu com o Vasco pode at\u00e9 soar a favor da coluna, j\u00e1 que o clube passa por aquele momento em que o p\u00e3o cai no ch\u00e3o com a manteiga para o lado de cima. Ao contr\u00e1rio do Flamengo.<\/p>\n<p style=\"text-align: justify;\">\u00c9 curiosa a situa\u00e7\u00e3o do Vasco. Um time que n\u00e3o perde desde o ano passado e joga a S\u00e9rie B do Brasileiro. Existe uma charge em que um menino vasca\u00edno pergunta ao pai o que \u00e9 perder. Ele sabe o que \u00e9 perder, at\u00e9 porque o Vasco n\u00e3o parou na Segunda Divis\u00e3o vencendo, ou quase isso.<\/p>\n<p style=\"text-align: justify;\">Quase isso, porque o time venceu mesmo no returno, venceu muito. Perdeu menos que Flamengo e Fluminense no Brasileiro e mesmo assim caiu. Caiu porque fez um tr\u00e1gico primeiro turno, um primeiro turno de clube min\u00fasculo, coisa que n\u00e3o \u00e9. Quando voltou a ser Vasco, voltou a ser o Gigante da Colina, era tarde demais.<\/p>\n<p style=\"text-align: justify;\">Tarde demais para aquela competi\u00e7\u00e3o. N\u00e3o para seu futuro.<\/p>\n<p style=\"text-align: justify;\">Eurico achou esse time de 2016 assim como achou o Jorginho. N\u00e3o existiu planejamento, n\u00e3o existiu m\u00e9rito nessa montagem. Contratou Jorginho em casa, desempregado por falta de op\u00e7\u00f5es, depois de ter tentado at\u00e9 com o inacredit\u00e1vel Celso Roth &#8211; e quem tenta com Celso Roth n\u00e3o pode receber m\u00e9rito em montagem e planejamento. Contratou Jorginho porque n\u00e3o tinha dinheiro, assim como a Mangueira s\u00f3 contratou o carnavalesco Leandro Vieira por causa disso. N\u00e3o h\u00e1 m\u00e9rito, h\u00e1 sorte.<\/p>\n<p style=\"text-align: justify;\">Assim como na montagem de elenco. Quando viu que o time do Estadual era mais feio que bater na m\u00e3e paral\u00edtica, contratou 567 jogadores e a grande maioria fracassou redondamente. S\u00f3 lembrar que contratou o Herrera. Mas deu algumas sortes. Deu sorte em levar n\u00e3o de Ronaldinho Ga\u00facho e Leonardo Moura, deu sorte que no meio dos 567 jogadores contratou nomes como o Nen\u00ea.<\/p>\n<p style=\"text-align: justify;\">Nen\u00ea deu certo e foi bem assessorado por Andrezinho e Jorge Henrique, assim o Vasco melhorou e, mesmo rebaixado de novo, acabou o ano com dignidade. Esses tr\u00eas, somados ao bom goleiro Martin Silva e \u00e0 boa zaga formada por Luan e Rodrigo, montaram uma espinha dorsal. Algo t\u00e3o desejado pelos clubes.<\/p>\n<p style=\"text-align: justify;\">A\u00ed entram dois m\u00e9ritos de Eurico. Em nenhum momento escondeu a cara e botou a mesma \u00e0 tapa na campanha do rebaixamento. Soltou fanfarronices como dizer que o Vasco n\u00e3o cairia e iria pra Sib\u00e9ria caso ocorresse e foi muito achincalhado por isso. Mas Eurico \u00e9 esperto, ele n\u00e3o fez isso para a imprensa, fez para a sua torcida e seus jogadores, quis mostrar que o Vasco tinha comando, tinha um presidente atuante e que se preocupava com o futebol e confiava neles. Resumindo, tudo ao contr\u00e1rio que faz o banana do Eduardo Bandeira de Mello, que \u00e9 um \u00f3timo diretor financeiro, mas um cag\u00e3o e fuj\u00e3o em se tratando de futebol.<\/p>\n<p style=\"text-align: justify;\">Outro grande m\u00e9rito \u00e9 n\u00e3o se deixar levar pelo rebaixamento, n\u00e3o fazer terra arrasada. Reconheceu os m\u00e9ritos de Jorginho e do elenco mantendo o mesmo. Fez apenas uma contrata\u00e7\u00e3o mais relevante, a de Yago Pikachu e, com o time rebaixado, entrou 2016.<\/p>\n<p style=\"text-align: justify;\">Contando com tudo isso e ainda com uma inesperada fase iluminada de Riascos, o Vasco dominou o futebol carioca ganhando o bicampeonato de forma invicta, humilhando seu maior rival e fazendo de 2016, um ano que poderia ser tenebroso, vitorioso. N\u00e3o h\u00e1 d\u00favidas de que vai ganhar a S\u00e9rie B com o p\u00e9 nas costas. Vai perder jogos, evidentemente, mas ganhar\u00e1 dois t\u00edtulos em tr\u00eas no ano, sendo que n\u00e3o \u00e9 imposs\u00edvel que ven\u00e7a a Copa do Brasil mesmo com o susto de quarta. Imposs\u00edvel \u00e9 o Flamengo vencer.<\/p>\n<p style=\"text-align: justify;\">O Vasco hoje tem um dos melhores times do Brasil e at\u00e9 o come\u00e7o dessa semana achava at\u00e9 que com esse elenco poderia disputar o t\u00edtulo da S\u00e9rie A. Podemos ter times jogando do mesmo n\u00edvel que o Vasco na atualidade como Atl\u00e9tico MG e S\u00e3o Paulo. Mais do que o Vasco ningu\u00e9m jogou esse ano.<\/p>\n<p style=\"text-align: justify;\">Mas a sa\u00edda de Riascos mostrou que o Vasco tem time, n\u00e3o elenco. O desespero de Jorginho botando o zagueiro Rafael Vaz de centroavante no jogo com o CRB \u00e9 a maior prova disso. Para a S\u00e9rie A precisaria de um elenco, de mais do que onze jogadores.<\/p>\n<p style=\"text-align: justify;\">Mas n\u00e3o passaria vergonha, faria um bom Brasileiro e, para dizer a verdade, nem precisa ter em 2016 um elenco muito melhor. Esse de hoje j\u00e1 deixa os vasca\u00ednos felizes, orgulhosos e vai cumprir os objetivos. No fim do ano o Vasco pensa em 2017.<\/p>\n<p style=\"text-align: justify;\">Nesse momento, os vasca\u00ednos tem mais \u00e9 que curtir a rea\u00e7\u00e3o.<\/p>\n<p style=\"text-align: justify;\">At\u00e9 porque o Vasco \u00e9 o time da virada.<\/p>\n<p style=\"text-align: justify;\">Twitter &#8211; @aloisiovillar<\/p>\n<p style=\"text-align: justify;\">Facebook &#8211; Aloisio Villar<\/p>\n","protected":false},"excerpt":{"rendered":"<p>Antes de escrever essa coluna, uma confid\u00eancia. J\u00e1 tinha programada a mesma desde o t\u00edtulo estadual e, quando soube que o clube escapou da derrotaTour Details<\/p>\n","protected":false},"author":8,"featured_media":41803,"comment_status":"open","ping_status":"open","sticky":false,"template":"","format":"standard","meta":{"footnotes":""},"categories":[806],"tags":[839,985,456,95],"class_list":["post-41796","post","type-post","status-publish","format-standard","has-post-thumbnail","hentry","category-jogando-nas-onze","tag-eurico-miranda","tag-futebol-brasileiro","tag-futebol-carioca","tag-vasco"],"_links":{"self":[{"href":"http:\/\/www.pedromigao.com.br\/ourodetolo\/wp-json\/wp\/v2\/posts\/41796","targetHints":{"allow":["GET"]}}],"collection":[{"href":"http:\/\/www.pedromigao.com.br\/ourodetolo\/wp-json\/wp\/v2\/posts"}],"about":[{"href":"http:\/\/www.pedromigao.com.br\/ourodetolo\/wp-json\/wp\/v2\/types\/post"}],"author":[{"embeddable":true,"href":"http:\/\/www.pedromigao.com.br\/ourodetolo\/wp-json\/wp\/v2\/users\/8"}],"replies":[{"embeddable":true,"href":"http:\/\/www.pedromigao.com.br\/ourodetolo\/wp-json\/wp\/v2\/comments?post=41796"}],"version-history":[{"count":0,"href":"http:\/\/www.pedromigao.com.br\/ourodetolo\/wp-json\/wp\/v2\/posts\/41796\/revisions"}],"wp:featuredmedia":[{"embeddable":true,"href":"http:\/\/www.pedromigao.com.br\/ourodetolo\/wp-json\/wp\/v2\/media\/41803"}],"wp:attachment":[{"href":"http:\/\/www.pedromigao.com.br\/ourodetolo\/wp-json\/wp\/v2\/media?parent=41796"}],"wp:term":[{"taxonomy":"category","embeddable":true,"href":"http:\/\/www.pedromigao.com.br\/ourodetolo\/wp-json\/wp\/v2\/categories?post=41796"},{"taxonomy":"post_tag","embeddable":true,"href":"http:\/\/www.pedromigao.com.br\/ourodetolo\/wp-json\/wp\/v2\/tags?post=41796"}],"curies":[{"name":"wp","href":"https:\/\/api.w.org\/{rel}","templated":true}]}}