{"id":41504,"date":"2016-04-29T07:14:24","date_gmt":"2016-04-29T10:14:24","guid":{"rendered":"http:\/\/www.pedromigao.com.br\/ourodetolo\/?p=41504"},"modified":"2016-04-27T09:15:58","modified_gmt":"2016-04-27T12:15:58","slug":"bob-cuspe-morre-de-vergonha","status":"publish","type":"post","link":"http:\/\/www.pedromigao.com.br\/ourodetolo\/2016\/04\/bob-cuspe-morre-de-vergonha\/","title":{"rendered":"Bob Cuspe morre de vergonha"},"content":{"rendered":"<p style=\"text-align: justify;\">Na d\u00e9cada de 1980, o cartunista Angeli criou um personagem inesquec\u00edvel para quem curtia quadrinhos naquela gera\u00e7\u00e3o: Bob Cuspe. Inspirado na cultura punk e filho do humor ca\u00f3tico, iconoclasta, \u00e1cido e irreverente do autor, Bob era um jovem rebelde com causas abstratas que usava o cuspe como arma e mensagem pol\u00edtica.<\/p>\n<p style=\"text-align: justify;\">D\u00e1 para imaginar o que aconteceu com Bob ao longo desses mais de 30 anos. Como tantos jovens do mundo influenciados pelos ecos do movimento punk ingl\u00eas a partir dos anos 1970, \u00e9 prov\u00e1vel que tenha se adaptado \u00e0s regras da sobreviv\u00eancia em sociedade e, com a idade, encaretado pouco a pouco at\u00e9 guardar de vez no arm\u00e1rio o casaco de couro e os apetrechos de chapas pontudas.<\/p>\n<p style=\"text-align: justify;\">Talvez Bob tenha se sentado no sof\u00e1 e assistido boquiaberto os recentes epis\u00f3dios de cuspe ao alvo na cena pol\u00edtica brasileira contempor\u00e2nea.<\/p>\n<p style=\"text-align: justify;\">O cuspe de Bob era aleat\u00f3rio, simb\u00f3lico, an\u00e1rquico. Enfim, rebelde e, como tal, contr\u00e1rio ao status quo. De certa forma, este status mudou de lado, pelo menos no sentido mais direto de deten\u00e7\u00e3o do poder. Agora, o cuspe vem sendo usado como arma de defesa da honra, de rea\u00e7\u00e3o \u00e0 anarquia concebida e premeditada. Tempos confusos em que o cuspe \u00e9 defesa e a anarquia \u00e9 careta.<\/p>\n<p><a href=\"http:\/\/www.pedromigao.com.br\/ourodetolo\/2013\/06\/primavera-de-esperanca-verao-de-caos\/17jun2013-manifestantes-sobem-rampas-do-congresso-nacional-ate-chegarem-ao-teto-durante-protesto-na-noite-desta-segunda-feira-apos-serem-contidos-por-um-cordao-de-isolamento-da-pm-dezenas-de-1371514\/\" rel=\"attachment wp-att-18029\"><img loading=\"lazy\" decoding=\"async\" class=\"alignleft wp-image-18029 size-medium\" src=\"http:\/\/www.pedromigao.com.br\/ourodetolo\/wp-content\/uploads\/2013\/06\/17jun2013-manifestantes-sobem-rampas-do-congresso-nacional-ate-chegarem-ao-teto-durante-protesto-na-noite-desta-segunda-feira-apos-serem-contidos-por-um-cordao-de-isolamento-da-pm-dezenas-de-1371514069706_1920x1080-300x168.jpg\" width=\"300\" height=\"168\" srcset=\"http:\/\/www.pedromigao.com.br\/ourodetolo\/wp-content\/uploads\/2013\/06\/17jun2013-manifestantes-sobem-rampas-do-congresso-nacional-ate-chegarem-ao-teto-durante-protesto-na-noite-desta-segunda-feira-apos-serem-contidos-por-um-cordao-de-isolamento-da-pm-dezenas-de-1371514069706_1920x1080-300x168.jpg 300w, http:\/\/www.pedromigao.com.br\/ourodetolo\/wp-content\/uploads\/2013\/06\/17jun2013-manifestantes-sobem-rampas-do-congresso-nacional-ate-chegarem-ao-teto-durante-protesto-na-noite-desta-segunda-feira-apos-serem-contidos-por-um-cordao-de-isolamento-da-pm-dezenas-de-1371514069706_1920x1080-550x309.jpg 550w, http:\/\/www.pedromigao.com.br\/ourodetolo\/wp-content\/uploads\/2013\/06\/17jun2013-manifestantes-sobem-rampas-do-congresso-nacional-ate-chegarem-ao-teto-durante-protesto-na-noite-desta-segunda-feira-apos-serem-contidos-por-um-cordao-de-isolamento-da-pm-dezenas-de-1371514069706_1920x1080.jpg 1920w\" sizes=\"auto, (max-width: 300px) 100vw, 300px\" \/><\/a><\/p>\n<p style=\"text-align: justify;\">Primeiro foi Jean Wyllis, naquela noite horrenda em que os deputados federais fizeram o Brasil ser vergonha internacional. Vergonha, inclusive (e principalmente) para quem, como eles, defende o golpe. N\u00e3o faltou quem se desiludisse com qualquer sa\u00edda pol\u00edtica depois daquela noite.<\/p>\n<p style=\"text-align: justify;\">Coube a um homem \u00edntegro e decente, indicado costumeiramente como um dos poucos deputados federais brasileiros com um trabalho louv\u00e1vel em favor de boas causas, reagir de uma forma inapropriada \u00e0s provoca\u00e7\u00f5es e agress\u00f5es da fam\u00edlia Bolsonaro. Sofreu calado todo tipo de press\u00e3o e ofensas durante meses. A coisa descia ao n\u00edvel do peteleco na orelha, do fiu-fiu, da ofensa gratuita e cotidiana sussurrada nos ouvidos. Naquele momento de \u00e2nimos especialmente acirrados, cuspiu e foi cuspido de volta. O epis\u00f3dio ilustra a noite e seria definitivo quanto ao uso do cuspe como arma.<\/p>\n<p style=\"text-align: justify;\">Mas a realidade brasileira tem se superado a cada dia. Atacado por um casal de fascistas num restaurante paulista, o ator Jos\u00e9 de Abreu tamb\u00e9m usou o cuspe como forma de defesa e express\u00e3o de sua indigna\u00e7\u00e3o. A cena, publicada em redes sociais, \u00e9 absolutamente bizarra. N\u00e3o apenas por sua conclus\u00e3o, mas principalmente pela agress\u00e3o inicial praticada pelo casal.<\/p>\n<p style=\"text-align: justify;\">Jos\u00e9 de Abreu, um ator conhecido por uma carreira de sucesso e por suas posi\u00e7\u00f5es e ativismo pol\u00edtico desde os anos 1970 (portanto, antes de existir o PT) entrou em um restaurante de culin\u00e1ria japonesa em S\u00e3o Paulo acompanhado de sua esposa. Sentaram-se e, em seguida, come\u00e7aram a ouvir ofensas que partiam de um casal aparentemente jovem, sentado \u00e0 mesa ao lado.<\/p>\n<p style=\"text-align: justify;\">Jos\u00e9 de Abreu poderia ter ficado calado, como ficam quietos tantos que s\u00e3o abordados publicamente por este tipo de fascista. Mas n\u00e3o \u00e9 do estilo dele se calar. Levantou-se e come\u00e7ou a discutir com o casal. A\u00ed, o n\u00edvel de \u00f3dio, agressividade e ignor\u00e2ncia absoluta dos agressores se revelou completamente.<\/p>\n<p style=\"text-align: justify;\">O ator foi chamado de carioca, quando na verdade \u00e9 paulista, de Santa Rita do Passa Quatro. \u00c9 comum entre alguns paulistanos, quando querem ofender e\/ou discriminar algu\u00e9m de fora, usar o suposto fato do oponente n\u00e3o ser paulista como forma de \u201cargumento\u201d. J\u00e1 fui v\u00edtima disso tamb\u00e9m, \u00e9 bem comum e d\u00e1 a medida do n\u00edvel de estupidez reinante.<\/p>\n<p style=\"text-align: justify;\"><a href=\"http:\/\/www.pedromigao.com.br\/ourodetolo\/2014\/08\/orun-aye-o-teatro-como-voz\/teatro\/\" rel=\"attachment wp-att-28946\"><img loading=\"lazy\" decoding=\"async\" class=\"alignright size-full wp-image-28946\" src=\"http:\/\/www.pedromigao.com.br\/ourodetolo\/wp-content\/uploads\/2014\/08\/teatro.jpg\" alt=\"teatro\" width=\"285\" height=\"176\" \/><\/a>Foi chamado de vagabundo, sempre esta caracter\u00edstica sendo correlacionada ao fato de defender o PT. Foi acusado de viver \u201cde Lei Rouanet\u201d. J\u00e1 demonstrando bastante irrita\u00e7\u00e3o e falando alto, Abreu ainda argumentou que n\u00e3o \u00e9 filiado ao PT, chamou o interlocutor de coxinha e disse que jamais recebeu um centavo da Lei de Incentivo \u00e0 Cultura.<\/p>\n<p style=\"text-align: justify;\">Cabe aqui um coment\u00e1rio paralelo: que tipo de fetiche maluco acomete a direita brasileira em rela\u00e7\u00e3o \u00e0 Lei Rouanet? A lei, promulgada pelo governo Collor, pode at\u00e9 ser inadequada e eventualmente mal utilizada, mas dar a ela essa colora\u00e7\u00e3o de instrumento de manipula\u00e7\u00e3o pol\u00edtica e financiamento de supostos aliados \u00e9 um absurdo que n\u00e3o se subsidia, de forma nenhuma, nos dados da realidade objetiva. Esta leitura enviesada do que \u00e9 o incentivo \u00e0 cultura \u00e9 um sintoma s\u00e9rio do quanto a direita se alimenta da ignor\u00e2ncia.<\/p>\n<p style=\"text-align: justify;\">Voltando ao restaurante japon\u00eas: o confronto j\u00e1 tinha tudo para acabar muito mal quando a acompanhante do jovem fascista que se dizia advogado (\u201ccom Mestrado\u201d, ele fazia quest\u00e3o de ressaltar), resolveu chamar a esposa do Z\u00e9 de vagabunda. O que, pela tradi\u00e7\u00e3o machista do dicion\u00e1rio brasileiro de xingamentos, tem uma leitura diferente da mesma palavra quando dirigida ao ator.<\/p>\n<p style=\"text-align: justify;\">Jos\u00e9 de Abreu cruzou a ponte que o limitava com a selvageria e devolveu a agress\u00e3o em forma de cusparada. Buscou mais muni\u00e7\u00e3o no fundo de si e repetiu a rea\u00e7\u00e3o contra o suposto advogado.<\/p>\n<p style=\"text-align: justify;\">Como disse antes, no Brasil contempor\u00e2neo, o limite sempre \u00e9 superado pelo inesperado. O \u201cjornalista\u201d Ricardo Noblat, de O Globo, anunciou no Twitter que o ator havia cancelado sua conta na rede social. Foi desmentido em seguida pelo pr\u00f3prio ator, pela conta alegadamente desativada. Este tipo de evid\u00eancia de que a imprensa brasileira n\u00e3o se baseia mais em fatos, nem \u00e9 capaz de conferir a informa\u00e7\u00e3o minimamente, \u00e9 cada dia mais recorrente.<\/p>\n<p style=\"text-align: justify;\"><a href=\"http:\/\/www.pedromigao.com.br\/ourodetolo\/2015\/05\/contra-os-livros-de-colorir\/faustao-2013\/\" rel=\"attachment wp-att-35178\"><img loading=\"lazy\" decoding=\"async\" class=\"alignleft size-medium wp-image-35178\" src=\"http:\/\/www.pedromigao.com.br\/ourodetolo\/wp-content\/uploads\/2015\/05\/faustao-2013-300x169.jpg\" alt=\"faustao-2013\" width=\"300\" height=\"169\" srcset=\"http:\/\/www.pedromigao.com.br\/ourodetolo\/wp-content\/uploads\/2015\/05\/faustao-2013-300x169.jpg 300w, http:\/\/www.pedromigao.com.br\/ourodetolo\/wp-content\/uploads\/2015\/05\/faustao-2013-550x309.jpg 550w, http:\/\/www.pedromigao.com.br\/ourodetolo\/wp-content\/uploads\/2015\/05\/faustao-2013.jpg 1366w\" sizes=\"auto, (max-width: 300px) 100vw, 300px\" \/><\/a>No domingo, Jos\u00e9 de Abreu foi convidado no programa do Faust\u00e3o. Explicaria publicamente o ocorrido. Explicou. E aproveitou para extrapolar a explica\u00e7\u00e3o e fazer uma defesa p\u00fablica de Dilma, al\u00e9m de acusar duramente a oposi\u00e7\u00e3o a ela. S\u00f3 livrou a cara da pr\u00f3pria Globo. Foi uma boa oportunidade de quebrar o discurso hegem\u00f4nico da Globo dentro da pr\u00f3pria emissora. Pena que Faust\u00e3o n\u00e3o d\u00e1 mais audi\u00eancia: estava em 16 pontos de IBOPE, mesmo explorando o assunto do momento.<\/p>\n<p style=\"text-align: justify;\">Pode piorar? Pode, sim senhor.<\/p>\n<p style=\"text-align: justify;\">O casal cuspido n\u00e3o esperava a repercuss\u00e3o que o caso tomou. Em vez de vir a p\u00fablico se defender, ou at\u00e9 mesmo acusar Abreu, escondeu-se. O roqueiro-de-direita Roger Moreira identificou publicamente a mo\u00e7a. Seria Anna Claudia del Mar, ex-modelo-e-atriz conhecida em certo submundo da noite paulistana. Dado curioso quando se destaca que foi dela que partiu o xingamento de vagabunda direcionado \u00e0 esposa de Jos\u00e9 de Abreu.<\/p>\n<p style=\"text-align: justify;\">O jovem advogado-com-Mestrado n\u00e3o teve sua identidade publicada. Mas a fofoca difundida nas redes sociais \u00e9 de que estaria traindo a esposa com a ex-modelo-e-atriz em quest\u00e3o. Diz o ditado que toda vez que a situa\u00e7\u00e3o pode piorar, efetivamente piora. Mas, no Brasil, a cereja do bolo passou a ser um bolo de cerejas.<\/p>\n<p style=\"text-align: justify;\">J\u00e1 que a vulgaridade tomou conta do universo social, por que n\u00e3o uma bela cuspida n\u00e3o-literal? A posse de (mais) um novo Ministro do Turismo, um petista at\u00e9 ent\u00e3o desconhecido do baixo claro, expos ao mundo sua senhora, uma jovem baiana que foi recentemente eleita Miss Bumbum nos EUA. Partiu dela divulgar umas fotos, segunda a pr\u00f3pria feitas para o tal concurso, em que ela aparece exiguamente trajada por um biqu\u00edni que se perde nas reentr\u00e2ncias de seu corpo e uma faixa presidencial em frente ao Congresso Nacional. Recuso-me a reproduzir fotos e pe\u00e7o ao editor que n\u00e3o as use como ilustra\u00e7\u00e3o aqui.<\/p>\n<p style=\"text-align: justify;\">O corpo \u00e9 dela, ela usa para o que quiser e eu n\u00e3o sou um falso moralista. Mas h\u00e1 o espa\u00e7o para o privado e o espa\u00e7o para o p\u00fablico. Neste \u00faltimo, em especial, o uso do espa\u00e7o pol\u00edtico leg\u00edtimo e democr\u00e1tico, que deveria conter um pouco de recato e respeito \u00e0 liturgia dos cargos que, afinal, representam a popula\u00e7\u00e3o.<\/p>\n<p style=\"text-align: justify;\">A autointitulada primeira dama do Minist\u00e9rio (segundo ela, a mais bela do Governo) foi um erro. Um erro grave. Um desastre completo. Eu devo ter sido uma das raras pessoas que ainda deu-se ao trabalho de tentar entender o que a mo\u00e7a \u2013 Milena Teixeira \u00e9 o seu nome &#8211; queria dizer. O conte\u00fado nem era ruim. Era uma boa defesa, em termos bem populares, do governo, uma boa den\u00fancia do ambiente corrupto de Bras\u00edlia, da incapacidade da pol\u00edtica. Ele nem \u00e9 burra, como suporia nosso cotidiano preconceito. Mas a forma escolhida para ganhar manchetes e chamar a aten\u00e7\u00e3o foi inaceit\u00e1vel. Seu marido foi apelidado de Ministro do Turismo Sexual. Deveria ter perdido o cargo em que havia sido rec\u00e9m-empossado. Faltou decoro. Foi um cuspe mal dado.<\/p>\n<p style=\"text-align: justify;\">Foi neste sentido o post de um querido amigo jornalista no Facebook. Eu e v\u00e1rios concordamos. Um amigo-do-amigo, jornalista de bastidores que ficou conhecido por tentar revelar a opini\u00e3o dos patr\u00f5es em suas redes sociais pessoais, um basti\u00e3o do puxa-saquismo jornal\u00edstico nacional, um exemplo acabado de aprendiz de feiticeiro manipulador de not\u00edcias, foi um pouco al\u00e9m e aproveitou para decretar o fim pr\u00f3ximo do governo Dilma.<\/p>\n<p style=\"text-align: justify;\"><a href=\"http:\/\/www.pedromigao.com.br\/ourodetolo\/2014\/11\/a-necessidade-de-regulacao-economica-da-midia-no-brasil\/banca-de-jornal\/\" rel=\"attachment wp-att-30864\"><img loading=\"lazy\" decoding=\"async\" class=\"alignright size-medium wp-image-30864\" src=\"http:\/\/www.pedromigao.com.br\/ourodetolo\/wp-content\/uploads\/2014\/11\/banca-de-jornal-300x157.jpg\" alt=\"banca-de-jornal\" width=\"300\" height=\"157\" srcset=\"http:\/\/www.pedromigao.com.br\/ourodetolo\/wp-content\/uploads\/2014\/11\/banca-de-jornal-300x157.jpg 300w, http:\/\/www.pedromigao.com.br\/ourodetolo\/wp-content\/uploads\/2014\/11\/banca-de-jornal.jpg 525w\" sizes=\"auto, (max-width: 300px) 100vw, 300px\" \/><\/a>Eu rebati, em resposta, que leva menos tempo para a Globo ser novamente enxovalhada pelos \u00f3rg\u00e3os s\u00e9rios da imprensa mundial como empresa golpista e sem confiabilidade. Afinal, n\u00e3o passam mais dois dias sem que algu\u00e9m na imprensa mundial chame a Globo de tudo que \u00e9 ruim.<\/p>\n<p style=\"text-align: justify;\">Ele deu uma resposta infantil. Disse que n\u00e3o me conhecia. \u00c9 verdade, e \u00e9 um al\u00edvio n\u00e3o ter nenhum relacionamento com um tipinho assim. Mas revela, na arrog\u00e2ncia, que muita gente desta turma da m\u00eddia tradicional n\u00e3o compreendeu ainda o que significa a internet e as redes de intera\u00e7\u00e3o sociais. No trabalho deles, h\u00e1 claramente um emissor e um receptor. E eles t\u00eam o poder, eles s\u00e3o os emissores, o discurso \u00e9 deles, a constru\u00e7\u00e3o da realidade est\u00e1 nas m\u00e3os deles. Na internet, voc\u00ea n\u00e3o est\u00e1 falando com A ou B, voc\u00ea est\u00e1 falando num espa\u00e7o aberto e \u2013 melhor de tudo \u2013 pode receber retornos de onde n\u00e3o espera.<\/p>\n<p style=\"text-align: justify;\">Eu n\u00e3o preciso conhecer o amigo-do-amigo para interagir. Se um dos dois publica no post do amigo, o outro pode ler, e interagir se quiser. A constru\u00e7\u00e3o do discurso \u00e9 compartilhada. Deve ser dif\u00edcil entender isso para quem vive trancado numa ilha de edi\u00e7\u00e3o repercutindo uma fala pr\u00e9-fabricada pelo patr\u00e3o. E, n\u00e3o contente, tenta ser mais realista que o rei expondo isso em seus posts pessoais.<\/p>\n<p style=\"text-align: justify;\">Gente assim \u00e9 \u201cincusp\u00edvel\u201d. Porque n\u00e3o tem cara pr\u00f3pria.<\/p>\n<p style=\"text-align: justify;\">[related_posts limit=&#8221;3&#8243;]<\/p>\n","protected":false},"excerpt":{"rendered":"<p>Na d\u00e9cada de 1980, o cartunista Angeli criou um personagem inesquec\u00edvel para quem curtia quadrinhos naquela gera\u00e7\u00e3o: Bob Cuspe. Inspirado na cultura punk e filhoTour Details<\/p>\n","protected":false},"author":11,"featured_media":41505,"comment_status":"open","ping_status":"open","sticky":false,"template":"","format":"standard","meta":{"footnotes":""},"categories":[100],"tags":[852,1163,24,79,426,27],"class_list":["post-41504","post","type-post","status-publish","format-standard","has-post-thumbnail","hentry","category-sobretudo","tag-dilma-rousseff","tag-jose-de-abreu","tag-politica","tag-psdb","tag-pt","tag-sociedade"],"_links":{"self":[{"href":"http:\/\/www.pedromigao.com.br\/ourodetolo\/wp-json\/wp\/v2\/posts\/41504","targetHints":{"allow":["GET"]}}],"collection":[{"href":"http:\/\/www.pedromigao.com.br\/ourodetolo\/wp-json\/wp\/v2\/posts"}],"about":[{"href":"http:\/\/www.pedromigao.com.br\/ourodetolo\/wp-json\/wp\/v2\/types\/post"}],"author":[{"embeddable":true,"href":"http:\/\/www.pedromigao.com.br\/ourodetolo\/wp-json\/wp\/v2\/users\/11"}],"replies":[{"embeddable":true,"href":"http:\/\/www.pedromigao.com.br\/ourodetolo\/wp-json\/wp\/v2\/comments?post=41504"}],"version-history":[{"count":0,"href":"http:\/\/www.pedromigao.com.br\/ourodetolo\/wp-json\/wp\/v2\/posts\/41504\/revisions"}],"wp:featuredmedia":[{"embeddable":true,"href":"http:\/\/www.pedromigao.com.br\/ourodetolo\/wp-json\/wp\/v2\/media\/41505"}],"wp:attachment":[{"href":"http:\/\/www.pedromigao.com.br\/ourodetolo\/wp-json\/wp\/v2\/media?parent=41504"}],"wp:term":[{"taxonomy":"category","embeddable":true,"href":"http:\/\/www.pedromigao.com.br\/ourodetolo\/wp-json\/wp\/v2\/categories?post=41504"},{"taxonomy":"post_tag","embeddable":true,"href":"http:\/\/www.pedromigao.com.br\/ourodetolo\/wp-json\/wp\/v2\/tags?post=41504"}],"curies":[{"name":"wp","href":"https:\/\/api.w.org\/{rel}","templated":true}]}}