{"id":41414,"date":"2016-04-25T11:35:44","date_gmt":"2016-04-25T14:35:44","guid":{"rendered":"http:\/\/www.pedromigao.com.br\/ourodetolo\/?p=41414"},"modified":"2016-04-26T14:40:28","modified_gmt":"2016-04-26T17:40:28","slug":"imagens-do-parque-olimpico-23042016","status":"publish","type":"post","link":"http:\/\/www.pedromigao.com.br\/ourodetolo\/2016\/04\/imagens-do-parque-olimpico-23042016\/","title":{"rendered":"Imagens do Parque Ol\u00edmpico &#8211; 23\/04\/2016"},"content":{"rendered":"<p style=\"text-align: justify;\">No \u00faltimo s\u00e1bado,<strong> o leitor e colaborador Matheus Ara\u00fajo<\/strong> esteve presente nos Eventos Teste da esgrima &#8211; na Arena Carioca 3 &#8211; e no da nata\u00e7\u00e3o paral\u00edmpica &#8211; no Centro Aqu\u00e1tico Ol\u00edmpico &#8211; e fez para o Ouro de Tolo algumas imagens, que publicamos com exclusividade.<\/p>\n<p style=\"text-align: justify;\">Entre elas a da vis\u00e3o dos pontos cegos do Centro Aqu\u00e1tico (acima), dos quais ainda n\u00e3o se sabe oficialmente se haver\u00e1 ingressos vendidos (com vis\u00e3o parcial) ou n\u00e3o. Neste momento n\u00e3o h\u00e1 nenhuma sess\u00e3o da nata\u00e7\u00e3o com entradas dispon\u00edveis no site.<\/p>\n<p style=\"text-align: justify;\">Publicamos aqui fotos das Arenas Carioca 1, 2 e 3, do Centro Aqu\u00e1tico e da \u00e1rea do Parque Ol\u00edmpico. Outra informa\u00e7\u00e3o importante \u00e9 que ainda n\u00e3o consta nas arenas novas as sinaliza\u00e7\u00f5es com os n\u00fameros dos setores, de acordo com a localiza\u00e7\u00e3o. O Comit\u00ea Rio 2016 promete divulgar &#8220;em breve&#8221; os mapas setorizados na p\u00e1gina de ingressos &#8211; neste momento, somente o Maracan\u00e3 e a Arena Ol\u00edmpica possuem seus setores dispon\u00edveis.<\/p>\n<p style=\"text-align: justify;\">\u00c0s fotos, agradecendo ao Matheus Ara\u00fajo:<\/p>\n<p style=\"text-align: justify;\"><strong>Arena Carioca 1<\/strong><\/p>\n<p style=\"text-align: justify;\"><a href=\"http:\/\/www.pedromigao.com.br\/ourodetolo\/2016\/04\/imagens-do-parque-olimpico-23042016\/img-20160423-wa0046\/\" rel=\"attachment wp-att-41417\"><img loading=\"lazy\" decoding=\"async\" class=\"aligncenter size-large wp-image-41417\" src=\"http:\/\/www.pedromigao.com.br\/ourodetolo\/wp-content\/uploads\/2016\/04\/IMG-20160423-WA0046-550x309.jpg\" alt=\"IMG-20160423-WA0046\" width=\"550\" height=\"309\" srcset=\"http:\/\/www.pedromigao.com.br\/ourodetolo\/wp-content\/uploads\/2016\/04\/IMG-20160423-WA0046-550x309.jpg 550w, http:\/\/www.pedromigao.com.br\/ourodetolo\/wp-content\/uploads\/2016\/04\/IMG-20160423-WA0046-300x169.jpg 300w, http:\/\/www.pedromigao.com.br\/ourodetolo\/wp-content\/uploads\/2016\/04\/IMG-20160423-WA0046-768x432.jpg 768w, http:\/\/www.pedromigao.com.br\/ourodetolo\/wp-content\/uploads\/2016\/04\/IMG-20160423-WA0046.jpg 1280w\" sizes=\"auto, (max-width: 550px) 100vw, 550px\" \/><\/a>A \u00e1rea destinada a cadeirantes, entre os setores superior e inferior da Arena;<\/p>\n<p style=\"text-align: justify;\"><a href=\"http:\/\/www.pedromigao.com.br\/ourodetolo\/2016\/04\/imagens-do-parque-olimpico-23042016\/img-20160423-wa0053\/\" rel=\"attachment wp-att-41418\"><img loading=\"lazy\" decoding=\"async\" class=\"aligncenter size-large wp-image-41418\" src=\"http:\/\/www.pedromigao.com.br\/ourodetolo\/wp-content\/uploads\/2016\/04\/IMG-20160423-WA0053-550x309.jpg\" alt=\"IMG-20160423-WA0053\" width=\"550\" height=\"309\" srcset=\"http:\/\/www.pedromigao.com.br\/ourodetolo\/wp-content\/uploads\/2016\/04\/IMG-20160423-WA0053-550x309.jpg 550w, http:\/\/www.pedromigao.com.br\/ourodetolo\/wp-content\/uploads\/2016\/04\/IMG-20160423-WA0053-300x169.jpg 300w, http:\/\/www.pedromigao.com.br\/ourodetolo\/wp-content\/uploads\/2016\/04\/IMG-20160423-WA0053-768x432.jpg 768w, http:\/\/www.pedromigao.com.br\/ourodetolo\/wp-content\/uploads\/2016\/04\/IMG-20160423-WA0053.jpg 1280w\" sizes=\"auto, (max-width: 550px) 100vw, 550px\" \/><\/a>O setor superior. A impress\u00e3o \u00e9 de que as cadeiras s\u00e3o bastante inclinadas.<\/p>\n<p style=\"text-align: justify;\"><a href=\"http:\/\/www.pedromigao.com.br\/ourodetolo\/2016\/04\/imagens-do-parque-olimpico-23042016\/img-20160423-wa0052\/\" rel=\"attachment wp-att-41419\"><img loading=\"lazy\" decoding=\"async\" class=\"aligncenter size-large wp-image-41419\" src=\"http:\/\/www.pedromigao.com.br\/ourodetolo\/wp-content\/uploads\/2016\/04\/IMG-20160423-WA0052-550x309.jpg\" alt=\"IMG-20160423-WA0052\" width=\"550\" height=\"309\" srcset=\"http:\/\/www.pedromigao.com.br\/ourodetolo\/wp-content\/uploads\/2016\/04\/IMG-20160423-WA0052-550x309.jpg 550w, http:\/\/www.pedromigao.com.br\/ourodetolo\/wp-content\/uploads\/2016\/04\/IMG-20160423-WA0052-300x169.jpg 300w, http:\/\/www.pedromigao.com.br\/ourodetolo\/wp-content\/uploads\/2016\/04\/IMG-20160423-WA0052-768x432.jpg 768w, http:\/\/www.pedromigao.com.br\/ourodetolo\/wp-content\/uploads\/2016\/04\/IMG-20160423-WA0052.jpg 1280w\" sizes=\"auto, (max-width: 550px) 100vw, 550px\" \/><\/a>\u00c1rea interna.<\/p>\n<p style=\"text-align: justify;\"><a href=\"http:\/\/www.pedromigao.com.br\/ourodetolo\/2016\/04\/imagens-do-parque-olimpico-23042016\/img-20160423-wa0050\/\" rel=\"attachment wp-att-41420\"><img loading=\"lazy\" decoding=\"async\" class=\"aligncenter size-large wp-image-41420\" src=\"http:\/\/www.pedromigao.com.br\/ourodetolo\/wp-content\/uploads\/2016\/04\/IMG-20160423-WA0050-550x309.jpg\" alt=\"IMG-20160423-WA0050\" width=\"550\" height=\"309\" srcset=\"http:\/\/www.pedromigao.com.br\/ourodetolo\/wp-content\/uploads\/2016\/04\/IMG-20160423-WA0050-550x309.jpg 550w, http:\/\/www.pedromigao.com.br\/ourodetolo\/wp-content\/uploads\/2016\/04\/IMG-20160423-WA0050-300x169.jpg 300w, http:\/\/www.pedromigao.com.br\/ourodetolo\/wp-content\/uploads\/2016\/04\/IMG-20160423-WA0050-768x432.jpg 768w, http:\/\/www.pedromigao.com.br\/ourodetolo\/wp-content\/uploads\/2016\/04\/IMG-20160423-WA0050.jpg 1280w\" sizes=\"auto, (max-width: 550px) 100vw, 550px\" \/><\/a>O setor inferior. Para as competi\u00e7\u00f5es de basquete, o p\u00fablico ir\u00e1 ficar bem pr\u00f3ximo \u00e0 \u00e1rea de competi\u00e7\u00f5es.<\/p>\n<p style=\"text-align: justify;\"><a href=\"http:\/\/www.pedromigao.com.br\/ourodetolo\/2016\/04\/imagens-do-parque-olimpico-23042016\/img-20160423-wa0048\/\" rel=\"attachment wp-att-41421\"><img loading=\"lazy\" decoding=\"async\" class=\"aligncenter size-large wp-image-41421\" src=\"http:\/\/www.pedromigao.com.br\/ourodetolo\/wp-content\/uploads\/2016\/04\/IMG-20160423-WA0048-550x309.jpg\" alt=\"IMG-20160423-WA0048\" width=\"550\" height=\"309\" srcset=\"http:\/\/www.pedromigao.com.br\/ourodetolo\/wp-content\/uploads\/2016\/04\/IMG-20160423-WA0048-550x309.jpg 550w, http:\/\/www.pedromigao.com.br\/ourodetolo\/wp-content\/uploads\/2016\/04\/IMG-20160423-WA0048-300x169.jpg 300w, http:\/\/www.pedromigao.com.br\/ourodetolo\/wp-content\/uploads\/2016\/04\/IMG-20160423-WA0048-768x432.jpg 768w, http:\/\/www.pedromigao.com.br\/ourodetolo\/wp-content\/uploads\/2016\/04\/IMG-20160423-WA0048.jpg 1280w\" sizes=\"auto, (max-width: 550px) 100vw, 550px\" \/><\/a>Vis\u00e3o geral da Arena.<\/p>\n<p style=\"text-align: justify;\"><strong>Arena Carioca 2<\/strong><\/p>\n<p style=\"text-align: justify;\"><a href=\"http:\/\/www.pedromigao.com.br\/ourodetolo\/2016\/04\/imagens-do-parque-olimpico-23042016\/img-20160423-wa0039\/\" rel=\"attachment wp-att-41422\"><img loading=\"lazy\" decoding=\"async\" class=\"aligncenter size-large wp-image-41422\" src=\"http:\/\/www.pedromigao.com.br\/ourodetolo\/wp-content\/uploads\/2016\/04\/IMG-20160423-WA0039-550x309.jpg\" alt=\"IMG-20160423-WA0039\" width=\"550\" height=\"309\" srcset=\"http:\/\/www.pedromigao.com.br\/ourodetolo\/wp-content\/uploads\/2016\/04\/IMG-20160423-WA0039-550x309.jpg 550w, http:\/\/www.pedromigao.com.br\/ourodetolo\/wp-content\/uploads\/2016\/04\/IMG-20160423-WA0039-300x169.jpg 300w, http:\/\/www.pedromigao.com.br\/ourodetolo\/wp-content\/uploads\/2016\/04\/IMG-20160423-WA0039-768x432.jpg 768w, http:\/\/www.pedromigao.com.br\/ourodetolo\/wp-content\/uploads\/2016\/04\/IMG-20160423-WA0039.jpg 1280w\" sizes=\"auto, (max-width: 550px) 100vw, 550px\" \/><\/a>Uma vis\u00e3o geral. Ainda falta colocar parte das cadeiras e a \u00e1rea de imprensa.<\/p>\n<p style=\"text-align: justify;\"><a href=\"http:\/\/www.pedromigao.com.br\/ourodetolo\/2016\/04\/imagens-do-parque-olimpico-23042016\/img-20160423-wa0044\/\" rel=\"attachment wp-att-41423\"><img loading=\"lazy\" decoding=\"async\" class=\"aligncenter size-large wp-image-41423\" src=\"http:\/\/www.pedromigao.com.br\/ourodetolo\/wp-content\/uploads\/2016\/04\/IMG-20160423-WA0044-550x309.jpg\" alt=\"IMG-20160423-WA0044\" width=\"550\" height=\"309\" srcset=\"http:\/\/www.pedromigao.com.br\/ourodetolo\/wp-content\/uploads\/2016\/04\/IMG-20160423-WA0044-550x309.jpg 550w, http:\/\/www.pedromigao.com.br\/ourodetolo\/wp-content\/uploads\/2016\/04\/IMG-20160423-WA0044-300x169.jpg 300w, http:\/\/www.pedromigao.com.br\/ourodetolo\/wp-content\/uploads\/2016\/04\/IMG-20160423-WA0044-768x432.jpg 768w, http:\/\/www.pedromigao.com.br\/ourodetolo\/wp-content\/uploads\/2016\/04\/IMG-20160423-WA0044.jpg 1280w\" sizes=\"auto, (max-width: 550px) 100vw, 550px\" \/><\/a>O setor superior. Note o leitor que \u00e9 menor que a Arena 1.<\/p>\n<p style=\"text-align: justify;\"><a href=\"http:\/\/www.pedromigao.com.br\/ourodetolo\/2016\/04\/imagens-do-parque-olimpico-23042016\/img-20160423-wa0036\/\" rel=\"attachment wp-att-41424\"><img loading=\"lazy\" decoding=\"async\" class=\"aligncenter size-large wp-image-41424\" src=\"http:\/\/www.pedromigao.com.br\/ourodetolo\/wp-content\/uploads\/2016\/04\/IMG-20160423-WA0036-550x309.jpg\" alt=\"IMG-20160423-WA0036\" width=\"550\" height=\"309\" srcset=\"http:\/\/www.pedromigao.com.br\/ourodetolo\/wp-content\/uploads\/2016\/04\/IMG-20160423-WA0036-550x309.jpg 550w, http:\/\/www.pedromigao.com.br\/ourodetolo\/wp-content\/uploads\/2016\/04\/IMG-20160423-WA0036-300x169.jpg 300w, http:\/\/www.pedromigao.com.br\/ourodetolo\/wp-content\/uploads\/2016\/04\/IMG-20160423-WA0036-768x432.jpg 768w, http:\/\/www.pedromigao.com.br\/ourodetolo\/wp-content\/uploads\/2016\/04\/IMG-20160423-WA0036.jpg 1280w\" sizes=\"auto, (max-width: 550px) 100vw, 550px\" \/><\/a>Mais um panorama geral.<\/p>\n<p style=\"text-align: justify;\"><a href=\"http:\/\/www.pedromigao.com.br\/ourodetolo\/2016\/04\/imagens-do-parque-olimpico-23042016\/img-20160423-wa0043\/\" rel=\"attachment wp-att-41425\"><img loading=\"lazy\" decoding=\"async\" class=\"aligncenter size-large wp-image-41425\" src=\"http:\/\/www.pedromigao.com.br\/ourodetolo\/wp-content\/uploads\/2016\/04\/IMG-20160423-WA0043-550x309.jpg\" alt=\"IMG-20160423-WA0043\" width=\"550\" height=\"309\" srcset=\"http:\/\/www.pedromigao.com.br\/ourodetolo\/wp-content\/uploads\/2016\/04\/IMG-20160423-WA0043-550x309.jpg 550w, http:\/\/www.pedromigao.com.br\/ourodetolo\/wp-content\/uploads\/2016\/04\/IMG-20160423-WA0043-300x169.jpg 300w, http:\/\/www.pedromigao.com.br\/ourodetolo\/wp-content\/uploads\/2016\/04\/IMG-20160423-WA0043-768x432.jpg 768w, http:\/\/www.pedromigao.com.br\/ourodetolo\/wp-content\/uploads\/2016\/04\/IMG-20160423-WA0043.jpg 1280w\" sizes=\"auto, (max-width: 550px) 100vw, 550px\" \/><\/a>Parte externa.<\/p>\n<p style=\"text-align: justify;\"><a href=\"http:\/\/www.pedromigao.com.br\/ourodetolo\/2016\/04\/imagens-do-parque-olimpico-23042016\/img-20160423-wa0040\/\" rel=\"attachment wp-att-41426\"><img loading=\"lazy\" decoding=\"async\" class=\"aligncenter size-large wp-image-41426\" src=\"http:\/\/www.pedromigao.com.br\/ourodetolo\/wp-content\/uploads\/2016\/04\/IMG-20160423-WA0040-550x309.jpg\" alt=\"IMG-20160423-WA0040\" width=\"550\" height=\"309\" srcset=\"http:\/\/www.pedromigao.com.br\/ourodetolo\/wp-content\/uploads\/2016\/04\/IMG-20160423-WA0040-550x309.jpg 550w, http:\/\/www.pedromigao.com.br\/ourodetolo\/wp-content\/uploads\/2016\/04\/IMG-20160423-WA0040-300x169.jpg 300w, http:\/\/www.pedromigao.com.br\/ourodetolo\/wp-content\/uploads\/2016\/04\/IMG-20160423-WA0040-768x432.jpg 768w, http:\/\/www.pedromigao.com.br\/ourodetolo\/wp-content\/uploads\/2016\/04\/IMG-20160423-WA0040.jpg 1280w\" sizes=\"auto, (max-width: 550px) 100vw, 550px\" \/><\/a>A nitidez \u00e9 menor, mas d\u00e1 para se ter uma ideia dos detalhes da constru\u00e7\u00e3o.<\/p>\n<p style=\"text-align: justify;\"><strong>Arena Carioca 3<\/strong><\/p>\n<p style=\"text-align: justify;\"><a href=\"http:\/\/www.pedromigao.com.br\/ourodetolo\/2016\/04\/imagens-do-parque-olimpico-23042016\/img-20160423-wa0030\/\" rel=\"attachment wp-att-41428\"><img loading=\"lazy\" decoding=\"async\" class=\"aligncenter size-large wp-image-41428\" src=\"http:\/\/www.pedromigao.com.br\/ourodetolo\/wp-content\/uploads\/2016\/04\/IMG-20160423-WA0030-550x309.jpg\" alt=\"IMG-20160423-WA0030\" width=\"550\" height=\"309\" srcset=\"http:\/\/www.pedromigao.com.br\/ourodetolo\/wp-content\/uploads\/2016\/04\/IMG-20160423-WA0030-550x309.jpg 550w, http:\/\/www.pedromigao.com.br\/ourodetolo\/wp-content\/uploads\/2016\/04\/IMG-20160423-WA0030-300x169.jpg 300w, http:\/\/www.pedromigao.com.br\/ourodetolo\/wp-content\/uploads\/2016\/04\/IMG-20160423-WA0030-768x432.jpg 768w, http:\/\/www.pedromigao.com.br\/ourodetolo\/wp-content\/uploads\/2016\/04\/IMG-20160423-WA0030.jpg 1280w\" sizes=\"auto, (max-width: 550px) 100vw, 550px\" \/><\/a>Vis\u00e3o geral, no evento da esgrima.<\/p>\n<p style=\"text-align: justify;\"><a href=\"http:\/\/www.pedromigao.com.br\/ourodetolo\/2016\/04\/imagens-do-parque-olimpico-23042016\/img-20160423-wa0034\/\" rel=\"attachment wp-att-41429\"><img loading=\"lazy\" decoding=\"async\" class=\"aligncenter size-large wp-image-41429\" src=\"http:\/\/www.pedromigao.com.br\/ourodetolo\/wp-content\/uploads\/2016\/04\/IMG-20160423-WA0034-550x309.jpg\" alt=\"IMG-20160423-WA0034\" width=\"550\" height=\"309\" srcset=\"http:\/\/www.pedromigao.com.br\/ourodetolo\/wp-content\/uploads\/2016\/04\/IMG-20160423-WA0034-550x309.jpg 550w, http:\/\/www.pedromigao.com.br\/ourodetolo\/wp-content\/uploads\/2016\/04\/IMG-20160423-WA0034-300x169.jpg 300w, http:\/\/www.pedromigao.com.br\/ourodetolo\/wp-content\/uploads\/2016\/04\/IMG-20160423-WA0034-768x432.jpg 768w, http:\/\/www.pedromigao.com.br\/ourodetolo\/wp-content\/uploads\/2016\/04\/IMG-20160423-WA0034.jpg 1280w\" sizes=\"auto, (max-width: 550px) 100vw, 550px\" \/><\/a>Vis\u00e3o do p\u00fablico no anel inferior da arena.<\/p>\n<p style=\"text-align: justify;\"><a href=\"http:\/\/www.pedromigao.com.br\/ourodetolo\/2016\/04\/imagens-do-parque-olimpico-23042016\/img-20160423-wa0035\/\" rel=\"attachment wp-att-41430\"><img loading=\"lazy\" decoding=\"async\" class=\"aligncenter size-large wp-image-41430\" src=\"http:\/\/www.pedromigao.com.br\/ourodetolo\/wp-content\/uploads\/2016\/04\/IMG-20160423-WA0035-550x309.jpg\" alt=\"IMG-20160423-WA0035\" width=\"550\" height=\"309\" srcset=\"http:\/\/www.pedromigao.com.br\/ourodetolo\/wp-content\/uploads\/2016\/04\/IMG-20160423-WA0035-550x309.jpg 550w, http:\/\/www.pedromigao.com.br\/ourodetolo\/wp-content\/uploads\/2016\/04\/IMG-20160423-WA0035-300x169.jpg 300w, http:\/\/www.pedromigao.com.br\/ourodetolo\/wp-content\/uploads\/2016\/04\/IMG-20160423-WA0035-768x432.jpg 768w, http:\/\/www.pedromigao.com.br\/ourodetolo\/wp-content\/uploads\/2016\/04\/IMG-20160423-WA0035.jpg 1280w\" sizes=\"auto, (max-width: 550px) 100vw, 550px\" \/><\/a>Vis\u00e3o geral da \u00e1rea de competi\u00e7\u00f5es, com os placares (acredito que provis\u00f3rios) ao fundo.<\/p>\n<p style=\"text-align: justify;\"><a href=\"http:\/\/www.pedromigao.com.br\/ourodetolo\/2016\/04\/imagens-do-parque-olimpico-23042016\/img-20160423-wa0031\/\" rel=\"attachment wp-att-41431\"><img loading=\"lazy\" decoding=\"async\" class=\"aligncenter size-large wp-image-41431\" src=\"http:\/\/www.pedromigao.com.br\/ourodetolo\/wp-content\/uploads\/2016\/04\/IMG-20160423-WA0031-550x309.jpg\" alt=\"IMG-20160423-WA0031\" width=\"550\" height=\"309\" srcset=\"http:\/\/www.pedromigao.com.br\/ourodetolo\/wp-content\/uploads\/2016\/04\/IMG-20160423-WA0031-550x309.jpg 550w, http:\/\/www.pedromigao.com.br\/ourodetolo\/wp-content\/uploads\/2016\/04\/IMG-20160423-WA0031-300x169.jpg 300w, http:\/\/www.pedromigao.com.br\/ourodetolo\/wp-content\/uploads\/2016\/04\/IMG-20160423-WA0031-768x432.jpg 768w, http:\/\/www.pedromigao.com.br\/ourodetolo\/wp-content\/uploads\/2016\/04\/IMG-20160423-WA0031.jpg 1280w\" sizes=\"auto, (max-width: 550px) 100vw, 550px\" \/><\/a>Os placares do evento teste.<\/p>\n<p style=\"text-align: justify;\"><strong>Centro Aqu\u00e1tico Ol\u00edmpico<\/strong><\/p>\n<p style=\"text-align: justify;\"><a href=\"http:\/\/www.pedromigao.com.br\/ourodetolo\/2016\/04\/imagens-do-parque-olimpico-23042016\/img-20160423-wa0056\/\" rel=\"attachment wp-att-41432\"><img loading=\"lazy\" decoding=\"async\" class=\"aligncenter size-large wp-image-41432\" src=\"http:\/\/www.pedromigao.com.br\/ourodetolo\/wp-content\/uploads\/2016\/04\/IMG-20160423-WA0056-550x309.jpg\" alt=\"IMG-20160423-WA0056\" width=\"550\" height=\"309\" srcset=\"http:\/\/www.pedromigao.com.br\/ourodetolo\/wp-content\/uploads\/2016\/04\/IMG-20160423-WA0056-550x309.jpg 550w, http:\/\/www.pedromigao.com.br\/ourodetolo\/wp-content\/uploads\/2016\/04\/IMG-20160423-WA0056-300x169.jpg 300w, http:\/\/www.pedromigao.com.br\/ourodetolo\/wp-content\/uploads\/2016\/04\/IMG-20160423-WA0056-768x432.jpg 768w, http:\/\/www.pedromigao.com.br\/ourodetolo\/wp-content\/uploads\/2016\/04\/IMG-20160423-WA0056.jpg 1280w\" sizes=\"auto, (max-width: 550px) 100vw, 550px\" \/><\/a>Vis\u00e3o do setor inferior. Notem os leitores que se instalaram cadeiras atr\u00e1s dos pilares de sustenta\u00e7\u00e3o do teto.<\/p>\n<p style=\"text-align: justify;\"><a href=\"http:\/\/www.pedromigao.com.br\/ourodetolo\/wp-content\/uploads\/2016\/04\/IMG-20160423-WA0057.jpg\" rel=\"attachment wp-att-41433\"><img loading=\"lazy\" decoding=\"async\" class=\"wp-image-41433 size-large alignnone\" src=\"http:\/\/www.pedromigao.com.br\/ourodetolo\/wp-content\/uploads\/2016\/04\/IMG-20160423-WA0057-191x340.jpg\" alt=\"IMG-20160423-WA0057\" width=\"191\" height=\"340\" srcset=\"http:\/\/www.pedromigao.com.br\/ourodetolo\/wp-content\/uploads\/2016\/04\/IMG-20160423-WA0057-191x340.jpg 191w, http:\/\/www.pedromigao.com.br\/ourodetolo\/wp-content\/uploads\/2016\/04\/IMG-20160423-WA0057-169x300.jpg 169w, http:\/\/www.pedromigao.com.br\/ourodetolo\/wp-content\/uploads\/2016\/04\/IMG-20160423-WA0057.jpg 720w\" sizes=\"auto, (max-width: 191px) 100vw, 191px\" \/><\/a><a href=\"http:\/\/www.pedromigao.com.br\/ourodetolo\/2016\/04\/imagens-do-parque-olimpico-23042016\/img-20160423-wa0066\/\" rel=\"attachment wp-att-41434\"><img loading=\"lazy\" decoding=\"async\" class=\"size-large wp-image-41434 alignnone\" src=\"http:\/\/www.pedromigao.com.br\/ourodetolo\/wp-content\/uploads\/2016\/04\/IMG-20160423-WA0066-191x340.jpg\" alt=\"IMG-20160423-WA0066\" width=\"191\" height=\"340\" srcset=\"http:\/\/www.pedromigao.com.br\/ourodetolo\/wp-content\/uploads\/2016\/04\/IMG-20160423-WA0066-191x340.jpg 191w, http:\/\/www.pedromigao.com.br\/ourodetolo\/wp-content\/uploads\/2016\/04\/IMG-20160423-WA0066-169x300.jpg 169w, http:\/\/www.pedromigao.com.br\/ourodetolo\/wp-content\/uploads\/2016\/04\/IMG-20160423-WA0066.jpg 720w\" sizes=\"auto, (max-width: 191px) 100vw, 191px\" \/><\/a><\/p>\n<p style=\"text-align: justify;\">Mais duas imagens mostrando as cadeiras entre os pilares. Percebe-se que nas \u00e1reas onde est\u00e3o as pilastras h\u00e1 comunica\u00e7\u00e3o\u00a0 entre os setores inferior e superior do Centro Aqu\u00e1tico, ao contr\u00e1rio do visto em outras instala\u00e7\u00f5es.<\/p>\n<p style=\"text-align: justify;\"><a href=\"http:\/\/www.pedromigao.com.br\/ourodetolo\/2016\/04\/imagens-do-parque-olimpico-23042016\/img-20160423-wa0059\/\" rel=\"attachment wp-att-41443\"><img loading=\"lazy\" decoding=\"async\" class=\"aligncenter size-large wp-image-41443\" src=\"http:\/\/www.pedromigao.com.br\/ourodetolo\/wp-content\/uploads\/2016\/04\/IMG-20160423-WA0059-550x309.jpg\" alt=\"IMG-20160423-WA0059\" width=\"550\" height=\"309\" srcset=\"http:\/\/www.pedromigao.com.br\/ourodetolo\/wp-content\/uploads\/2016\/04\/IMG-20160423-WA0059-550x309.jpg 550w, http:\/\/www.pedromigao.com.br\/ourodetolo\/wp-content\/uploads\/2016\/04\/IMG-20160423-WA0059-300x169.jpg 300w, http:\/\/www.pedromigao.com.br\/ourodetolo\/wp-content\/uploads\/2016\/04\/IMG-20160423-WA0059-768x432.jpg 768w, http:\/\/www.pedromigao.com.br\/ourodetolo\/wp-content\/uploads\/2016\/04\/IMG-20160423-WA0059.jpg 1280w\" sizes=\"auto, (max-width: 550px) 100vw, 550px\" \/><\/a>Atr\u00e1s das raias o setor superior est\u00e1 subdividido em dois, que parecem ser exatamente as categorias B e C (esta mais ao alto) do mapa atual de localiza\u00e7\u00e3o dos ingressos. A imagem acima deixa isso claro.<\/p>\n<p style=\"text-align: justify;\"><a href=\"http:\/\/www.pedromigao.com.br\/ourodetolo\/2016\/04\/imagens-do-parque-olimpico-23042016\/img-20160423-wa0068\/\" rel=\"attachment wp-att-41444\"><img loading=\"lazy\" decoding=\"async\" class=\"aligncenter size-large wp-image-41444\" src=\"http:\/\/www.pedromigao.com.br\/ourodetolo\/wp-content\/uploads\/2016\/04\/IMG-20160423-WA0068-550x309.jpg\" alt=\"IMG-20160423-WA0068\" width=\"550\" height=\"309\" srcset=\"http:\/\/www.pedromigao.com.br\/ourodetolo\/wp-content\/uploads\/2016\/04\/IMG-20160423-WA0068-550x309.jpg 550w, http:\/\/www.pedromigao.com.br\/ourodetolo\/wp-content\/uploads\/2016\/04\/IMG-20160423-WA0068-300x169.jpg 300w, http:\/\/www.pedromigao.com.br\/ourodetolo\/wp-content\/uploads\/2016\/04\/IMG-20160423-WA0068-768x432.jpg 768w, http:\/\/www.pedromigao.com.br\/ourodetolo\/wp-content\/uploads\/2016\/04\/IMG-20160423-WA0068.jpg 1280w\" sizes=\"auto, (max-width: 550px) 100vw, 550px\" \/><\/a>Vis\u00e3o da piscina. Claro \u00e0 frente ser\u00e1 a \u00e1rea de imprensa, ao que consta.<\/p>\n<p style=\"text-align: justify;\"><img loading=\"lazy\" decoding=\"async\" class=\"aligncenter size-large wp-image-41445\" src=\"http:\/\/www.pedromigao.com.br\/ourodetolo\/wp-content\/uploads\/2016\/04\/IMG-20160423-WA0064-550x309.jpg\" alt=\"IMG-20160423-WA0064\" width=\"550\" height=\"309\" srcset=\"http:\/\/www.pedromigao.com.br\/ourodetolo\/wp-content\/uploads\/2016\/04\/IMG-20160423-WA0064-550x309.jpg 550w, http:\/\/www.pedromigao.com.br\/ourodetolo\/wp-content\/uploads\/2016\/04\/IMG-20160423-WA0064-300x169.jpg 300w, http:\/\/www.pedromigao.com.br\/ourodetolo\/wp-content\/uploads\/2016\/04\/IMG-20160423-WA0064-768x432.jpg 768w, http:\/\/www.pedromigao.com.br\/ourodetolo\/wp-content\/uploads\/2016\/04\/IMG-20160423-WA0064.jpg 1280w\" sizes=\"auto, (max-width: 550px) 100vw, 550px\" \/>\u00c2ngulo de vis\u00e3o do setor superior, categoria A.<\/p>\n<p style=\"text-align: justify;\"><a href=\"http:\/\/www.pedromigao.com.br\/ourodetolo\/2016\/04\/imagens-do-parque-olimpico-23042016\/img-20160423-wa0065\/\" rel=\"attachment wp-att-41447\"><img loading=\"lazy\" decoding=\"async\" class=\"aligncenter size-large wp-image-41447\" src=\"http:\/\/www.pedromigao.com.br\/ourodetolo\/wp-content\/uploads\/2016\/04\/IMG-20160423-WA0065-550x309.jpg\" alt=\"IMG-20160423-WA0065\" width=\"550\" height=\"309\" srcset=\"http:\/\/www.pedromigao.com.br\/ourodetolo\/wp-content\/uploads\/2016\/04\/IMG-20160423-WA0065-550x309.jpg 550w, http:\/\/www.pedromigao.com.br\/ourodetolo\/wp-content\/uploads\/2016\/04\/IMG-20160423-WA0065-300x169.jpg 300w, http:\/\/www.pedromigao.com.br\/ourodetolo\/wp-content\/uploads\/2016\/04\/IMG-20160423-WA0065-768x432.jpg 768w, http:\/\/www.pedromigao.com.br\/ourodetolo\/wp-content\/uploads\/2016\/04\/IMG-20160423-WA0065.jpg 1280w\" sizes=\"auto, (max-width: 550px) 100vw, 550px\" \/><\/a>Mais uma visualiza\u00e7\u00e3o.<\/p>\n<p style=\"text-align: justify;\"><a href=\"http:\/\/www.pedromigao.com.br\/ourodetolo\/2016\/04\/imagens-do-parque-olimpico-23042016\/img-20160423-wa0074\/\" rel=\"attachment wp-att-41448\"><img loading=\"lazy\" decoding=\"async\" class=\"aligncenter size-large wp-image-41448\" src=\"http:\/\/www.pedromigao.com.br\/ourodetolo\/wp-content\/uploads\/2016\/04\/IMG-20160423-WA0074-550x309.jpg\" alt=\"IMG-20160423-WA0074\" width=\"550\" height=\"309\" srcset=\"http:\/\/www.pedromigao.com.br\/ourodetolo\/wp-content\/uploads\/2016\/04\/IMG-20160423-WA0074-550x309.jpg 550w, http:\/\/www.pedromigao.com.br\/ourodetolo\/wp-content\/uploads\/2016\/04\/IMG-20160423-WA0074-300x169.jpg 300w, http:\/\/www.pedromigao.com.br\/ourodetolo\/wp-content\/uploads\/2016\/04\/IMG-20160423-WA0074-768x432.jpg 768w, http:\/\/www.pedromigao.com.br\/ourodetolo\/wp-content\/uploads\/2016\/04\/IMG-20160423-WA0074.jpg 1280w\" sizes=\"auto, (max-width: 550px) 100vw, 550px\" \/><\/a>Imagem externa.<\/p>\n<p style=\"text-align: justify;\"><strong>\u00c1rea Externa &#8211; Parque Ol\u00edmpico<\/strong><\/p>\n<p style=\"text-align: justify;\"><a href=\"http:\/\/www.pedromigao.com.br\/ourodetolo\/2016\/04\/imagens-do-parque-olimpico-23042016\/img-20160423-wa0070\/\" rel=\"attachment wp-att-41449\"><img loading=\"lazy\" decoding=\"async\" class=\"aligncenter size-large wp-image-41449\" src=\"http:\/\/www.pedromigao.com.br\/ourodetolo\/wp-content\/uploads\/2016\/04\/IMG-20160423-WA0070-550x309.jpg\" alt=\"IMG-20160423-WA0070\" width=\"550\" height=\"309\" srcset=\"http:\/\/www.pedromigao.com.br\/ourodetolo\/wp-content\/uploads\/2016\/04\/IMG-20160423-WA0070-550x309.jpg 550w, http:\/\/www.pedromigao.com.br\/ourodetolo\/wp-content\/uploads\/2016\/04\/IMG-20160423-WA0070-300x169.jpg 300w, http:\/\/www.pedromigao.com.br\/ourodetolo\/wp-content\/uploads\/2016\/04\/IMG-20160423-WA0070-768x432.jpg 768w, http:\/\/www.pedromigao.com.br\/ourodetolo\/wp-content\/uploads\/2016\/04\/IMG-20160423-WA0070.jpg 1280w\" sizes=\"auto, (max-width: 550px) 100vw, 550px\" \/><\/a>Constru\u00e7\u00e3o de pr\u00e9dio que, ao que parece, ser\u00e1 a sede do Grupo Globo durante as competi\u00e7\u00f5es. Se os leitores tiverem maiores informa\u00e7\u00f5es agradecemos.<\/p>\n<p style=\"text-align: justify;\"><a href=\"http:\/\/www.pedromigao.com.br\/ourodetolo\/2016\/04\/imagens-do-parque-olimpico-23042016\/img-20160423-wa0071\/\" rel=\"attachment wp-att-41450\"><img loading=\"lazy\" decoding=\"async\" class=\"aligncenter size-large wp-image-41450\" src=\"http:\/\/www.pedromigao.com.br\/ourodetolo\/wp-content\/uploads\/2016\/04\/IMG-20160423-WA0071-550x309.jpg\" alt=\"IMG-20160423-WA0071\" width=\"550\" height=\"309\" srcset=\"http:\/\/www.pedromigao.com.br\/ourodetolo\/wp-content\/uploads\/2016\/04\/IMG-20160423-WA0071-550x309.jpg 550w, http:\/\/www.pedromigao.com.br\/ourodetolo\/wp-content\/uploads\/2016\/04\/IMG-20160423-WA0071-300x169.jpg 300w, http:\/\/www.pedromigao.com.br\/ourodetolo\/wp-content\/uploads\/2016\/04\/IMG-20160423-WA0071-768x432.jpg 768w, http:\/\/www.pedromigao.com.br\/ourodetolo\/wp-content\/uploads\/2016\/04\/IMG-20160423-WA0071.jpg 1280w\" sizes=\"auto, (max-width: 550px) 100vw, 550px\" \/><\/a>A Arena do Futuro, sede do Handebol, iluminada.<\/p>\n<p style=\"text-align: justify;\"><a href=\"http:\/\/www.pedromigao.com.br\/ourodetolo\/2016\/04\/imagens-do-parque-olimpico-23042016\/img-20160423-wa0067\/\" rel=\"attachment wp-att-41451\"><img loading=\"lazy\" decoding=\"async\" class=\"aligncenter size-large wp-image-41451\" src=\"http:\/\/www.pedromigao.com.br\/ourodetolo\/wp-content\/uploads\/2016\/04\/IMG-20160423-WA0067-550x309.jpg\" alt=\"IMG-20160423-WA0067\" width=\"550\" height=\"309\" srcset=\"http:\/\/www.pedromigao.com.br\/ourodetolo\/wp-content\/uploads\/2016\/04\/IMG-20160423-WA0067-550x309.jpg 550w, http:\/\/www.pedromigao.com.br\/ourodetolo\/wp-content\/uploads\/2016\/04\/IMG-20160423-WA0067-300x169.jpg 300w, http:\/\/www.pedromigao.com.br\/ourodetolo\/wp-content\/uploads\/2016\/04\/IMG-20160423-WA0067-768x432.jpg 768w, http:\/\/www.pedromigao.com.br\/ourodetolo\/wp-content\/uploads\/2016\/04\/IMG-20160423-WA0067.jpg 1280w\" sizes=\"auto, (max-width: 550px) 100vw, 550px\" \/><\/a>O Centro Ol\u00edmpico de T\u00eanis ao fundo.<\/p>\n<p style=\"text-align: justify;\"><a href=\"http:\/\/www.pedromigao.com.br\/ourodetolo\/2016\/04\/imagens-do-parque-olimpico-23042016\/20160417_150401\/\" rel=\"attachment wp-att-41452\"><img loading=\"lazy\" decoding=\"async\" class=\"aligncenter size-large wp-image-41452\" src=\"http:\/\/www.pedromigao.com.br\/ourodetolo\/wp-content\/uploads\/2016\/04\/20160417_150401-550x309.jpg\" alt=\"20160417_150401\" width=\"550\" height=\"309\" srcset=\"http:\/\/www.pedromigao.com.br\/ourodetolo\/wp-content\/uploads\/2016\/04\/20160417_150401-550x309.jpg 550w, http:\/\/www.pedromigao.com.br\/ourodetolo\/wp-content\/uploads\/2016\/04\/20160417_150401-300x169.jpg 300w, http:\/\/www.pedromigao.com.br\/ourodetolo\/wp-content\/uploads\/2016\/04\/20160417_150401-768x432.jpg 768w\" sizes=\"auto, (max-width: 550px) 100vw, 550px\" \/><\/a>As Arenas Cariocas 1, 2 e 3 e, ao fundo, a Arena do Futuro. Esta foto \u00e9 de minha autoria, tirada no domingo 17, e mostra a dist\u00e2ncia entre a Arena Ol\u00edmpica e as quatro citadas.<\/p>\n<p style=\"text-align: justify;\">Ainda esta semana deveremos ter um terceiro post abordando as localiza\u00e7\u00f5es de ingressos assignadas recentemente. Mesmo sem os mapas divulgados, cruzando-se informa\u00e7\u00f5es consegue se chegar a algumas conclus\u00f5es interessantes.<\/p>\n<p style=\"text-align: justify;\"><strong>Imagens: Matheus Ara\u00fajo e Arquivo Ouro de Tolo<\/strong><\/p>\n<p style=\"text-align: justify;\">[related_posts limit=&#8221;3&#8243;]<\/p>\n","protected":false},"excerpt":{"rendered":"<p>No \u00faltimo s\u00e1bado, o leitor e colaborador Matheus Ara\u00fajo esteve presente nos Eventos Teste da esgrima &#8211; na Arena Carioca 3 &#8211; e no daTour Details<\/p>\n","protected":false},"author":2,"featured_media":41415,"comment_status":"open","ping_status":"open","sticky":false,"template":"","format":"standard","meta":{"footnotes":""},"categories":[289],"tags":[41,1161,665,94],"class_list":["post-41414","post","type-post","status-publish","format-standard","has-post-thumbnail","hentry","category-pedro-migao","tag-esporte","tag-ingressos-rio-2016","tag-jogos-olimpicos-2016","tag-rio-2016"],"_links":{"self":[{"href":"http:\/\/www.pedromigao.com.br\/ourodetolo\/wp-json\/wp\/v2\/posts\/41414","targetHints":{"allow":["GET"]}}],"collection":[{"href":"http:\/\/www.pedromigao.com.br\/ourodetolo\/wp-json\/wp\/v2\/posts"}],"about":[{"href":"http:\/\/www.pedromigao.com.br\/ourodetolo\/wp-json\/wp\/v2\/types\/post"}],"author":[{"embeddable":true,"href":"http:\/\/www.pedromigao.com.br\/ourodetolo\/wp-json\/wp\/v2\/users\/2"}],"replies":[{"embeddable":true,"href":"http:\/\/www.pedromigao.com.br\/ourodetolo\/wp-json\/wp\/v2\/comments?post=41414"}],"version-history":[{"count":0,"href":"http:\/\/www.pedromigao.com.br\/ourodetolo\/wp-json\/wp\/v2\/posts\/41414\/revisions"}],"wp:featuredmedia":[{"embeddable":true,"href":"http:\/\/www.pedromigao.com.br\/ourodetolo\/wp-json\/wp\/v2\/media\/41415"}],"wp:attachment":[{"href":"http:\/\/www.pedromigao.com.br\/ourodetolo\/wp-json\/wp\/v2\/media?parent=41414"}],"wp:term":[{"taxonomy":"category","embeddable":true,"href":"http:\/\/www.pedromigao.com.br\/ourodetolo\/wp-json\/wp\/v2\/categories?post=41414"},{"taxonomy":"post_tag","embeddable":true,"href":"http:\/\/www.pedromigao.com.br\/ourodetolo\/wp-json\/wp\/v2\/tags?post=41414"}],"curies":[{"name":"wp","href":"https:\/\/api.w.org\/{rel}","templated":true}]}}