{"id":41002,"date":"2016-03-30T06:54:30","date_gmt":"2016-03-30T09:54:30","guid":{"rendered":"http:\/\/www.pedromigao.com.br\/ourodetolo\/?p=41002"},"modified":"2016-03-29T08:05:19","modified_gmt":"2016-03-29T11:05:19","slug":"21-de-marco-e-a-sindrome-de-down","status":"publish","type":"post","link":"http:\/\/www.pedromigao.com.br\/ourodetolo\/2016\/03\/21-de-marco-e-a-sindrome-de-down\/","title":{"rendered":"21 de Mar\u00e7o e a s\u00edndrome de Down"},"content":{"rendered":"<p style=\"text-align: justify;\">Certamente, o dia 21\/03 \u00e9 um dia normal pra voc\u00ea, caro leitor. Ou pelo menos para a maioria. Confesso que eu mesmo tinha deixado passar \u2018\u2019batido\u2019\u2019, por isso essa coluna s\u00f3 est\u00e1 saindo hoje.<\/p>\n<p style=\"text-align: justify;\">Pois bem. Para muita gente esse \u00e9 um dia de celebra\u00e7\u00e3o, porque nessa data se comemora o dia internacional da S\u00edndrome de Down. Mas voc\u00ea deve estar se perguntando: <em>\u2018\u2019Para que comemorar algo assim?\u2019\u2019<\/em>. \u00c9 claro que o que \u00e9 comemorado n\u00e3o \u00e9 a s\u00edndrome em si, mas as conquistas cujas pessoas que convivem com ela alcan\u00e7aram.<\/p>\n<p style=\"text-align: justify;\">Se pensarmos que h\u00e1 muito tempo pessoas com Down eram internadas em manic\u00f4mios e hoje v\u00e3o \u00e0 escola, est\u00e3o ganhando o mercado de trabalho, est\u00e3o construindo fam\u00edlias, a evolu\u00e7\u00e3o realmente foi muito grande. \u00c9 uma data para celebrar sim, mas, sobre tudo, para se refletir. Refletir acerca de m\u00e9todos cada vez mais eficazes de inclus\u00e3o, sobre a qualidade de vida dessas pessoas e sobre o preconceito, que infelizmente, ainda existe.<\/p>\n<p><iframe loading=\"lazy\" title=\"Imperio Serrano 2007 - Ser Diferente \u00e9 Normal: o Imp\u00e9rio Serrano faz a Diferen\u00e7a no Carnaval\" width=\"525\" height=\"394\" src=\"https:\/\/www.youtube.com\/embed\/Z_IvVpZzdJA?feature=oembed\" frameborder=\"0\" allow=\"accelerometer; autoplay; clipboard-write; encrypted-media; gyroscope; picture-in-picture; web-share\" referrerpolicy=\"strict-origin-when-cross-origin\" allowfullscreen><\/iframe><\/p>\n<p style=\"text-align: justify;\">Eu creio que o preconceito \u00e9 algo de gente ignorante. Tem aquelas pessoas que t\u00eam medo, receio, essas s\u00e3o porque n\u00e3o conhecem. N\u00f3s temos uma tend\u00eancia muito grande a rejeitar e temer aquilo que n\u00e3o conhecemos. Por isso o hoje a coluna \u00e9 dedicada a conversar com voc\u00eas sobre os aspectos biol\u00f3gicos da S\u00edndrome de Down e tentar provocar uma reflex\u00e3o, para que o lado social melhore cada vez mais.<\/p>\n<p style=\"text-align: justify;\">Ent\u00e3o vamos l\u00e1!<\/p>\n<p style=\"text-align: justify;\">Pra come\u00e7ar, voc\u00ea sabe o porqu\u00ea dessa data ter sido escolhida para a celebra\u00e7\u00e3o? A S\u00edndrome de Down \u00e9 uma doen\u00e7a gen\u00e9tica que \u00e9 caracterizada pela trissomia do cromossomo 21. T\u00e1 bom, sei que parece que falei grego, ent\u00e3o vou explicar melhor.<\/p>\n<p style=\"text-align: justify;\">N\u00f3s, seres vivos, armazenamos nossa informa\u00e7\u00e3o gen\u00e9tica em uma mol\u00e9cula chamada DNA. Essa mol\u00e9cula, quando nossas c\u00e9lulas est\u00e3o em processo de divis\u00e3o, se condensa muito e assume a forma de cromossomos. O normal \u00e9 termos 46 cromossomos nas nossas c\u00e9lulas (com exce\u00e7\u00e3o dos gametas, com 23), que estar\u00e3o abrigados aos pares.<\/p>\n<p style=\"text-align: justify;\"><a href=\"http:\/\/www.pedromigao.com.br\/ourodetolo\/?attachment_id=41004\" rel=\"attachment wp-att-41004\"><img loading=\"lazy\" decoding=\"async\" class=\"alignleft size-medium wp-image-41004\" src=\"http:\/\/www.pedromigao.com.br\/ourodetolo\/wp-content\/uploads\/2016\/03\/divis\u00e3o-celular-300x210.jpg\" alt=\"divis\u00e3o celular\" width=\"300\" height=\"210\" srcset=\"http:\/\/www.pedromigao.com.br\/ourodetolo\/wp-content\/uploads\/2016\/03\/divis\u00e3o-celular-300x210.jpg 300w, http:\/\/www.pedromigao.com.br\/ourodetolo\/wp-content\/uploads\/2016\/03\/divis\u00e3o-celular-486x340.jpg 486w, http:\/\/www.pedromigao.com.br\/ourodetolo\/wp-content\/uploads\/2016\/03\/divis\u00e3o-celular.jpg 500w\" sizes=\"auto, (max-width: 300px) 100vw, 300px\" \/><\/a>Durante o processo de divis\u00e3o celular, pode ocorrer algum erro na divis\u00e3o desses cromossomos para as c\u00e9lulas e um desses erros mais comuns \u00e9 quando o cromossomo 21 aparece em triplicata, ou seja: com tr\u00eas c\u00f3pias. A trissomia do cromossomo 21. Eis a\u00ed a nossa famosa data, 21\/03. Pelo fato de os cromossomos serem nosso DNA condensado, e o DNA determinar todas as nossas caracter\u00edsticas, um cromossomo a mais vai implicar em um conjunto de caracter\u00edsticas f\u00edsicas diferentes e peculiares das pessoas que t\u00eam Down.<\/p>\n<p style=\"text-align: justify;\">A\u00ed voc\u00ea me pergunta: <em>\u2018\u2019Nossa, Fernanda, como eu fa\u00e7o pra me livrar disso? Eu sou suscept\u00edvel a esse tipo de erro?\u2019<\/em>. Sim, todo mundo \u00e9. \u00c9 claro que tem aqueles que denominamos de grupo de risco e dentro destes se evidencia mulheres com mais de 40 anos. Diferente dos homens, o processo de matura\u00e7\u00e3o dos gametas nas mulheres ocorre desde a fase pr\u00e9-natal. Enquanto a forma\u00e7\u00e3o do gameta masculino \u00e9 um processo cont\u00ednuo.<\/p>\n<p style=\"text-align: justify;\">Como esse gameta feminino fica \u2018\u2019estacionado\u2019\u2019 desde a fase pr\u00e9-natal, se ele for fecundado por um espermatoz\u00f3ide depois dos 40 anos da mulher, a chance de ocorrerem erros nas divis\u00f5es celulares que dar\u00e3o origem ao embri\u00e3o s\u00e3o muito maiores. Eu tenho 40 anos, quero ter filhos, eles v\u00e3o nascer com s\u00edndrome de Down? N\u00e3o sei, mas a probabilidade \u00e9 maior que em mulheres mais jovens.<\/p>\n<p style=\"text-align: justify;\">A \u00fanica coisa que sei \u00e9 que essas pessoas com p\u00e1lpebra puxada, algumas altera\u00e7\u00f5es card\u00edacas, m\u00e3os pequenas, baixinhas, com excesso de pele no pesco\u00e7o e outras caracter\u00edsticas n\u00e3o s\u00e3o incapacitadas. Pelo contr\u00e1rio, s\u00e3o muito amorosas e que merecem sim educa\u00e7\u00e3o e aten\u00e7\u00e3o especial, mas nunca desprezo. T\u00eam certos limites sim, mas eles podem e devem ser inclusas na escola, no trabalho, na sociedade como um todo.<\/p>\n<p style=\"text-align: justify;\">Existem coisas que nunca mudam, como o fato de o Palmeiras n\u00e3o ter Mundial, mas n\u00f3s podemos mudar a vida dessas pessoas com um gesto de inclus\u00e3o, uma m\u00e3o amiga e principalmente com paci\u00eancia e solidariedade.<\/p>\n","protected":false},"excerpt":{"rendered":"<p>Certamente, o dia 21\/03 \u00e9 um dia normal pra voc\u00ea, caro leitor. Ou pelo menos para a maioria. Confesso que eu mesmo tinha deixado passarTour Details<\/p>\n","protected":false},"author":45,"featured_media":0,"comment_status":"open","ping_status":"open","sticky":false,"template":"","format":"standard","meta":{"footnotes":""},"categories":[1150],"tags":[3,4,27,6],"class_list":["post-41002","post","type-post","status-publish","format-standard","hentry","category-setentrional","tag-medicina","tag-saude","tag-sociedade","tag-vida-cotidiana"],"_links":{"self":[{"href":"http:\/\/www.pedromigao.com.br\/ourodetolo\/wp-json\/wp\/v2\/posts\/41002","targetHints":{"allow":["GET"]}}],"collection":[{"href":"http:\/\/www.pedromigao.com.br\/ourodetolo\/wp-json\/wp\/v2\/posts"}],"about":[{"href":"http:\/\/www.pedromigao.com.br\/ourodetolo\/wp-json\/wp\/v2\/types\/post"}],"author":[{"embeddable":true,"href":"http:\/\/www.pedromigao.com.br\/ourodetolo\/wp-json\/wp\/v2\/users\/45"}],"replies":[{"embeddable":true,"href":"http:\/\/www.pedromigao.com.br\/ourodetolo\/wp-json\/wp\/v2\/comments?post=41002"}],"version-history":[{"count":0,"href":"http:\/\/www.pedromigao.com.br\/ourodetolo\/wp-json\/wp\/v2\/posts\/41002\/revisions"}],"wp:attachment":[{"href":"http:\/\/www.pedromigao.com.br\/ourodetolo\/wp-json\/wp\/v2\/media?parent=41002"}],"wp:term":[{"taxonomy":"category","embeddable":true,"href":"http:\/\/www.pedromigao.com.br\/ourodetolo\/wp-json\/wp\/v2\/categories?post=41002"},{"taxonomy":"post_tag","embeddable":true,"href":"http:\/\/www.pedromigao.com.br\/ourodetolo\/wp-json\/wp\/v2\/tags?post=41002"}],"curies":[{"name":"wp","href":"https:\/\/api.w.org\/{rel}","templated":true}]}}