{"id":40960,"date":"2016-03-27T09:27:39","date_gmt":"2016-03-27T12:27:39","guid":{"rendered":"http:\/\/www.pedromigao.com.br\/ourodetolo\/?p=40960"},"modified":"2016-03-26T12:41:12","modified_gmt":"2016-03-26T15:41:12","slug":"40960","status":"publish","type":"post","link":"http:\/\/www.pedromigao.com.br\/ourodetolo\/2016\/03\/40960\/","title":{"rendered":"A teia"},"content":{"rendered":"<p style=\"text-align: justify;\">Fa\u00e7am a soma:<\/p>\n<p style=\"text-align: justify;\">Juntem uma presidente incompetente, uma das piores da nossa hist\u00f3ria, a um governo corrupto, talvez tamb\u00e9m um dos mais corruptos que j\u00e1 tivemos. A tudo isso, somem uma crise econ\u00f4mica ser\u00edssima, pessoas perdendo empregos, custo de vida aumentando. A tudo isso, soma-se uma m\u00eddia que nunca foi imparcial, ju\u00edzes deslumbrados, governistas traidores e uma gigantesca quantia de dinheiro vinda do petr\u00f3leo e do pr\u00e9-sal. Est\u00e1 a\u00ed uma bela hist\u00f3ria de fic\u00e7\u00e3o pol\u00edtica a se comparar com &#8220;House of Cards&#8221;.<\/p>\n<p style=\"text-align: justify;\">Ou n\u00e3o.<\/p>\n<p style=\"text-align: justify;\">Nunca fui adepto da teoria da conspira\u00e7\u00e3o, essa parte tem mais a ver com outra pessoa desse blog. Mas tudo soa muito estranho.<\/p>\n<p style=\"text-align: justify;\">Como falo nos \u00faltimos tempos, n\u00e3o tiro a culpa do PT e do governo em nada do que ocorre. O governo \u00e9, sim, corrupto, trapalh\u00e3o e se escora em Lula, o carism\u00e1tico e ainda popular ex-presidente da Rep\u00fablica, para tentar se salvar. Uma pessoa que parece estar mais enrolada do que o David Luiz enfrentando atacantes advers\u00e1rios.<\/p>\n<p style=\"text-align: justify;\">Mas esse discurso de &#8220;uni\u00e3o pol\u00edtica contra a corrup\u00e7\u00e3o&#8221; n\u00e3o me convence. Como falei no ano passado em uma coluna aqui, incompet\u00eancia ainda n\u00e3o \u00e9 motivo para impeachment e, se fosse, quase nenhum governante brasileiro completaria seu mandato. Est\u00e1 sim acontecendo uma tentativa de golpe de estado no pa\u00eds, isso \u00e9 muito claro para mim. Querem derrubar uma presidenta legitimamente eleita devido a umas tais &#8220;pedaladas fiscais&#8221;, que nem foram provadas ainda. A presidenta n\u00e3o \u00e9 r\u00e9 de nada, n\u00e3o existe nenhuma investiga\u00e7\u00e3o sobre ela. Al\u00e9m do mais, saiu uma reportagem essa semana que dezesseis governadores brasileiros tamb\u00e9m teriam cometido as tais pedaladas.<\/p>\n<p style=\"text-align: justify;\">O povo quer o impeachment n\u00e3o porque ela cometeu pedaladas fiscais, ele nem sabe o que \u00e9 isso e nem sabe que esse \u00e9 o motivo da poss\u00edvel abertura de processo. Quer porque roubaram a Petrobras, o governo \u00e9 corrupto e, principalmente, o pa\u00eds est\u00e1 em crise. O povo sente no bolso o mau momento e ele permite tudo, todos os tipos de roubalheiras, menos que isso afete sua qualidade de vida.<\/p>\n<p style=\"text-align: justify;\">Quem quer sua derrubada sabe disso e se aproveita. Por isso falo que \u00e9 golpe, porque vai ser uma derrubada de governo pol\u00edtica. V\u00e3o alegar que com o Collor foi assim tamb\u00e9m e digo. Foi. Hoje, eu que fui cara pintada, tenho a no\u00e7\u00e3o de que assim como todos os outros fui usado para um golpe de estado. Derrubaram Collor por ter um governo impopular desde seu segundo dia de exist\u00eancia quando confiscou a poupan\u00e7a. Aproveitaram sua arrog\u00e2ncia, falta de gente para lhe defender e tiraram quando acharam que ele n\u00e3o servia mais. Collor foi absolvido depois no STF e hoje tem muito mais motivos para cassarem o mandato de senador dele do que em 1992.<\/p>\n<p style=\"text-align: justify;\">O que tem ent\u00e3o por tr\u00e1s de tudo isso?<\/p>\n<p style=\"text-align: justify;\">Acho estranho que o A\u00e9cio esteja recebendo tantas porradas, tantas not\u00edcias ruins, tantas dela\u00e7\u00f5es. Acho n\u00e3o, achava, porque na &#8220;teoria da conspira\u00e7\u00e3o&#8221; que montei isso tem sentido.<\/p>\n<p style=\"text-align: justify;\">O \u00fanico fio solto nisso tudo ainda, que serve como argumento aos defensores do governo e o restante para pra ouvir \u00e9 a persegui\u00e7\u00e3o a um partido s\u00f3. Fato que realmente existe. Meu pensamento \u00e9 que o A\u00e9cio vai dan\u00e7ar. Querem derrubar a Dilma, prender o Lula e v\u00e3o entregar a cabe\u00e7a do A\u00e9cio em uma bandeja de ouro para que ningu\u00e9m fale que foi apenas contra um partido. Um dos grandes l\u00edderes do PSDB iria junto.<\/p>\n<p style=\"text-align: justify;\">Quem ganha com isso? O PSDB n\u00e3o perderia com a queda do seu principal l\u00edder hoje?<\/p>\n<p style=\"text-align: justify;\">Nem tanto. O PSDB \u00e9 um partido rachado. Tem o lado do A\u00e9cio e o lado paulista comandado por Jos\u00e9 Serra e Geraldo Alckmin. A queda de A\u00e9cio \u00e9 a vit\u00f3ria desse grupo. Grupo que j\u00e1 comprometeu apoio ao governo Michel Temer e por isso o PMDB vai desembarcar do governo.<\/p>\n<p style=\"text-align: justify;\"><img loading=\"lazy\" decoding=\"async\" class=\"size-full wp-image-40962 alignleft\" src=\"http:\/\/www.pedromigao.com.br\/ourodetolo\/wp-content\/uploads\/2016\/03\/Teia2.jpg\" alt=\"Teia2\" width=\"263\" height=\"191\" \/>Temer ir\u00e1 governar com o apoio do PSDB paulista. Serra seria uma esp\u00e9cie de primeiro ministro e assim levariam at\u00e9 2018. Na minha viagem conspirat\u00f3ria teria o acordo de Temer n\u00e3o tentar a reelei\u00e7\u00e3o e assim o PSDB fazer o candidato a presidente com apoio do PMDB. O que Temer e o PMDB ganhariam em troca? O apoio ao governo Temer e for\u00e7a nos bastidores para apenas Dilma ser cassada, n\u00e3o a chapa que provocaria uma nova elei\u00e7\u00e3o e dependendo de quando direta ou indireta.<\/p>\n<p>Uma nova elei\u00e7\u00e3o deixaria Eduardo Cunha presidente do Brasil at\u00e9 a mesma ocorrer e isso ningu\u00e9m quer, nem o PMDB. Seria o motivo para o povo n\u00e3o sair das ruas e continuar protestando. Para todos, at\u00e9 para o pr\u00f3prio Cunha, quanto mais escondido ele ficar melhor.<\/p>\n<p>Prendem Lula, derrubam Dilma, se livram do A\u00e9cio e assim o povo, feliz, sai das ruas achando que acabou a corrup\u00e7\u00e3o. A Lava-Jato vai sumindo aos poucos e em 2019 Serra ou Alckmin \u00e9 eleito presidente. De repente tendo um Sergio Moro como vice.<\/p>\n<p>Numa segunda hip\u00f3tese, Sergio Moro presidente tendo apoio do PSDB paulista. Numa terceira, Serra presidente pelo PMDB.<\/p>\n<p>Enfim, tudo nas m\u00e3os de Jos\u00e9 Serra. Um dos poucos pol\u00edticos n\u00e3o citados em nada. Totalmente absolvido nos esc\u00e2ndalos.<\/p>\n<p>Mas o te\u00f3rico da conspira\u00e7\u00e3o acha que Serra faria isso apenas por gostar do poder ou amor ao pa\u00eds? N\u00e3o se esque\u00e7am que \u00e9 dele o projeto que permite empresas estrangeiras explorarem o pr\u00e9-sal. Riqueza brasileira que gera bilh\u00f5es de reais.<\/p>\n<p>Resumindo, toda essa teia desencadeia em uma coisa. A que move o mundo desde que foi inventado. Dinheiro.<\/p>\n<p>Algumas pessoas ficariam muito ricas. Como ficaram com a Copa e as Olimp\u00edadas. O dinheiro \u00e9 que move essas pessoas, independentemente de serem de direita ou esquerda.<\/p>\n<p>Loucura? Pode ser. T\u00f4 viajando? Pode ser tamb\u00e9m. Mas a trama da vida real sempre \u00e9 mais surpreendente do que a da fic\u00e7\u00e3o.<\/p>\n<p>Podemos viver em um &#8220;House of Serra&#8221; e nem sabemos.<\/p>\n<p>O homem por tr\u00e1s da teia.<\/p>\n<p>* A partir de semana que vem &#8220;Jogando nas Onze&#8221; e &#8220;Orun Ay\u00e9&#8221; entram em recesso. Durante cinco semanas os cinco contos que publiquei no blog de maiores repercuss\u00e3o ser\u00e3o republicados aos s\u00e1bados e aos domingos as cinco principais colunas. Isso para celebrar meus cinco anos no blog.<\/p>\n<p>* Esqueci semana passada quando contei da minha sa\u00edda do SRZD de agradecer a Rachel Valen\u00e7a que lamentou minha sa\u00edda, a \u00fanica na verdade que fez isso quando teve gente que parecia aliviada. Muito obrigado, Rachel, uma das grandes damas do samba. Conviver com voc\u00ea foi um aprendizado e uma grande alegria.<\/p>\n<p>Twitter &#8211; @aloisiovillar<\/p>\n<p>Facebook &#8211; Aloisio Villar<\/p>\n","protected":false},"excerpt":{"rendered":"<p>Fa\u00e7am a soma: Juntem uma presidente incompetente, uma das piores da nossa hist\u00f3ria, a um governo corrupto, talvez tamb\u00e9m um dos mais corruptos que j\u00e1Tour Details<\/p>\n","protected":false},"author":8,"featured_media":0,"comment_status":"open","ping_status":"open","sticky":false,"template":"","format":"standard","meta":{"footnotes":""},"categories":[8],"tags":[852,855,1119,1158,80,24,79,426],"class_list":["post-40960","post","type-post","status-publish","format-standard","hentry","category-orun-aye","tag-dilma-rousseff","tag-eduardo-cunha","tag-geraldo-alckmin","tag-jose-serra","tag-lula","tag-politica","tag-psdb","tag-pt"],"_links":{"self":[{"href":"http:\/\/www.pedromigao.com.br\/ourodetolo\/wp-json\/wp\/v2\/posts\/40960","targetHints":{"allow":["GET"]}}],"collection":[{"href":"http:\/\/www.pedromigao.com.br\/ourodetolo\/wp-json\/wp\/v2\/posts"}],"about":[{"href":"http:\/\/www.pedromigao.com.br\/ourodetolo\/wp-json\/wp\/v2\/types\/post"}],"author":[{"embeddable":true,"href":"http:\/\/www.pedromigao.com.br\/ourodetolo\/wp-json\/wp\/v2\/users\/8"}],"replies":[{"embeddable":true,"href":"http:\/\/www.pedromigao.com.br\/ourodetolo\/wp-json\/wp\/v2\/comments?post=40960"}],"version-history":[{"count":0,"href":"http:\/\/www.pedromigao.com.br\/ourodetolo\/wp-json\/wp\/v2\/posts\/40960\/revisions"}],"wp:attachment":[{"href":"http:\/\/www.pedromigao.com.br\/ourodetolo\/wp-json\/wp\/v2\/media?parent=40960"}],"wp:term":[{"taxonomy":"category","embeddable":true,"href":"http:\/\/www.pedromigao.com.br\/ourodetolo\/wp-json\/wp\/v2\/categories?post=40960"},{"taxonomy":"post_tag","embeddable":true,"href":"http:\/\/www.pedromigao.com.br\/ourodetolo\/wp-json\/wp\/v2\/tags?post=40960"}],"curies":[{"name":"wp","href":"https:\/\/api.w.org\/{rel}","templated":true}]}}