{"id":40899,"date":"2016-03-23T06:15:46","date_gmt":"2016-03-23T09:15:46","guid":{"rendered":"http:\/\/www.pedromigao.com.br\/ourodetolo\/?p=40899"},"modified":"2016-03-22T14:58:04","modified_gmt":"2016-03-22T17:58:04","slug":"a-cura-para-o-cancer","status":"publish","type":"post","link":"http:\/\/www.pedromigao.com.br\/ourodetolo\/2016\/03\/a-cura-para-o-cancer\/","title":{"rendered":"A cura para o c\u00e2ncer"},"content":{"rendered":"<p style=\"text-align: justify;\">Antes de eu nascer, meu av\u00f4 por parte de m\u00e3e faleceu. Relativamente jovem, antes dos 60 anos. Algumas pessoas, ou melhor, muitas, v\u00e3o se identificar com o que estou escrevendo porque meu av\u00f4 faleceu de c\u00e2ncer e infelizmente essa doen\u00e7a \u00e9 uma doen\u00e7a cada vez mais comum. N\u00e3o fui a primeira nem serei a \u00faltima a perder um ente querido por causa do c\u00e2ncer.<\/p>\n<p style=\"text-align: justify;\"><span style=\"color: #ff6600;\"><a style=\"color: #ff6600;\" href=\"http:\/\/www.bbc.com\/portuguese\/noticias\/2015\/01\/150108_cancer_azar_duvidas_mdb\" target=\"_blank\">Lembro que ano passado uma not\u00edcia, ou melhor, um artigo publicado no meio cient\u00edfico causou muito frisson na m\u00eddia e nas pessoas em geral. \u2018\u2019O c\u00e2ncer \u00e9 uma quest\u00e3o de azar\u2019\u2019, publicou um dos maiores especialistas da \u00e1rea<\/a><\/span>. N\u00e3o, ele n\u00e3o publicou isso; o que acontece \u00e9 que seu artigo foi mal interpretado.<\/p>\n<p style=\"text-align: justify;\">Desde que meu av\u00f4 morreu, muitas coisas mudaram e tivemos avan\u00e7os significativos. Mesmo assim, ainda n\u00e3o sabemos as causas exatas de todos os tipos de c\u00e2ncer. Sabemos sim que \u00e9 uma doen\u00e7a de desordem celular, a qual nossas c\u00e9lulas se dividem at\u00e9 formar um tumor, que pode ser maligno ou benigno. Sabemos sim que s\u00e3o causas gen\u00e9ticas, ambientais, a intera\u00e7\u00e3o dos dois, mas n\u00e3o conhecemos os mecanismos exatos de cada um.<\/p>\n<p style=\"text-align: justify;\">Por isso, \u00e9 muito comum dizermos que o c\u00e2ncer aconteceu \u2018\u2019ao acaso\u2019\u2019, porque ainda n\u00e3o conhecemos tudo com exatid\u00e3o. Resumidamente, foi isso que o artigo que causou tanto rebuli\u00e7o quis dizer. N\u00e3o \u00e9 quest\u00e3o de azar, n\u00e3o saia por a\u00ed no sol das 12:00 horas sem se proteger (principalmente meus conterr\u00e2neos), n\u00e3o beba feito louco, nem arrisque sua vida acreditando que c\u00e2ncer \u00e9 uma quest\u00e3o de azar &#8211; porque n\u00e3o \u00e9. Escutei muita gente falando isso e na verdade o que estavam fazendo era desmerecer o trabalho de muitos profissionais que se dedicam a lutar contra a doen\u00e7a.<\/p>\n<p><a href=\"http:\/\/www.pedromigao.com.br\/ourodetolo\/?attachment_id=40901\" rel=\"attachment wp-att-40901\"><img loading=\"lazy\" decoding=\"async\" class=\"aligncenter wp-image-40901 size-large\" src=\"http:\/\/www.pedromigao.com.br\/ourodetolo\/wp-content\/uploads\/2016\/03\/IQSC_Fosfoetanolamina_437-15_foto-Cec\u00edlia-Bastos-06-510x340.jpg\" alt=\"\" width=\"510\" height=\"340\" srcset=\"http:\/\/www.pedromigao.com.br\/ourodetolo\/wp-content\/uploads\/2016\/03\/IQSC_Fosfoetanolamina_437-15_foto-Cec\u00edlia-Bastos-06-510x340.jpg 510w, http:\/\/www.pedromigao.com.br\/ourodetolo\/wp-content\/uploads\/2016\/03\/IQSC_Fosfoetanolamina_437-15_foto-Cec\u00edlia-Bastos-06-300x200.jpg 300w, http:\/\/www.pedromigao.com.br\/ourodetolo\/wp-content\/uploads\/2016\/03\/IQSC_Fosfoetanolamina_437-15_foto-Cec\u00edlia-Bastos-06-768x512.jpg 768w\" sizes=\"auto, (max-width: 510px) 100vw, 510px\" \/><\/a><\/p>\n<p style=\"text-align: justify;\">Outra coisa que vem chamando muito a aten\u00e7\u00e3o desde o ano passado \u00e9 a tal fosfoetanolamina (acima). Para quem nunca ouviu falar esse &#8216;palavr\u00e3o&#8217;, \u00e9 a tal \u2018\u2019droga da Usp\u2019\u2019. \u00c9 dif\u00edcil falar sobre isso, \u00e9 dif\u00edcil voc\u00ea ter uma rotina na qual convive com pessoas deitadas em cima de uma cama quase sem esperan\u00e7a, \u00e9 dif\u00edcil voc\u00ea ir a uma sala de quimioterapia e ao inv\u00e9s de ver mais rostos felizes pelo tratamento, voc\u00ea ver mais rostos tristes com a dor que \u00e9 passar por isso, a dor que \u00e9 perder os cabelos, os efeitos colaterais.<\/p>\n<p style=\"text-align: justify;\">\u00c9 dif\u00edcil voc\u00ea pedir a uma pessoa com c\u00e2ncer que espere. Mas \u00e9 justamente isso que venho pedir hoje. Espere.<\/p>\n<p style=\"text-align: justify;\">A fosfoetanolamina \u00e9 um composto produzido pelo Prof. Dr. Gilberto Orivaldo Chierice. O citado professor j\u00e1 trabalhou no grupo de qu\u00edmica anal\u00edtica da Usp e sem d\u00favida \u00e9 muito capacitado. Mas os estudos que ele desenvolveu foram de forma independente, j\u00e1 aposentado.<\/p>\n<p style=\"text-align: justify;\">Al\u00e9m disso, os relat\u00f3rios dos estudos destinados a testar a efic\u00e1cia da \u2018\u2019p\u00edlula da Usp\u2019\u2019 n\u00e3o foram positivos. Os efeitos em melanoma (c\u00e2ncer de pele muito agressivo) e c\u00e2ncer de p\u00e2ncreas podem at\u00e9 serem considerados significativos, mas s\u00e3o menores em rela\u00e7\u00e3o aos quimioter\u00e1picos cl\u00e1ssicos. Todo o estudo tem fase de testes e a fosfoetanolamina ainda n\u00e3o tem um teste cl\u00ednico que comprove seu efeito.<\/p>\n<p style=\"text-align: justify;\"><a href=\"http:\/\/www.pedromigao.com.br\/ourodetolo\/?attachment_id=40902\" rel=\"attachment wp-att-40902\"><img loading=\"lazy\" decoding=\"async\" class=\"alignleft wp-image-40902 size-medium\" src=\"http:\/\/www.pedromigao.com.br\/ourodetolo\/wp-content\/uploads\/2016\/03\/fosfoetanolamina-cura-cancer-300x200.jpg\" alt=\"\" width=\"300\" height=\"200\" srcset=\"http:\/\/www.pedromigao.com.br\/ourodetolo\/wp-content\/uploads\/2016\/03\/fosfoetanolamina-cura-cancer-300x200.jpg 300w, http:\/\/www.pedromigao.com.br\/ourodetolo\/wp-content\/uploads\/2016\/03\/fosfoetanolamina-cura-cancer.jpg 500w\" sizes=\"auto, (max-width: 300px) 100vw, 300px\" \/><\/a>E, se isso n\u00e3o ocorre, a distribui\u00e7\u00e3o de medicamentos \u00e9 vetada pela ANVISA e pelo Minist\u00e9rio da Sa\u00fade. E a\u00ed gira uma pol\u00eamica muito grande, porque v\u00e1rias pessoas tiveram acesso \u00e0 subst\u00e2ncia e afirmaram ter melhorado em rela\u00e7\u00e3o a doen\u00e7a.<\/p>\n<p style=\"text-align: justify;\">Pode at\u00e9 ser verdade, mas \u00e9 irrespons\u00e1vel e, ao contr\u00e1rio do que se pensa, n\u00e3o \u00e9 um ato de amor, voc\u00ea dar a um ente querido uma subst\u00e2ncia que n\u00e3o tem efeito cientificamente comprovado. \u00c9 um ato de loucura, e apesar disso, eu entendo as pessoas que o fazem, porque quando o c\u00e2ncer chega a uma fase mais agressiva, de met\u00e1stase, voc\u00ea sabe que a pessoa est\u00e1 perdendo a batalha.<\/p>\n<p style=\"text-align: justify;\">\u00c9 uma quest\u00e3o complicada, s\u00e3o decis\u00f5es dif\u00edceis. Mas a decis\u00e3o que me parece melhor \u00e9 esperar e claro, sem nunca perder a esperan\u00e7a que novos tratamentos ser\u00e3o desenvolvidos e cada vez mais eficazes. A dica que eu deixo \u00e9 a preven\u00e7\u00e3o. Muitos tipos de c\u00e2ncer podem ser evitados com exerc\u00edcios, alimenta\u00e7\u00e3o balanceada, exames de rotina como mamografia, endoscopia, preventivo, entre outros. Al\u00e9m disso, quanto mais cedo for a detec\u00e7\u00e3o do c\u00e2ncer, maior a chance de cura e sobrevida.<\/p>\n<p style=\"text-align: justify;\">A preven\u00e7\u00e3o ainda \u00e9 a nossa melhor aliada nessa luta.<\/p>\n<p style=\"text-align: justify;\"><strong>Imagens: Lojas Americanas, USP e Proteste<\/strong><\/p>\n","protected":false},"excerpt":{"rendered":"<p>Antes de eu nascer, meu av\u00f4 por parte de m\u00e3e faleceu. Relativamente jovem, antes dos 60 anos. Algumas pessoas, ou melhor, muitas, v\u00e3o se identificarTour Details<\/p>\n","protected":false},"author":45,"featured_media":0,"comment_status":"open","ping_status":"open","sticky":false,"template":"","format":"standard","meta":{"footnotes":""},"categories":[1150],"tags":[3,4,6],"class_list":["post-40899","post","type-post","status-publish","format-standard","hentry","category-setentrional","tag-medicina","tag-saude","tag-vida-cotidiana"],"_links":{"self":[{"href":"http:\/\/www.pedromigao.com.br\/ourodetolo\/wp-json\/wp\/v2\/posts\/40899","targetHints":{"allow":["GET"]}}],"collection":[{"href":"http:\/\/www.pedromigao.com.br\/ourodetolo\/wp-json\/wp\/v2\/posts"}],"about":[{"href":"http:\/\/www.pedromigao.com.br\/ourodetolo\/wp-json\/wp\/v2\/types\/post"}],"author":[{"embeddable":true,"href":"http:\/\/www.pedromigao.com.br\/ourodetolo\/wp-json\/wp\/v2\/users\/45"}],"replies":[{"embeddable":true,"href":"http:\/\/www.pedromigao.com.br\/ourodetolo\/wp-json\/wp\/v2\/comments?post=40899"}],"version-history":[{"count":0,"href":"http:\/\/www.pedromigao.com.br\/ourodetolo\/wp-json\/wp\/v2\/posts\/40899\/revisions"}],"wp:attachment":[{"href":"http:\/\/www.pedromigao.com.br\/ourodetolo\/wp-json\/wp\/v2\/media?parent=40899"}],"wp:term":[{"taxonomy":"category","embeddable":true,"href":"http:\/\/www.pedromigao.com.br\/ourodetolo\/wp-json\/wp\/v2\/categories?post=40899"},{"taxonomy":"post_tag","embeddable":true,"href":"http:\/\/www.pedromigao.com.br\/ourodetolo\/wp-json\/wp\/v2\/tags?post=40899"}],"curies":[{"name":"wp","href":"https:\/\/api.w.org\/{rel}","templated":true}]}}