{"id":40861,"date":"2016-03-20T08:58:47","date_gmt":"2016-03-20T11:58:47","guid":{"rendered":"http:\/\/www.pedromigao.com.br\/ourodetolo\/?p=40861"},"modified":"2016-03-19T16:50:03","modified_gmt":"2016-03-19T19:50:03","slug":"ninguem-e-dono-da-minha-voz","status":"publish","type":"post","link":"http:\/\/www.pedromigao.com.br\/ourodetolo\/2016\/03\/ninguem-e-dono-da-minha-voz\/","title":{"rendered":"Ningu\u00e9m \u00e9 Dono da Minha Voz"},"content":{"rendered":"<p style=\"text-align: justify;\">Uma das semanas mais longas do Brasil chegou ao fim.<\/p>\n<p style=\"text-align: justify;\">Come\u00e7ou domingo passado, com as maiores manifesta\u00e7\u00f5es que esse pa\u00eds j\u00e1 viu. Mais de seis milh\u00f5es de pessoas foram as ruas pedir o impeachment da \u00a0Presidente Dilma e o combate \u00e0 corrup\u00e7\u00e3o.<\/p>\n<p style=\"text-align: justify;\">De l\u00e1 para c\u00e1 tivemos o epis\u00f3dio da bab\u00e1, A\u00e9cio vaiado, Lula Ministro, grampo telef\u00f4nico, Lula deixando de ser Ministro, manifesta\u00e7\u00f5es a favor do governo maiores que esperadas, OAB a favor do impeachment, Gilmar Mendes devolvendo o caso Lula para Moro, Lula fazendo discurso contundente, Flamengo perdendo pro Confian\u00e7a&#8230; Ufa, acabou a semana.<\/p>\n<p style=\"text-align: justify;\">Mas as coisas est\u00e3o muito longe de se acalmarem.<\/p>\n<p><iframe loading=\"lazy\" title=\"Mercedes Sosa y Victor Jara - Deja la vida volar (Cosquin 2008)\" width=\"525\" height=\"394\" src=\"https:\/\/www.youtube.com\/embed\/21Poc6pA9a0?feature=oembed\" frameborder=\"0\" allow=\"accelerometer; autoplay; clipboard-write; encrypted-media; gyroscope; picture-in-picture; web-share\" referrerpolicy=\"strict-origin-when-cross-origin\" allowfullscreen><\/iframe><\/p>\n<p style=\"text-align: justify;\">Pelo contr\u00e1rio, a situa\u00e7\u00e3o no Brasil piora a cada dia de forma irrespons\u00e1vel e de todos os lados. Lula \u00e9 irrespons\u00e1vel falando em &#8220;incendiar o pa\u00eds&#8221; e insuflando a massa contra institui\u00e7\u00f5es e m\u00eddia. Dilma \u00e9 irrespons\u00e1vel ao deixar de lado o fato de ser presidente (Foi um dia?) e cada vez mais ser pol\u00edtica partid\u00e1ria. Moro \u00e9 irrespons\u00e1vel ao politizar suas a\u00e7\u00f5es e a m\u00eddia em escolher claramente um lado, provocando \u00f3dio.<\/p>\n<p style=\"text-align: justify;\">\u00d3dio. Essa \u00e9 a palavra da vez. Eu j\u00e1 tinha escrito colunas aqui falando do sentimento de \u00f3dio que se espalha pelo pa\u00eds e agora ele tomou conta de vez. O Brasil virou uma imensa comunidade carioca onde voc\u00ea pode apanhar ou at\u00e9 sofrer viol\u00eancia maior dependendo da cor que veste. \u00c9 a briga Terceiro Comando x Comando Vermelho ganhando a na\u00e7\u00e3o.<\/p>\n<p style=\"text-align: justify;\">Amigos desfizeram amizades, pessoas foram agredidas na rua. O caos est\u00e1 se instalando debaixo dos olhos de quem age como irrespons\u00e1vel e n\u00e3o v\u00ea que as consequ\u00eancias podem ser ainda piores. N\u00e3o acho que v\u00e1 chegar a uma guerra civil, mas n\u00e3o duvido que v\u00e1 morrer gente.<\/p>\n<p style=\"text-align: justify;\"><a href=\"http:\/\/www.pedromigao.com.br\/ourodetolo\/?attachment_id=40862\" rel=\"attachment wp-att-40862\"><img loading=\"lazy\" decoding=\"async\" class=\"aligncenter size-full wp-image-40862\" src=\"http:\/\/www.pedromigao.com.br\/ourodetolo\/wp-content\/uploads\/2016\/03\/manifesta\u00e7\u00e3o.jpg\" alt=\"manifesta\u00e7\u00e3o\" width=\"480\" height=\"480\" srcset=\"http:\/\/www.pedromigao.com.br\/ourodetolo\/wp-content\/uploads\/2016\/03\/manifesta\u00e7\u00e3o.jpg 480w, http:\/\/www.pedromigao.com.br\/ourodetolo\/wp-content\/uploads\/2016\/03\/manifesta\u00e7\u00e3o-150x150.jpg 150w, http:\/\/www.pedromigao.com.br\/ourodetolo\/wp-content\/uploads\/2016\/03\/manifesta\u00e7\u00e3o-300x300.jpg 300w, http:\/\/www.pedromigao.com.br\/ourodetolo\/wp-content\/uploads\/2016\/03\/manifesta\u00e7\u00e3o-340x340.jpg 340w\" sizes=\"auto, (max-width: 480px) 100vw, 480px\" \/><\/a>Os dois lados dizem &#8220;n\u00e3o vai ter golpe&#8221; e n\u00e3o percebem que o golpe j\u00e1 foi dado.\u00a0Estamos vivendo a ditadura do pensamento.<\/p>\n<p style=\"text-align: justify;\">Hoje temos que pensar um milh\u00e3o de vezes antes de dar uma opini\u00e3o, apenas opini\u00e3o sobre qualquer coisa. O simples fato de em alguns assuntos discordar de uma maioria tomada pelo \u00f3dio faz com que atraia os maiores xingamentos e ofensas. Eu li e vi v\u00e1rios casos desses e mesmo buscando ser comedido e precavido por toda situa\u00e7\u00e3o que ocorre j\u00e1 fui ofendido s\u00f3 porque disse que a Dilma devia renunciar j\u00e1 que n\u00e3o lhe deixam governar. <em>[1]<\/em><\/p>\n<p style=\"text-align: justify;\">Mas que democracia \u00e9 essa que n\u00e3o sabe conviver com o diferente? \u00a0Que agride por cor de camisa ou n\u00e3o respeita a opini\u00e3o contr\u00e1ria? A gente adora a democracia quando pensam igual a gente. Mas quando pensam contra \u00e9 um coxinha de elite que quer escravizar bab\u00e1s ou petralha bandido que se vende por p\u00e3o com mortadela. Ser\u00e1 que \u00e9 t\u00e3o dif\u00edcil pensar <em>&#8220;O cara pensa diferente de mim, mas \u00e9 gente boa&#8221;<\/em>?<\/p>\n<p style=\"text-align: justify;\"><a href=\"http:\/\/www.pedromigao.com.br\/ourodetolo\/?attachment_id=40863\" rel=\"attachment wp-att-40863\"><img loading=\"lazy\" decoding=\"async\" class=\"aligncenter size-large wp-image-40863\" src=\"http:\/\/www.pedromigao.com.br\/ourodetolo\/wp-content\/uploads\/2016\/03\/lei-da-mordaca-550x273.jpg\" alt=\"lei-da-mordaca\" width=\"550\" height=\"273\" srcset=\"http:\/\/www.pedromigao.com.br\/ourodetolo\/wp-content\/uploads\/2016\/03\/lei-da-mordaca-550x273.jpg 550w, http:\/\/www.pedromigao.com.br\/ourodetolo\/wp-content\/uploads\/2016\/03\/lei-da-mordaca-300x149.jpg 300w, http:\/\/www.pedromigao.com.br\/ourodetolo\/wp-content\/uploads\/2016\/03\/lei-da-mordaca.jpg 600w\" sizes=\"auto, (max-width: 550px) 100vw, 550px\" \/><\/a>J\u00e1 vivemos uma ditadura. J\u00e1 vivemos em um pa\u00eds que s\u00f3 podemos soltar a voz se for para concordar com a maioria.<\/p>\n<p style=\"text-align: justify;\">S\u00f3 que eu sou chato, eu n\u00e3o aceito isso. Muitos morreram para que eu tivesse voz, liberdade de express\u00e3o e nunca na minha vida irei abrir m\u00e3o dela. Poucas coisas para mim tem tanta import\u00e2ncia quanto meu direito de falar, questionar, reclamar, discordar e concordar ou pedir desculpas quando necess\u00e1rio. N\u00e3o vou deixar nunca ningu\u00e9m pensar por mim. Nunca ningu\u00e9m falar por mim.<\/p>\n<p style=\"text-align: justify;\">Mesmo que a gente viva em uma era vigiada. Em que tudo o que falamos em redes sociais podem provocar celeumas ou voltar contra n\u00f3s. Seja defendendo uma posi\u00e7\u00e3o ideol\u00f3gica ou mesmo uma piada.<\/p>\n<p style=\"text-align: justify;\">Passei por duas situa\u00e7\u00f5es assim . Da ditadura do pensamento. Da ditadura do politicamente correto.<\/p>\n<p><iframe loading=\"lazy\" title=\"Enredo &quot;Hoje \u00e9 dia de Ivete&quot;: Ivete Sangalo na Grande Rio Carnaval 2017\" width=\"525\" height=\"295\" src=\"https:\/\/www.youtube.com\/embed\/4vedUiCmI2M?feature=oembed\" frameborder=\"0\" allow=\"accelerometer; autoplay; clipboard-write; encrypted-media; gyroscope; picture-in-picture; web-share\" referrerpolicy=\"strict-origin-when-cross-origin\" allowfullscreen><\/iframe><\/p>\n<p style=\"text-align: justify;\">Quando a Grande Rio anunciou a homenagem a Ivete Sangalo, brinquei no Facebook que a Na\u00e7\u00e3o Insulana homenagearia \u00c9 o Tchan e fiz par\u00f3dia em cima de versos do samba da Imperatriz em homenagem a Zez\u00e9 di Camargo &amp; Luciano.<\/p>\n<p style=\"text-align: justify;\">Pois bem. Na festa da vit\u00f3ria da Na\u00e7\u00e3o vieram reclamar dizendo que uma das maiores apoiadoras da Na\u00e7\u00e3o \u00e9 a irm\u00e3 do mestre de bateria da Grande Rio Thiago Diogo (os dois s\u00e3o muito bacanas pro sinal) e isso poderia prejudicar a escola. Uma simples piada,uma brincadeira que junto com outras coisas me faz hoje repensar meu futuro na escola sendo que o mais importante nela eu j\u00e1 fiz: fundar, juntar um grupo bom na agremia\u00e7\u00e3o e tirar do grupo E.<\/p>\n<p style=\"text-align: justify;\">A outra quest\u00e3o ocorreu no carnaval e se definiu semana passada..<\/p>\n<p><iframe loading=\"lazy\" title=\"Uni\u00e3o de Jacarepagu\u00e1 2016 - Desfile oficial (09\/02\/2016)\" width=\"525\" height=\"295\" src=\"https:\/\/www.youtube.com\/embed\/uv5qKjeinQY?feature=oembed\" frameborder=\"0\" allow=\"accelerometer; autoplay; clipboard-write; encrypted-media; gyroscope; picture-in-picture; web-share\" referrerpolicy=\"strict-origin-when-cross-origin\" allowfullscreen><\/iframe><\/p>\n<p style=\"text-align: justify;\">Fiz a cobertura do carnaval para o SRZD e na ter\u00e7a de carnaval fui designado para acompanhar o grupo B. Tudo isso sem receber nada, como colaborador do site. Assisti a todo grupo B sem receber nada pra isso, com todo o atraso que teve nos desfiles e o calor insuport\u00e1vel que fazia na Intendente. Dei no fim o pr\u00eamio a uma escola e dois dias depois soube que uma segunda escola tamb\u00e9m tinha recebido pr\u00eamio no grupo, sendo que esse pr\u00eamio n\u00e3o foi dado por ningu\u00e9m que havia acompanhado os desfiles.<\/p>\n<p style=\"text-align: justify;\">Perguntei internamente o porqu\u00ea do pr\u00eamio e ao menos o porqu\u00ea de eu, que estava presente ao desfile do Grupo B, n\u00e3o ter sido avisado dele e sabido apenas por amigos. Fui solenemente ignorado. Sem citar nomes ou o site lamentei no twitter ter me sacrificado no desfile do B e um pr\u00eamio ser dado em gabinete. Por causa desse tweet fui suspenso.<\/p>\n<p style=\"text-align: justify;\">Fiquei contrariado, mas aceitei. Com o tempo descobri que os meus blogs foram retirados do ar (fui a pessoa que mais escreveu pro site em 2015) e tudo o que tinha feito no site em um ano e dois meses retirado. Todo o trabalho feito nos ensaios t\u00e9cnicos (onde n\u00e3o faltei um) e voltando de madrugada para casa. Todo o trabalho dos dias de desfile. Tudo retirado sem me falarem como um p\u00e1ria, algu\u00e9m com uma doen\u00e7a contagiosa.<\/p>\n<p style=\"text-align: justify;\">Quarenta dias depois da suspens\u00e3o e sem receber nenhuma satisfa\u00e7\u00e3o da minha situa\u00e7\u00e3o no site pedi desligamento. Tenho hist\u00f3ria no carnaval, hist\u00f3ria grande muito antes de entrar pro site. N\u00e3o preciso disso.<\/p>\n<p><iframe loading=\"lazy\" title=\"Discurso do jornalista Sidney Rezende no Pr\u00eamio SRZD-Carnaval 2016\" width=\"525\" height=\"295\" src=\"https:\/\/www.youtube.com\/embed\/tzJ439tHMxo?feature=oembed\" frameborder=\"0\" allow=\"accelerometer; autoplay; clipboard-write; encrypted-media; gyroscope; picture-in-picture; web-share\" referrerpolicy=\"strict-origin-when-cross-origin\" allowfullscreen><\/iframe><\/p>\n<p style=\"text-align: justify;\">Curioso porque no dia da festa do site, eu j\u00e1 suspenso por algo que escrevi em minha rede social sem citar o nome do mesmo, o competente e grande jornalista dono do SRZD, a quem mantenho admira\u00e7\u00e3o e respeito, disse que a Globo n\u00e3o mandava no carnaval e no pa\u00eds. Ele, que foi demitido da empresa e acha que foi injusti\u00e7ado pela mesma, puniu um colaborador por um desabafo em rede social.<\/p>\n<p style=\"text-align: justify;\">Soa incoerente, fazer com algu\u00e9m o que fizeram com ele. A tal ditadura do pensamento que eu falei na coluna toda.<\/p>\n<p style=\"text-align: justify;\">Mas a verdade \u00e9 que quem pensa, quem consegue refletir &#8220;fora da caixinha&#8221; sempre sofre as consequ\u00eancias. Se eu tiver que vestir verde, amarelo ou vermelho eu vou, se tiver que criticar o Lula ou o Moro eu vou, se eu achar que todos ficaram loucos e est\u00e3o agindo como babacas transformando o Brasil em um Fla x Flu que nem disputado mais no Rio \u00e9 eu vou. Se eu achar que todos viraram marionetes de gente que est\u00e1 rindo disso tudo com o bolso cheio de dinheiro eu vou.<\/p>\n<p style=\"text-align: justify;\">E sempre que eu achar que fui injusti\u00e7ado irei soltar minha voz. Eu irei gritar.\u00a0Porque se a Globo n\u00e3o \u00e9 dona do carnaval e nem do pa\u00eds&#8230;<\/p>\n<p style=\"text-align: justify;\">&#8230; Ningu\u00e9m \u00e9 dono da minha voz!!!<\/p>\n<p style=\"text-align: justify;\">Twitter &#8211; @aloisiovillar<\/p>\n<p style=\"text-align: justify;\">Facebook &#8211; Aloisio Villar<\/p>\n<p style=\"text-align: justify;\"><em>[N.do.E.: eu estou temporariamente afastado das redes sociais justamente devido a este desrespeito de opini\u00f5es. PM]<\/em><\/p>\n","protected":false},"excerpt":{"rendered":"<p>Uma das semanas mais longas do Brasil chegou ao fim. Come\u00e7ou domingo passado, com as maiores manifesta\u00e7\u00f5es que esse pa\u00eds j\u00e1 viu. Mais de seisTour Details<\/p>\n","protected":false},"author":8,"featured_media":0,"comment_status":"open","ping_status":"open","sticky":false,"template":"","format":"standard","meta":{"footnotes":""},"categories":[8],"tags":[33,24,566,27],"class_list":["post-40861","post","type-post","status-publish","format-standard","hentry","category-orun-aye","tag-jornalismo","tag-politica","tag-redes-sociais","tag-sociedade"],"_links":{"self":[{"href":"http:\/\/www.pedromigao.com.br\/ourodetolo\/wp-json\/wp\/v2\/posts\/40861","targetHints":{"allow":["GET"]}}],"collection":[{"href":"http:\/\/www.pedromigao.com.br\/ourodetolo\/wp-json\/wp\/v2\/posts"}],"about":[{"href":"http:\/\/www.pedromigao.com.br\/ourodetolo\/wp-json\/wp\/v2\/types\/post"}],"author":[{"embeddable":true,"href":"http:\/\/www.pedromigao.com.br\/ourodetolo\/wp-json\/wp\/v2\/users\/8"}],"replies":[{"embeddable":true,"href":"http:\/\/www.pedromigao.com.br\/ourodetolo\/wp-json\/wp\/v2\/comments?post=40861"}],"version-history":[{"count":0,"href":"http:\/\/www.pedromigao.com.br\/ourodetolo\/wp-json\/wp\/v2\/posts\/40861\/revisions"}],"wp:attachment":[{"href":"http:\/\/www.pedromigao.com.br\/ourodetolo\/wp-json\/wp\/v2\/media?parent=40861"}],"wp:term":[{"taxonomy":"category","embeddable":true,"href":"http:\/\/www.pedromigao.com.br\/ourodetolo\/wp-json\/wp\/v2\/categories?post=40861"},{"taxonomy":"post_tag","embeddable":true,"href":"http:\/\/www.pedromigao.com.br\/ourodetolo\/wp-json\/wp\/v2\/tags?post=40861"}],"curies":[{"name":"wp","href":"https:\/\/api.w.org\/{rel}","templated":true}]}}