{"id":40776,"date":"2016-03-24T06:56:51","date_gmt":"2016-03-24T09:56:51","guid":{"rendered":"http:\/\/www.pedromigao.com.br\/ourodetolo\/?p=40776"},"modified":"2016-03-24T09:57:40","modified_gmt":"2016-03-24T12:57:40","slug":"justificando-o-injustificavel-2016-harmonia","status":"publish","type":"post","link":"http:\/\/www.pedromigao.com.br\/ourodetolo\/2016\/03\/justificando-o-injustificavel-2016-harmonia\/","title":{"rendered":"Justificando o Injustific\u00e1vel 2016: Harmonia"},"content":{"rendered":"<p style=\"text-align: justify;\">Hoje \u00e9 vez de examinarmos o &#8220;quesito da comunidade&#8221;. Acredito que em nenhum outro quesito os componentes da escola deveriam ser mais exigidos e avaliados do que Harmonia. \u00c9 por causa dele que as escolas exigem que seus componentes ensaiem exaustivamente 2, 3 ou at\u00e9 4 vezes por semana por 2 ou 3 horas a fio cantando o samba do ano da escola.<\/p>\n<p style=\"text-align: justify;\">Mas a comunidade \u00e9 realmente um fator chave em harmonia? N\u00e3o sei. Mais uma vez reitero a cr\u00edtica que fiz ano passado aos pontos de avalia\u00e7\u00e3o deste quesito no Manual do Julgador da LIESA. Vejamos o que o julgador deve considerar(\u00e9 o mesmo texto do ano passado):<\/p>\n<p style=\"text-align: justify;\"><em>\u2013 a perfeita igualdade do canto do samba-enredo, pelos componentes da Escola, em conson\u00e2ncia com o \u201cPuxador\u201d (cantor int\u00e9rprete do samba) e a manuten\u00e7\u00e3o de sua tonalidade;<\/em><\/p>\n<p style=\"text-align: justify;\"><em>\u2013 o canto do samba-enredo, pela totalidade da escola;<\/em><\/p>\n<p style=\"text-align: justify;\"><em>\u2013 a harmonia do samba.<\/em><\/p>\n<p style=\"text-align: justify;\"><a href=\"http:\/\/www.pedromigao.com.br\/ourodetolo\/2016\/03\/justificando-o-injustificavel-2016-harmonia\/20160208_052838\/\" rel=\"attachment wp-att-40915\"><img loading=\"lazy\" decoding=\"async\" class=\"alignleft size-medium wp-image-40915\" src=\"http:\/\/www.pedromigao.com.br\/ourodetolo\/wp-content\/uploads\/2016\/03\/20160208_052838-300x169.jpg\" alt=\"20160208_052838\" width=\"300\" height=\"169\" srcset=\"http:\/\/www.pedromigao.com.br\/ourodetolo\/wp-content\/uploads\/2016\/03\/20160208_052838-300x169.jpg 300w, http:\/\/www.pedromigao.com.br\/ourodetolo\/wp-content\/uploads\/2016\/03\/20160208_052838-768x432.jpg 768w, http:\/\/www.pedromigao.com.br\/ourodetolo\/wp-content\/uploads\/2016\/03\/20160208_052838-550x309.jpg 550w\" sizes=\"auto, (max-width: 300px) 100vw, 300px\" \/><\/a>O que \u00e9 exatamente a harmonia do samba?\u00a0 \u00c9 a harmonia dos instrumentos? \u00c9 a clareza da dic\u00e7\u00e3o? O som das cordas? Nessa indefini\u00e7\u00e3o acabam ocorrendo descontos pol\u00eamicos.<\/p>\n<p style=\"text-align: justify;\">Principalmente, os descontos ocorrem em cima dos profissionais do carro de som, diminuindo ainda mais o j\u00e1 pequeno espa\u00e7o que os componentes da escola ocupam na defini\u00e7\u00e3o da campe\u00e3 do carnaval. Est\u00e1 errado do ponto de vista dos pontos de avalia\u00e7\u00e3o? N\u00e3o. Esse modelo que se desconta o carro de som em harmonia \u00e9 o ideal? Essa \u00e9 o ponto que deve ser discutido.<\/p>\n<p style=\"text-align: justify;\">O pior a se discutir \u00e9: at\u00e9 que ponto o &#8220;problema&#8221; no carro e som \u00e9 da escola ou da equipe de som da LIESA? Se o problema for da equipe do som da LIESA, ele n\u00e3o poderia ser descontado.<\/p>\n<p style=\"text-align: justify;\">Outra: em v\u00e1rias entrevistas no passado, dirigentes da LIESA j\u00e1 disseram que o julgador s\u00f3 pode julgar o que ele v\u00ea e ouve na sua frente. Por essa l\u00f3gica, ele s\u00f3 poderia descontar o carro de som, especialmente os instrumentos, quando o mesmo passasse em frente ao seu m\u00f3dulo, mas v\u00e1rias vezes os julgadores vez claramente descontaram de acordo com o que ouviram na caixa de som do Samb\u00f3dromo. Pode descontar isso? A LIESA poderia esclarecer nos futuros cadernos de julgamento.<\/p>\n<p style=\"text-align: justify;\">Vejamos abaixo o que este quesito nos reservou neste 2016.<\/p>\n<p style=\"text-align: justify;\"><strong>M\u00f3dulo 1<\/strong><\/p>\n<p style=\"text-align: justify;\">Julgador: Humberto Fajardo<\/p>\n<p style=\"text-align: justify;\"><strong>Notas:<\/strong><\/p>\n<ul>\n<li style=\"text-align: justify;\">Est\u00e1cio &#8211; 9.7<\/li>\n<li style=\"text-align: justify;\">Uni\u00e3o da Ilha &#8211; 9.8<\/li>\n<li style=\"text-align: justify;\">Beija-Flor &#8211; 10<\/li>\n<li style=\"text-align: justify;\">Grande Rio &#8211; 9.9<\/li>\n<li style=\"text-align: justify;\">Mocidade &#8211; 9.8<\/li>\n<li style=\"text-align: justify;\">Unidos da Tijuca &#8211; 10<\/li>\n<li style=\"text-align: justify;\">Vila Isabel &#8211; 9.8<\/li>\n<li style=\"text-align: justify;\">Salgueiro &#8211; 10<\/li>\n<li style=\"text-align: justify;\">S\u00e3o Clemente &#8211; 9.8<\/li>\n<li style=\"text-align: justify;\">Portela &#8211; 10<\/li>\n<li style=\"text-align: justify;\">Imperatriz &#8211; 10<\/li>\n<li style=\"text-align: justify;\">Mangueira &#8211; 10<\/li>\n<\/ul>\n<p style=\"text-align: justify;\">Fajardo descontou v\u00e1rias escolas por canto do samba embolado, sem clara dic\u00e7\u00e3o: Est\u00e1cio, Ilha, Grande Rio e Vila Isabel. Em todas elas apontou o trecho, ou os trechos no caso de Est\u00e1cio, Vila e Grande Rio.<\/p>\n<p style=\"text-align: justify;\"><a href=\"http:\/\/www.pedromigao.com.br\/ourodetolo\/2016\/02\/especial-onde-se-ganhou-e-perdeu-o-carnaval\/20160208_022036\/\" rel=\"attachment wp-att-40472\"><img loading=\"lazy\" decoding=\"async\" class=\"alignright size-medium wp-image-40472\" src=\"http:\/\/www.pedromigao.com.br\/ourodetolo\/wp-content\/uploads\/2016\/02\/20160208_022036-300x169.jpg\" alt=\"20160208_022036\" width=\"300\" height=\"169\" srcset=\"http:\/\/www.pedromigao.com.br\/ourodetolo\/wp-content\/uploads\/2016\/02\/20160208_022036-300x169.jpg 300w, http:\/\/www.pedromigao.com.br\/ourodetolo\/wp-content\/uploads\/2016\/02\/20160208_022036-768x432.jpg 768w, http:\/\/www.pedromigao.com.br\/ourodetolo\/wp-content\/uploads\/2016\/02\/20160208_022036-550x309.jpg 550w\" sizes=\"auto, (max-width: 300px) 100vw, 300px\" \/><\/a>J\u00e1 para a Mocidade ele justificou que <em>&#8220;Houve falta de harmonia entre o canto e a bateria prejudicando a execu\u00e7\u00e3o do samba. A execu\u00e7\u00e3o do samba pelas cordas destoou tanto harmonicamente quanto esteticamente&#8221;<\/em>.<\/p>\n<p style=\"text-align: justify;\">O julgador \u00e9 regente de corais, mas para mim, leigo, essa justificativa deveria ser mais explicativa. Primeiro: qual o motivo pela falta de harmonia entre o canto e a bateria? Segundo: em que as cordas destoaram? Da forma justificada, ficou muito vaga. Ficou parecendo o j\u00e1 famoso &#8220;quis tirar d\u00e9cimo&#8221;.<\/p>\n<p style=\"text-align: justify;\">Mas aqui j\u00e1 temos o primeiro exemplo de puni\u00e7\u00e3o por causa do carro de som. Houve outras tr\u00eas. Comentaremos cada uma delas abaixo.<\/p>\n<p style=\"text-align: justify;\">Primeiro, a Vila Isabel: <em>&#8220;Durante toda a passagem pelo m\u00f3dulo o puxador principal utilizou excesso de ornamentos (&#8220;cacos&#8221;) prejudicando a execu\u00e7\u00e3o do samba.&#8221;<\/em> \u00c9 o segundo ano consecutivo que Fajardo pune Igor Sorriso pelo mesmo motivo.<\/p>\n<p style=\"text-align: justify;\">Ano passado ao menos, junto com ele foram Gilsinho, Emerson Dias e Tinga. J\u00e1 esse ano Sorriso foi o \u00fanico puxador penalizado por este motivo nas notas de Fajardo.<\/p>\n<p style=\"text-align: justify;\">Segundo,\u00a0a Est\u00e1cio: <em>&#8220;Durante passagem pelo m\u00f3dulo o canto dos puxadores n\u00e3o apresentou clareza. O puxador auxiliar sobressaiu-se excessivamente nos trechos a seguir prejudicando a din\u00e2mica do canto &#8216;a p\u00e9 eu vou&#8217;, &#8216;nesta legi\u00e3o&#8217;, &#8216;miss\u00e3o&#8217;, &#8216;nasceu&#8217;, &#8216;amanheceu'&#8221;<\/em>. Ou seja, a rouquid\u00e3o extrema do Wander custou d\u00e9cimo \u00e0 Est\u00e1cio.<\/p>\n<p style=\"text-align: justify;\">Por fim, a Ilha: <em>&#8220;Em boa parte do samba o viol\u00e3o se sobrep\u00f5e aos demais instrumentos de corda e puxadores&#8221;<\/em>. At\u00e9 que ponto isso realmente ocorreu ou foi um problema de sonoriza\u00e7\u00e3o da avenida?<\/p>\n<p style=\"text-align: justify;\">A \u00fanica escola penalizada por falta de cantos em alas foi a S\u00e3o Clemente.<\/p>\n<p style=\"text-align: justify;\"><strong>M\u00f3dulo 2<\/strong><\/p>\n<p style=\"text-align: justify;\">Julgador: Celia Souto<\/p>\n<p style=\"text-align: justify;\"><strong>Notas<\/strong><\/p>\n<ul>\n<li style=\"text-align: justify;\">Est\u00e1cio &#8211; 9.8<\/li>\n<li style=\"text-align: justify;\">Uni\u00e3o da Ilha &#8211; 9.9<\/li>\n<li style=\"text-align: justify;\">Beija-Flor &#8211; 10<\/li>\n<li style=\"text-align: justify;\">Grande Rio &#8211; 10<\/li>\n<li style=\"text-align: justify;\">Mocidade &#8211; 9.9<\/li>\n<li style=\"text-align: justify;\">Unidos da Tijuca &#8211; 10<\/li>\n<li style=\"text-align: justify;\">Vila Isabel &#8211; 10<\/li>\n<li style=\"text-align: justify;\">Salgueiro &#8211; 10<\/li>\n<li style=\"text-align: justify;\">S\u00e3o Clemente &#8211; 9.9<\/li>\n<li style=\"text-align: justify;\">Portela &#8211; 10<\/li>\n<li style=\"text-align: justify;\">Imperatriz &#8211; 10<\/li>\n<li style=\"text-align: justify;\">Mangueira &#8211; 10<\/li>\n<\/ul>\n<p style=\"text-align: justify;\">Para come\u00e7ar, aquele coment\u00e1rio b\u00e1sico: fora as 3 piores escolas al\u00e9m da S\u00e3o Clemente, a julgadora s\u00f3 deu 10. Foram 8 em 12 poss\u00edveis.<\/p>\n<p style=\"text-align: justify;\"><a href=\"http:\/\/www.pedromigao.com.br\/ourodetolo\/2016\/03\/justificando-o-injustificavel-2016-harmonia\/20160208_234317\/\" rel=\"attachment wp-att-40917\"><img loading=\"lazy\" decoding=\"async\" class=\"alignleft size-medium wp-image-40917\" src=\"http:\/\/www.pedromigao.com.br\/ourodetolo\/wp-content\/uploads\/2016\/03\/20160208_234317-300x169.jpg\" alt=\"20160208_234317\" width=\"300\" height=\"169\" srcset=\"http:\/\/www.pedromigao.com.br\/ourodetolo\/wp-content\/uploads\/2016\/03\/20160208_234317-300x169.jpg 300w, http:\/\/www.pedromigao.com.br\/ourodetolo\/wp-content\/uploads\/2016\/03\/20160208_234317-768x432.jpg 768w, http:\/\/www.pedromigao.com.br\/ourodetolo\/wp-content\/uploads\/2016\/03\/20160208_234317-550x309.jpg 550w\" sizes=\"auto, (max-width: 300px) 100vw, 300px\" \/><\/a>Quanto a justificativa, \u00e0 exce\u00e7\u00e3o da Mocidade, ela registrou que v\u00e1rias alas de todas as escolas despontuadas estavam sem cantar. Por\u00e9m tamb\u00e9m n\u00e3o deixou de justificar problemas nos carros de som.<\/p>\n<p style=\"text-align: justify;\">Para come\u00e7ar, tanto para Est\u00e1cio como para Mocidade ela descontou o &#8220;entrosamento entre ritmo e canto&#8221;. Na Est\u00e1cio ela disse que o conto dos componentes ficou prejudicado por causa do ritmo &#8220;com muita for\u00e7a e acelera\u00e7\u00e3o&#8221;. Realmente a Est\u00e1cio estava com problemas na harmonia e o ritmo estava acelerado, mas \u00e9 uma acelera\u00e7\u00e3o comum para a tradi\u00e7\u00e3o da escola.<\/p>\n<p style=\"text-align: justify;\">Por fim, a justificativa da Mocidade um tanto quanto gen\u00e9rica: <em>&#8220;A escola apresentou partes do samba (canto) com defici\u00eancia de afina\u00e7\u00e3o e entrosamento entre ritmo e melodia. Int\u00e9rprete, componentes e instrumentos n\u00e3o desenvolveram um trabalho com regularidade harm\u00f4nica, mel\u00f3dica e r\u00edtmica.&#8221;<\/em><\/p>\n<p style=\"text-align: justify;\">Nas considera\u00e7\u00f5es finais Celia escreveu que as escolas precisam ter aten\u00e7\u00e3o para n\u00e3o dividir o desfile em antes e depois do carro de som pois quanto mais distantes as alas estiverem do carro de som mais elas <em>&#8220;ter\u00e3o que ouvir e manter o andamento do canto, caso contr\u00e1rio haver\u00e1 uma diferen\u00e7a entre inicio, meio e final do desfile&#8221;<\/em>. Isso faria com que se perceba uma altera\u00e7\u00e3o no andamento e desempenho da escola em rela\u00e7\u00e3o ao canto, que perder a for\u00e7a proposta no in\u00edcio do desfile.<\/p>\n<p style=\"text-align: justify;\">Particularmente, ouso discordar da julgadora. Com as caixas de som esse problema quase n\u00e3o ocorre. Com a experi\u00eancia de desfilante, posso garantir que o final da escola canta menos n\u00e3o pelo motivo citado, mas sim pelo cansa\u00e7o, pois o final da escola s\u00f3 entra na avenida 40 ou 50min ap\u00f3s o inicio do desfile, o que cansa o componente que j\u00e1 precisa estar com toda a fantasia vestida no inicio do desfile da escola.<\/p>\n<p style=\"text-align: justify;\"><strong>M\u00f3dulo 3<\/strong><\/p>\n<p style=\"text-align: justify;\">Julgadora: Miriam Orofino Santos Gomes<\/p>\n<p style=\"text-align: justify;\"><strong>Notas<\/strong><\/p>\n<ul>\n<li style=\"text-align: justify;\">Est\u00e1cio &#8211; 9.7<\/li>\n<li style=\"text-align: justify;\">Uni\u00e3o da Ilha &#8211; 9.8<\/li>\n<li style=\"text-align: justify;\">Beija-Flor &#8211; 10<\/li>\n<li style=\"text-align: justify;\">Grande Rio &#8211; 9.9<\/li>\n<li style=\"text-align: justify;\">Mocidade &#8211; 9.9<\/li>\n<li style=\"text-align: justify;\">Unidos da Tijuca &#8211; 10<\/li>\n<li style=\"text-align: justify;\">Vila Isabel &#8211; 9.9<\/li>\n<li style=\"text-align: justify;\">Salgueiro &#8211; 10<\/li>\n<li style=\"text-align: justify;\">S\u00e3o Clemente &#8211; 10<\/li>\n<li style=\"text-align: justify;\">Portela &#8211; 10<\/li>\n<li style=\"text-align: justify;\">Imperatriz &#8211; 9.9<\/li>\n<li style=\"text-align: justify;\">Mangueira &#8211; 10<\/li>\n<\/ul>\n<p style=\"text-align: justify;\">Desde j\u00e1, um ponto a se comentar: diferentemente do ano passado, no qual s\u00f3 fez isso com a Viradouro, Orofino apontou falta de canto dos componentes em todas as justificativas esse ano.<\/p>\n<p style=\"text-align: justify;\">Por\u00e9m confundiu harmonia com evolu\u00e7\u00e3o. Repetindo um problema do ano passado, ela despontuou Est\u00e1cio e Ilha por falta de vibra\u00e7\u00e3o, &#8220;tenacidade&#8221; e por monotonia.<\/p>\n<p style=\"text-align: justify;\"><a href=\"http:\/\/www.pedromigao.com.br\/ourodetolo\/2016\/03\/justificando-o-injustificavel-2016-harmonia\/20160209_045609\/\" rel=\"attachment wp-att-40918\"><img loading=\"lazy\" decoding=\"async\" class=\"alignright size-medium wp-image-40918\" src=\"http:\/\/www.pedromigao.com.br\/ourodetolo\/wp-content\/uploads\/2016\/03\/20160209_045609-300x169.jpg\" alt=\"20160209_045609\" width=\"300\" height=\"169\" srcset=\"http:\/\/www.pedromigao.com.br\/ourodetolo\/wp-content\/uploads\/2016\/03\/20160209_045609-300x169.jpg 300w, http:\/\/www.pedromigao.com.br\/ourodetolo\/wp-content\/uploads\/2016\/03\/20160209_045609-768x432.jpg 768w, http:\/\/www.pedromigao.com.br\/ourodetolo\/wp-content\/uploads\/2016\/03\/20160209_045609-550x309.jpg 550w\" sizes=\"auto, (max-width: 300px) 100vw, 300px\" \/><\/a>Como j\u00e1 escrevi ano passado, tais caracter\u00edsticas tem a ver com a dan\u00e7a, n\u00e3o com o canto, e n\u00e3o podem ser despontuadas em harmonia. A escola pode vir triste, se todos os componentes cantaram junto com o carro de som em perfeita ordem, a escola n\u00e3o pode ser penalizada em harmonia.<\/p>\n<p style=\"text-align: justify;\">Mais uma vez, a justificativa n\u00e3o fica clara quando ela aponto &#8220;desfile confuso, sem entrosamento&#8221; na Est\u00e1cio de S\u00e1. O que seria confus\u00e3o no quesito harmonia? O \u00fanico cen\u00e1rio que vem vem a cabe\u00e7a \u00e9 a escola cantar partes diferentes do samba ao mesmo tempo, como ocorreu com a Mangueira no ano do Cacique. Eu duvido muito que isso tenha ocorrido no desfile da Est\u00e1cio, que contou com o apoio da caixa de som o tempo inteiro.<\/p>\n<p style=\"text-align: justify;\">Outra justificativa no m\u00ednimo estranha \u00e9 na Est\u00e1cio e na ilha quando ela diz &#8220;Desfile sem flu\u00eancia&#8221;. Eu jurava que a flu\u00eancia era julgada em evolu\u00e7\u00e3o&#8230; Ao menos na Est\u00e1cio ela antecede dizendo que o &#8220;excesso de paradinhas da bateria&#8221; dificultou a flu\u00eancia. Mas onde esse excesso de paradinhas se encaixa nos pontos de julgamento do quesito?<\/p>\n<p style=\"text-align: justify;\">Mais uma vez refor\u00e7o que harmonia precisa ter seu balizamento de julgamento totalmente reformulado e esclarecido.<\/p>\n<p style=\"text-align: justify;\">Na Grande Rio, ela justificou &#8220;Andamento muito acelerado prejudicando o canto&#8221;. Ao menos dessa vez ela justificou que a acelera\u00e7\u00e3o prejudicou o canto (no m\u00f3dulo 1 pelo menos, n\u00e3o houve problemas desse tipo na Grande Rio). J\u00e1 na Imperatriz &#8220;andamento acelerado prejudicando a melodia e dificultando o entendimento da letra do samba&#8221;. Um avan\u00e7o quanto aos absurdos descontos de Portela e Ilha meramente pelo andamento r\u00e1pido do samba.<\/p>\n<p style=\"text-align: justify;\">Quanto a carro de som, esse ano Orofino apenas anotou &#8220;Instrumentos de corda inaud\u00edveis&#8221; na Est\u00e1cio (n\u00e3o seria problema da LIESA mais uma vez?), &#8220;Falta de entrosamento no canto dos puxadores&#8221; na Ilha, &#8220;Falta de entrosamento entre puxadores e bateria&#8221; na Mocidade e &#8220;canto dos puxadores n\u00e3o foi uniforme&#8221; na Vila Isabel.<\/p>\n<p style=\"text-align: justify;\">Orofino tamb\u00e9m usou a acentua\u00e7\u00e3o do canto do refr\u00e3o em rela\u00e7\u00e3o ao resto do samba na Vila Isabel.<\/p>\n<p style=\"text-align: justify;\"><strong>M\u00f3dulo 4<\/strong><\/p>\n<p style=\"text-align: justify;\">Julgador &#8211; Jardel Maia<\/p>\n<p style=\"text-align: justify;\"><strong>Notas<\/strong><\/p>\n<ul>\n<li style=\"text-align: justify;\">Est\u00e1cio &#8211; 9.8<\/li>\n<li style=\"text-align: justify;\">Uni\u00e3o da Ilha &#8211; 9.9<\/li>\n<li style=\"text-align: justify;\">Beija-Flor &#8211; 10<\/li>\n<li style=\"text-align: justify;\">Grande Rio &#8211; 10<\/li>\n<li style=\"text-align: justify;\">Mocidade &#8211; 9.9<\/li>\n<li style=\"text-align: justify;\">Unidos da Tijuca &#8211; 9.9<\/li>\n<li style=\"text-align: justify;\">Vila Isabel &#8211; 9.9<\/li>\n<li style=\"text-align: justify;\">Salgueiro &#8211; 10<\/li>\n<li style=\"text-align: justify;\">S\u00e3o Clemente &#8211; 9.9<\/li>\n<li style=\"text-align: justify;\">Portela &#8211; 10<\/li>\n<li style=\"text-align: justify;\">Imperatriz &#8211; 10<\/li>\n<li style=\"text-align: justify;\">Mangueira &#8211; 10<\/li>\n<\/ul>\n<p style=\"text-align: justify;\">Jardel tem justificativas claras e notas coerentes, por\u00e9m um \u00fanico ponto me incomoda: Jardel foi mais um julgador a justificar a baixa na vibra\u00e7\u00e3o e na empolga\u00e7\u00e3o da Ilha. Como ele s\u00f3 tirou 1 d\u00e9cimo da Ilha e tamb\u00e9m justificou algumas alas sem cantar, a nota n\u00e3o mudaria.<\/p>\n<p style=\"text-align: justify;\">Tamb\u00e9m de notar uma das justificativas da Est\u00e1cio: <em>&#8220;Em torno de 1:16, quando a escola passava pelo m\u00f3dulo os instrumentos (cordas e bateria) se sobrepuseram em rela\u00e7\u00e3o ao canto dos puxadores&#8221;<\/em>. Mais uma vez pergunto se isso n\u00e3o seria um problema do carro de som da LIESA.<\/p>\n<p style=\"text-align: justify;\"><a href=\"http:\/\/www.pedromigao.com.br\/ourodetolo\/2016\/03\/justificando-o-injustificavel-2016-harmonia\/20160208_233457\/\" rel=\"attachment wp-att-40919\"><img loading=\"lazy\" decoding=\"async\" class=\"alignleft size-medium wp-image-40919\" src=\"http:\/\/www.pedromigao.com.br\/ourodetolo\/wp-content\/uploads\/2016\/03\/20160208_233457-300x169.jpg\" alt=\"20160208_233457\" width=\"300\" height=\"169\" srcset=\"http:\/\/www.pedromigao.com.br\/ourodetolo\/wp-content\/uploads\/2016\/03\/20160208_233457-300x169.jpg 300w, http:\/\/www.pedromigao.com.br\/ourodetolo\/wp-content\/uploads\/2016\/03\/20160208_233457-768x432.jpg 768w, http:\/\/www.pedromigao.com.br\/ourodetolo\/wp-content\/uploads\/2016\/03\/20160208_233457-550x309.jpg 550w\" sizes=\"auto, (max-width: 300px) 100vw, 300px\" \/><\/a>Interessante notar que ele penalizou Unidos da Tijuca (Tinga) por excesso de cacos. Al\u00e9m disso ele tamb\u00e9m penalizou Vila Isabel e Mocidade por &#8220;gritos de empolga\u00e7\u00e3o&#8221; em excesso prejudicando o entendimento do samba. N\u00e3o fica claro se o problema seria dos puxadores ou dos componentes, mas duvido que seja a segunda op\u00e7\u00e3o porque \u00e9 quase imposs\u00edvel o julgador ouvir um grito de apenas alguns componentes com o barulho da caixa de som.<\/p>\n<p style=\"text-align: justify;\">Al\u00e9m dos cacos, o carro de som da Tijuca tamb\u00e9m n\u00e3o teve um &#8220;canto claro, uniforme e n\u00edtido&#8221; segundo o julgador.<\/p>\n<p style=\"text-align: justify;\">Finalizando o quesito como um todo, esse ano percebi que todos os julgadores reclamaram de falta de clareza e entendimento do samba em alguma escola mas em praticamente em momento nenhum se especificou qual a parte do samba em que houve o problema. At\u00e9 o ano passado essas indica\u00e7\u00f5es normalmente eram escritas. Isso dificulta at\u00e9 a avalia\u00e7\u00e3o desta coluna quanto a justificativa.<\/p>\n","protected":false},"excerpt":{"rendered":"<p>Hoje \u00e9 vez de examinarmos o &#8220;quesito da comunidade&#8221;. Acredito que em nenhum outro quesito os componentes da escola deveriam ser mais exigidos e avaliadosTour Details<\/p>\n","protected":false},"author":9,"featured_media":0,"comment_status":"open","ping_status":"open","sticky":false,"template":"","format":"standard","meta":{"footnotes":""},"categories":[47],"tags":[18,837,19,867,1133,1149,648],"class_list":["post-40776","post","type-post","status-publish","format-standard","hentry","category-made-in-usa","tag-carnaval","tag-carnaval-2016","tag-escolas-de-samba","tag-julgamento","tag-justificando-o-injustificavel","tag-justificando-o-injustificavel-2016","tag-liesa"],"_links":{"self":[{"href":"http:\/\/www.pedromigao.com.br\/ourodetolo\/wp-json\/wp\/v2\/posts\/40776","targetHints":{"allow":["GET"]}}],"collection":[{"href":"http:\/\/www.pedromigao.com.br\/ourodetolo\/wp-json\/wp\/v2\/posts"}],"about":[{"href":"http:\/\/www.pedromigao.com.br\/ourodetolo\/wp-json\/wp\/v2\/types\/post"}],"author":[{"embeddable":true,"href":"http:\/\/www.pedromigao.com.br\/ourodetolo\/wp-json\/wp\/v2\/users\/9"}],"replies":[{"embeddable":true,"href":"http:\/\/www.pedromigao.com.br\/ourodetolo\/wp-json\/wp\/v2\/comments?post=40776"}],"version-history":[{"count":0,"href":"http:\/\/www.pedromigao.com.br\/ourodetolo\/wp-json\/wp\/v2\/posts\/40776\/revisions"}],"wp:attachment":[{"href":"http:\/\/www.pedromigao.com.br\/ourodetolo\/wp-json\/wp\/v2\/media?parent=40776"}],"wp:term":[{"taxonomy":"category","embeddable":true,"href":"http:\/\/www.pedromigao.com.br\/ourodetolo\/wp-json\/wp\/v2\/categories?post=40776"},{"taxonomy":"post_tag","embeddable":true,"href":"http:\/\/www.pedromigao.com.br\/ourodetolo\/wp-json\/wp\/v2\/tags?post=40776"}],"curies":[{"name":"wp","href":"https:\/\/api.w.org\/{rel}","templated":true}]}}