{"id":40425,"date":"2016-02-22T12:58:24","date_gmt":"2016-02-22T15:58:24","guid":{"rendered":"http:\/\/www.pedromigao.com.br\/ourodetolo\/?p=40425"},"modified":"2020-06-15T19:49:49","modified_gmt":"2020-06-15T22:49:49","slug":"2012-unidos-da-tijuca-comemora-a-coroacao-do-rei-do-sertao","status":"publish","type":"post","link":"http:\/\/www.pedromigao.com.br\/ourodetolo\/2016\/02\/2012-unidos-da-tijuca-comemora-a-coroacao-do-rei-do-sertao\/","title":{"rendered":"2012: Com forr\u00f3 e samba, Unidos da Tijuca comemora a coroa\u00e7\u00e3o do Rei do Sert\u00e3o"},"content":{"rendered":"<p style=\"text-align: justify;\">Depois de quase tr\u00eas d\u00e9cadas, finalmente o samb\u00f3dromo do Rio de Janeiro passou a refletir o projeto original do arquiteto Oscar Niemeyer. Ou seja, com setores de arquibancada passando a ocupar o espa\u00e7o anteriormente destinado aos camarotes, o antigo setor 2. Foram nove meses de reforma (completada \u00e0s v\u00e9speras dos desfiles) e, ao fim dos trabalhos, o samb\u00f3dromo estava &#8220;espelhado&#8221;, o que tornou ainda mais imponente o espa\u00e7o &#8211; os camarotes daquele lado da passarela passaram para baixo dos novos setores de arquibancada.<\/p>\n<p style=\"text-align: justify;\"><a href=\"http:\/\/www.pedromigao.com.br\/ourodetolo\/wp-content\/uploads\/2014\/05\/sambodromo2012.jpg\"><img loading=\"lazy\" decoding=\"async\" class=\"aligncenter\" src=\"http:\/\/www.pedromigao.com.br\/ourodetolo\/wp-content\/uploads\/2014\/05\/sambodromo2012-300x168.jpg\" alt=\"sambodromo2012\" width=\"562\" height=\"360\" \/><\/a>O regulamento tamb\u00e9m recebeu, digamos, sua &#8220;reforma&#8221;: o n\u00famero de julgadores diminuiu de cinco para quatro por quesito, e apenas a menor nota passaria a ser descartada. Era a eterna busca por resultados mais justos. Pelo menos teoricamente&#8230;<\/p>\n<p style=\"text-align: justify;\">A campe\u00e3 de 2011 Beija-Flor de Nil\u00f3polis voltou a escolher um &#8220;enredo CEP&#8221; e desta vez a capital homenageada seria S\u00e3o Lu\u00eds do Maranh\u00e3o. J\u00e1 a Unidos da Tijuca teria uma tem\u00e1tica diferente em rela\u00e7\u00e3o aos anos anteriores e faria uma homenagem ao centen\u00e1rio de Luiz Gonzaga. A Esta\u00e7\u00e3o Primeira de Mangueira tamb\u00e9m lembraria uma efem\u00e9ride, no caso o cinquenten\u00e1rio do bloco Cacique de Ramos.<\/p>\n<p style=\"text-align: justify;\">A Unidos de Vila Isabel teria como enredo Angola (com o melhor samba do ano, do craque Andr\u00e9 Diniz e parceiros), enquanto o Salgueiro levaria para a Sapuca\u00ed a literatura de cordel. A Imperatriz Leopoldinense homenagearia o escritor Jorge Amado, e a Mocidade Independente de Padre Miguel prestaria um tributo a C\u00e2ndido Portinari.<\/p>\n<p style=\"text-align: justify;\">J\u00e1 a Unidos do Porto da Pedra foi alvo de cr\u00edticas por escolher como enredo o iogurte &#8211; patrocinado, claro. A S\u00e3o Clemente, ao contr\u00e1rio, foi elogiada por escolher os grandes musicais como tema. A Acad\u00eamicos do Grande Rio, depois de sofrer com o inc\u00eandio de 2011, apostaria as fichas na supera\u00e7\u00e3o como enredo.<\/p>\n<p style=\"text-align: justify;\">A Uni\u00e3o da Ilha, com enredo associando Londres e Rio, sedes ol\u00edmpicas de 2012 e 2016, escolheu um samba-enredo &#8211; fruto de uma jun\u00e7\u00e3o pol\u00eamica &#8211; que tinha como um dos compositores o nosso colunista Aloisio Villar. Outro homenageado seria o pintor Romero Britto, pela emergente Renascer de Jacarepagu\u00e1.<\/p>\n<p style=\"text-align: justify;\">A Portela merece uma apresenta\u00e7\u00e3o especial. A escola optou por um enredo sobre as festas da Bahia e a escolha do samba-enredo foi um enorme acerto: a obra po\u00e9tica de\u00a0Wanderley Monteiro, Luis Carlos M\u00e1ximo, Toninho Nascimento e Naldo, com tr\u00eas refr\u00f5es e uma letra envolvente, foi levantado pelos segmentos da escola nas eliminat\u00f3rias ap\u00f3s forte campanha na internet e conquistou uma grande vit\u00f3ria. Seria o come\u00e7o do ressurgimento da \u00c1guia, que culminou com os terceiros lugares de 2014 e 2016 e, finalmente, o t\u00edtulo de 2017.<\/p>\n<p style=\"text-align: justify;\"><strong>OS DESFILES<\/strong><\/p>\n<p style=\"text-align: justify;\">A Renascer come\u00e7ou os desfiles de forma agrad\u00e1vel na homenagem a Romero Britto, com o enredo\u00a0\u201cO Artista da Alegria d\u00e1 o Tom na Folia\u201d. A escola de Jacarepagu\u00e1 mostrou as origens do pintor pernambucano, a ida para os Estados Unidos e a consagra\u00e7\u00e3o como artista.<\/p>\n<p style=\"text-align: justify;\">O estilo de Romero, inspirado em Salvador Dal\u00ed, foi mostrado com muito colorido e alegorias que reproduziram obras do artista em esculturas, mas houve alguns problemas de acabamento.<\/p>\n<p style=\"text-align: justify;\">O samba-enredo era apenas razo\u00e1vel e n\u00e3o empolgou, mas os componentes passaram com alegria e o enredo foi dividido com coer\u00eancia. Pelo menos teoricamente, era poss\u00edvel escapar do descenso.<\/p>\n<p style=\"text-align: justify;\"><a href=\"http:\/\/www.pedromigao.com.br\/ourodetolo\/wp-content\/uploads\/2014\/05\/portela2012.jpg\"><img loading=\"lazy\" decoding=\"async\" class=\"alignleft\" src=\"http:\/\/www.pedromigao.com.br\/ourodetolo\/wp-content\/uploads\/2014\/05\/portela2012-300x199.jpg\" alt=\"portela2012\" width=\"300\" height=\"199\" \/><\/a>A Portela foi a segunda escola a desfilar e encantou o p\u00fablico ao fazer uma exibi\u00e7\u00e3o de muito samba no p\u00e9 com o enredo &#8220;\u00c9 o povo na rua cantando. \u00c9 feito uma reza, um ritual&#8230;\u201d. O samba-enredo rendeu maravilhosamente bem, e a Tabajara do Samba imp\u00f4s um \u00f3timo andamento (com o refor\u00e7o de alguns atabaques), o que proporcionou um bom desfile no quesito Harmonia. J\u00e1 a cantora Vanessa da Mata representou Clara Nunes e estava bem caracterizada &#8211; a saudosa cantora, segundo o enredo, conduzia a Portela \u00e0 Bahia para a escola conhecer as festas do estado.<\/p>\n<p style=\"text-align: justify;\">Desta vez a \u00e1guia veio dourada, em trip\u00e9 ap\u00f3s a comiss\u00e3o de frente, que representou os rituais africanos e teve o ator Milton Gon\u00e7alves vestido como um\u00a0babalorix\u00e1. O abre-alas representou a Igreja do Senhor do Bonfim e tinha\u00a0150 mil fitas originais aben\u00e7oadas pelo padre da igreja s\u00edmbolo de Salvador. Noutra alegoria havia uma enorme figura de Ox\u00f3ssi, com tr\u00eas metros de altura &#8211; o orix\u00e1 \u00e9 sincretizado no Brasil com S\u00e3o Sebasti\u00e3o, padroeiro do Rio e da Portela.<\/p>\n<p style=\"text-align: justify;\">A festa de S\u00e3o Jo\u00e3o foi representada num carro que tinha uma enorme escultura de sanfoneiro com o rosto de Gilberto Gil. J\u00e1 a alegoria\u00a0&#8220;Festa das \u00c1guas, como se sa\u00fada a rainha do mar&#8221; homenageou Iemanj\u00e1 e quase n\u00e3o entrou na pista devido a problemas no eixo. J\u00e1 o elemento\u00a0&#8220;O canto dessa cidade \u00e9 meu&#8221; representava a m\u00fasica, com muito colorido, uma representa\u00e7\u00e3o do Pelourinho e as presen\u00e7as do grupo Timbalada e da cantora Daniela Mercury.<\/p>\n<p style=\"text-align: justify;\">Apesar da boa divis\u00e3o do enredo por parte do carnavalesco Paulo Menezes e da boa concep\u00e7\u00e3o das alegorias, houve problemas de acabamento, por falta de recursos &#8211; apesar do patroc\u00ednio do governo da Bahia ao enredo. As fantasias tamb\u00e9m n\u00e3o estavam no mais alto n\u00edvel &#8211; <span style=\"text-decoration: underline;\"><span style=\"color: #ff6600;\"><a style=\"color: #ff6600; text-decoration: underline;\" href=\"http:\/\/www.pedromigao.com.br\/ourodetolo\/2012\/03\/avaliacao-do-carnaval-da-portela-2012\/\" target=\"_blank\" rel=\"noopener noreferrer\">como lembrou o Mig\u00e3o em post da \u00e9poca, os figurinos estavam aqu\u00e9m em rela\u00e7\u00e3o aos prot\u00f3tipos<\/a><\/span><\/span>. Isso certamente custaria caro na apura\u00e7\u00e3o.<\/p>\n<p style=\"text-align: justify;\">Sem sobressaltos vis\u00edveis de evolu\u00e7\u00e3o, a Portela deixou a pista com a miss\u00e3o cumprida, mas poderia ter feito um desfile ainda melhor n\u00e3o fossem os problemas est\u00e9ticos decorrentes da gest\u00e3o equivocada de seus recursos. De qualquer forma, uma vaga no Desfile das Campe\u00e3s era uma boa possibilidade.<\/p>\n<p style=\"text-align: justify;\">A Imperatriz Leopoldinense fez uma bonita homenagem ao escritor Jorge Amado, mas teve um desfile repleto de problemas, principalmente nos carros aleg\u00f3ricos, que atravancaram a evolu\u00e7\u00e3o e comprometeram o conjunto e a avalia\u00e7\u00e3o do quesito enredo, j\u00e1 que algumas alas foram invertidas. De qualquer forma, foi uma bonita apresenta\u00e7\u00e3o.<\/p>\n<p style=\"text-align: justify;\"><a href=\"http:\/\/www.pedromigao.com.br\/ourodetolo\/wp-content\/uploads\/2014\/05\/Especial-Domingo-2012-094.jpg\"><img loading=\"lazy\" decoding=\"async\" class=\"alignleft\" src=\"http:\/\/www.pedromigao.com.br\/ourodetolo\/wp-content\/uploads\/2014\/05\/Especial-Domingo-2012-094-300x224.jpg\" alt=\"Especial Domingo 2012 094\" width=\"300\" height=\"224\" \/><\/a>Na comiss\u00e3o de frente, a Imperatriz simbolizou a obra &#8220;Capit\u00e3es de Areia&#8221;, uma das mais famosas de Jorge Amado &#8211; havia um interessante trip\u00e9 representando um carrossel. O bonito abre-alas era acoplado e prateado, representando\u00a0&#8220;O mar de Yemanj\u00e1 e a coroa de Oxal\u00e1&#8221;. Mas a linda alegoria que representava a Igreja do Bonfim travou na entrada do samb\u00f3dromo e as alas tiveram de passar espremidas enquanto empurradores tentavam desempacar o elemento.<\/p>\n<p style=\"text-align: justify;\">Os demais carros representaram a forma\u00e7\u00e3o do escritor e as coisas t\u00edpicas da Bahia, al\u00e9m, claro, dos livros mais famosos de Jorge, como no quinto elemento, chamado\u00a0&#8220;Cr\u00f4nicas de uma cidade do interior&#8221;, com esculturas de personagens como Quincas Berro D&#8217;\u00c1gua, Gabriela e Dona Flor. Mas o carro sobre o Pelourinho teve problemas na estrutura de uma das casas que representavam o local &#8211; um dos destaques foi tirado do carro para que fosse evitado um acidente.<\/p>\n<p style=\"text-align: justify;\">O samba-enredo era bonito, e a bateria de Mestre Noca (substituto de Marcone, afastado na fase pr\u00e9-carnavalesca e morto meses depois do desfile) imp\u00f4s bom andamento, mas n\u00e3o houve aquela empolga\u00e7\u00e3o por parte dos componentes. Diante dos in\u00fameros problemas, os acertos do desfile acabaram ofuscados, e a escola provavelmente sofreria na apura\u00e7\u00e3o.<\/p>\n<p style=\"text-align: justify;\"><img loading=\"lazy\" decoding=\"async\" class=\"alignleft\" src=\"http:\/\/www.pedromigao.com.br\/ourodetolo\/wp-content\/uploads\/2014\/05\/Especial-Domingo-2012-111-300x224.jpg\" alt=\"Especial Domingo 2012 111\" width=\"300\" height=\"224\" \/>Quarta escola na avenida, a Mocidade Independente de Padre Miguel tamb\u00e9m alternou momentos de beleza ineg\u00e1vel com problemas. O enredo \u201cPor Ti, Portinari, rompendo a tela, a realidade\u201d, do carnavalesco Alexandre Louzada, foi bem apresentado, mas o bonito e prateado abre-alas, que tinha uma escultura de Portinari com belos movimentos reproduzindo o artista pintando (abaixo), empacou na dispers\u00e3o, o que atravancou a evolu\u00e7\u00e3o da escola.<\/p>\n<p style=\"text-align: justify;\">Pena, porque os elementos aleg\u00f3ricos que representaram as obras do pintor, embora menores do que os de outras escolas, transmitiam com corre\u00e7\u00e3o a ideia do enredo, e as alas estavam multicoloridas, o que estava perfeitamente adequado. A bateria, que apresentou andamento mais &#8220;pra tr\u00e1s&#8221;, estava fantasiada de pinceis de diversas cores, num efeito maravilhoso.<\/p>\n<p style=\"text-align: justify;\">Assim como no caso da Imperatriz, o samba-enredo, apesar de muito bonito e bem cantado por Luizinho Andan\u00e7as, n\u00e3o animou tanto o p\u00fablico e componentes. Com isso e os problemas de evolu\u00e7\u00e3o j\u00e1 citados o resultado na apura\u00e7\u00e3o seria comprometido. Mas no conjunto da obra, a Mocidade passou melhor do que a outra Verde e Branco.<\/p>\n<p style=\"text-align: justify;\">Criticada pela escolha do enredo, a Unidos do Porto da Pedra at\u00e9 que fez uma apresenta\u00e7\u00e3o mais agrad\u00e1vel do que se esperava com o enredo \u201cDa Seiva Materna ao Equil\u00edbrio da Vida\u201d. Mas o enredo, que na teoria seria sobre o iogurte, teve a maior parte do desfile falando de leite.<\/p>\n<p style=\"text-align: justify;\"><a href=\"http:\/\/www.pedromigao.com.br\/ourodetolo\/wp-content\/uploads\/2014\/05\/Especial-Domingo-2012-153.jpg\"><img loading=\"lazy\" decoding=\"async\" class=\"alignleft\" src=\"http:\/\/www.pedromigao.com.br\/ourodetolo\/wp-content\/uploads\/2014\/05\/Especial-Domingo-2012-153-300x224.jpg\" alt=\"Especial Domingo 2012 153\" width=\"300\" height=\"224\" \/><\/a>At\u00e9 que a escola passou com anima\u00e7\u00e3o, e as fantasias e alegorias n\u00e3o comprometeram. A bateria do Mestre Thiago Diogo foi o destaque absoluto do desfile e deu molho a um pavoroso samba (alterado para tirar os &#8220;merchans&#8221; da Danone, patrocinadora do enredo) que teve Wander Pires na condu\u00e7\u00e3o.<\/p>\n<p style=\"text-align: justify;\">N\u00e3o foi um desfile com grandes problemas, apesar dos altos e baixos, e havia esperan\u00e7as para a escola de S\u00e3o Gon\u00e7alo escapar de um rebaixamento que era dado como certo antes do Carnaval.<\/p>\n<p style=\"text-align: justify;\"><a href=\"http:\/\/www.pedromigao.com.br\/ourodetolo\/wp-content\/uploads\/2014\/05\/beijaflor2012b.jpg\"><img loading=\"lazy\" decoding=\"async\" class=\"alignleft\" src=\"http:\/\/www.pedromigao.com.br\/ourodetolo\/wp-content\/uploads\/2014\/05\/beijaflor2012b-511x340.jpg\" alt=\"beijaflor2012b\" width=\"409\" height=\"272\" \/><\/a>A campe\u00e3 Beija-Flor de Nil\u00f3polis fez uma grandiosa, mas fria apresenta\u00e7\u00e3o. O enredo \u201cS\u00e3o Lu\u00eds \u2013 O Poema Encantado do Maranh\u00e3o\u201d teve um samba-enredo longo e que n\u00e3o era dos mais empolgantes. Al\u00e9m disso, o visual da escola estava pesado, e houve problemas de evolu\u00e7\u00e3o, sobretudo na comiss\u00e3o de frente, que representou uma enorme serpente e fez uma apresenta\u00e7\u00e3o lenta. A escola ainda seria punida com um d\u00e9cimo por n\u00e3o ter apresentado sua comiss\u00e3o ao Setor 3, como exigia o regulamento.<\/p>\n<p style=\"text-align: justify;\">A Beija-Flor abordou as lendas de S\u00e3o Lu\u00eds como a da Manguda e Ana Jansen, mas com algumas figuras de monstros em alegorias grandiosas e bem acabadas. Um elemento que causou bom impacto foi o do navio negreiro, j\u00e1 que os negros africanos foram levados para o local numa viagem sofrida retratada na coreografia dos destaques.<\/p>\n<p style=\"text-align: justify;\">J\u00e1 as fantasias, mesmo com cores pesadas, estavam com muito bom acabamento e passavam o enredo com corre\u00e7\u00e3o. Diversos maranhenses conhecidos participaram do desfile, como a cantora Alcione e a governadora Roseana Sarney, j\u00e1 que o estado do Maranh\u00e3o patrocinou a e escola &#8211; reza a lenda que em R$ 2 milh\u00f5es.<\/p>\n<p style=\"text-align: justify;\">Mas o momento que mais agradou no desfile foi a homenagem ao maranhense Jo\u00e3osinho Trinta. Uma alegoria representava o Cristo mendigo (coberto) levado para a Sapuca\u00ed pela pr\u00f3pria Beija-Flor em 1989. J\u00e1 na avenida, a escola descobriu a est\u00e1tua, que na verdade era do pr\u00f3prio carnavalesco, morto meses antes do desfile. Um tributo just\u00edssimo e emocionante!<\/p>\n<p style=\"text-align: justify;\">No entanto, o pen\u00faltimo carro aleg\u00f3rico, que homenageou importantes nomes maranhenses como Ferreira Gullar e Gon\u00e7alves Dias, teve problemas para entrar na pista, o que causou buracos na evolu\u00e7\u00e3o. Apesar disso, a escola n\u00e3o teve risco de estourar os 82 minutos regulamentares. De qualquer forma, a Beija-Flor n\u00e3o deixou impress\u00e3o de t\u00edtulo apesar do correto desfile.<\/p>\n<p style=\"text-align: justify;\"><a href=\"http:\/\/www.pedromigao.com.br\/ourodetolo\/wp-content\/uploads\/2014\/05\/vila2012c.jpg\"><img loading=\"lazy\" decoding=\"async\" class=\"alignleft\" src=\"http:\/\/www.pedromigao.com.br\/ourodetolo\/wp-content\/uploads\/2014\/05\/vila2012c-511x340.jpg\" alt=\"vila2012c\" width=\"409\" height=\"272\" \/><\/a>Por outro lado, a Unidos de Vila Isabel fez uma excelente apresenta\u00e7\u00e3o e se credenciou como candidata ao campeonato; na verdade foi a \u00fanica escola que deixou algum favoritismo no ar ap\u00f3s o desfile de domingo. Com o bom trabalho da carnavalesca Rosa Magalh\u00e3es no desenvolvimento do enredo\u00a0\u201cVoc\u00ea Semba L\u00e1&#8230; Que Eu Sambo C\u00e1! O Canto Livre de Angola\u201d (apesar de alegorias um tanto quanto t\u00edmidas talvez por quest\u00f5es financeiras), a Vila exaltou o pa\u00eds africano com categoria.<\/p>\n<p style=\"text-align: justify;\">O desfile come\u00e7ou com uma comiss\u00e3o de frente que representava a savana africana e cujos componentes faziam coreografia simbolizando o movimento dos animais em meio a um trip\u00e9 que retratava maravilhosamente bem a vegeta\u00e7\u00e3o. No meio da apresenta\u00e7\u00e3o, o elemento se transformava num rinoceronte, animal t\u00edpico da regi\u00e3o. Fabuloso!<\/p>\n<p style=\"text-align: justify;\"><a href=\"http:\/\/www.pedromigao.com.br\/ourodetolo\/wp-content\/uploads\/2014\/05\/vila2012.jpg\"><img loading=\"lazy\" decoding=\"async\" class=\"alignright\" src=\"http:\/\/www.pedromigao.com.br\/ourodetolo\/wp-content\/uploads\/2014\/05\/vila2012-300x199.jpg\" alt=\"vila2012\" width=\"300\" height=\"199\" \/><\/a>O interessante abre-alas articulado mostrava as esp\u00e9cies de animais da \u00c1frica, com zebras, jacar\u00e9s e girafas. O tamb\u00e9m impec\u00e1vel segundo elemento, chamado &#8220;Imbodeiro, a \u00e1rvore da vida&#8221; mostrou o Imbodeiro, t\u00edpica \u00e1rvore angolana que estava coberta com as peles dos animais da regi\u00e3o. J\u00e1 a forma\u00e7\u00e3o do povo angolano foi retratada no carro\u00a0&#8220;No Reino da Rainha Njinga&#8221;, com esculturas de negros e muita palha no acabamento.<\/p>\n<p style=\"text-align: justify;\">Agradou tamb\u00e9m o carro que representava o navio negreiro que transportou os africanos que seriam feitos escravos no Brasil. Esse quadro do desfile foi o melhor do desfile, pois estava impecavelmente fantasiado e retratou com muita clareza e coer\u00eancia a miscigena\u00e7\u00e3o que formou o povo brasileiro e a resist\u00eancia dos negros contra os abusos na nossa terra. O carro &#8220;A Festa do Divino&#8221; mostrou com as festas e cultos religiosos trazidos pelos africanos para o pa\u00eds.<\/p>\n<p style=\"text-align: justify;\">Outro \u00f3timo quadro do desfile foi o que mostrou a rela\u00e7\u00e3o entre Brasil e Angola, j\u00e1 que o nosso samba teve a influ\u00eancia do semba, ritmo angolano. Ali\u00e1s, o excelente samba-enredo dizia no refr\u00e3o principal: <em>&#8220;Semba de l\u00e1 \/ Que eu sambo de c\u00e1&#8221;<\/em>. No \u00faltimo carro aleg\u00f3rico, os integrantes da velha guarda estavam vestidos com as t\u00edpicas roupas de Angola, e Martinho da Vila foi o principal destaque, eleito embaixador cultural de Angola antes de a independ\u00eancia do pa\u00eds ser reconhecida pelo Brasil. Ressalve-se que algumas das alegorias, sobretudo nos setores finais do desfile, tinham problemas de acabamento. Restava ver se isso pesaria na apura\u00e7\u00e3o.<br \/>\n<a href=\"http:\/\/www.pedromigao.com.br\/ourodetolo\/wp-content\/uploads\/2014\/05\/vila2012b.jpg\"><img loading=\"lazy\" decoding=\"async\" class=\"alignleft\" src=\"http:\/\/www.pedromigao.com.br\/ourodetolo\/wp-content\/uploads\/2014\/05\/vila2012b-300x199.jpg\" alt=\"vila2012b\" width=\"300\" height=\"199\" \/><\/a>Outro trecho do samba dizia <em>&#8220;Incorpora outra vez Kizomba&#8221;<\/em>, numa refer\u00eancia ao hist\u00f3rico desfile de 1988. N\u00e3o, a Vila n\u00e3o igualou a catarse de 24 anos antes, mas, para muitos, fez o melhor desfile de 2012, pela clareza com a qual o enredo foi desenvolvido, e a riqueza de seu samba-enredo. E ainda por cima, a Vila foi perfeita tanto em Harmonia como Evolu\u00e7\u00e3o. Foi um belo amanhecer de segunda-feira de Carnaval.<\/p>\n<p style=\"text-align: justify;\"><a href=\"http:\/\/www.pedromigao.com.br\/ourodetolo\/wp-content\/uploads\/2014\/05\/saoclemente2012.jpg\"><img loading=\"lazy\" decoding=\"async\" class=\"alignright\" src=\"http:\/\/www.pedromigao.com.br\/ourodetolo\/wp-content\/uploads\/2014\/05\/saoclemente2012-300x199.jpg\" alt=\"saoclemente2012\" width=\"300\" height=\"199\" \/><\/a>Coube \u00e0 S\u00e3o Clemente abrir os desfiles de segunda-feira, e a escola da Zona Sul fez um desfile agrad\u00e1vel com o enredo \u201cUma Aventura Musical na Sapuca\u00ed\u201d, sobre os diversos musicais que encantam os teatros mundo afora.<\/p>\n<p style=\"text-align: justify;\">O samba-enredo era irreverente como a cara da escola e foi muito bem cantado pelos componentes, al\u00e9m de ter tido \u00f3tima interpreta\u00e7\u00e3o do cantor Igor Sorriso, que come\u00e7ava a ganhar destaque no Carnaval carioca. O refr\u00e3o principal com o verso <em>&#8220;Tem bububu no bobob\u00f3&#8221;<\/em> funcionou como uma luva, apesar das cr\u00edticas na fase pr\u00e9-carnavalesca.<\/p>\n<p style=\"text-align: justify;\">A bateria esteve muito ousada, com diversas conven\u00e7\u00f5es e paradinhas diferentes. Havia um verso do samba que dizia <em>&#8220;O violino anuncia \/ Vem viajar na magia&#8221;<\/em> no qual a bateria parava de tocar e se ouvia um violino acompanhando os cantores.<\/p>\n<p style=\"text-align: justify;\">Plasticamente a escola esteve melhor do que no ano anterior, com muita criatividade nos elementos que simbolizavam os teatros, as pe\u00e7as e os concertos. Teve bom efeito o elemento que representou &#8220;O M\u00e1gico de Oz&#8221; e de um enorme boneco infl\u00e1vel de uma mulata, que se movimentava naturalmente como num gingado.<\/p>\n<p style=\"text-align: justify;\">A S\u00e3o Clemente n\u00e3o deixou a menor impress\u00e3o de risco de rebaixamento, embora uma vaga no Desfile das Campe\u00e3s fosse ainda um sonho distante. Mas a escola n\u00e3o enfrentou problemas de Harmonia e Evolu\u00e7\u00e3o, ao contr\u00e1rio de outras agremia\u00e7\u00f5es.<\/p>\n<p style=\"text-align: justify;\">A Uni\u00e3o da Ilha foi a segunda escola a desfilar e teve uma apresenta\u00e7\u00e3o de altos e baixos. Menos pela bateria ou pelo samba-enredo, apesar da irregularidade na Harmonia. Mas a mistura entre Brasil e Inglaterra acabou um tanto confusa no fim das contas, at\u00e9 porque sobrou Londres e faltou Rio.<\/p>\n<p style=\"text-align: justify;\">O enredo\u00a0\u201cDe Londres ao Rio: Era uma vez&#8230; Uma Ilha\u201d associava as duas cidades que seriam sedes das Olimp\u00edadas de 2012 e 2016. Alegorias e fantasias eram muito bonitas e retratavam os aspectos t\u00edpicos da capital brit\u00e2nica. Mas houve problemas, como na \u00faltima alegoria, com um painel de led representando a tocha ol\u00edmpica, mas que passou apagado.<\/p>\n<p style=\"text-align: justify;\"><a href=\"http:\/\/www.pedromigao.com.br\/ourodetolo\/wp-content\/uploads\/2014\/05\/Especial-Segunda-2012-079.jpg\"><img loading=\"lazy\" decoding=\"async\" class=\"alignleft\" src=\"http:\/\/www.pedromigao.com.br\/ourodetolo\/wp-content\/uploads\/2014\/05\/Especial-Segunda-2012-079-300x224.jpg\" alt=\"Especial Segunda 2012 079\" width=\"300\" height=\"224\" \/><\/a>O que acabou soando estranho para o conjunto geral do enredo foi a cita\u00e7\u00e3o um tanto exagerada a personagens brit\u00e2nicos como Sherlock Holmes, Harry Potter, The Beatles e Alice (do livro Alice no Pa\u00eds das Maravilhas). Tudo bem que estava na proposta do enredo, mas me pareceu algo que poderia ter sido evitado. A Harmonia tamb\u00e9m foi prejudicada por algumas falhas e pela concentra\u00e7\u00e3o um tanto quanto desorganizada, como por exemplo a vista na Ala dos Compositores: nem todos os componentes tinham as bandeiras que faziam parte da fantasia (foto).<\/p>\n<p style=\"text-align: justify;\">De qualquer forma, foi um bonito e leve desfile, com o jeito da escola. Agradou o trip\u00e9 em forma de grade de pal\u00e1cio com a inscri\u00e7\u00e3o Ilha, que lembrava a inscri\u00e7\u00e3o Domingo, do cl\u00e1ssico e hist\u00f3rico desfile de 1977. Foi uma apresenta\u00e7\u00e3o de meio de tabela.<\/p>\n<p style=\"text-align: justify;\"><a href=\"http:\/\/www.pedromigao.com.br\/ourodetolo\/wp-content\/uploads\/2014\/05\/salgueiro2012c.jpg\"><img loading=\"lazy\" decoding=\"async\" class=\"alignleft\" src=\"http:\/\/www.pedromigao.com.br\/ourodetolo\/wp-content\/uploads\/2014\/05\/salgueiro2012c-511x340.jpg\" alt=\"salgueiro2012c\" width=\"409\" height=\"272\" \/><\/a>Por outro lado, uma mistura que deu cert\u00edssimo foi de forr\u00f3 e samba no enredo\u00a0\u201cCordel Branco e Encarnado\u201d, sobre a literatura de cordel e a cultura do Nordeste. O Salgueiro fez um dos melhores desfiles do ano e estava de volta \u00e0 briga pelo t\u00edtulo.<\/p>\n<p style=\"text-align: justify;\">Depois do lament\u00e1vel desfile de 2011, no qual o Salgueiro tinha grandes chances de ganhar o campeonato, mas sofreu com problemas nas alegorias e uma puni\u00e7\u00e3o por estouro de cronometragem, novamente houve problemas com a entrada dos carros aleg\u00f3ricos na pista, o que assustou seus torcedores no come\u00e7o da passagem da escola &#8211; inclusive gerando um pequeno buraco no in\u00edcio do desfile, em frente ao Setor 3.<\/p>\n<p style=\"text-align: justify;\"><a href=\"http:\/\/www.pedromigao.com.br\/ourodetolo\/wp-content\/uploads\/2014\/05\/salgueiro2012b.jpg\"><img loading=\"lazy\" decoding=\"async\" class=\"alignright\" src=\"http:\/\/www.pedromigao.com.br\/ourodetolo\/wp-content\/uploads\/2014\/05\/salgueiro2012b-300x199.jpg\" alt=\"salgueiro2012b\" width=\"300\" height=\"199\" \/><\/a>Mas logo isso foi superado e o Salgueiro empolgou com um samba-enredo agrad\u00e1vel e a inspirada bateria de Mestre Marc\u00e3o, com bossas muito interessantes, uma delas em ritmo de forr\u00f3 no trecho <em>&#8220;Oh meu &#8216;padinho&#8217;, venha me aben\u00e7oar \/\u00a0Meu santo \u00e9 forte, desse &#8216;c\u00e3o&#8217; vai me apartar&#8221;<\/em>.<\/p>\n<p style=\"text-align: justify;\">Alguns pontos altos foram a fantasia de Maria Bonita da ala das baianas e a alegoria que representava o &#8220;Pav\u00e3o Misterioso&#8221;, com diversas engrenagens, bandeirinhas e entalhes que representavam rendas brancas. O abre-alas, que mostrava a cultura nordestina numa riqueza de detalhes impressionante, tamb\u00e9m causou excelente impacto.<\/p>\n<p style=\"text-align: justify;\">O Salgueiro deixou a pista com \u00f3timas possibilidades para a apura\u00e7\u00e3o, at\u00e9 porque, apesar do in\u00edcio complicado, n\u00e3o se repetiram os problemas graves de 2011. No entanto, para a maioria dos cr\u00edticos, a Vila Isabel foi superior no conjunto da obra. Nada que deslustre mais um espet\u00e1culo proporcionado por Renato Lage e M\u00e1rcia L\u00e1via, al\u00e9m dos desfilantes, claro.<\/p>\n<p style=\"text-align: justify;\"><a href=\"http:\/\/www.pedromigao.com.br\/ourodetolo\/wp-content\/uploads\/2014\/05\/mangueira2012.jpg\"><img loading=\"lazy\" decoding=\"async\" class=\"alignleft\" src=\"http:\/\/www.pedromigao.com.br\/ourodetolo\/wp-content\/uploads\/2014\/05\/mangueira2012-300x163.jpg\" alt=\"mangueira2012\" width=\"300\" height=\"163\" \/><\/a>J\u00e1 a Esta\u00e7\u00e3o Primeira de Mangueira teve um desfile um tanto ca\u00f3tico na defesa do enredo \u201cVou Festejar! Sou Cacique, Sou Mangueira\u201d, sobre os 50 anos do Cacique de Ramos. N\u00e3o faltou empolga\u00e7\u00e3o, e o enredo foi dividido com coer\u00eancia pelo carnavalesco Cid Carvalho.<\/p>\n<p style=\"text-align: justify;\">Mas havia problemas de acabamento nas alegorias, em princ\u00edpio por falta de recursos pelo fato de o enredo n\u00e3o ser patrocinado. Al\u00e9m disso, a propagada paradona da bateria e a mesa de pagode que puxava o samba em algumas passadas acabaram gerando atravessamento no canto da escola.<\/p>\n<p style=\"text-align: justify;\">Na teoria, a ideia era interessante, j\u00e1 que o int\u00e9rprete Luizito, acompanhado por cantores como Alcione, Dudu Nobre, Sombrinha, Xande de Pilares, entre outros, se revezaria com o carro de som (que tinha Z\u00e9 Paulo, Ciganerey e Vadinho Freire) num elemento que representava uma mesa de pagode. Mas n\u00e3o havia amplifica\u00e7\u00e3o do \u00e1udio deste segundo carro em toda a passarela, e houve problemas na Harmonia, j\u00e1 que componentes e espectadores pensaram que havia problemas no sistema de som da passarela &#8211; veja mais no Cantinho do Editor.<\/p>\n<p style=\"text-align: justify;\">J\u00e1 a paradona da bateria, que durava uma passada completa, agradou ao p\u00fablico, mas tamb\u00e9m n\u00e3o foi eficaz para o canto da escola. De qualquer forma, as conven\u00e7\u00f5es e bossas da bateria de Mestre Ailton Nunes empolgaram como no desfile de 2011.<\/p>\n<p style=\"text-align: justify;\">Al\u00e9m disso, o samba-enredo, que foi executado num tom mais acima (e mais animado) no CD, passou num tom claramente mais baixo na avenida. Diante desses problemas, a Verde e Rosa provavelmente ficaria do meio para tr\u00e1s na tabela.<\/p>\n<p style=\"text-align: justify;\"><a href=\"http:\/\/www.pedromigao.com.br\/ourodetolo\/wp-content\/uploads\/2014\/05\/tijuca2012.jpg\"><img loading=\"lazy\" decoding=\"async\" class=\"aligncenter\" src=\"http:\/\/www.pedromigao.com.br\/ourodetolo\/wp-content\/uploads\/2014\/05\/tijuca2012.jpg\" alt=\"tijuca2012\" width=\"575\" height=\"383\" \/><\/a>Depois de ter sido criticado em 2011 pelo desenvolvimento que imp\u00f4s ao enredo sobre os filmes de terror, o carnavalesco Paulo Barros adotou uma abordagem mais conservadora no enredo \u201cO dia em que toda a realeza desembarcou na Avenida para coroar o Rei Luiz do Sert\u00e3o\u201d, um tributo a Luiz Gonzaga. Com isso, a Unidos da Tijuca fez uma boa exibi\u00e7\u00e3o e se colocou entre as boas escolas do ano.<\/p>\n<p style=\"text-align: justify;\"><a href=\"http:\/\/www.pedromigao.com.br\/ourodetolo\/wp-content\/uploads\/2014\/05\/tijuca2012b.jpg\"><img loading=\"lazy\" decoding=\"async\" class=\"alignleft\" src=\"http:\/\/www.pedromigao.com.br\/ourodetolo\/wp-content\/uploads\/2014\/05\/tijuca2012b-300x199.jpg\" alt=\"tijuca2012b\" width=\"300\" height=\"199\" \/><\/a>A comiss\u00e3o de frente estava interessante, com os componentes fazendo coreografias ousadas num trip\u00e9 em formato de sanfona. Segundo o enredo, Gonzag\u00e3o era coroado o Rei do Sert\u00e3o e isso foi simbolizado no bonito abre-alas, chamado\u00a0&#8220;Desembarque real&#8221;, no qual uma corte com reis e rainhas de v\u00e1rios pa\u00edses chegando para a festa de coroa\u00e7\u00e3o. Entre os reis, Elvis Presley (rock), Michael Jackson (pop) e D.Jo\u00e3o VI.<\/p>\n<p style=\"text-align: justify;\">Duas alegorias chamaram mais a aten\u00e7\u00e3o, a que representava os bonecos de barro de Mestre Vitalino, e a que simbolizava as festas juninas, com muito colorido e bom gosto. Falando nisso, as fantasias estavam bastante de acordo com o enredo, com muitos cangaceiros e trajes t\u00edpicos nordestinos.<\/p>\n<p style=\"text-align: justify;\">A escola encerrou o desfile com uma alegoria representando &#8220;Asa Branca&#8221;, um dos maiores sucessos de Luiz Gonzaga, com tr\u00eas enormes bolos com r\u00e1dios &#8211; e problemas de acabamento &#8211; que representavam o sucesso que o cantor e compositor fez por todo o Brasil. Participaram do desfile Rosinha, \u00fanica filha viva de Gonzag\u00e3o, e Daniel, filho de Gonzaguinha.<a href=\"http:\/\/www.pedromigao.com.br\/ourodetolo\/wp-content\/uploads\/2014\/05\/tijuca2012c.jpg\"><img loading=\"lazy\" decoding=\"async\" class=\"alignright\" src=\"http:\/\/www.pedromigao.com.br\/ourodetolo\/wp-content\/uploads\/2014\/05\/tijuca2012c-300x199.jpg\" alt=\"tijuca2012c\" width=\"300\" height=\"199\" \/><\/a><\/p>\n<p style=\"text-align: justify;\">O samba-enredo era superior aos dos anos anteriores, embora n\u00e3o fosse brilhante, e funcionou para a harmonia da escola. Assim como aconteceu com o Salgueiro, Mestre Casagrande imprimiu \u00e0 bateria bossas no estilo do forr\u00f3 e foi bem sucedido. A escola deixou a pista firme na briga pelos primeiros lugares com Vila Isabel e Salgueiro, embora numa posi\u00e7\u00e3o sem a for\u00e7a ou o favoritismo vistos em 2010.<\/p>\n<p style=\"text-align: justify;\"><img loading=\"lazy\" decoding=\"async\" class=\"alignleft\" src=\"http:\/\/www.pedromigao.com.br\/ourodetolo\/wp-content\/uploads\/2014\/05\/Especial-Segunda-2012-190-300x224.jpg\" alt=\"Especial Segunda 2012 190\" width=\"300\" height=\"224\" \/>\u00daltima escola a entrar na passarela, a Acad\u00eamicos do Grande Rio fez uma passagem bastante digna. O enredo \u201cEu Acredito em Voc\u00ea! E Voc\u00ea? (Hist\u00f3rias de Supera\u00e7\u00e3o)\u201d, do carnavalesco Cah\u00ea Rodrigues, queria passar uma imagem de positividade ap\u00f3s o desastre vivido pela escola em 2011 com o inc\u00eandio na Cidade do Samba. Mas no fim das contas, o enredo n\u00e3o rendeu tanto como poderia.<\/p>\n<p style=\"text-align: justify;\">Com alegorias bem acabadas, mas que n\u00e3o conseguiam passar com clareza a proposta da escola, j\u00e1 que o enredo era de dif\u00edcil carnavaliza\u00e7\u00e3o, a escola emocionou na passagem do velejador Lars Grael, que perdeu uma perna num acidente. Mas carros como o das cadeiras de rodas (abaixo) e o pr\u00f3prio trip\u00e9 em que estava o velejador destoavam e n\u00e3o foram esteticamente bem resolvidos.<\/p>\n<p style=\"text-align: justify;\">O samba-enredo n\u00e3o era dos mais cotados, e os componentes n\u00e3o passaram com a anima\u00e7\u00e3o que se espera de uma escola forte como a Grande Rio. J\u00e1 a bateria de Mestre Ci\u00e7a teve um andamento mais cadenciado do que o normal e foi perfeita nas bossas e paradinhas. Vale destacar que a agremia\u00e7\u00e3o da Baixada conseguiu segurar o p\u00fablico do samb\u00f3dromo at\u00e9 o fim.<\/p>\n<p style=\"text-align: justify;\"><strong>REPERCUSS\u00c3O E APURA\u00c7\u00c3O<\/strong><\/p>\n<p style=\"text-align: justify;\">Terminados os desfiles, as escolas da Grande Tijuca foram consideradas as favoritas ao campeonato, mas sem que Tijuca, Vila Isabel ou Salgueiro fossem apontadas com alguma grande vantagem. Ou seja, seria uma apura\u00e7\u00e3o muito equilibrada. Mas a Vila parecia um pouco \u00e0 frente, pois levou seis pr\u00eamios do Estandarte de Ouro, entre eles os de Melhor Escola, Melhor Samba e Melhor Enredo.<\/p>\n<p style=\"text-align: justify;\">Com o descarte apenas da pior nota em cada quesito, a apura\u00e7\u00e3o teve uma disputa muito acirrada entre as tr\u00eas escolas. Tijuca e Vila dividiram a lideran\u00e7a at\u00e9 o quinto quesito (Alegorias e Adere\u00e7os), no qual ambas as agremia\u00e7\u00f5es foram despontuadas, a Azul e Amarelo em 0,1 e a Azul e Branco, em 0,3. Naquele momento, o Salgueiro, que havia perdido pontos em dois quesitos, ficou a apenas 0,1 da Tijuca.<\/p>\n<p style=\"text-align: justify;\">No fim as duas escolas perderam mais 0,1 e a apura\u00e7\u00e3o terminou com 299,9 pontos da Tijuca contra 299,7 do Salgueiro. A Vila, que perdeu mais 0,2 em Bateria, ficou na terceira coloca\u00e7\u00e3o, com a Beija-Flor acabou em quarto, seguida por Grande Rio e a Portela, que n\u00e3o fosse pelos d\u00e9cimos perdidos (com justi\u00e7a) nos quesitos pl\u00e1sticos, poderia ter acabado pelo menos em quarto.<\/p>\n<p style=\"text-align: justify;\">J\u00e1 a S\u00e3o Clemente foi a grande injusti\u00e7ada da apura\u00e7\u00e3o, pois deveria ter acabado mais pr\u00f3xima \u00e0 zona do Desfile das Campe\u00e3s, mas terminou s\u00f3 em 11\u00ba.\u00a0Acabaram rebaixadas a Unidos do Porto da Pedra e a Renascer de Jacarepagu\u00e1.<\/p>\n<p style=\"text-align: justify;\"><strong>RESULTADO FINAL<\/strong><\/p>\n<table style=\"height: 680px; width: 590px;\">\n<tbody>\n<tr>\n<td>POS.<\/td>\n<td>ESCOLA<\/td>\n<td>PONTOS<\/td>\n<\/tr>\n<tr>\n<td>1\u00ba<\/td>\n<td>Unidos da Tijuca<\/td>\n<td>299,9<\/td>\n<\/tr>\n<tr>\n<td>2\u00ba<\/td>\n<td>Acad\u00eamicos do Salgueiro<\/td>\n<td>299,7<\/td>\n<\/tr>\n<tr>\n<td>3\u00ba<\/td>\n<td>Unidos de Vila Isabel<\/td>\n<td>299,5<\/td>\n<\/tr>\n<tr>\n<td>4\u00ba<\/td>\n<td>Beija-Flor de Nil\u00f3polis<\/td>\n<td>298,9<\/td>\n<\/tr>\n<tr>\n<td>5\u00ba<\/td>\n<td>Acad\u00eamicos do Grande Rio<\/td>\n<td>298,3<\/td>\n<\/tr>\n<tr>\n<td>6\u00ba<\/td>\n<td>Portela<\/td>\n<td>297,2<\/td>\n<\/tr>\n<tr>\n<td>7\u00ba<\/td>\n<td>Esta\u00e7\u00e3o Primeira de Mangueira<\/td>\n<td>297<\/td>\n<\/tr>\n<tr>\n<td>8\u00ba<\/td>\n<td>Uni\u00e3o da Ilha do Governador<\/td>\n<td>296,2<\/td>\n<\/tr>\n<tr>\n<td>9\u00ba<\/td>\n<td>Mocidade Independente de Padre Miguel<\/td>\n<td>295,8<\/td>\n<\/tr>\n<tr>\n<td>10\u00ba<\/td>\n<td>Imperatriz Leopoldinense<\/td>\n<td>295<\/td>\n<\/tr>\n<tr>\n<td>11\u00ba<\/td>\n<td>S\u00e3o Clemente<\/td>\n<td>294,7<\/td>\n<\/tr>\n<tr>\n<td>12\u00ba<\/td>\n<td>Unidos do Porto da Pedra<\/td>\n<td>291,7 (rebaixada)<\/td>\n<\/tr>\n<tr>\n<td>13\u00ba<\/td>\n<td>Renascer de Jacarepagu\u00e1<\/td>\n<td>290,2 (rebaixada)<\/td>\n<\/tr>\n<\/tbody>\n<\/table>\n<p style=\"text-align: justify;\">Surpreendeu muito &#8211; para dizer o m\u00ednimo e ser bem generoso &#8211; a vit\u00f3ria da Inocentes de Belford Roxo no Grupo de Acesso A, no qual, por baixo, Viradouro, Imp\u00e9rio Serrano (principalmente) e Cubango fizeram apresenta\u00e7\u00f5es superiores.<\/p>\n<p style=\"text-align: justify;\">Na pol\u00eamica apura\u00e7\u00e3o, um jurado deixou de dar notas a quatro escolas no quesito Enredo, e outro n\u00e3o deu notas a uma escola no quesito Mestre-Sala e Porta-Bandeira &#8211; veja mais no Cantinho do Editor. Pelo regulamento, quando a escola que ficasse sem alguma nota teria a sua melhor avalia\u00e7\u00e3o duplicada. No fim, tamb\u00e9m n\u00e3o houve rebaixamento, o que criaria o terreno para a cria\u00e7\u00e3o da S\u00e9rie Ouro em 2013 e o fim da Lesga &#8211; veja no pr\u00f3ximo texto da s\u00e9rie.<\/p>\n<p style=\"text-align: justify;\">A Caprichosos de Pilares venceu com facilidade o Grupo B, que teve seu \u00faltimo desfile nestes moldes na ter\u00e7a feira de Carnaval. Era outro resultado com pol\u00eamica anunciada antes do desfile, mas a escola de Pilares colocou o chicote na m\u00e3o e n\u00e3o deixou qualquer d\u00favida ap\u00f3s sua passagem. A se lamentar o rebaixamento do Arranco para a Intendente Magalh\u00e3es.<\/p>\n<p style=\"text-align: justify;\"><strong>CURIOSIDADES<\/strong><\/p>\n<p style=\"text-align: justify;\">&#8211; Depois de uma participa\u00e7\u00e3o t\u00edmida em 2011, Jorge Perlingeiro anunciou todos os sambas-enredo no CD de 2012. No in\u00edcio de cada faixa, ele dizia frases como <em>&#8220;Com sua exuber\u00e2ncia e a for\u00e7a de sua comunidade, vem a\u00ed a campeon\u00edssima do Carnaval de 2011, a Beija-Flor de Nil\u00f3polis! Canta Neguinho da Beija-Flor! S\u00f3 se for agora!&#8221;<\/em> ou <em>&#8220;A Imperatriz Leopoldinense homenageia Jorge, amado Jorge&#8230; Int\u00e9rprete: Dominguinhos do Est\u00e1cio!&#8221;<\/em>.<\/p>\n<p style=\"text-align: justify;\">&#8211; A Mangueira fez um verdadeiro &#8220;We are the world&#8221; para divulgar o empolgante samba-enredo em homenagem ao Cacique de Ramos e chamou grandes nomes do samba para cantarem trechos da obra que seria levada para a Sapuca\u00ed. Al\u00e9m dos int\u00e9rpretes Z\u00e9 Paulo, Luizito, Ciganerey e Vadinho Freire (que fim deu?), participaram da grava\u00e7\u00e3o Xande de Pilares, Sombrinha, Dudu Nobre, Beth Carvalho e Jorge Arag\u00e3o.<\/p>\n<p><iframe loading=\"lazy\" title=\"Clipe Mangueira 2012\" width=\"525\" height=\"295\" src=\"https:\/\/www.youtube.com\/embed\/YvxTS7MabJ8?feature=oembed\" frameborder=\"0\" allow=\"accelerometer; autoplay; clipboard-write; encrypted-media; gyroscope; picture-in-picture; web-share\" referrerpolicy=\"strict-origin-when-cross-origin\" allowfullscreen><\/iframe><\/p>\n<p style=\"text-align: justify;\">&#8211; A Unidos do Porto da Pedra foi rebaixada depois de 11 participa\u00e7\u00f5es consecutivas no Grupo Especial (isso sem falar as tr\u00eas entre 1996 e 1998 e ainda outra em 2000). Em 15 desfiles, ela teve como melhor resultado um quinto lugar (1997); al\u00e9m disso, ela terminou um desfile em s\u00e9timo (2005), um em oitavo (2011), um em nono (1996), tr\u00eas em d\u00e9cimo (2007, 2009 e 2010), quatro em 11\u00ba (2002, 2003,2004 e 2008), dois em 12\u00ba (2006 e 2012) e dois em 14\u00ba (1998 e 2000). Hoje a escola de S\u00e3o Gon\u00e7alo est\u00e1 na S\u00e9rie A.<\/p>\n<p style=\"text-align: justify;\">&#8211; O ano de 2012 foi simplesmente terr\u00edvel para algumas tradicionais agremia\u00e7\u00f5es que chegaram a desfilar na elite. Na pista, o Arranco do Engenho de Dentro foi rebaixado do Grupo B para o C, enquanto que Unidos do Cabu\u00e7u e Lins Imperial ca\u00edram do C para o D. Mas, com a cria\u00e7\u00e3o da S\u00e9rie A (a Segundona dos desfiles) para 2013, as escolas se mantiveram nas divis\u00f5es em que estavam. No ano seguinte, o Arranco foi vice no Grupo B (na Intendente Magalh\u00e3es) e quase subiu para a S\u00e9rie A, enquanto a Cabu\u00e7u foi campe\u00e3 no C e conquistou o acesso ao grupo de cima, e o Lins Imperial caiu para o Grupo D, o \u00faltimo do Carnaval.<\/p>\n<p style=\"text-align: justify;\">&#8211; O d\u00e9cimo lugar em 2012 foi a segunda pior coloca\u00e7\u00e3o da Imperatriz em todos os tempos at\u00e9 ent\u00e3o, perdendo apenas para a 14\u00aa posi\u00e7\u00e3o em 1988 &#8211; na ocasi\u00e3o, o Gresil escapou do rebaixamento gra\u00e7as a um acerto para que n\u00e3o houvesse descenso, o que acabou permitindo \u00e0 escola uma extraordin\u00e1ria rea\u00e7\u00e3o e o t\u00edtulo em 1989. Em 1965, a escola tamb\u00e9m ficara em d\u00e9cimo na sua estreia na elite.<\/p>\n<p style=\"text-align: justify;\">&#8211; No s\u00e1bado das Campe\u00e3s, pela primeira vez a Portela abriu um desfile oficial na Era Samb\u00f3dromo.<\/p>\n<p style=\"text-align: justify;\"><strong>CANTINHO DO EDITOR &#8211; por Pedro Mig\u00e3o<\/strong><\/p>\n<p style=\"text-align: justify;\"><a href=\"http:\/\/www.pedromigao.com.br\/ourodetolo\/wp-content\/uploads\/2014\/05\/Rio-de-Janeiro-20120225-00443.jpg\"><img loading=\"lazy\" decoding=\"async\" class=\"alignleft\" src=\"http:\/\/www.pedromigao.com.br\/ourodetolo\/wp-content\/uploads\/2014\/05\/Rio-de-Janeiro-20120225-00443-300x225.jpg\" alt=\"Rio de Janeiro-20120225-00443\" width=\"300\" height=\"225\" \/><\/a>Aquele foi um Carnaval diferente para a Portela. Ap\u00f3s o fiasco de 2011, foi criada uma Superintend\u00eancia de Carnaval sob o comando do antigo vice-presidente Marcos Falcon (assassinado em 2016), que, entretanto, duraria pouco: em manobra com as digitais do ent\u00e3o presidente, ele foi preso e ficou fora de circula\u00e7\u00e3o por uns tempos at\u00e9 provar inoc\u00eancia e ser libertado. Com isso, Nilo Figueiredo reassumiu o poder na escola.<\/p>\n<p style=\"text-align: justify;\">O enredo sobre a Bahia foi definido apenas em julho, e, com a quadra da escola em obras de moderniza\u00e7\u00e3o (custeadas pela Prefeitura), a disputa de samba se alternou entre o clube River (na Aboli\u00e7\u00e3o) e a quadra da Caprichosos de Pilares, onde foi a final, com apenas tr\u00eas sambas devido \u00e0 limita\u00e7\u00e3o de espa\u00e7o. Ap\u00f3s a escolha, os ensaios foram na rua (em Oswaldo Cruz, na Pra\u00e7a Paulo da Portela) at\u00e9 a reinaugura\u00e7\u00e3o da quadra duas semanas antes do desfile.<\/p>\n<p style=\"text-align: justify;\">O antol\u00f3gico samba vencedor n\u00e3o era o favorito, mas foi &#8220;levado no colo&#8221; pelos segmentos at\u00e9 a vit\u00f3ria, que foi definida bem pr\u00f3xima \u00e0 final. O curioso \u00e9 que, em entrevista a este blog, Luiz Carlos M\u00e1ximo, um dos autores e hoje colunista, disse que o samba quase n\u00e3o foi inscrito na disputa:<\/p>\n<p style=\"text-align: justify;\"><em>&#8220;Com muitas dificuldades conseguimos gravar o samba, mas no dia da inscri\u00e7\u00e3o ainda discut\u00edamos se ir\u00edamos participar da disputa. Apesar de algumas boas medidas da dire\u00e7\u00e3o da Portela terem diminu\u00eddo bastante os custos dos compositores (proibi\u00e7\u00e3o de alegorias, competi\u00e7\u00e3o curta e ingressos para torcida), n\u00e3o t\u00ednhamos como arcar com as despesas que s\u00e3o necess\u00e1rias a fim de se disputar para valer.<\/em><\/p>\n<p style=\"text-align: justify;\"><em>Resolvemos ent\u00e3o colocar o samba e apostar que a qualidade da composi\u00e7\u00e3o atra\u00edsse pessoas amigas, que acabaram nos ajudando. O custo ficou em torno de R$ 25 mil.&#8221;<\/em><\/p>\n<p style=\"text-align: justify;\">A prepara\u00e7\u00e3o do carnaval andou razoavelmente bem at\u00e9 o in\u00edcio de janeiro, mas ap\u00f3s este momento n\u00e3o houve mais fluxo constante na libera\u00e7\u00e3o de verba, e isso acabou prejudicando bastante a prepara\u00e7\u00e3o de alegorias e fantasias. Uma pena, pois o projeto do carnavalesco Paulo Menezes, se cumprido na \u00edntegra, daria condi\u00e7\u00f5es de lutar pelo t\u00edtulo. O desfile foi prejudicado por este fator e tamb\u00e9m pelo fato de a Portela ter sido a segunda a desfilar no domingo, posi\u00e7\u00e3o na qual o jurado sempre economiza nota &#8211; isso sem contar a frieza do p\u00fablico.<\/p>\n<p style=\"text-align: justify;\">Ainda assim, o \u00e9pico samba colocou a agremia\u00e7\u00e3o no Desfile das Campe\u00e3s na \u00faltima nota, ultrapassando a Mangueira &#8211; embora considere que poderia ter ficado uma ou duas posi\u00e7\u00f5es mais \u00e0 frente.<\/p>\n<p style=\"text-align: justify;\">Desfilei em ala comercial, com uma linda fantasia representando o enredo de 1983 no \u00faltimo setor, que falava sobre as festas portelenses. Tamb\u00e9m desfilei no Imp\u00e9rio Serrano no Acesso e na Ala de Compositores da Uni\u00e3o da Ilha, na qual a desorganiza\u00e7\u00e3o da concentra\u00e7\u00e3o e a in\u00e9pcia da Dire\u00e7\u00e3o de Harmonia atrapalharam bastante o desfile. Sem contar a roupa, sob medida, mas que veio com a cal\u00e7a tr\u00eas n\u00fameros maior e o palet\u00f3 dois menor&#8230;<\/p>\n<p style=\"text-align: justify;\"><img loading=\"lazy\" decoding=\"async\" class=\"alignleft\" src=\"http:\/\/1.bp.blogspot.com\/-anl74PSQtng\/T0FLk3GsldI\/AAAAAAAAEZk\/qOf9XuNV3c0\/s1600\/Acesso+A+2012+025.JPG\" alt=\"\" width=\"346\" height=\"259\" \/>Assisti ao Grupo Especial e o Acesso B nas frisas do Setor 3, enquanto o Acesso A acompanhei do novo Setor 4. Ali\u00e1s, como a foto ao lado mostra, os novos setores do Samb\u00f3dromo foram entregues inacabados, tanto nas frisas como na pr\u00f3pria estrutura dos acessos e setores.<\/p>\n<p style=\"text-align: justify;\">Cheguei at\u00e9 a receber e-mails me amea\u00e7ando ap\u00f3s ter escrito isso na ocasi\u00e3o, mas, pelo menos onde estava, o pior desfile do Especial disparado naquele ano foi o da Mangueira. A ideia dos dois carros de som n\u00e3o funcionou e arrasou a Harmonia da escola &#8211; e, em menor escala, Evolu\u00e7\u00e3o. O atravessamento do canto foi t\u00e3o feio que \u00e0 minha frente uma ala cantava um refr\u00e3o e a ala imediatamente atr\u00e1s, outro &#8211; e ainda assim o jurado de Harmonia deste m\u00f3dulo conferiu a nota 10&#8230; Esta apresenta\u00e7\u00e3o mostrou bem como o desfile estando na avenida \u00e9 um e na televis\u00e3o, completamente outro. Na telinha foi uma maravilha&#8230;<\/p>\n<p style=\"text-align: justify;\">A outra rebaixada sairia a meu ver entre Imperatriz\u00a0 &#8211; que teve muitos problemas &#8211; ou Renascer. A Porto da Pedra, apesar do iogurte, a meu ju\u00edzo foi melhor que estas citadas. Por falar em Harmonia e Evolu\u00e7\u00e3o, a Beija-Flor passou irreconhec\u00edvel sob este aspecto &#8211; e repleta de monstros nas alegorias.<\/p>\n<p style=\"text-align: justify;\">Antes de se decidir pelo enredo patrocinado, a Porto da Pedra esteve perto de reeditar &#8220;Os Sert\u00f5es&#8221;, samba cl\u00e1ssico da Em Cima da Hora. O samba vencedor da disputa foi bastante mexido antes da grava\u00e7\u00e3o para retirar as refer\u00eancias \u00e0 Danone existentes, diretas e indiretas. A prop\u00f3sito, a Porto da Pedra teve uma safra bastante pr\u00f3diga em sambas &#8220;inusitados&#8221;, digamos assim.<\/p>\n<p style=\"text-align: justify;\">O desfile do Especial de 2012 mostrou que, mais que o n\u00famero de escolas, o que segura o p\u00fablico s\u00e3o bons sambas. No domingo, com sete escolas, o valente desfile da Vila Isabel foi muito mais agrad\u00e1vel que a modorrenta Grande Rio encerrando segunda com uma agremia\u00e7\u00e3o a menos. Sobre a Vila, preferia o samba da parceria da Mart&#8217;n\u00e1lia nas eliminat\u00f3rias, mas o samba na avenida calou minha boca &#8211; tanto que acho melhor que o campe\u00e3o que viria no ano seguinte. Para mim, a Vila seria a campe\u00e3, inclusive.<\/p>\n<p style=\"text-align: justify;\">Sobre o verdadeiro estelionato que foi o desfile do Acesso A, antes do desfile o jornal &#8220;O Dia&#8221; publicou not\u00edcia que a Inocentes (cujo presidente tamb\u00e9m era o mandat\u00e1rio da Lesga) seria a vencedora. Depois o mesmo jornal e os peri\u00f3dicos &#8220;Extra&#8221; e &#8220;O Globo&#8221; tamb\u00e9m deram voz p\u00fablica ao que se comentava no meio do carnaval.<\/p>\n<p style=\"text-align: justify;\">O que pouca gente sabe \u00e9 que o resultado vazou ainda na ter\u00e7a-feira de carnaval em uma r\u00e1dio carioca, inclusive com pontua\u00e7\u00e3o &#8211; dizem que pela ent\u00e3o diretoria da Rocinha, que seria rebaixada. Com a gritaria da escola, decidiu-se pelo n\u00e3o rebaixamento &#8211; o que levou a Prefeitura a interferir e descredenciar a Lesga como representante deste grupo e chegar at\u00e9 a amea\u00e7ar n\u00e3o homologar o resultado.<\/p>\n<p style=\"text-align: justify;\">Posteriormente, conversando com um dos envolvidos diretos, este me contou coisas do arco da velha que ocorreram entre o desfile de s\u00e1bado e a &#8220;apura\u00e7\u00e3o&#8221; na quarta feira de Cinzas.<\/p>\n<p style=\"text-align: justify;\"><a href=\"http:\/\/www.pedromigao.com.br\/ourodetolo\/wp-content\/uploads\/2014\/05\/107_0903.jpg\"><img loading=\"lazy\" decoding=\"async\" class=\"alignleft\" src=\"http:\/\/www.pedromigao.com.br\/ourodetolo\/wp-content\/uploads\/2014\/05\/107_0903-300x225.jpg\" alt=\"107_0903\" width=\"300\" height=\"225\" \/><\/a>O Acesso B teve menos gritaria, mas a Caprichosos apenas justificou na pista o que estava determinado, tanto que diversas escolas seguraram os gastos para este grupo &#8211; que teve um dos desfiles mais fracos da hist\u00f3ria. Seria o \u00faltimo desfile deste grupo no formato de ent\u00e3o &#8211; \u00e0s ter\u00e7as feiras na Sapuca\u00ed. Ainda dei entrevista ao jornalista Marcos Frederico, da R\u00e1dio Tupi (foto).<\/p>\n<p style=\"text-align: justify;\">A Est\u00e1cio de S\u00e1, que homenageou Luma de Oliveira, teve os dois filhos dela em um dos carros. Ambos em uma (des)anima\u00e7\u00e3o contagiante&#8230;<\/p>\n<p style=\"text-align: justify;\">O condor da Tradi\u00e7\u00e3o, de relevantes e longos servi\u00e7os prestados ao carnaval carioca, fez em 2012 sua despedida do Samb\u00f3dromo e da Tradi\u00e7\u00e3o. No ano seguinte apareceu, reciclado, como urubu no desfile da Arrast\u00e3o de Cascadura homenageando a ent\u00e3o presidente do Flamengo Patr\u00edcia Amorim.<\/p>\n<p style=\"text-align: justify;\">Ap\u00f3s voltar do desfile da Grande Rio, a atriz Susana Vieira retornou ao camarote da agremia\u00e7\u00e3o cercada por um cord\u00e3o de isolamento com aproximadamente uns 15 seguran\u00e7as, para que ningu\u00e9m se aproximasse. Por outro lado, o cantor Ivan Lins e o prefeito Eduardo Paes deram um show de simpatia ap\u00f3s desfilarem na Portela. Inclusive fui elogiar o cantor por sua entrega apesar de salgueirense e ele me respondeu: <em>&#8220;virei Portela agora, sou Portela&#8221;<\/em>.<\/p>\n<p style=\"text-align: justify;\">Os bonequinhos do carro tijucano sobre o Mestre Vitalino fizeram carreira por v\u00e1rias escolas do Acesso nos carnavais de 2013 e 2014.<\/p>\n<p style=\"text-align: justify;\"><strong>Links<\/strong><\/p>\n<p style=\"text-align: justify;\">A passagem da campe\u00e3 Unidos da Tijuca<\/p>\n<p><iframe loading=\"lazy\" title=\"Desfile Completo Carnaval 2012 - Unidos da Tijuca\" width=\"525\" height=\"295\" src=\"https:\/\/www.youtube.com\/embed\/jl6MSAH2jY4?feature=oembed\" frameborder=\"0\" allow=\"accelerometer; autoplay; clipboard-write; encrypted-media; gyroscope; picture-in-picture; web-share\" referrerpolicy=\"strict-origin-when-cross-origin\" allowfullscreen><\/iframe><\/p>\n<p style=\"text-align: justify;\">O bonito desfile do Salgueiro em 2012<\/p>\n<p><iframe loading=\"lazy\" title=\"Desfile Completo Carnaval 2012 - Acad\u00eamicos do Salgueiro\" width=\"525\" height=\"295\" src=\"https:\/\/www.youtube.com\/embed\/PpiII4BtQuw?feature=oembed\" frameborder=\"0\" allow=\"accelerometer; autoplay; clipboard-write; encrypted-media; gyroscope; picture-in-picture; web-share\" referrerpolicy=\"strict-origin-when-cross-origin\" allowfullscreen><\/iframe><\/p>\n<p style=\"text-align: justify;\">A \u00f3tima apresenta\u00e7\u00e3o da Vila Isabel<\/p>\n<p><iframe loading=\"lazy\" title=\"Desfile Completo Carnaval 2012 - Unidos de Vila Isabel\" width=\"525\" height=\"295\" src=\"https:\/\/www.youtube.com\/embed\/nXpkheipXxw?feature=oembed\" frameborder=\"0\" allow=\"accelerometer; autoplay; clipboard-write; encrypted-media; gyroscope; picture-in-picture; web-share\" referrerpolicy=\"strict-origin-when-cross-origin\" allowfullscreen><\/iframe><\/p>\n<p style=\"text-align: justify;\">A Portela e seu brilhante samba-enredo<\/p>\n<p><iframe loading=\"lazy\" title=\"Desfile Completo Carnaval 2012 - Portela\" width=\"525\" height=\"295\" src=\"https:\/\/www.youtube.com\/embed\/vsIh7Ud9oNM?feature=oembed\" frameborder=\"0\" allow=\"accelerometer; autoplay; clipboard-write; encrypted-media; gyroscope; picture-in-picture; web-share\" referrerpolicy=\"strict-origin-when-cross-origin\" allowfullscreen><\/iframe><\/p>\n<p style=\"text-align: justify;\">A exibi\u00e7\u00e3o da Mangueira com sua &#8220;paradona&#8221;<\/p>\n<p><iframe loading=\"lazy\" title=\"Desfile Completo Carnaval 2012 - Esta\u00e7\u00e3o Primeira de Mangueira\" width=\"525\" height=\"295\" src=\"https:\/\/www.youtube.com\/embed\/aKJ_6dLnIV8?feature=oembed\" frameborder=\"0\" allow=\"accelerometer; autoplay; clipboard-write; encrypted-media; gyroscope; picture-in-picture; web-share\" referrerpolicy=\"strict-origin-when-cross-origin\" allowfullscreen><\/iframe><\/p>\n<p style=\"text-align: justify;\"><strong>Fotos: Liesa, G1 e Arquivo Pessoal Pedro Mig\u00e3o<\/strong><\/p>\n","protected":false},"excerpt":{"rendered":"<p>Depois de quase tr\u00eas d\u00e9cadas, finalmente o samb\u00f3dromo do Rio de Janeiro passou a refletir o projeto original do arquiteto Oscar Niemeyer. Ou seja, comTour Details<\/p>\n","protected":false},"author":14,"featured_media":25691,"comment_status":"open","ping_status":"open","sticky":false,"template":"","format":"standard","meta":{"footnotes":""},"categories":[1134],"tags":[136,19,104,366,394,68,62],"class_list":["post-40425","post","type-post","status-publish","format-standard","has-post-thumbnail","hentry","category-historias-do-sambodromo","tag-carnaval-2012","tag-escolas-de-samba","tag-salgueiro","tag-sambodromo","tag-sapucai","tag-unidos-da-tijuca","tag-vila-isabel"],"_links":{"self":[{"href":"http:\/\/www.pedromigao.com.br\/ourodetolo\/wp-json\/wp\/v2\/posts\/40425","targetHints":{"allow":["GET"]}}],"collection":[{"href":"http:\/\/www.pedromigao.com.br\/ourodetolo\/wp-json\/wp\/v2\/posts"}],"about":[{"href":"http:\/\/www.pedromigao.com.br\/ourodetolo\/wp-json\/wp\/v2\/types\/post"}],"author":[{"embeddable":true,"href":"http:\/\/www.pedromigao.com.br\/ourodetolo\/wp-json\/wp\/v2\/users\/14"}],"replies":[{"embeddable":true,"href":"http:\/\/www.pedromigao.com.br\/ourodetolo\/wp-json\/wp\/v2\/comments?post=40425"}],"version-history":[{"count":6,"href":"http:\/\/www.pedromigao.com.br\/ourodetolo\/wp-json\/wp\/v2\/posts\/40425\/revisions"}],"predecessor-version":[{"id":50297,"href":"http:\/\/www.pedromigao.com.br\/ourodetolo\/wp-json\/wp\/v2\/posts\/40425\/revisions\/50297"}],"wp:featuredmedia":[{"embeddable":true,"href":"http:\/\/www.pedromigao.com.br\/ourodetolo\/wp-json\/wp\/v2\/media\/25691"}],"wp:attachment":[{"href":"http:\/\/www.pedromigao.com.br\/ourodetolo\/wp-json\/wp\/v2\/media?parent=40425"}],"wp:term":[{"taxonomy":"category","embeddable":true,"href":"http:\/\/www.pedromigao.com.br\/ourodetolo\/wp-json\/wp\/v2\/categories?post=40425"},{"taxonomy":"post_tag","embeddable":true,"href":"http:\/\/www.pedromigao.com.br\/ourodetolo\/wp-json\/wp\/v2\/tags?post=40425"}],"curies":[{"name":"wp","href":"https:\/\/api.w.org\/{rel}","templated":true}]}}