{"id":40366,"date":"2016-02-19T09:02:04","date_gmt":"2016-02-19T11:02:04","guid":{"rendered":"http:\/\/www.pedromigao.com.br\/ourodetolo\/?p=40366"},"modified":"2016-02-19T09:02:04","modified_gmt":"2016-02-19T11:02:04","slug":"a-nacao-que-se-tornou-realidade","status":"publish","type":"post","link":"http:\/\/www.pedromigao.com.br\/ourodetolo\/2016\/02\/a-nacao-que-se-tornou-realidade\/","title":{"rendered":"A Na\u00e7\u00e3o que se tornou realidade"},"content":{"rendered":"<p style=\"text-align: justify;\">O mais otimista dos dirigentes de escolas de samba do Rio de Janeiro talvez nem se imaginasse sendo campe\u00e3o disputando o primeiro carnaval com sua agremia\u00e7\u00e3o. A n\u00e3o ser que esse, ou esses dirigentes, consigam unir um grupo determinado, disposto a se dedicar para a realiza\u00e7\u00e3o do sonho desse mesmo grupo, mantendo os p\u00e9s no ch\u00e3o, conhecendo as limita\u00e7\u00f5es que ter\u00e3o de passar, que consigam mostrar para eles mesmos que levar um trabalho a s\u00e9rio traz recompensas. Foi essa forma que a fam\u00edlia que fundou a Na\u00e7\u00e3o Insulana conseguiu converter a seriedade no carnaval em campeonato. Em menos de um ano de exist\u00eancia.<\/p>\n<p style=\"text-align: justify;\">Vencer a d\u00favida tanto de pessoas que veem de fora, quanto de n\u00f3s mesmos, componentes que resolveram dar uma nova escola de samba ao carnaval da cidade e \u00e0 Ilha do Governador, foi um desafio de resist\u00eancia psicol\u00f3gico e f\u00edsico. Psicol\u00f3gico porque diante do n\u00edvel de agremia\u00e7\u00e3o desfilantes na Sapuca\u00ed, para o n\u00edvel de desfilantes da Intendente Magalh\u00e3es, principalmente do Grupo E, aceitar a ideia de que n\u00e3o h\u00e1 de onde tirar dinheiro e que a Prefeitura do Rio n\u00e3o disponibiliza qualquer tipo de subven\u00e7\u00e3o para este grupo \u00e9 algo que fica dentro de n\u00f3s, martelando. Pois s\u00f3 quem \u00e9 apaixonado por carnaval e tem zelo por isso entende o que \u00e9 estar com pensamentos de como ser\u00e1 um desfile o qual voc\u00ea est\u00e1 fazendo parte, integrando, ajudando, opinando.<\/p>\n<p style=\"text-align: justify;\">Carnaval sem dinheiro se faz com compet\u00eancia e creio que podemos tra\u00e7ar um paralelo semelhante ao que ocorreu com Leandro Vieira, carnavalesco campe\u00e3o pela Magueira em 2016: Leandro come\u00e7ou na Caprichosos ano passado e desenvolveu um trabalho maravilhoso, colocando a mesma azul e branco, que desceu de forma lastim\u00e1vel em 2016, no s\u00e9timo lugar, mesmo com as condi\u00e7\u00f5es semelhantes as desse ano. Seu bom trabalho o fez receber o convite para ser carnavalesco da Mangueira. Resultado: Campe\u00e3o.<\/p>\n<p style=\"text-align: justify;\">Com a Na\u00e7\u00e3o Insulana, muitas pessoas com uma longa hist\u00f3ria no carnaval com experi\u00eancias no Boi da Ilha do Governador, Acad\u00eamicos do Dend\u00ea e Uni\u00e3o da Ilha, fizeram muito por todas essas escolas. E com o esfor\u00e7o e a sede de dar \u00e0 Ilha do Governador mais uma agremia\u00e7\u00e3o vencedora, a recompensa foi o t\u00edtulo do Grupo E, o mais dif\u00edcil e sacrificante.<\/p>\n<p style=\"text-align: justify;\">A compet\u00eancia de diretores que se entregaram a partir do momento em que a Na\u00e7\u00e3o era reconhecida como agremia\u00e7\u00e3o, fez com que colhessem frutos muito bons. N\u00e3o a toa a verde, amarelo, azul e branco da Ilha do Governador foi contemplada com o Pr\u00eamio Elite do Samba de melhor Harmonia e destaque com a Rainha Mirim e no Pr\u00eamio Ziriguidum levou de Melhor Int\u00e9rprete (Cadinho e N\u00e9lio), Melhor Harmonia e Destaque do Grupo com a Rainha Vivan Cister. A miss\u00e3o foi cumprida, o carnaval foi pra rua e o al\u00edvio de ter feito um desfile impec\u00e1vel veio na apura\u00e7\u00e3o. Apenas 0,1 ponto foi descontado da agremia\u00e7\u00e3o que trouxe fantasias in\u00e9ditas e quadrip\u00e9 tamb\u00e9m in\u00e9dito. Reitero: em seu primeiro carnaval, tudo o que foi apresentado foi in\u00e9dito, feito por Manoel Junior e tantos outros que ajudaram.<\/p>\n<p style=\"text-align: justify;\"><a href=\"http:\/\/www.pedromigao.com.br\/ourodetolo\/2016\/02\/a-nacao-que-se-tornou-realidade\/nacao-apuracao\/\" rel=\"attachment wp-att-40368\"><img loading=\"lazy\" decoding=\"async\" class=\"aligncenter size-large wp-image-40368\" src=\"http:\/\/www.pedromigao.com.br\/ourodetolo\/wp-content\/uploads\/2016\/02\/Na\u00e7\u00e3o-Apura\u00e7\u00e3o-510x340.jpg\" alt=\"Na\u00e7\u00e3o Apura\u00e7\u00e3o\" width=\"510\" height=\"340\" srcset=\"http:\/\/www.pedromigao.com.br\/ourodetolo\/wp-content\/uploads\/2016\/02\/Na\u00e7\u00e3o-Apura\u00e7\u00e3o-510x340.jpg 510w, http:\/\/www.pedromigao.com.br\/ourodetolo\/wp-content\/uploads\/2016\/02\/Na\u00e7\u00e3o-Apura\u00e7\u00e3o-300x200.jpg 300w, http:\/\/www.pedromigao.com.br\/ourodetolo\/wp-content\/uploads\/2016\/02\/Na\u00e7\u00e3o-Apura\u00e7\u00e3o-768x512.jpg 768w, http:\/\/www.pedromigao.com.br\/ourodetolo\/wp-content\/uploads\/2016\/02\/Na\u00e7\u00e3o-Apura\u00e7\u00e3o.jpg 1024w\" sizes=\"auto, (max-width: 510px) 100vw, 510px\" \/><\/a>A Ilha do Governador n\u00e3o ganhou uma figurante no carnaval. A Na\u00e7\u00e3o j\u00e1 nasceu, ao menos, coadjuvante e da melhor categoria. A humildade, os p\u00e9s no ch\u00e3o, a vontade de ter uma organiza\u00e7\u00e3o da agremia\u00e7\u00e3o e n\u00e3o somente uma escola de samba com n\u00edveis hier\u00e1rquicos discrepantes, como vemos tantos por a\u00ed pelo carnaval.<\/p>\n<p style=\"text-align: justify;\">No pr\u00f3ximo ano a \u00c1guia Guerreira que em 2016 recebeu a ajuda dos orix\u00e1s para se recompor, em 2017 far\u00e1 seu carnaval completamente revigorada e amadurecida. Ser\u00e1 reconhecida no Grupo D pelo seu desfile memor\u00e1vel no Grupo E e mantendo a organiza\u00e7\u00e3o, aumentando n\u00famero de componentes, gest\u00e3o mantendo os p\u00e9s no ch\u00e3o \u2013 coloco a minha m\u00e3o no fogo por essa diretoria \u2013, divulgando eventos com o nome da agremia\u00e7\u00e3o e uma capta\u00e7\u00e3o maior de recursos com quem pretender ser parceiro da escola, pode ser o caminho para come\u00e7ar a enxergar um desfile na Sapuca\u00ed. N\u00e3o \u00e9 exagero pensar nisso. N\u00e3o diante do que foi visto no dia 13\/02\/2016, \u00e0s 23h, durante 31min e 50seg. E ainda ter\u00e1 a companhia da agremia\u00e7\u00e3o que mais deu for\u00e7a para a Na\u00e7\u00e3o Insulana, o Acad\u00eamicos do Dend\u00ea que contribuiu com a organiza\u00e7\u00e3o da escola da Freguesia at\u00e9 o dia do desfile.<\/p>\n<p style=\"text-align: justify;\">Um brinde ao carnaval limpo, criativo, colorido, pensado e praticado. Que as demais agremia\u00e7\u00f5es sigam o exemplo de seriedade. Porque o que mais tem faltado no carnaval, principalmente da Intendente Magalh\u00e3es, \u00e9 um certo afastamento de algumas comunidades de suas escolas de samba. Obviamente n\u00e3o \u00e9 s\u00f3 um problema administrativo e sim da exposi\u00e7\u00e3o comercial inexistente.<\/p>\n<p style=\"text-align: justify;\">Mas ainda h\u00e1 quem n\u00e3o leve t\u00e3o a s\u00e9rio o maior legado cultural que o Rio de Janeiro tem.<\/p>\n","protected":false},"excerpt":{"rendered":"<p>O mais otimista dos dirigentes de escolas de samba do Rio de Janeiro talvez nem se imaginasse sendo campe\u00e3o disputando o primeiro carnaval com suaTour Details<\/p>\n","protected":false},"author":42,"featured_media":0,"comment_status":"open","ping_status":"open","sticky":false,"template":"","format":"standard","meta":{"footnotes":""},"categories":[879],"tags":[18,837,19],"class_list":["post-40366","post","type-post","status-publish","format-standard","hentry","category-carnavalizando","tag-carnaval","tag-carnaval-2016","tag-escolas-de-samba"],"_links":{"self":[{"href":"http:\/\/www.pedromigao.com.br\/ourodetolo\/wp-json\/wp\/v2\/posts\/40366","targetHints":{"allow":["GET"]}}],"collection":[{"href":"http:\/\/www.pedromigao.com.br\/ourodetolo\/wp-json\/wp\/v2\/posts"}],"about":[{"href":"http:\/\/www.pedromigao.com.br\/ourodetolo\/wp-json\/wp\/v2\/types\/post"}],"author":[{"embeddable":true,"href":"http:\/\/www.pedromigao.com.br\/ourodetolo\/wp-json\/wp\/v2\/users\/42"}],"replies":[{"embeddable":true,"href":"http:\/\/www.pedromigao.com.br\/ourodetolo\/wp-json\/wp\/v2\/comments?post=40366"}],"version-history":[{"count":0,"href":"http:\/\/www.pedromigao.com.br\/ourodetolo\/wp-json\/wp\/v2\/posts\/40366\/revisions"}],"wp:attachment":[{"href":"http:\/\/www.pedromigao.com.br\/ourodetolo\/wp-json\/wp\/v2\/media?parent=40366"}],"wp:term":[{"taxonomy":"category","embeddable":true,"href":"http:\/\/www.pedromigao.com.br\/ourodetolo\/wp-json\/wp\/v2\/categories?post=40366"},{"taxonomy":"post_tag","embeddable":true,"href":"http:\/\/www.pedromigao.com.br\/ourodetolo\/wp-json\/wp\/v2\/tags?post=40366"}],"curies":[{"name":"wp","href":"https:\/\/api.w.org\/{rel}","templated":true}]}}