{"id":39883,"date":"2016-02-04T08:42:14","date_gmt":"2016-02-04T10:42:14","guid":{"rendered":"http:\/\/www.pedromigao.com.br\/ourodetolo\/?p=39883"},"modified":"2016-02-04T10:14:32","modified_gmt":"2016-02-04T12:14:32","slug":"as-minhas-expectativas-para-o-desfile-de-sao-paulo","status":"publish","type":"post","link":"http:\/\/www.pedromigao.com.br\/ourodetolo\/2016\/02\/as-minhas-expectativas-para-o-desfile-de-sao-paulo\/","title":{"rendered":"As expectativas para os desfiles em S\u00e3o Paulo"},"content":{"rendered":"<p style=\"text-align: justify\"><strong>Expectativa geral dos desfiles<\/strong><\/p>\n<p style=\"text-align: justify\">Daqui a poucas horas estaremos ligados no que promete ser o Carnaval mais equilibrado dos \u00faltimos anos em S\u00e3o Paulo. N\u00e3o \u00e9 exagero dizer que pelo menos 11 escolas miram o Desfile das Campe\u00e3s e pelo menos metade do grupo teme uma poss\u00edvel queda ao Grupo de Acesso. Por conta disso, \u00e9 extremamente arriscado fazer progn\u00f3sticos, mas estamos aqui para tentar pelo menos clarear as coisas para o amigo leitor.<\/p>\n<p style=\"text-align: justify\">Num progn\u00f3stico geral, o Carnaval certamente deve ser marcado por bons desfiles em termos visuais. Apesar de alguns enredos de gosto duvidosos, a tend\u00eancia \u00e9 que boa parte dos desfiles tragam visuais de beleza ou de grande impacto. Outro ponto que promete \u00e9 a atua\u00e7\u00e3o das baterias do grupo. Em praticamente todas as escolas, os sambas se encaixam com suas baterias, como j\u00e1 vimos nos ensaios t\u00e9cnicos. Isso pode mudar e influenciar para um rendimento positivo de alguns sambas de qualidade t\u00e9cnica mais abaixo.<\/p>\n<p style=\"text-align: justify\"><strong>Favoritas ao t\u00edtulo<\/strong><\/p>\n<p style=\"text-align: justify\">Agora a brincadeira come\u00e7a a ficar s\u00e9ria. Por mais que o equil\u00edbrio dito anteriormente complique uma aposta segura, n\u00e3o h\u00e1 como n\u00e3o apontar algumas escolas que est\u00e3o mais \u00e0 frente no sonho do caneco. Sem mais delongas, vamos a elas:<\/p>\n<p style=\"text-align: justify\"><img loading=\"lazy\" decoding=\"async\" class=\"size-medium wp-image-33081 alignleft\" src=\"http:\/\/www.pedromigao.com.br\/ourodetolo\/wp-content\/uploads\/2015\/02\/vaivai2015bodas3-200x300.jpg\" alt=\"vaivai2015bodas3\" width=\"200\" height=\"300\" srcset=\"http:\/\/www.pedromigao.com.br\/ourodetolo\/wp-content\/uploads\/2015\/02\/vaivai2015bodas3-200x300.jpg 200w, http:\/\/www.pedromigao.com.br\/ourodetolo\/wp-content\/uploads\/2015\/02\/vaivai2015bodas3-227x340.jpg 227w, http:\/\/www.pedromigao.com.br\/ourodetolo\/wp-content\/uploads\/2015\/02\/vaivai2015bodas3.jpg 1280w\" sizes=\"auto, (max-width: 200px) 100vw, 200px\" \/>*Vai-Vai: Atual campe\u00e3, a Saracura \u00e9 a principal favorita ao caneco de 2016. N\u00e3o tem como n\u00e3o apostar no povo do Bexiga para esse Carnaval. A escola que sempre teve seu ch\u00e3o fort\u00edssimo e sambas de mais alta qualidade como maiores trunfos, dessa vez aposta muito no talento de Renato Lage e M\u00e1rcia L\u00e1via para conseguir extrair o m\u00e1ximo de sua parte pl\u00e1stica. Portanto, unindo o ch\u00e3o da escola, o \u00f3timo samba e dois excelentes carnavalescos \u00e9 imposs\u00edvel n\u00e3o apostar que o Vai-Vai \u00e9 o principal favorito ao campeonato.<\/p>\n<p style=\"text-align: justify\">*Imp\u00e9rio de Casa Verde: Renovada e com \u00f3timos quesitos, a conhecida \u201cCa\u00e7ula do Samba\u201d \u00e9 a principal amea\u00e7a da Saracura na briga pelo caneco. Ap\u00f3s anos de desfiles mais abaixo do que se acostumou a fazer, o Tigre Guerreiro resolveu apostar alto para voltar a disputar o t\u00edtulo. Para isso j\u00e1 come\u00e7ou trazendo o \u00f3timo Jorge Freitas que ap\u00f3s oito anos na Rosas de Ouro deixou a escola rumo \u00e0 Casa Verde. Al\u00e9m disso, a escola vai levar para o Anhembi, samba e enredo que remetem aos seus tempos de gl\u00f3ria e que se encaixam perfeitamente no estilo de sua comunidade. Por tudo isso, o \u00fanico sen\u00e3o da escola \u00e9 a posi\u00e7\u00e3o de desfile. Por vir como segunda escola de s\u00e1bado, a agremia\u00e7\u00e3o pode pegar um p\u00fablico mais frio e n\u00e3o ter o resultado de ch\u00e3o esperado, se superar isso \u00e9 forte favorita ao campeonato.<\/p>\n<p style=\"text-align: justify\">*Mocidade Alegre: Acostumada a entrar na pista como favorita, a Morada do Samba encontra uma situa\u00e7\u00e3o um pouco diferente em 2016. Mesmo com um enredo afro que sempre resulta bons resultados a escola, a escola do Lim\u00e3o vem obst\u00e1culos maiores no caminho de seu objetivo. Mordida ap\u00f3s ver o Tetra campeonato escorre nos buracos deixados no Anhembi, a agremia\u00e7\u00e3o resolveu manter praticamente toda a sua equipe de Carnaval. As \u00fanicas baixas foram: As sa\u00eddas de M\u00e1rcio Gon\u00e7alves (Carnavalesco) e a troca de seu diretor de Harmonia. Pesando tudo isso e lembrando que certamente a comunidade vir\u00e1 com a faca nos dentes, a Mocidade Alegre mesmo n\u00e3o sendo a principal favorita \u00e9 candidata a surpreender e reconquistar o t\u00edtulo. No entanto, precisa superar os problemas que seu samba-enredo pode causar na Harmonia e corrigir os erros que teve em 2015, no quesito Evolu\u00e7\u00e3o.<\/p>\n<p style=\"text-align: justify\"><img loading=\"lazy\" decoding=\"async\" class=\"size-medium wp-image-33078 alignleft\" src=\"http:\/\/www.pedromigao.com.br\/ourodetolo\/wp-content\/uploads\/2015\/02\/rosasdeouro2015bodas-300x169.jpg\" alt=\"rosasdeouro2015bodas\" width=\"300\" height=\"169\" srcset=\"http:\/\/www.pedromigao.com.br\/ourodetolo\/wp-content\/uploads\/2015\/02\/rosasdeouro2015bodas-300x169.jpg 300w, http:\/\/www.pedromigao.com.br\/ourodetolo\/wp-content\/uploads\/2015\/02\/rosasdeouro2015bodas-550x310.jpg 550w, http:\/\/www.pedromigao.com.br\/ourodetolo\/wp-content\/uploads\/2015\/02\/rosasdeouro2015bodas.jpg 1263w\" sizes=\"auto, (max-width: 300px) 100vw, 300px\" \/>*Rosas de Ouro: De cara nova, a Azul e Rosa da Freguesia do \u00d3 pisar\u00e1 no Anhembi mais como zebra que como favorita para o Carnaval de 2016. Embora com um enredo interessante e uma composi\u00e7\u00e3o que deve funcionar muito bem gra\u00e7as ao seu excelente refr\u00e3o principal, a Roseira tem como grande interroga\u00e7\u00e3o o que era seu maior trunfo, o visual. A troca de Carnavalesco e o zumzum da \u201cr\u00e1dio patrulha\u201d dos Barrac\u00f5es trazem uma indefini\u00e7\u00e3o sobre qual visual a Roseira trar\u00e1 para o Anhembi. Se mantiver o n\u00edvel recente na parte pl\u00e1stica, a Roseira entra pisando firme para tatuar o campeonato em seu pavilh\u00e3o.<\/p>\n<p style=\"text-align: justify\">*\u00c1guia de Ouro: A escola da Pompeia dessa vez vem cantar a Virgem Maria no Anhembi para buscar o t\u00edtulo in\u00e9dito para a agremia\u00e7\u00e3o. Campe\u00e3 na pista em 2013 e de \u00f3timo desfile em 2014, o \u00c1guia vem apostando na manuten\u00e7\u00e3o da estrutura que trouxe \u00f3timos resultados recentemente. Com um enredo de forte apelo emocional no p\u00fablico e uma comunidade que cada vez mais est\u00e1 ensaiada e firme no objetivo, \u00e9 imposs\u00edvel descartar o \u00c1guia da disputa pelo t\u00edtulo. O \u00fanico obst\u00e1culo est\u00e1 obviamente na sua posi\u00e7\u00e3o de desfile. Como a escola vem muito cedo e antes de todas as favoritas, a escola pode sofrer de uma m\u00e3o mais pesada do j\u00fari. Se conseguir iluminar a cabe\u00e7a do j\u00fari, o \u00c1guia pode estar enfim, no caminho da vit\u00f3ria.<\/p>\n<p style=\"text-align: justify\"><strong>Quem pode surpreender<\/strong><\/p>\n<p style=\"text-align: justify\">Agora cito quem pode numa noite iluminada surpreender e levar a ta\u00e7a e que podem incomodar e muito na luta para voltar no desfile das campe\u00e3s. Vamos a elas:<\/p>\n<p style=\"text-align: justify\">*Drag\u00f5es da Real: A Drag\u00f5es da Real nos \u00faltimos anos vem se acostumando a sempre incomodar as principais escolas na luta pelo t\u00edtulo. Com visual sempre de bel\u00edssimo gosto e muito impacto, \u00e9 imposs\u00edvel n\u00e3o colocar a Drag\u00f5es como uma aposta ao t\u00edtulo. No entanto, como se acostumou nos \u00faltimos anos, a escola tem enredo e samba abaixo do n\u00edvel de seus desfiles, o que complica o grande objetivo da escola. Por\u00e9m, se a escola estiver numa noite iluminada e conseguir com sua excelente bateria fazer o samba funcionar, pode surpreender e conquistar o t\u00edtulo.<\/p>\n<p style=\"text-align: justify\"><img loading=\"lazy\" decoding=\"async\" class=\"size-medium wp-image-32009 alignleft\" src=\"http:\/\/www.pedromigao.com.br\/ourodetolo\/wp-content\/uploads\/2015\/01\/gavioes2011-300x225.jpg\" alt=\"gavioes2011\" width=\"300\" height=\"225\" srcset=\"http:\/\/www.pedromigao.com.br\/ourodetolo\/wp-content\/uploads\/2015\/01\/gavioes2011-300x225.jpg 300w, http:\/\/www.pedromigao.com.br\/ourodetolo\/wp-content\/uploads\/2015\/01\/gavioes2011-453x340.jpg 453w, http:\/\/www.pedromigao.com.br\/ourodetolo\/wp-content\/uploads\/2015\/01\/gavioes2011.jpg 620w\" sizes=\"auto, (max-width: 300px) 100vw, 300px\" \/>*Gavi\u00f5es da Fiel: A Torcida que Samba ainda briga para voltar ao n\u00edvel que teve no in\u00edcio do s\u00e9culo, mas j\u00e1 d\u00e1 sinais de que isso est\u00e1 cada vez mais poss\u00edvel. Em 2015, a escola fez um \u00f3timo desfile que foi prejudicado por um j\u00fari que viu excessivamente seus erros e deixou banalizou seus acertos fazendo que a escola ficasse numa posi\u00e7\u00e3o muito abaixo do merecido. Para 2016, a meta \u00e9 evoluir e encantar o Anhembi com um visual de alto impacto. A Gavi\u00f5es precisa driblar a principal dificuldade de seu \u00f3timo carnavalesco, a concep\u00e7\u00e3o das fantasias e conseguir fazer uma Evolu\u00e7\u00e3o tranquila e coesa para sonhar com o trof\u00e9u. Caso consiga isso, a escola passa a brigar firme pela primeira posi\u00e7\u00e3o, se repetir estes erros, s\u00f3 restar\u00e1 brigar por uma vaga nas campe\u00e3s.<\/p>\n<p style=\"text-align: justify\">*Acad\u00eamicos do Tucuruvi: A simp\u00e1tica escola da Cantareira anda engasgada para gritar \u201c\u00e9 campe\u00e3\u201d, mas, ao contr\u00e1rio de outros anos, a azul e branco n\u00e3o parece t\u00e3o forte dessa vez. Ao contr\u00e1rio dos \u00faltimos anos, a escola tem um enredo menos inspirado e um tanto batido. A escola conta com a estreia de Alex Soares no carro de som e a manuten\u00e7\u00e3o dos demais segmentos na luta pelo sonho de ser campe\u00e3o. A Tucuruvi al\u00e9m do enredo batido e um samba limitado v\u00eam entre Imp\u00e9rio \u2013 aguardado pela estreia de Jorge Freitas \u2013 e a Mocidade Alegre o que pode pesar na sua avalia\u00e7\u00e3o. Se conseguir superar todas essas dificuldades e tiver uma noite espetacular, a escola certamente disputar\u00e1 o t\u00edtulo, se manter o n\u00edvel recente, a briga da escola ser\u00e1 por uma vaga no Desfile das Campe\u00e3s.<\/p>\n<p style=\"text-align: justify\"><strong>O sonho de desfilar nas campe\u00e3s<\/strong><\/p>\n<p style=\"text-align: justify\">Aqui temos as agremia\u00e7\u00f5es que vem de resultados medianos e que precisam de um algo a mais para sonhar com o repeteco na sexta das campe\u00e3s. Duas escolas com situa\u00e7\u00f5es semelhantes e o mesmo sonho: Voltar aos dias de gl\u00f3ria.<\/p>\n<p style=\"text-align: justify\"><img loading=\"lazy\" decoding=\"async\" class=\"size-medium wp-image-22842 alignleft\" src=\"http:\/\/www.pedromigao.com.br\/ourodetolo\/wp-content\/uploads\/2014\/02\/vilamaria_raulzito_rzt_8153-300x187.jpg\" alt=\"vilamaria_raulzito_rzt_8153\" width=\"300\" height=\"187\" srcset=\"http:\/\/www.pedromigao.com.br\/ourodetolo\/wp-content\/uploads\/2014\/02\/vilamaria_raulzito_rzt_8153-300x187.jpg 300w, http:\/\/www.pedromigao.com.br\/ourodetolo\/wp-content\/uploads\/2014\/02\/vilamaria_raulzito_rzt_8153-542x340.jpg 542w, http:\/\/www.pedromigao.com.br\/ourodetolo\/wp-content\/uploads\/2014\/02\/vilamaria_raulzito_rzt_8153.jpg 1700w\" sizes=\"auto, (max-width: 300px) 100vw, 300px\" \/>*Unidos de Vila Maria: A Vila Maria tem uma situa\u00e7\u00e3o parecida com a Gavi\u00f5es, embora em fase menos avan\u00e7ada. A escola do Jardim Jap\u00e3o teve o \u00e1pice de sua hist\u00f3ria entre 2007-2011 e desde ent\u00e3o n\u00e3o consegue fazer Carnavais para brigar pelo t\u00edtulo. Em 2013 chegou a ser rebaixada, voltando ao Especial no ano seguinte. Para 2016, a escola numa p\u00e9ssima posi\u00e7\u00e3o de desfile (2\u00aa de sexta) contar\u00e1 a hist\u00f3ria de Ilha Bela. A escola deve evoluir na parte pl\u00e1stica com a chegada de Alexandre Louzada, a bateria vem evoluindo nas m\u00e3os do mestre Moleza. O que coloca em xeque um grande desfile \u00e9 o poderio financeiro da mesma e a Harmonia da escola que teve problemas em 2015, se resolver estes problemas, pode sonhar com a volta nas campe\u00e3s.<\/p>\n<p style=\"text-align: justify\">*X-9 Paulistana: A escola da Parada Inglesa tenta retomar seus \u00e1ureos tempos apostando novamente no talentoso e injusti\u00e7ado pelos julgadores, Andr\u00e9 Machado. A agremia\u00e7\u00e3o cantar\u00e1 a hist\u00f3ria do A\u00e7a\u00ed fazendo men\u00e7\u00e3o ao estado do Par\u00e1, local de origem do produto. O desfile deve ter mais um show visual de Andr\u00e9 Machado, at\u00e9 o enredo criticado deve funcionar perfeitamente gra\u00e7as \u00e0 abordagem utilizada pelo carnavalesco. No entanto, para conseguir voltar nas campe\u00e3s \u00e9 preciso algumas coisas. Para come\u00e7ar, precisa corrigir os problemas de Harmonia que proporcionaram um frio desfile em 2015 e tamb\u00e9m fazer com que a bateria consiga extrair o m\u00e1ximo rendimento do samba. Fazendo isso, a escola da Parada Inglesa certamente pode desfilar novamente entre as melhores ap\u00f3s 11 anos.<\/p>\n<p style=\"text-align: justify\"><strong>Quem n\u00e3o quer o pior<\/strong><\/p>\n<p style=\"text-align: justify\">Outro momento complicado \u00e9 apontar quem tem chances de ir pro Grupo de Acesso, em meio a tanto equil\u00edbrio, uma escola que vem bem um ano pode ter problemas e cair e vice-versa. No entanto, como n\u00e3o fujo de apostas, vejo as escolas abaixo um passo atr\u00e1s das outras. Vamos a elas:<\/p>\n<p style=\"text-align: justify\"><img loading=\"lazy\" decoding=\"async\" class=\"size-medium wp-image-23412 alignleft\" src=\"http:\/\/www.pedromigao.com.br\/ourodetolo\/wp-content\/uploads\/2014\/02\/\u00e1guia-nen\u00ea-300x199.jpg\" alt=\"\u00e1guia nen\u00ea\" width=\"300\" height=\"199\" srcset=\"http:\/\/www.pedromigao.com.br\/ourodetolo\/wp-content\/uploads\/2014\/02\/\u00e1guia-nen\u00ea-300x199.jpg 300w, http:\/\/www.pedromigao.com.br\/ourodetolo\/wp-content\/uploads\/2014\/02\/\u00e1guia-nen\u00ea-510x340.jpg 510w, http:\/\/www.pedromigao.com.br\/ourodetolo\/wp-content\/uploads\/2014\/02\/\u00e1guia-nen\u00ea.jpg 700w\" sizes=\"auto, (max-width: 300px) 100vw, 300px\" \/>*Nen\u00ea de Vila Matilde: A escola da Zona Leste vem de anos complicados financeiramente, sem conquistar o t\u00edtulo desde 2001 e sem voltar nas campe\u00e3s pelo Grupo Especial desde 2004. Por tudo isso, a escola se viu com menos for\u00e7a do que outrora estava acostumada. Em 2015, com um \u00f3timo Carnaval, a azul e branco pode finalmente sonhar com um futuro melhor. Para 2016, na tentativa de evolu\u00e7\u00e3o a escola contar\u00e1 os 30 anos de carreira de Cl\u00e1udia Raia. Por outro lado, a busca por evoluir pode ser freada pelas not\u00edcias nada animadoras que vem do barrac\u00e3o da escola e o samba que n\u00e3o foi totalmente abra\u00e7ado pela comunidade. Para tentar evitar o pior, ser\u00e1 preciso muito esfor\u00e7o da comunidade.<\/p>\n<p style=\"text-align: justify\">*Acad\u00eamicos do Tatuap\u00e9: O Tatu tem uma miss\u00e3o ingrata neste Carnaval. Homenagear uma escola de samba j\u00e1 \u00e9 sempre complicado, imagine s\u00f3 homenagear uma das maiores campe\u00e3s do Carnaval Carioca com tantos momentos importantes e com uma hist\u00f3ria que teria espa\u00e7o em pelo menos tr\u00eas ou quatro desfiles? Essa \u00e9 a miss\u00e3o da Tatuap\u00e9. Para cantar a Beija-Flor de Nil\u00f3polis, a escola aposta em seu \u00f3timo samba defendido pelo tamb\u00e9m excelente Celsinho Mody e na bateria Qualidade Especial. Pesa contra a escola, o gosto duvidoso de seu carnavalesco e a posi\u00e7\u00e3o de desfile, que deve resultar num samb\u00f3dromo vazio. Se n\u00e3o conseguir fazer seu samba funcionar e se complicar no visual, ser\u00e1 complicado para a azul e branca se manter no Especial.<\/p>\n<p style=\"text-align: justify\">*Unidos do Peruche: A Filial voltou! Querendo voltar para ficar, a verde e amarelo cantar\u00e1 os 100 anos do mais brasileiro dos g\u00eaneros, o Samba. Contando com o talentoso e did\u00e1tico Murilo Lobo como Carnavalesco e um excelente samba. No entanto, apesar das \u00f3timas credenciais para um bom desfile, a agremia\u00e7\u00e3o precisa confirmar na pista. Para isso, a escola precisa manter o bom padr\u00e3o conseguido no aspecto visual em 2015 e claro, fazer seu \u00f3timo samba render bem. Se conseguir isso, a escola tem tudo para permanecer. Por outro lado, a escola n\u00e3o pode repetir os in\u00fameros problemas que teve em sua \u00faltima passagem pelo Especial, quando teve quebras de carros e complica\u00e7\u00f5es de Evolu\u00e7\u00e3o. Caso isso se repita, a escola fatalmente voltar\u00e1 ao Acesso.<\/p>\n<p style=\"text-align: justify\">*P\u00e9rola Negra: \u00c9 talvez a principal favorita ao rebaixamento. Com um samba animado e um enredo um pouco complicado, a J\u00f3ia Rara precisa corrigir os seus corriqueiros problemas para conseguir permanecer no Grupo Especial. A come\u00e7ar pela sua Harmonia. Embora tenha um samba animado e prop\u00edcio para entusiasmar a escola, a comunidade ainda n\u00e3o o abra\u00e7ou e n\u00e3o cantou nos ensaios que fez no Anhembi. Outro problema \u00e9 a bateria que ainda n\u00e3o \u00e9 o ideal para uma escola de Grupo Especial, embora tenha melhorado muito em rela\u00e7\u00e3o h\u00e1 outros anos. Para fechar os principais problemas, o enredo. A hist\u00f3ria que a escola vai contar \u00e9 um tanto confusa e precisar\u00e1 de um \u00f3timo trabalho do Carnavalesco para se resolver na pista. Conseguindo resolver estes problemas, o P\u00e9rola pode sim permanecer no Especial, mas a luta n\u00e3o ser\u00e1 nada f\u00e1cil.<\/p>\n<p style=\"text-align: justify\"><strong>Grupo de Acesso<\/strong><\/p>\n<p style=\"text-align: justify\">O Grupo de Acesso deve ser marcado por equil\u00edbrio na briga de uma das duas vagas para se ascender ao Grupo Especial e pelas vagas para que levem ao descenso ao Grupo 1. Embora o equil\u00edbrio seja grande n\u00e3o fugirei de uma aposta e fa\u00e7o aqui a minha previs\u00e3o para o Grupo.<\/p>\n<p style=\"text-align: justify\">*T\u00edtulo: Mancha Verde<\/p>\n<p style=\"text-align: justify\">*Acesso: Camisa Verde e Branco, Tom Maior e Leandro de Itaquera<\/p>\n<p style=\"text-align: justify\">*Zona da Marola: Imperador do Ipiranga e Morro da Casa Verde<\/p>\n<p style=\"text-align: justify\">*Grupo 1: Independente Tricolor, Barroca Zona Sul e Colorado do Br\u00e1s.<\/p>\n<p style=\"text-align: justify\">Qualquer discord\u00e2ncia sobre a an\u00e1lise e sobre as previs\u00f5es pode ser feita nos coment\u00e1rios, estarei respondendo a todos.<\/p>\n<p style=\"text-align: justify\">\u00c9 isso<\/p>\n<p style=\"text-align: justify\">Um abra\u00e7o!<\/p>\n<p style=\"text-align: justify\">\n","protected":false},"excerpt":{"rendered":"<p>Expectativa geral dos desfiles Daqui a poucas horas estaremos ligados no que promete ser o Carnaval mais equilibrado dos \u00faltimos anos em S\u00e3o Paulo. N\u00e3oTour Details<\/p>\n","protected":false},"author":41,"featured_media":0,"comment_status":"open","ping_status":"open","sticky":false,"template":"","format":"standard","meta":{"footnotes":""},"categories":[810],"tags":[1122,1044,814,837,1024,828,703,761,748,817,1139,834,657,1138,1127,687,1128],"class_list":["post-39883","post","type-post","status-publish","format-standard","hentry","category-morada-imperial","tag-academicos-do-tatuape","tag-academicos-do-tucuruvi","tag-aguia-de-ouro","tag-carnaval-2016","tag-carnaval-sp","tag-dragoes-da-real","tag-gavioes-da-fiel","tag-imperio-de-casa-verde","tag-mocidade-alegre","tag-nene-de-vila-matilde","tag-palpites","tag-perola-negra","tag-rosas-de-ouro","tag-unidos-de-vila-maria","tag-unidos-do-peruche","tag-vai-vai","tag-x-9-paulistana"],"_links":{"self":[{"href":"http:\/\/www.pedromigao.com.br\/ourodetolo\/wp-json\/wp\/v2\/posts\/39883","targetHints":{"allow":["GET"]}}],"collection":[{"href":"http:\/\/www.pedromigao.com.br\/ourodetolo\/wp-json\/wp\/v2\/posts"}],"about":[{"href":"http:\/\/www.pedromigao.com.br\/ourodetolo\/wp-json\/wp\/v2\/types\/post"}],"author":[{"embeddable":true,"href":"http:\/\/www.pedromigao.com.br\/ourodetolo\/wp-json\/wp\/v2\/users\/41"}],"replies":[{"embeddable":true,"href":"http:\/\/www.pedromigao.com.br\/ourodetolo\/wp-json\/wp\/v2\/comments?post=39883"}],"version-history":[{"count":1,"href":"http:\/\/www.pedromigao.com.br\/ourodetolo\/wp-json\/wp\/v2\/posts\/39883\/revisions"}],"predecessor-version":[{"id":39884,"href":"http:\/\/www.pedromigao.com.br\/ourodetolo\/wp-json\/wp\/v2\/posts\/39883\/revisions\/39884"}],"wp:attachment":[{"href":"http:\/\/www.pedromigao.com.br\/ourodetolo\/wp-json\/wp\/v2\/media?parent=39883"}],"wp:term":[{"taxonomy":"category","embeddable":true,"href":"http:\/\/www.pedromigao.com.br\/ourodetolo\/wp-json\/wp\/v2\/categories?post=39883"},{"taxonomy":"post_tag","embeddable":true,"href":"http:\/\/www.pedromigao.com.br\/ourodetolo\/wp-json\/wp\/v2\/tags?post=39883"}],"curies":[{"name":"wp","href":"https:\/\/api.w.org\/{rel}","templated":true}]}}