{"id":39844,"date":"2016-02-03T06:53:43","date_gmt":"2016-02-03T08:53:43","guid":{"rendered":"http:\/\/www.pedromigao.com.br\/ourodetolo\/?p=39844"},"modified":"2016-02-03T03:32:00","modified_gmt":"2016-02-03T05:32:00","slug":"feliz-carnaval-novo","status":"publish","type":"post","link":"http:\/\/www.pedromigao.com.br\/ourodetolo\/2016\/02\/feliz-carnaval-novo\/","title":{"rendered":"Feliz Carnaval Novo!"},"content":{"rendered":"<p style=\"text-align: justify\">Chegou a hora! Dentro de pouco mais de 48 horas ter\u00e1 in\u00edcio o Carnaval! Esse conceito, na verdade, \u00e9 relativo para n\u00f3s que acompanhamos a festa o ano inteiro. Na verdade, estamos perto do come\u00e7o do fim de mais um Carnaval. Tal como para os chineses, quem \u00e9 do Carnaval tem um R\u00e9veillon particular. Termina na semana que vem, portanto, mais um ano carnavalesco se encerra ap\u00f3s meses de expectativas por contrata\u00e7\u00f5es, enredos, sinopses, divulga\u00e7\u00e3o de sambas concorrentes, finais de samba, grava\u00e7\u00f5es de CDs, ensaios t\u00e9cnicos, debates, proje\u00e7\u00f5es, pol\u00eamicas, etc. E s\u00e3o esses meses que nos fazem chegar ao dia dos desfiles com algumas expectativas formadas quanto ao que ser\u00e1 apresentado. E esse ano carnavalesco, afinal de contas, \u00e9 o ano da \u00e1guia? \u00c9 o ano do pav\u00e3o? Do beija-flor? Ou n\u00e3o \u00e9 ano de bicho nenhum?<\/p>\n<p style=\"text-align: justify\">Ah, a briga pelo t\u00edtulo no Grupo Especial&#8230; Dizer que \u00e9 o &#8220;carnaval mais equilibrado dos \u00faltimos anos&#8221; \u00e9 repetir o que j\u00e1 foi dito em 2015 e antecipar o que ser\u00e1 dito em 2017, mas a verdade \u00e9 que n\u00e3o me recordo de um ano com tantas reais candidatas ao t\u00edtulo. S\u00e3o pelo menos cinco candidatas reais formando um grupo em que se pode destacar tr\u00eas delas. Para boa parte das pessoas, e aqui me incluo, o grupo das grandes favoritas \u00e9 encabe\u00e7ado pelo Acad\u00eamicos do Salgueiro e \u00e9 justamente a Academia que pode provar que, embora todo ano tenha Carnaval, um t\u00edtulo pode ser constru\u00eddo passo a passo atrav\u00e9s de muito tempo.<img loading=\"lazy\" decoding=\"async\" class=\"size-medium wp-image-32885 alignright\" src=\"http:\/\/www.pedromigao.com.br\/ourodetolo\/wp-content\/uploads\/2015\/02\/salgueiro2015b-300x176.jpg\" alt=\"salgueiro2015b\" width=\"300\" height=\"176\" srcset=\"http:\/\/www.pedromigao.com.br\/ourodetolo\/wp-content\/uploads\/2015\/02\/salgueiro2015b-300x176.jpg 300w, http:\/\/www.pedromigao.com.br\/ourodetolo\/wp-content\/uploads\/2015\/02\/salgueiro2015b-550x323.jpg 550w, http:\/\/www.pedromigao.com.br\/ourodetolo\/wp-content\/uploads\/2015\/02\/salgueiro2015b.jpg 898w\" sizes=\"auto, (max-width: 300px) 100vw, 300px\" \/><\/p>\n<p style=\"text-align: justify\">Depois de altos e baixos, o Salgueiro ressurgiu como pot\u00eancia em 2007, com o enredo &#8220;Candaces&#8221;, que acabou em um contestado s\u00e9timo lugar. Logo na sequ\u00eancia emplacou um vice e um t\u00edtulo e se acostumou ent\u00e3o a todo ano, com rar\u00edssimas exce\u00e7\u00f5es, brigar pelo t\u00edtulo. N\u00e3o conseguiu ser campe\u00e3 de novo, mas fez desfile para isso sempre. O segredo passa por uma estrutura organizada: mesmo carnavalesco, mesmos int\u00e9rpretes (chegaram Leonardo Bessa e Serginho do Porto em 2011 e saiu Quinho em 2014, apenas), mesmo diretor de bateria e, acho que j\u00e1 d\u00e1 pra dizer, posi\u00e7\u00f5es consolidadas de mestre-sala e porta-bandeira. Uma equipe homog\u00eanea, que tem a confian\u00e7a de sua diretoria mesmo quando os resultados n\u00e3o s\u00e3o bons como se imaginava. Isso sem falar na estrutura de sua quadra, que \u00e9 uma fonte de renda e de exposi\u00e7\u00e3o midi\u00e1tica. O Salgueiro erra e erra muito e por isso talvez tenha apenas um t\u00edtulo neste s\u00e9culo. Mas \u00e9 uma escola sempre pronta para vencer. \u00c9 a escola que faz tudo certo de mar\u00e7o a fevereiro e que tem planejamento.<\/p>\n<p style=\"text-align: justify\">Mas o que faz do Salgueiro t\u00e3o favorito esse ano \u00e9 o acerto dentro do acerto. A equipe \u00e9 a mesma, a estrutura \u00e9 a mesma, mas h\u00e1 tempos a Academia n\u00e3o acertava tanto a m\u00e3o em um enredo e, principalmente em um samba. Popular sem ser popularesco, o samba tem tudo para conquistar o p\u00fablico. Desfilando no hor\u00e1rio nobre da TV, o Salgueiro chega ao Setor 1 com o peso do favoritismo, o que sempre pode atrapalhar. Mas n\u00e3o chega a ser preocupante. Mais do que favorito para o p\u00fablico, o Salgueiro \u00e9 favorito para si mesmo. A confian\u00e7a e a seguran\u00e7a de quem sabe que vem trabalhando h\u00e1 muito tempo para levantar a ta\u00e7a podem e devem fazer a diferen\u00e7a.<\/p>\n<p style=\"text-align: justify\"><img loading=\"lazy\" decoding=\"async\" class=\"wp-image-33047 alignleft\" src=\"http:\/\/www.pedromigao.com.br\/ourodetolo\/wp-content\/uploads\/2015\/02\/beijaflor2015m-550x327.jpg\" alt=\"beijaflor2015m\" width=\"400\" height=\"238\" srcset=\"http:\/\/www.pedromigao.com.br\/ourodetolo\/wp-content\/uploads\/2015\/02\/beijaflor2015m-550x327.jpg 550w, http:\/\/www.pedromigao.com.br\/ourodetolo\/wp-content\/uploads\/2015\/02\/beijaflor2015m-300x178.jpg 300w, http:\/\/www.pedromigao.com.br\/ourodetolo\/wp-content\/uploads\/2015\/02\/beijaflor2015m.jpg 922w\" sizes=\"auto, (max-width: 400px) 100vw, 400px\" \/>Ah, se fosse f\u00e1cil como parece&#8230; No domingo, outras duas escolas entrar\u00e3o na Avenida como fortes candidatas a amea\u00e7ar a d\u00e9cima estrela da Vermelho e Branco. Uma delas \u00e9 a Beija-Flor. Come\u00e7ou quietinha, com um enredo que foi um pouco criticado, uma posi\u00e7\u00e3o de desfile tr\u00e1gica, um samba &#8211; como \u00e9 mesmo que se diz quando queremos implicar com a Deusa da Passarela? &#8211; &#8220;funcional&#8221;, uns boatos de que a escola estaria &#8220;se segurando&#8221; por saber que n\u00e3o tem chances&#8230; E quando vimos l\u00e1 estava a Beija-Flor rasgando o ch\u00e3o da Sapuca\u00ed no ensaio t\u00e9cnico e mostrando que tem que respeitar muito essa escola. Mostrando que a Beija-Flor nunca vem para &#8220;se segurar&#8221;. Claro que at\u00e9 pela posi\u00e7\u00e3o de desfile e pela expectativa maior em torno das outras escolas ela n\u00e3o \u00e9 t\u00e3o favorita quanto em outros anos, mas n\u00e3o me soa nem um pouco absurdo imaginar a ta\u00e7a l\u00e1 em Nil\u00f3polis outra vez. No ano em que completa 40 anos de escola, Neguinho da Beija-Flor vive um momento inspirado e merece tamb\u00e9m todas as rever\u00eancias. Ningu\u00e9m sabe pisar na Avenida que carrega o nome do homenageado no enredo como essa escola e como seu diretor La\u00edla, e ningu\u00e9m sabe segurar aquele microfone t\u00e3o bem quanto Neguinho. Ser terceira de domingo \u00e9 ruim? Muito. Mas ruim mesmo \u00e9 segurar a Beija-Flor.<\/p>\n<p style=\"text-align: justify\">Ainda no domingo aparece a escola que tamb\u00e9m \u00e9 um pouco mais favorita que a Beija-Flor. A grande amea\u00e7a ao Salgueiro (grande, n\u00e3o \u00fanica) \u00e9 uma &#8220;vizinha&#8221;, a Unidos da Tijuca. Se o t\u00edtulo salgueirense ser\u00e1 um pr\u00eamio ao planejamento, o t\u00edtulo da Tijuca seria a coroa\u00e7\u00e3o de uma estrutura com capacidade de se renovar e se reinventar. Al\u00e7ada ao posto de grande escola pelas m\u00e3os de Paulo Barros, a escola do Borel foi posta em xeque quando Paulo saiu, ainda que tivesse feito bons carnavais sem ele em anos anteriores. Mas Mauro Quintaes e sua comiss\u00e3o mostraram no desfile sobre a Su\u00ed\u00e7a &#8211; que carregava o \u00f4nus de um enredo fraco e de um samba sem muita qualidade &#8211; provaram que a Tijuca n\u00e3o era s\u00f3 Paulo Barros. Agora, com um enredo mais brasileiro e um dos sambas mais lindos de sua hist\u00f3ria recente, a escola n\u00e3o \u00e9 mais vista com desconfian\u00e7a. Vai voltar a pisar na Avenida como certeza de um grande desfile e de uma comunidade forte. Um t\u00edtulo seria a consagra\u00e7\u00e3o de uma gest\u00e3o eficiente capitaneada por Fernando Horta e que ficou um pouco escondida em meio \u00e0 genialidade do carnavalesco dos tr\u00eas t\u00edtulos recentes da escola.<\/p>\n<p style=\"text-align: justify\"><img loading=\"lazy\" decoding=\"async\" class=\"size-medium wp-image-33118 alignleft\" src=\"http:\/\/www.pedromigao.com.br\/ourodetolo\/wp-content\/uploads\/2015\/02\/paulobarrosportela-300x157.jpg\" alt=\"paulobarrosportela\" width=\"300\" height=\"157\" srcset=\"http:\/\/www.pedromigao.com.br\/ourodetolo\/wp-content\/uploads\/2015\/02\/paulobarrosportela-300x157.jpg 300w, http:\/\/www.pedromigao.com.br\/ourodetolo\/wp-content\/uploads\/2015\/02\/paulobarrosportela-550x287.jpg 550w, http:\/\/www.pedromigao.com.br\/ourodetolo\/wp-content\/uploads\/2015\/02\/paulobarrosportela.jpg 620w\" sizes=\"auto, (max-width: 300px) 100vw, 300px\" \/>Por falar em Paulo Barros, \u00e9 ele um dos respons\u00e1veis pelo Carnaval de uma das duas escolas que, se aparecem ligeiramente atr\u00e1s das tr\u00eas citadas anteriormente, est\u00e3o muito longe de serem azar\u00e3s. A Portela, depois de tentar de tudo para acabar com o jejum de 32 anos que teima em n\u00e3o ser quebrado, apostou no estilo hollywoodiano do carnavalesco da moda. A uni\u00e3o entre tradi\u00e7\u00e3o e modernidade rendeu um \u00f3timo samba e traz uma Portela forte como nos \u00faltimos dois anos, mas agora sem o peso do favoritismo que atrapalhou visivelmente a \u00c1guia de Madureira em 2015. N\u00e3o \u00e9 mole entrar na Avenida com a responsabilidade de ser pela primeira vez uma grande favorita. Agora, sem esse peso, transferido para outras escolas, quem sabe o jejum n\u00e3o \u00e9 quebrado? E cabe aqui destacar: n\u00e3o \u00e9 brincadeira o que a gest\u00e3o de Serginho Proc\u00f3pio e Marcos Falcon conseguiu nessa escola. Eles e toda a diretoria pegaram uma terra arrasada e conseguiram fazer a escola brigar pelo t\u00edtulo tr\u00eas vezes em tr\u00eas anos. Esse \u00e9 o \u00faltimo carnaval desse primeiro ciclo da diretoria e, mesmo que o t\u00edtulo n\u00e3o venha, o dever foi cumprido. E vale a m\u00e1xima salgueirense: se brigar todo ano pelo t\u00edtulo, uma hora ele vir\u00e1. O segredo \u00e9 estar sempre entre as primeiras, batendo na trave. Se n\u00e3o for esse ano, pode ser o ano que vem, ou no outro. Mas uma hora vem.<\/p>\n<p style=\"text-align: justify\">Fechando o grupo das favoritas, um caso peculiar. Coisa de cinco anos atr\u00e1s, a Imperatriz Leopoldinense vivia o pior momento de sua hist\u00f3ria no Samb\u00f3dromo. O fim da Era Rosa Magalh\u00e3es fez a escola se apequenar, sofrer para ficar entre as seis primeiras em um ano com apenas nove escolas competindo, e at\u00e9 mesmo sentir-se amea\u00e7ada de rebaixamento ou pelo menos de abrir os desfiles de segunda-feira. Tudo isso ainda com a pecha de escola antip\u00e1tica trazida pelo contest\u00e1vel tricampeonato na virada do mil\u00eanio. A chegada de Cah\u00ea Rodrigues rejuvenesceu a escola, deu novo f\u00f4lego ao povo de Ramos e surpreendeu o p\u00fablico j\u00e1 no primeiro ano, com um lindo desfile sobre o Par\u00e1. Novamente cercada de expectativa, a Imperatriz resolveu tentar ganhar o p\u00fablico apostando em enredos sobre Zico e sobre a \u00c1frica. O t\u00edtulo n\u00e3o veio &#8211; ali\u00e1s, nem esteve perto -, mas a escola voltou a estar no centro das aten\u00e7\u00f5es. O terreno estava preparado para o grande &#8220;golpe&#8221; de popularidade, no melhor sentido da express\u00e3o.<img loading=\"lazy\" decoding=\"async\" class=\"size-medium wp-image-30644 alignright\" src=\"http:\/\/www.pedromigao.com.br\/ourodetolo\/wp-content\/uploads\/2014\/11\/imperatriz2015-300x199.jpg\" alt=\"imperatriz2015\" width=\"300\" height=\"199\" srcset=\"http:\/\/www.pedromigao.com.br\/ourodetolo\/wp-content\/uploads\/2014\/11\/imperatriz2015-300x199.jpg 300w, http:\/\/www.pedromigao.com.br\/ourodetolo\/wp-content\/uploads\/2014\/11\/imperatriz2015.jpg 448w\" sizes=\"auto, (max-width: 300px) 100vw, 300px\" \/><\/p>\n<p style=\"text-align: justify\">A outrora &#8220;certinha&#8221;, &#8220;fria&#8221; e &#8220;t\u00e9cnica&#8221; Imperatriz, seja l\u00e1 o que isso signifique, quer ser campe\u00e3 com um enredo sobre Zez\u00e9 di Camargo e Luciano. Quer arrebatar o p\u00fablico para conquistar os jurados. Um plano interessante, mas que, imagino, nem nas mais otimistas vis\u00f5es de sua diretoria seria amparado por um dos sambas mais fant\u00e1sticos dos \u00faltimos anos. A hist\u00f3ria de dois goianos pobres que conquistaram o pa\u00eds dever\u00e1 ter uma recep\u00e7\u00e3o apote\u00f3tica na Avenida. Consciente de que grito de &#8220;\u00e9 campe\u00e3&#8221; no Setor 1 n\u00e3o enche barriga, a Verde e Branco refor\u00e7ou seu time. Mestre Lolo \u00e9 a aposta para resolver o problema da bateria e Marquinho Art&#8217;Samba \u00e9 o investimento para ser a voz da escola nessa nova fase. A escola ainda tem problemas estruturais em rela\u00e7\u00e3o \u00e0s demais, mas \u00e9 muita escola com muito enredo e muito samba para ser considerada zebra. Se das cinco que n\u00e3o devem ficar de jeito nenhum de fora do desfile das campe\u00e3s ela \u00e9 a que menos chance tem de ser campe\u00e3, ela \u00e9 tamb\u00e9m uma das que mais podem eternizar o Carnaval de 2016 na hist\u00f3ria.<\/p>\n<p style=\"text-align: justify\">Notem como eu citei cinco escolas praticamente certas entre as seis primeiras. E a \u00faltima vaga? Fica para quem? Das sete escolas que sobraram, quatro est\u00e3o na briga. A Grande Rio pode ter ido muitas vezes pro desfile das campe\u00e3s sem merecer, mas esse ano est\u00e1 forte na briga com ou sem a simpatia dos julgadores. Ainda n\u00e3o parece pronta para ser campe\u00e3, visto que perdeu f\u00f4lego, principalmente ap\u00f3s o inc\u00eandio antes do desfile de 2011. Mas h\u00e1 uma n\u00edtida e louv\u00e1vel tentativa da Grande Rio de tirar de si mesma a marca de &#8220;escola dos artistas&#8221;. Mais jovem, mais descontra\u00edda e mais popular, tem um \u00f3timo carnavalesco, uma boa bateria e um enredo com possibilidade de boa pl\u00e1stica. De repente, pode ficar at\u00e9 em posi\u00e7\u00e3o melhor que o sexto lugar que a princ\u00edpio deve ser o objetivo.<\/p>\n<p style=\"text-align: justify\"><img loading=\"lazy\" decoding=\"async\" class=\"size-medium wp-image-39597 alignleft\" src=\"http:\/\/www.pedromigao.com.br\/ourodetolo\/wp-content\/uploads\/2016\/01\/leandrovieira-300x225.jpg\" alt=\"leandrovieira\" width=\"300\" height=\"225\" srcset=\"http:\/\/www.pedromigao.com.br\/ourodetolo\/wp-content\/uploads\/2016\/01\/leandrovieira-300x225.jpg 300w, http:\/\/www.pedromigao.com.br\/ourodetolo\/wp-content\/uploads\/2016\/01\/leandrovieira-453x340.jpg 453w, http:\/\/www.pedromigao.com.br\/ourodetolo\/wp-content\/uploads\/2016\/01\/leandrovieira.jpg 500w\" sizes=\"auto, (max-width: 300px) 100vw, 300px\" \/>E o que dizer da Mangueira? A escola que tantas vezes decepcionou nos \u00faltimos anos chegou num d\u00e9cimo lugar tenebroso no ano passado. E renasceu. Renasceu com um enredo lindo, um samba maravilhoso, com uma homenagem como tantas que j\u00e1 fez com tremendo sucesso. Renasceu ainda por uma posi\u00e7\u00e3o de desfile que lhe cai t\u00e3o bem e renasceu na base do talento daquela que pode ser a maior revela\u00e7\u00e3o recente do Carnaval do Rio de Janeiro, o carnavalesco Leandro Vieira. A escola tem muitas d\u00edvidas, muitos problemas e n\u00e3o tem condi\u00e7\u00f5es de brigar pelo t\u00edtulo. Mas caprichando nos quesitos e emocionando a Avenida com um samba que \u00e9 a sua cara e \u00e9 um dos mais belos do ano, pode sim voltar ao desfile das campe\u00e3s, do qual n\u00e3o participa h\u00e1 quatro anos &#8211; recorde negativo absoluto na hist\u00f3ria da escola.<\/p>\n<p style=\"text-align: justify\">E sai da frente porque l\u00e1 vem a S\u00e3o Clemente&#8230; Escola ioi\u00f4, escola &#8220;simp\u00e1tica&#8221;, escola para abrir desfile&#8230; Assim era vista a S\u00e3o Clemente at\u00e9 2011, quando o inc\u00eandio na Cidade do Samba &#8220;salvou&#8221; a escola de um muito prov\u00e1vel rebaixamento. E a\u00ed, quando se esperava que em 2012 a S\u00e3o Clemente brigasse d\u00e9cimo a d\u00e9cimo com a Porto da Pedra para ver quem cairia junto com a Renascer, l\u00e1 veio a S\u00e3o Clemente&#8230; Linda, alegre, deixando todos boquiabertos e terminando num inaceit\u00e1vel 11\u00ba lugar. Pouco para o que foi o desfile, muito para quem conseguia ali se firmar no Grupo Especial pela primeira vez na hist\u00f3ria. Nem tudo foram flores, no entanto. Dois desfiles fracos nos dois anos seguintes mais o peso do acesso de uma gigante como a Viradouro colocaram a escola na linha de tiro novamente em 2015. E foi a\u00ed que a S\u00e3o Clemente mostrou mais uma vez que n\u00e3o \u00e9 mais ioi\u00f4. \u00c9 simp\u00e1tica, sim (e sempre ser\u00e1 &#8211; quem \u00e9 que n\u00e3o gosta desse pavilh\u00e3o preto e amarelo?), mas n\u00e3o \u00e9 boba.<img loading=\"lazy\" decoding=\"async\" class=\"size-medium wp-image-21505 alignright\" src=\"http:\/\/www.pedromigao.com.br\/ourodetolo\/wp-content\/uploads\/2013\/12\/rosa-magalhaes-2011-size-598-300x168.jpg\" alt=\"rosa-magalhaes-2011-size-598\" width=\"300\" height=\"168\" srcset=\"http:\/\/www.pedromigao.com.br\/ourodetolo\/wp-content\/uploads\/2013\/12\/rosa-magalhaes-2011-size-598-300x168.jpg 300w, http:\/\/www.pedromigao.com.br\/ourodetolo\/wp-content\/uploads\/2013\/12\/rosa-magalhaes-2011-size-598-550x309.jpg 550w, http:\/\/www.pedromigao.com.br\/ourodetolo\/wp-content\/uploads\/2013\/12\/rosa-magalhaes-2011-size-598.jpg 597w\" sizes=\"auto, (max-width: 300px) 100vw, 300px\" \/><\/p>\n<p style=\"text-align: justify\">O caso da S\u00e3o Clemente \u00e9 muito curioso. Hoje em dia as escolas tem gest\u00f5es empresariais, corporativas, mas na S\u00e3o Clemente \u00e9 diferente. A S\u00e3o Clemente \u00e9 uma escola literalmente de fam\u00edlia. Do Presidente \u00e0 rainha de bateria, tudo carrega o sobrenome Gomes que acompanha a escola desde o seu fundador, Ivo da Rocha Gomes. Hoje, o posto \u00e9 ocupado pelo Renato Almeida Gomes, o Renatinho, o sucessor amparado pelos seus irm\u00e3os. E eles, que aud\u00e1cia!, foram l\u00e1 e deram uma cartada surpreendente: foram atr\u00e1s de Rosa Magalh\u00e3es. Simplesmente a maior campe\u00e3 do Samb\u00f3dromo numa escola que nunca teve vergonha de sua humilde condi\u00e7\u00e3o em rela\u00e7\u00e3o \u00e0s demais. Mas nem isso foi o suficiente para quebrar uma desconfian\u00e7a (e aqui admito que desconfiei at\u00e9 o \u00faltimo minuto) que s\u00f3 foi quebrada no dia do desfile. A S\u00e3o Clemente passou como um rolo compressor e mostrou que era escola de Grupo Especial de fato, de direito e do que mais for.<\/p>\n<p style=\"text-align: justify\">N\u00e3o, me deixe corrigir. Na verdade, a S\u00e3o Clemente \u00e9 escola de desfile das campe\u00e3s, mostrou Rosa Magalh\u00e3es em sua homenagem \u00e0 Fernando Pamplona. A S\u00e3o Clemente revelou ali uma for\u00e7a digna de classificarmos a escola como uma resist\u00eancia. O oitavo lugar foi pouco pro que foi o desfile, mas muito dado o contexto. Dentro de um espet\u00e1culo mercadol\u00f3gico que evolui ao sabor do pensamento de empres\u00e1rios engravatados (e \u00e9 at\u00e9 bom que seja assim, registre-se), a S\u00e3o Clemente resiste como uma saudosa lembran\u00e7a de tempos onde colocar uma escola na Avenida era se equilibrar em uma corda bamba. E viva a escola que sabe lembrar esses tempos sem confund\u00ed-los com amadorismo. A S\u00e3o Clemente vive e convive com as dificuldades de quem n\u00e3o tem nomes midi\u00e1ticos ou sedes suntuosas, mas sabe\u00a0trabalhar e n\u00e3o tem medo do trabalho. E isso \u00e9 t\u00e3o bom e t\u00e3o importante quanto ver o Carnaval evoluindo em termos de gest\u00e3o. Por isso, agora em 2016 a escola vem a\u00ed com um enredo alegre, um samba leve e cercada de expectativa como nunca antes na hist\u00f3ria. A briga pelo desfile das campe\u00e3s \u00e9 real. A &#8220;simp\u00e1tica&#8221; quer ser grande do seu jeito e n\u00e3o h\u00e1 nenhum motivo para que algu\u00e9m duvide disso.<\/p>\n<p style=\"text-align: justify\">A Mocidade Independente, depois de toda a decep\u00e7\u00e3o de 2015, vem com objetivos mais modestos, que \u00e9 recuperar a vaga no desfile das campe\u00e3s que n\u00e3o vem desde 2003. \u00c9 a menos cotada nesse grupo de quatro, por\u00e9m. O enredo de dif\u00edcil compreens\u00e3o, o samba n\u00e3o muito popular e os enormes problemas internos ainda n\u00e3o sanados &#8211; como nota-se quando o diretor de harmonia se desentende com a dire\u00e7\u00e3o da escola depois do ensaio t\u00e9cnico. Mas \u00e9 uma escola popular, midi\u00e1tica, com bom aporte financeiro, com uma comunidade forte e esse desejado sexto lugar, primeiro passo na escalada rumo ao t\u00edtulo, n\u00e3o pode ser descartado.<\/p>\n<p style=\"text-align: justify\">Por fim, temos Vila Isabel e Uni\u00e3o da Ilha tentando fugir do 11\u00ba lugar em um &#8220;confronto direto&#8221; de caminhos inversos. A Uni\u00e3o da Ilha viveu a gl\u00f3ria de um quarto lugar em 2014 com um desfile maravilhoso. Em 2015, vinha bem tamb\u00e9m. Mas errou. Carro empacou, evolu\u00e7\u00e3o errou e veio o nono lugar. A\u00ed 2016 veio todo errado. A posi\u00e7\u00e3o de desfile horrorosa &#8211; por escolha da escola! -, em meio a um samba fraco e a um enredo que n\u00e3o caiu no gosto popular, em um ano t\u00e3o equilibrado, joga a escola nessa briga. Pode at\u00e9 ficar ali no meio da tabela, o que \u00e9 uma vit\u00f3ria, pois devolve \u00e0 escola boas condi\u00e7\u00f5es para 2017. Mas, a princ\u00edpio, briga para entrar no sorteio da ordem dos desfiles &#8211; e que aprenda a li\u00e7\u00e3o! J\u00e1 a Vila, depois do sonho que culminou no t\u00edtulo de 2013, viveu o pesadelo em 2014, onde surpreendentemente conseguiu uma posi\u00e7\u00e3o melhor que \u00e0 do bom desfile de 2015. Por bom, entenda-se digno, o come\u00e7o de uma gradual evolu\u00e7\u00e3o. Em 2016, com um samba fant\u00e1stico e uma comunidade mais confiante, a ambi\u00e7\u00e3o deve ser apenas sair desse 11\u00ba lugar inc\u00f4modo e quem sabe at\u00e9 ficar algumas posi\u00e7\u00f5es acima para andar mais degraus futuramente.<\/p>\n<p style=\"text-align: justify\">E tem ainda a Est\u00e1cio de S\u00e1. A miss\u00e3o de quem sobe \u00e9 uma miss\u00e3o imposs\u00edvel. Para ficar, ou depende de um desfile muito acima da m\u00e9dia (como Uni\u00e3o da Ilha em 2010) ou de uma trag\u00e9dia absoluta de outra (como a Viradouro no mesmo 2010, uma ir\u00f4nica coincid\u00eancia que queimou duas fichas para salvar uma escola s\u00f3). Num ano onde as outras 11, umas mais, outras menos, est\u00e3o todas bem preparadas, o Ber\u00e7o do Samba pode at\u00e9 merecer ficar, mas dificilmente conseguir\u00e1 se manter na elite, visto que at\u00e9 mesmo na S\u00e9rie A n\u00e3o foi uma das mais luxuosas escolas quando se sagrou campe\u00e3. Mas \u00e9 preciso ter esperan\u00e7a. Me agrada muito a prepara\u00e7\u00e3o da escola. A Est\u00e1cio, apesar de um ou outro erro (como a aposta na recupera\u00e7\u00e3o vocal de Wander Pires em um per\u00edodo de 16 ou 17 horas ap\u00f3s sua apresenta\u00e7\u00e3o em S\u00e3o Paulo com a Vai-Vai) tem feito tudo o que est\u00e1 ao seu alcance para errar o menos poss\u00edvel. N\u00e3o tem mesmo muito mais o que fazer al\u00e9m disso se quiser fugir da S\u00e9rie A.<\/p>\n<p style=\"text-align: justify\"><img loading=\"lazy\" decoding=\"async\" class=\"size-medium wp-image-29703 alignleft\" src=\"http:\/\/www.pedromigao.com.br\/ourodetolo\/wp-content\/uploads\/2014\/10\/estacio43-232x300.jpg\" alt=\"estacio43\" width=\"232\" height=\"300\" srcset=\"http:\/\/www.pedromigao.com.br\/ourodetolo\/wp-content\/uploads\/2014\/10\/estacio43-232x300.jpg 232w, http:\/\/www.pedromigao.com.br\/ourodetolo\/wp-content\/uploads\/2014\/10\/estacio43-263x340.jpg 263w, http:\/\/www.pedromigao.com.br\/ourodetolo\/wp-content\/uploads\/2014\/10\/estacio43.jpg 380w\" sizes=\"auto, (max-width: 232px) 100vw, 232px\" \/>Por falar em S\u00e9rie A, l\u00e1 tem briga boa tamb\u00e9m. Viradouro com o melhor samba do ano, Imp\u00e9rio Serrano emocionando com Silas de Oliveira e as emergentes Tuiuti e Unidos de Padre Miguel prometem uma \u00f3tima briga pelo t\u00edtulo, onde Cubango e Imp\u00e9rio da Tijuca, outrora protagonistas, hoje s\u00e3o coadjuvantes. E ainda tem briga por posi\u00e7\u00f5es que n\u00e3o fazem diferen\u00e7a pr\u00e1tica, mas que ajudam a levantar a moral da escola. Inocentes, Renascer, Santa Cruz, Porto da Pedra e, vou ousar, a Rocinha, que volta \u00e0 Sapuca\u00ed, n\u00e3o me parecem correr riscos de cair e devem lutar por boas posi\u00e7\u00f5es que lhe garantam bons ventos para os anos seguintes &#8211; na S\u00e9rie A, vale e vale muito retrospecto recente nessa quest\u00e3o moral. A briga para fugir da Intendente Magalh\u00e3es deve ser entre Alegria da Zona Sul, Uni\u00e3o do Parque Curicica (duas escolas que preparam bons carnavais, mas sofrem com problemas estruturais e econ\u00f4micos) e a Caprichosos. A tradicional Caprichosos errou tudo e mais um pouco e as not\u00edcias que chegam do barrac\u00e3o de Pilares s\u00e3o desanimadoras. E ainda tem os desfiles da Intendente, de onde sair\u00e1 uma escola para a S\u00e9rie A na Sapuca\u00ed.<\/p>\n<p style=\"text-align: justify\">\u00c9, chegou a hora. Tem Carnaval no Brasil inteiro, para todos os gostos e para o nosso tamb\u00e9m. A Avenida est\u00e1 pintada, os refletores est\u00e3o acesos e j\u00e1 consigo ouvir, mesmo daqui, do interior de S\u00e3o Paulo, aquela batida caracter\u00edstica do surdo que anuncia aos cora\u00e7\u00f5es carnavalescos: que rufem os tambores, est\u00e1 come\u00e7ando o Carnaval do Rio de Janeiro!<\/p>\n","protected":false},"excerpt":{"rendered":"<p>Chegou a hora! Dentro de pouco mais de 48 horas ter\u00e1 in\u00edcio o Carnaval! Esse conceito, na verdade, \u00e9 relativo para n\u00f3s que acompanhamos aTour Details<\/p>\n","protected":false},"author":40,"featured_media":0,"comment_status":"open","ping_status":"open","sticky":false,"template":"","format":"standard","meta":{"footnotes":""},"categories":[351],"tags":[837,19],"class_list":["post-39844","post","type-post","status-publish","format-standard","hentry","category-filho-prodigo","tag-carnaval-2016","tag-escolas-de-samba"],"_links":{"self":[{"href":"http:\/\/www.pedromigao.com.br\/ourodetolo\/wp-json\/wp\/v2\/posts\/39844","targetHints":{"allow":["GET"]}}],"collection":[{"href":"http:\/\/www.pedromigao.com.br\/ourodetolo\/wp-json\/wp\/v2\/posts"}],"about":[{"href":"http:\/\/www.pedromigao.com.br\/ourodetolo\/wp-json\/wp\/v2\/types\/post"}],"author":[{"embeddable":true,"href":"http:\/\/www.pedromigao.com.br\/ourodetolo\/wp-json\/wp\/v2\/users\/40"}],"replies":[{"embeddable":true,"href":"http:\/\/www.pedromigao.com.br\/ourodetolo\/wp-json\/wp\/v2\/comments?post=39844"}],"version-history":[{"count":0,"href":"http:\/\/www.pedromigao.com.br\/ourodetolo\/wp-json\/wp\/v2\/posts\/39844\/revisions"}],"wp:attachment":[{"href":"http:\/\/www.pedromigao.com.br\/ourodetolo\/wp-json\/wp\/v2\/media?parent=39844"}],"wp:term":[{"taxonomy":"category","embeddable":true,"href":"http:\/\/www.pedromigao.com.br\/ourodetolo\/wp-json\/wp\/v2\/categories?post=39844"},{"taxonomy":"post_tag","embeddable":true,"href":"http:\/\/www.pedromigao.com.br\/ourodetolo\/wp-json\/wp\/v2\/tags?post=39844"}],"curies":[{"name":"wp","href":"https:\/\/api.w.org\/{rel}","templated":true}]}}