{"id":39813,"date":"2016-02-03T12:12:05","date_gmt":"2016-02-03T14:12:05","guid":{"rendered":"http:\/\/www.pedromigao.com.br\/ourodetolo\/?p=39813"},"modified":"2020-06-12T00:24:28","modified_gmt":"2020-06-12T03:24:28","slug":"2004-paulo-barros-revela-dna-da-tijuca-mas-beija-flor-lava-a-alma-sob-chuva","status":"publish","type":"post","link":"http:\/\/www.pedromigao.com.br\/ourodetolo\/2016\/02\/2004-paulo-barros-revela-dna-da-tijuca-mas-beija-flor-lava-a-alma-sob-chuva\/","title":{"rendered":"2004: Paulo Barros revela DNA da Tijuca, mas Beija-Flor lava a alma sob chuva"},"content":{"rendered":"<p style=\"text-align: justify;\">A fase pr\u00e9-carnavalesca marcou uma grande novidade: no vig\u00e9simo anivers\u00e1rio do samb\u00f3dromo, as escolas de samba foram incentivadas &#8211; e autorizadas, claro &#8211; a reeditarem sambas-enredos antigos. Quatro agremia\u00e7\u00f5es seguiram esse caminho: Portela, Imp\u00e9rio Serrano, Unidos do Viradouro e Tradi\u00e7\u00e3o. No entanto, apenas as escolas de Madureira decidiram reeditar sambas pr\u00f3prios, o que gerou cr\u00edticas \u00e0s demais.<\/p>\n<p style=\"text-align: justify;\">A Azul e Branco escolheu como enredo &#8220;Lendas e Mist\u00e9rios da Amaz\u00f4nia&#8221;, de 1970, enquanto a escola da Serrinha optou pela reedi\u00e7\u00e3o de &#8220;Aquarela Brasileira&#8221;, de 1964. J\u00e1 a Viradouro quis reeditar o samba-enredo da Unidos de S\u00e3o Carlos de 1975 (&#8220;A Festa do C\u00edrio de Nazar\u00e9&#8221;), mas com novo t\u00edtulo: \u201cPediu pra Par\u00e1, parou! Com a Viradouro eu vou pro C\u00edrio de Nazar\u00e9\u201d. A Tradi\u00e7\u00e3o, por sua vez, escolheu o cl\u00e1ssico &#8220;Contos de Areia&#8221;, da Portela, em 1984 &#8211; vale lembrar que depois daquele desfile, a escola da Campinho foi fundada por dissidentes da Majestade do Samba. Curiosamente, a Viradouro chegou a iniciar uma disputa de samba para uma composi\u00e7\u00e3o in\u00e9dita e, no decorrer da mesma, optou pela reedi\u00e7\u00e3o.<\/p>\n<p style=\"text-align: justify;\">Das agremia\u00e7\u00f5es que escolheram enredos in\u00e9ditos, a campe\u00e3 Beija-Flor de Nil\u00f3polis tinha sem d\u00favida o melhor samba, para o enredo &#8220;Manoa, Manaus, Amaz\u00f4nia, Terra Santa: Alimenta o corpo, equilibra a alma e transmite a paz&#8221; &#8211; <span style=\"text-decoration: underline;\"><span style=\"color: #ff6600; text-decoration: underline;\"><a href=\"http:\/\/www.pedromigao.com.br\/ourodetolo\/2013\/07\/orun-aye-jackson-martins-nos-e-a-beija-flor-10-anos\/\" target=\"_blank\" rel=\"noopener noreferrer\"><span style=\"color: #ff6600; text-decoration: underline;\">o compositor Aloisio Villar certa vez contou aqui no Ouro de Tolo bastidores da disputa de samba da escola para aquele ano<\/span><\/a><\/span><\/span>. A vice-campe\u00e3 Mangueira contaria a hist\u00f3ria da estrada real que corta Minas Gerais, tamb\u00e9m com um samba-enredo de qualidade.<\/p>\n<p style=\"text-align: justify;\">Jo\u00e3osinho Trinta novamente foi centro de pol\u00eamica na fase pr\u00e9-carnavalesca: o carnavalesco escolheu para a Grande Rio o enredo &#8220;Vamos vestir a camisinha, meu amor!&#8221;. Jo\u00e3o prometia chocar o p\u00fablico com encena\u00e7\u00f5es e alegorias que reproduziriam cenas de sexo e esculturas de \u00f3rg\u00e3os genitais. Dizia ele que o objetivo do enredo era alertar sobre o risco das doen\u00e7as sexualmente transmiss\u00edveis, mas os cr\u00edticos n\u00e3o pouparam o carnavalesco, o acusando de querer levar para a avenida um tema apelativo. Para piorar, o samba-enredo n\u00e3o ajudava nada nada&#8230;<\/p>\n<p style=\"text-align: justify;\">A Imperatriz Leopoldinense prometia contar a hist\u00f3ria de Cabo Frio, tendo o pau-brasil e a cor vermelha oriunda da extra\u00e7\u00e3o da madeira como fio condutor do enredo &#8211; em nova tentativa de driblar as imposi\u00e7\u00f5es de um enredo patrocinado. J\u00e1 a Mocidade Independente de Padre Miguel escolheu outro enredo de conscientiza\u00e7\u00e3o, no caso, sobre a educa\u00e7\u00e3o no tr\u00e2nsito. O Salgueiro teria como tema o \u00e1lcool combust\u00edvel e seus diferentes benef\u00edcios, enquanto a Unidos da Tijuca levaria para a Sapuca\u00ed um enredo que misturava ci\u00eancia e inven\u00e7\u00f5es. Quem atraiu a aten\u00e7\u00e3o da m\u00eddia foi a Caprichosos de Pilares,\u00a0pois escolheu como enredo Xuxa, a Rainha dos Baixinhos.<\/p>\n<p style=\"text-align: justify;\">A Unidos do Porto da Pedra teria como tema as formas de comunica\u00e7\u00e3o entre as pessoas, desde os prim\u00f3rdios da civiliza\u00e7\u00e3o at\u00e9 a era da internet. Completava o Grupo Especial a S\u00e3o Clemente, que, depois da pol\u00eamica vit\u00f3ria no Acesso em 2003, escolheu como tema uma cr\u00edtica ao famoso jeitinho brasileiro, principalmente o dos pol\u00edticos.<\/p>\n<p style=\"text-align: justify;\"><strong>OS DESFILES<\/strong><\/p>\n<p style=\"text-align: justify;\">Sob chuva, a escola da Zona Sul apostou na irrever\u00eancia ao defender o interessante enredo \u201cBoi voador sobre o Recife: Cordel da galhofa nacional\u201d. O tema do carnavalesco Milton Cunha partiu da primeira cobran\u00e7a de ped\u00e1gio do Brasil, no Recife, por Maur\u00edcio de Nassau. Explica-se: este deu uma festa e, para, digamos, arrecadar fundos, anunciou que haveria um boi voador para o p\u00fablico ver. Claro que a promessa n\u00e3o foi cumprida, como muitas das que ainda existem hoje em dia.<\/p>\n<p style=\"text-align: justify;\">Infelizmente devido \u00e0 chuva, o conjunto de fantasias e alegorias, que tinha muitos elementos em espuma, acabou perdendo o efeito. Para piorar, \u00e0s v\u00e9speras do desfile, Milton Cunha recebeu press\u00e3o de pol\u00edticos para mudar a esperada escultura que mostrava um Tio Sam sentado no Congresso Nacional como se fosse numa privada&#8230;<\/p>\n<p style=\"text-align: justify;\">Apesar da boa atua\u00e7\u00e3o da bateria, o samba n\u00e3o cresceu tanto na avenida, e a evolu\u00e7\u00e3o n\u00e3o foi das mais vibrantes. Logo, a escola terminou o desfile j\u00e1 como candidata \u00e0 parte de baixo da tabela. Curioso \u00e9 que o samba dizia que <em>&#8220;aqui o que \u00e9 s\u00e9rio \u00e9 Carnaval&#8221;<\/em>, o que n\u00e3o deixa de ser uma tremenda ironia se lembrarmos as circunst\u00e2ncias da ascens\u00e3o da escola no ano anterior.<\/p>\n<p style=\"text-align: justify;\"><a href=\"http:\/\/www.pedromigao.com.br\/ourodetolo\/wp-content\/uploads\/2014\/02\/caprichosos2004.jpg\"><img loading=\"lazy\" decoding=\"async\" class=\"size-medium wp-image-23290 alignleft\" src=\"http:\/\/www.pedromigao.com.br\/ourodetolo\/wp-content\/uploads\/2014\/02\/caprichosos2004-300x200.jpg\" alt=\"caprichosos2004\" width=\"300\" height=\"200\" srcset=\"http:\/\/www.pedromigao.com.br\/ourodetolo\/wp-content\/uploads\/2014\/02\/caprichosos2004-300x200.jpg 300w, http:\/\/www.pedromigao.com.br\/ourodetolo\/wp-content\/uploads\/2014\/02\/caprichosos2004.jpg 510w\" sizes=\"auto, (max-width: 300px) 100vw, 300px\" \/><\/a>Cercada de expectativa do p\u00fablico, a Caprichosos de Pilares acabou fazendo um desfile alegre, mas bastante irregular, com o enredo \u201cXuxa e seu Reino encantado no carnaval da imagina\u00e7\u00e3o\u201d. A proposta do enredo do carnavalesco Cah\u00ea Rodrigues foi bem apresentada em alegorias, mas as fantasias tamb\u00e9m foram prejudicadas pela chuva.<\/p>\n<p style=\"text-align: justify;\">A comiss\u00e3o de frente era formada por bailarinas que sa\u00edam de um elemento aleg\u00f3rico com cogumelos e interagiam com o enorme abre-alas. O elemento tinha uma grande escultura de um mago segurando um beb\u00ea simbolizando Xuxa, com belo acabamento e movimentos. A homenageada desfilou no \u00faltimo carro e foi ovacionada pelo p\u00fablico (foto).<\/p>\n<p style=\"text-align: justify;\">Mas o samba-enredo n\u00e3o era dos melhores, e nem mesmo o grande cantor Jackson Martins &#8211; no seu \u00faltimo desfile, veja mais na se\u00e7\u00e3o Curiosidades &#8211; conseguiu levantar o p\u00fablico, que se manifestou com mais entusiasmo apenas quando Xuxa passou.<\/p>\n<p style=\"text-align: justify;\">Pena que a escola tamb\u00e9m teve s\u00e9rios problemas de evolu\u00e7\u00e3o, com diversos buracos entre as alas. Para piorar, a lentid\u00e3o do come\u00e7o do desfile se transformou em correria para que a Caprichosos n\u00e3o estourasse os 80 minutos regulamentares. Conseguiu a duras penas.\u00a0Foi sem d\u00favida uma apresenta\u00e7\u00e3o simp\u00e1tica, mas que deixaria a Caprichosos do meio para tr\u00e1s na tabela.<\/p>\n<p style=\"text-align: justify;\"><a href=\"http:\/\/www.pedromigao.com.br\/ourodetolo\/wp-content\/uploads\/2014\/02\/tijuca2004c.jpg\"><img loading=\"lazy\" decoding=\"async\" class=\"wp-image-23284 aligncenter\" src=\"http:\/\/www.pedromigao.com.br\/ourodetolo\/wp-content\/uploads\/2014\/02\/tijuca2004c.jpg\" alt=\"tijuca2004c\" width=\"570\" height=\"360\" \/><\/a>Na fase pr\u00e9-carnavalesca, teve gente que ironizou a Unidos da Tijuca pelo refr\u00e3o principal de seu samba: <em>&#8220;Sonhei, amor, e vou lutar \/ Para o meu sonho ser real \/ Com a Tijuca campe\u00e3 do Carnaval&#8221;<\/em>. Ora bolas, como uma agremia\u00e7\u00e3o cujo \u00fanico campeonato na elite remontava a 1936, havia sido rebaixada v\u00e1rias vezes, tinha como melhor posi\u00e7\u00e3o no Grupo Especial nas \u00faltimas d\u00e9cadas um isolado quinto lugar (em 2000) e vinha de duas nonas e uma d\u00e9cima coloca\u00e7\u00f5es nos tr\u00eas anos anteriores, achava fact\u00edvel ser campe\u00e3?<\/p>\n<p style=\"text-align: justify;\">Pois bem, a chegada do ex-comiss\u00e1rio de bordo Paulo Barros para a fun\u00e7\u00e3o de carnavalesco da escola proporcionaria uma imediata mudan\u00e7a de patamar para a agremia\u00e7\u00e3o do Borel e provocaria a \u00faltima grande revolu\u00e7\u00e3o est\u00e9tica do Carnaval do Rio de Janeiro.<\/p>\n<p style=\"text-align: justify;\">Oriundo da Vizinha Faladeira e com passagens pelo Arranco do Engenho de Dentro e Para\u00edso do Tuiuti, Paulo Barros mesclou tecnologia, criatividade e o uso de materiais alternativos (e, literalmente, humanos) para proporcionar uma exibi\u00e7\u00e3o arrebatadora e inesquec\u00edvel com o enredo \u201cO sonho da cria\u00e7\u00e3o, a cria\u00e7\u00e3o do sonho. A arte da ci\u00eancia no tempo do imposs\u00edvel\u201d, que contou a hist\u00f3ria das descobertas cient\u00edficas e tecnol\u00f3gicas.<\/p>\n<p style=\"text-align: justify;\"><a href=\"http:\/\/www.pedromigao.com.br\/ourodetolo\/wp-content\/uploads\/2014\/02\/tijuca2004d.jpg\"><img loading=\"lazy\" decoding=\"async\" class=\"size-medium wp-image-23285 alignleft\" src=\"http:\/\/www.pedromigao.com.br\/ourodetolo\/wp-content\/uploads\/2014\/02\/tijuca2004d-200x300.jpg\" alt=\"tijuca2004d\" width=\"200\" height=\"300\" srcset=\"http:\/\/www.pedromigao.com.br\/ourodetolo\/wp-content\/uploads\/2014\/02\/tijuca2004d-200x300.jpg 200w, http:\/\/www.pedromigao.com.br\/ourodetolo\/wp-content\/uploads\/2014\/02\/tijuca2004d-226x340.jpg 226w, http:\/\/www.pedromigao.com.br\/ourodetolo\/wp-content\/uploads\/2014\/02\/tijuca2004d.jpg 340w\" sizes=\"auto, (max-width: 200px) 100vw, 200px\" \/><\/a>O cart\u00e3o de visitas foi a supercriativa comiss\u00e3o de frente (foto acima) que representava &#8220;A Ci\u00eancia Move o Homem&#8221;. Os integrantes estavam com uma fantasia dourada com uma &#8220;saia&#8221; que girava como uma engrenagem e era formada por texturas que simbolizavam circuitos de computador e ainda tinham rel\u00f3gios funcionando de verdade. Simplesmente magn\u00edfico!<\/p>\n<p style=\"text-align: justify;\">O carro abre-alas chamava-se &#8220;M\u00e1quina do Tempo&#8221; e tinha um integrante fantasiado de Albert Einstein, j\u00e1 que a alegoria representava as teorias sobre tempo e espa\u00e7o. O interessante carro &#8220;Da Alquimia \u00e0 Qu\u00edmica&#8221; tinha dezenas de grandes c\u00e1psulas de rem\u00e9dios esculturas de bruxas (j\u00e1 que os cientistas eram acusados de bruxarias) e apenas um destaque, que representava &#8220;O Grande Alquimista&#8221;. Parecia uma provoca\u00e7\u00e3o para o que estava por vir&#8230;<\/p>\n<p style=\"text-align: justify;\">A primeira demonstra\u00e7\u00e3o da nova est\u00e9tica que Paulo Barros propunha era o carro &#8220;Energia&#8221;, que tinha dezenas de integrantes fantasiados de preto fazendo uma coreografia muito bem ensaiada mostrando o trabalho dos para-raios. Mas o carro chamado &#8220;Cria\u00e7\u00e3o da Vida&#8221; veio a seguir para revolucionar o Carnaval.<a href=\"http:\/\/www.pedromigao.com.br\/ourodetolo\/wp-content\/uploads\/2014\/02\/tijuca2004.jpg\"><img loading=\"lazy\" decoding=\"async\" class=\"size-medium wp-image-23282 alignright\" src=\"http:\/\/www.pedromigao.com.br\/ourodetolo\/wp-content\/uploads\/2014\/02\/tijuca2004-218x300.jpg\" alt=\"tijuca2004\" width=\"218\" height=\"300\" srcset=\"http:\/\/www.pedromigao.com.br\/ourodetolo\/wp-content\/uploads\/2014\/02\/tijuca2004-218x300.jpg 218w, http:\/\/www.pedromigao.com.br\/ourodetolo\/wp-content\/uploads\/2014\/02\/tijuca2004-247x340.jpg 247w, http:\/\/www.pedromigao.com.br\/ourodetolo\/wp-content\/uploads\/2014\/02\/tijuca2004.jpg 458w\" sizes=\"auto, (max-width: 218px) 100vw, 218px\" \/><\/a><\/p>\n<p style=\"text-align: justify;\">N\u00e3o havia praticamente nada al\u00e9m de uma estrutura de metal com pequenos acabamentos em dourado e 127 integrantes com o corpo pintado de azul claro e brilhante (foto ao lado). Mas por que isso foi uma revolu\u00e7\u00e3o? Simplesmente porque os componentes formavam uma grande pir\u00e2mide humana e faziam uma coreografia simplesmente genial que representava o DNA. O efeito foi simplesmente de fazer cair o queixo.<\/p>\n<p style=\"text-align: justify;\">As demais alegorias tamb\u00e9m chamaram muito a aten\u00e7\u00e3o, como a chamada &#8220;Viagens Extraordin\u00e1rias&#8221;, que retratava o livro &#8220;20 mil l\u00e9guas submarinas&#8221;, de Julio Verne, e tinha 300 mil canudinhos de refrigerante para representar o fundo do mar (foto acima). Paulo Barros tamb\u00e9m abusou de materiais mais baratos no carro &#8220;Fic\u00e7\u00e3o Futurista&#8221;, com 14 mil garrafas de pl\u00e1stico &#8211; al\u00e9m disso, a ilumina\u00e7\u00e3o toda em branco dava um efeito espetacular.<\/p>\n<p style=\"text-align: justify;\"><a href=\"http:\/\/www.pedromigao.com.br\/ourodetolo\/wp-content\/uploads\/2014\/02\/tijuca2004b.jpg\"><img loading=\"lazy\" decoding=\"async\" class=\"size-medium wp-image-23283 alignleft\" src=\"http:\/\/www.pedromigao.com.br\/ourodetolo\/wp-content\/uploads\/2014\/02\/tijuca2004b-300x199.jpg\" alt=\"tijuca2004b\" width=\"300\" height=\"199\" srcset=\"http:\/\/www.pedromigao.com.br\/ourodetolo\/wp-content\/uploads\/2014\/02\/tijuca2004b-300x199.jpg 300w, http:\/\/www.pedromigao.com.br\/ourodetolo\/wp-content\/uploads\/2014\/02\/tijuca2004b.jpg 506w\" sizes=\"auto, (max-width: 300px) 100vw, 300px\" \/><\/a>Assim como os carros, as fantasias estavam muito criativas. Entre todos os figurinos, os que mais se destacavam eram os da bateria, que tinham enormes chap\u00e9us em formato de c\u00e9rebros (foto), o que j\u00e1 era de impacto. Mas quando a bateria (que por sinal imprimiu um ritmo mais cadenciado do que o &#8220;afrevado&#8221; de 2003) saiu do box, os ritmistas abriram os c\u00e9rebros e de l\u00e1 sa\u00edam bolas azuis de g\u00e1s.<\/p>\n<p style=\"text-align: justify;\">Nos quesitos de pista, a despeito de pequenos descompassos de evolu\u00e7\u00e3o, a Tijuca tamb\u00e9m esteve muito bem. O samba, que n\u00e3o era muito cotado na fase pr\u00e9-carnavalesca, cresceu muito na avenida com a interpreta\u00e7\u00e3o de Wantuir e os componentes estavam muito empolgados. O p\u00fablico aos poucos conheceu o samba e no fim cantou com a escola.<\/p>\n<p style=\"text-align: justify;\">A Tijuca deixou a avenida sob aplausos e com a sensa\u00e7\u00e3o de ter feito o melhor desfile de sua hist\u00f3ria. Ficou evidente que a escola do Borel brigaria com muita for\u00e7a pelas primeiras coloca\u00e7\u00f5es, no m\u00ednimo. De qualquer forma, ainda era cedo para falar em t\u00edtulo, j\u00e1 que grandes pot\u00eancias do Carnaval ainda desfilariam.<\/p>\n<p style=\"text-align: justify;\"><a href=\"http:\/\/www.pedromigao.com.br\/ourodetolo\/wp-content\/uploads\/2014\/02\/salgueiro2004.jpg\"><img loading=\"lazy\" decoding=\"async\" class=\"size-medium wp-image-23291 alignleft\" src=\"http:\/\/www.pedromigao.com.br\/ourodetolo\/wp-content\/uploads\/2014\/02\/salgueiro2004-300x199.jpg\" alt=\"salgueiro2004\" width=\"300\" height=\"199\" srcset=\"http:\/\/www.pedromigao.com.br\/ourodetolo\/wp-content\/uploads\/2014\/02\/salgueiro2004-300x199.jpg 300w, http:\/\/www.pedromigao.com.br\/ourodetolo\/wp-content\/uploads\/2014\/02\/salgueiro2004-510x340.jpg 510w, http:\/\/www.pedromigao.com.br\/ourodetolo\/wp-content\/uploads\/2014\/02\/salgueiro2004.jpg 709w\" sizes=\"auto, (max-width: 300px) 100vw, 300px\" \/><\/a>A primeira delas foi o Salgueiro, que, no entanto, apesar de ter feito uma apresenta\u00e7\u00e3o correta, acabou n\u00e3o causando o mesmo impacto que a vizinha tijucana. Para come\u00e7ar, a escola entrava na avenida pela primeira vez em muitos anos sem o inesquec\u00edvel Mestre Louro, o que j\u00e1 configurou uma quebra de tradi\u00e7\u00e3o.<\/p>\n<p style=\"text-align: justify;\">Mas n\u00e3o quer dizer que a Vermelho e Branco n\u00e3o tenha tido bons momentos com o enredo \u201cA cana que aqui se planta, tudo d\u00e1&#8230;At\u00e9 energia. \u00c1lcool, o combust\u00edvel do futuro\u201d, de Renato Lage e sua esposa M\u00e1rcia Lage. O conjunto de alegorias era bem no estilo Lage, com muito <em>high tech<\/em> e solu\u00e7\u00f5es criativas. Agradou muito o carro &#8220;Alco\u00f3polis&#8221;, que tinha uma pista na qual karts passeavam (foto). As fantasias estavam criativas e bem acabadas, com destaque para o diferente figurino da ala das baianas, simbolizando engrenagens de ind\u00fastrias.<\/p>\n<p style=\"text-align: justify;\">Outro destaque foi a comiss\u00e3o de frente, que retratava a origem da cana-de-a\u00e7\u00facar e cujos integrantes faziam coreografias formando um elefante com seus elementos cenogr\u00e1ficos. Mas nos demais quesitos de pista o Salgueiro n\u00e3o esteve num de seus melhores dias. Muito por conta do samba-enredo limitado, que n\u00e3o contagiou componentes nem p\u00fablico apesar de a bateria de Mestre Jonas ter feito uma boa apresenta\u00e7\u00e3o.<\/p>\n<p style=\"text-align: justify;\">Depois dos problemas graves de evolu\u00e7\u00e3o nos anos anteriores, finalmente o Salgueiro resolveu reduzir seu contingente de 5500 para 4200 componentes. Mas, se em 2004 os desfilantes salgueirenses evolu\u00edram com mais flu\u00eancia, o j\u00e1 citado samba n\u00e3o proporcionou uma apresenta\u00e7\u00e3o quente.<\/p>\n<p style=\"text-align: justify;\"><a href=\"http:\/\/www.pedromigao.com.br\/ourodetolo\/wp-content\/uploads\/2014\/02\/granderio2004.jpg\"><img loading=\"lazy\" decoding=\"async\" class=\"size-medium wp-image-23269 alignleft\" src=\"http:\/\/www.pedromigao.com.br\/ourodetolo\/wp-content\/uploads\/2014\/02\/granderio2004-300x200.jpg\" alt=\"granderio2004\" width=\"300\" height=\"200\" srcset=\"http:\/\/www.pedromigao.com.br\/ourodetolo\/wp-content\/uploads\/2014\/02\/granderio2004-300x200.jpg 300w, http:\/\/www.pedromigao.com.br\/ourodetolo\/wp-content\/uploads\/2014\/02\/granderio2004.jpg 510w\" sizes=\"auto, (max-width: 300px) 100vw, 300px\" \/><\/a>Aguardada com expectativa pelo terceiro lugar de 2003 e pela grande pol\u00eamica envolvendo Jo\u00e3ozinho Trinta na fase pr\u00e9-carnavalesca, a Acad\u00eamicos do Grande Rio fez uma apresenta\u00e7\u00e3o muito aqu\u00e9m do que se esperava, com o enredo &#8220;Vamos vestir a camisinha, meu amor!&#8221;.<\/p>\n<p style=\"text-align: justify;\">Para come\u00e7ar, o samba era arrastado e isso se refletiu no conjunto da escola, j\u00e1 que os componentes n\u00e3o estavam empolgados e nem o p\u00fablico cantou. S\u00f3 mesmo a grande bateria do Mestre Odilon conseguiu agradar na despropositada apresenta\u00e7\u00e3o tricolor.<\/p>\n<p style=\"text-align: justify;\">Jo\u00e3o 30 era um g\u00eanio (para muitos o maior de todos os carnavalescos), mas desta vez errou a m\u00e3o. O desfile come\u00e7ava inspirado na pintura &#8220;Jardim das Del\u00edcias&#8221; e mostrava como teria sido o primeiro ato sexual no Para\u00edso. Por decis\u00e3o judicial, tr\u00eas alegorias que tinham s\u00edmbolos de atos sexuais ou reprodu\u00e7\u00e3o de \u00f3rg\u00e3os genitais foram cobertas e tinham faixas com a palavra &#8220;Censurado&#8221; (foto). Outra alegoria simbolizava as casas noturnas, se \u00e9 que me entendem&#8230;<\/p>\n<p style=\"text-align: justify;\">As fantasias n\u00e3o eram das mais criativas, e preservativos formavam os figurinos do mestre-sala e da porta-bandeira. Nas vestimentas das baianas, havia placas com figuras do <em>kama sutra<\/em>. At\u00e9 que havia alas dedicadas \u00e0 proposta alegada do enredo, que era a de conscientizar a popula\u00e7\u00e3o sobre os cuidados com as doen\u00e7as sexualmente transmiss\u00edveis, mas falou-se muito mais de sexo em si. Para piorar, a escola teve problemas de evolu\u00e7\u00e3o e quase estourou os 80 minutos regulamentares.<\/p>\n<p style=\"text-align: justify;\"><a href=\"http:\/\/www.pedromigao.com.br\/ourodetolo\/wp-content\/uploads\/2014\/02\/mangueira2004c.jpg\"><img loading=\"lazy\" decoding=\"async\" class=\"wp-image-23033 aligncenter\" src=\"http:\/\/www.pedromigao.com.br\/ourodetolo\/wp-content\/uploads\/2014\/02\/mangueira2004c.jpg\" alt=\"mangueira2004c\" width=\"560\" height=\"417\" srcset=\"http:\/\/www.pedromigao.com.br\/ourodetolo\/wp-content\/uploads\/2014\/02\/mangueira2004c.jpg 800w, http:\/\/www.pedromigao.com.br\/ourodetolo\/wp-content\/uploads\/2014\/02\/mangueira2004c-300x223.jpg 300w, http:\/\/www.pedromigao.com.br\/ourodetolo\/wp-content\/uploads\/2014\/02\/mangueira2004c-457x340.jpg 457w\" sizes=\"auto, (max-width: 560px) 100vw, 560px\" \/><\/a>Pen\u00faltima escola a desfilar na primeira noite, a Esta\u00e7\u00e3o Primeira de Mangueira manteve o alto padr\u00e3o de apresenta\u00e7\u00f5es que vinha tendo desde a chegada do carnavalesco Max Lopes, tr\u00eas anos antes. O enredo \u201cMangueira redescobre a Estrada Real&#8230; E deste Eldorado faz seu carnaval\u201d, sobre o desenvolvimento da regi\u00e3o em que passava a antiga estrada de ferro e a import\u00e2ncia do estado, foi muito bem desenvolvido.<\/p>\n<p style=\"text-align: justify;\"><a href=\"http:\/\/www.pedromigao.com.br\/ourodetolo\/wp-content\/uploads\/2014\/02\/mangueira2004.jpg\"><img loading=\"lazy\" decoding=\"async\" class=\"size-medium wp-image-23274 alignleft\" src=\"http:\/\/www.pedromigao.com.br\/ourodetolo\/wp-content\/uploads\/2014\/02\/mangueira2004-200x300.jpg\" alt=\"mangueira2004\" width=\"200\" height=\"300\" srcset=\"http:\/\/www.pedromigao.com.br\/ourodetolo\/wp-content\/uploads\/2014\/02\/mangueira2004-200x300.jpg 200w, http:\/\/www.pedromigao.com.br\/ourodetolo\/wp-content\/uploads\/2014\/02\/mangueira2004-226x340.jpg 226w, http:\/\/www.pedromigao.com.br\/ourodetolo\/wp-content\/uploads\/2014\/02\/mangueira2004.jpg 340w\" sizes=\"auto, (max-width: 200px) 100vw, 200px\" \/><\/a>Para come\u00e7ar, a comiss\u00e3o de frente liderada por Carlinhos de Jesus mais uma vez arrebatou a Sapuca\u00ed com uma grande apresenta\u00e7\u00e3o e um figurino supercriativo: cada um dos 15 integrantes carregava quatro bonecos (presos a tubos) que representavam personagens de Minas Gerais como Tiradentes, Tancredo Neves, Carlos Drummond de Andrade e Juscelino Kubitschek, entre outros (foto acima). Com a coreografia da comiss\u00e3o, o efeito foi maravilhoso, e parecia que havia muito mais gente na pista.<\/p>\n<p style=\"text-align: justify;\">O abre-alas, como vinha sendo costumeiro, era enorme, com muito dourado. Tiveram \u00f3timo efeito a alegoria que representava o trem da estrada real (com 60 metros de comprimento) e o carro que se chamava &#8220;Casa da Sinh\u00e1 Chica da Silva&#8221;, este com muito branco, dourado e rosa em tons suaves, al\u00e9m de uma enorme escultura de Chica. A alegoria &#8220;Arquitetura Barroca&#8221; tamb\u00e9m estava brilhante, parecia mesmo uma constru\u00e7\u00e3o mineira. Ali\u00e1s, em termos de acabamento de alegorias, a Mangueira foi a melhor escola do ano, mesmo sem surpreender tanto como a Unidos da Tijuca.<\/p>\n<p style=\"text-align: justify;\">As fantasias tamb\u00e9m contaram muito bem o enredo, al\u00e9m de serem bel\u00edssimas. A ala das baianas, que representava a &#8220;Explos\u00e3o Barroca&#8221;, estava maravilhosa, com figurinos em dourado e muito bem detalhados. Ali\u00e1s, o dourado predominou durante toda a primeira parte do desfile (o que, apesar de um tanto exagerado, era at\u00e9 pertinente ao enredo), com o verde e o rosa da escola entrando apenas depois.<a href=\"http:\/\/www.pedromigao.com.br\/ourodetolo\/wp-content\/uploads\/2014\/02\/mangueira2004c1.jpg\"><img loading=\"lazy\" decoding=\"async\" class=\"size-medium wp-image-23276 alignright\" src=\"http:\/\/www.pedromigao.com.br\/ourodetolo\/wp-content\/uploads\/2014\/02\/mangueira2004c1-200x300.jpg\" alt=\"mangueira2004c\" width=\"200\" height=\"300\" srcset=\"http:\/\/www.pedromigao.com.br\/ourodetolo\/wp-content\/uploads\/2014\/02\/mangueira2004c1-200x300.jpg 200w, http:\/\/www.pedromigao.com.br\/ourodetolo\/wp-content\/uploads\/2014\/02\/mangueira2004c1-226x340.jpg 226w, http:\/\/www.pedromigao.com.br\/ourodetolo\/wp-content\/uploads\/2014\/02\/mangueira2004c1.jpg 340w\" sizes=\"auto, (max-width: 200px) 100vw, 200px\" \/><\/a><\/p>\n<p style=\"text-align: justify;\">Depois dos problemas de sa\u00fade na fase pr\u00e9-carnavalesca, Jamel\u00e3o esteve na condu\u00e7\u00e3o do agrad\u00e1vel samba-enredo e a escola se apresentou bem no quesito Harmonia, com os componentes cantando a contento. Por outro lado, a evolu\u00e7\u00e3o esteve um tanto descompassada em alguns momentos, dada a grandeza das alegorias e o excesso de alas coreografadas &#8211; mesmo sem grandes buracos, em alguns momentos houve lentid\u00e3o, e em outros, pressa na passagem dos componentes.<\/p>\n<p style=\"text-align: justify;\">A Mangueira terminou seu bom desfile mais uma vez credenciada a brigar pelas primeiras coloca\u00e7\u00f5es pela corre\u00e7\u00e3o na maioria dos quesitos e pela ineg\u00e1vel beleza visual. Mas a Verde e Rosa desta vez n\u00e3o teve o impacto que se viu na apresenta\u00e7\u00e3o da Tijuca, tampouco mexeu com o p\u00fablico como \u00a0em 2002 (principalmente) e 2003.<\/p>\n<p style=\"text-align: justify;\"><a href=\"http:\/\/www.pedromigao.com.br\/ourodetolo\/wp-content\/uploads\/2014\/02\/portela2004.jpg\"><img loading=\"lazy\" decoding=\"async\" class=\"size-medium wp-image-23277 alignleft\" src=\"http:\/\/www.pedromigao.com.br\/ourodetolo\/wp-content\/uploads\/2014\/02\/portela2004-300x200.jpg\" alt=\"portela2004\" width=\"300\" height=\"200\" srcset=\"http:\/\/www.pedromigao.com.br\/ourodetolo\/wp-content\/uploads\/2014\/02\/portela2004-300x200.jpg 300w, http:\/\/www.pedromigao.com.br\/ourodetolo\/wp-content\/uploads\/2014\/02\/portela2004.jpg 510w\" sizes=\"auto, (max-width: 300px) 100vw, 300px\" \/><\/a>Em seguida \u00e0 Mangueira, desfilou a Portela &#8211; a meu ver, pela grandeza das duas agremia\u00e7\u00f5es, as mais populares e vitoriosas do Rio, ambas nunca poderiam desfilar no mesmo dia &#8211; e foi mais uma apresenta\u00e7\u00e3o com qualidade na noite. Ou melhor, no caso da Portela, no alvorecer, como tantas e tantas vezes na hist\u00f3ria da maior campe\u00e3 do Carnaval.<\/p>\n<p style=\"text-align: justify;\">Depois do decepcionante desfile de 2003, no qual a falta de recursos limitou (e irritou) o carnavalesco Alexandre Louzada, claramente houve muito mais esmero para o conjunto visual portelense e isso se refletiu no que foi uma das boas exibi\u00e7\u00f5es do ano. O novo carnavalesco Jorge Freitas ampliou a sinopse do enredo &#8220;Lendas e Mist\u00e9rios da Amaz\u00f4nia&#8221; original e, em vez de tr\u00eas, abordou sete lendas daquela regi\u00e3o.<a href=\"http:\/\/www.pedromigao.com.br\/ourodetolo\/wp-content\/uploads\/2014\/02\/portela2004b.jpg\"><img loading=\"lazy\" decoding=\"async\" class=\"size-medium wp-image-23278 alignright\" src=\"http:\/\/www.pedromigao.com.br\/ourodetolo\/wp-content\/uploads\/2014\/02\/portela2004b-300x201.jpg\" alt=\"portela2004b\" width=\"300\" height=\"201\" srcset=\"http:\/\/www.pedromigao.com.br\/ourodetolo\/wp-content\/uploads\/2014\/02\/portela2004b-300x201.jpg 300w, http:\/\/www.pedromigao.com.br\/ourodetolo\/wp-content\/uploads\/2014\/02\/portela2004b.jpg 506w\" sizes=\"auto, (max-width: 300px) 100vw, 300px\" \/><\/a><\/p>\n<p style=\"text-align: justify;\">A comiss\u00e3o de frente estava bem fantasiada e representava os &#8220;guardi\u00f5es da \u00e1gua sagrada&#8221;. J\u00e1 a \u00e1guia sagrada (foto acima) simbolizava o Eldorado e estava deslumbrante, toda em dourado brilhante, al\u00e9m de ter um aspecto agressivo, para a frente, e com bons movimentos. Al\u00e9m disso, havia lindas esculturas de mulheres guerreiras. As outras alegorias tamb\u00e9m estavam muito bem concebidas e acabadas. Inteligentemente, Jorge Freitas usou cores que rendiam impacto com a luz do dia, tanto nos carros como nas fantasias e isso tornou a divis\u00e3o crom\u00e1tica muito adequada.<\/p>\n<p style=\"text-align: justify;\"><a href=\"http:\/\/www.pedromigao.com.br\/ourodetolo\/wp-content\/uploads\/2014\/02\/portela2004e.jpg\"><img loading=\"lazy\" decoding=\"async\" class=\"size-medium wp-image-23281 alignleft\" src=\"http:\/\/www.pedromigao.com.br\/ourodetolo\/wp-content\/uploads\/2014\/02\/portela2004e-200x300.jpg\" alt=\"portela2004e\" width=\"200\" height=\"300\" srcset=\"http:\/\/www.pedromigao.com.br\/ourodetolo\/wp-content\/uploads\/2014\/02\/portela2004e-200x300.jpg 200w, http:\/\/www.pedromigao.com.br\/ourodetolo\/wp-content\/uploads\/2014\/02\/portela2004e-226x340.jpg 226w, http:\/\/www.pedromigao.com.br\/ourodetolo\/wp-content\/uploads\/2014\/02\/portela2004e.jpg 300w\" sizes=\"auto, (max-width: 200px) 100vw, 200px\" \/><\/a>O extraordin\u00e1rio samba-enredo, um dos maiores da riqu\u00edssima hist\u00f3ria portelense, dizia: <em>&#8220;A lua apaixonada chorou tanto \/ E do seu pranto nasceu o rio-mar&#8221;<\/em>, e a alegoria que representava este trecho era simplesmente emocionante, tamanha a felicidade de sua concep\u00e7\u00e3o e acabamento (foto).<\/p>\n<p style=\"text-align: justify;\">Todos os outros carros tamb\u00e9m agradaram, especialmente o chamado &#8220;O Reino das \u00c1guas&#8221;, com duas esculturas de \u00edndios bem realizadas e muito verde em volta, e outra alegoria chamada &#8220;O Encantamento do Uirapuru&#8221;, com uma enorme ave no topo e tamb\u00e9m ladeada de muito verde, al\u00e9m de esculturas de araras e uma de jacar\u00e9 que abria e fechava a boca. O primeiro e \u00fanico Paulinho da Viola desfilou naquela alegoria ao lado de outros portelenses das antigas.<\/p>\n<p style=\"text-align: justify;\">Depois de uma fase pr\u00e9-carnavalesca tumultuada para a bateria da Portela, com a troca de Carlinhos Catanha por Mug a 40 dias do desfile, a Tabajara do Samba deu boa cad\u00eancia ao samba, sem deix\u00e1-lo lento demais como era em 1970 ou aceler\u00e1-lo excessivamente como muitas baterias estavam fazendo naquele ano, mas ainda assim teve problemas &#8211; veja no Cantinho do Editor. Valorizando seus nomes hist\u00f3ricos, a Portela colocou Dod\u00f4 \u00e0 frente dos ritmistas como madrinha &#8211; aos 84 anos, ela desfilou com uma alegria comovente (foto).<\/p>\n<p style=\"text-align: justify;\"><a href=\"http:\/\/www.pedromigao.com.br\/ourodetolo\/wp-content\/uploads\/2014\/02\/portela2004d.jpg\"><img loading=\"lazy\" decoding=\"async\" class=\"size-thumbnail wp-image-23280 alignleft\" src=\"http:\/\/www.pedromigao.com.br\/ourodetolo\/wp-content\/uploads\/2014\/02\/portela2004d-150x150.jpg\" alt=\"portela2004d\" width=\"150\" height=\"150\" \/><\/a>Lamentavelmente alguns setores do samb\u00f3dromo ficaram vazios &#8211; naquele tempo j\u00e1 havia gringo demais e povo de menos nos desfiles do Grupo Especial, e sabemos bem que tem gente que n\u00e3o aguenta o tranco e sai antes de a \u00faltima escola passar &#8211; mas quem esperou, aplaudiu a Portela, que apressou um pouco o ritmo no fim da sua apresenta\u00e7\u00e3o para n\u00e3o estourar os 80 minutos regulamentares. Conseguiu. A Majestade do Samba encerrou seu desfile como uma das melhores escolas do dia, ao lado da Tijuca e da Mangueira.<\/p>\n<p style=\"text-align: justify;\">A Tradi\u00e7\u00e3o abriu a segunda noite de desfiles com outra reedi\u00e7\u00e3o, a do famos\u00edssimo samba &#8220;Contos de Areia&#8221;, mas teve uma apresenta\u00e7\u00e3o irregular na maior parte dos quesitos. O conjunto aleg\u00f3rico at\u00e9 que era O.K., mas a forte chuva que caiu durante a apresenta\u00e7\u00e3o da Azul e Branco causou danos, assim como nas fantasias.<\/p>\n<p style=\"text-align: justify;\">Os cantores Louren\u00e7o e Wander Timbalada cantaram com garra, e at\u00e9 que os componentes passaram animados, afinal o samba-enredo era antol\u00f3gico e estava na ponta da l\u00edngua.<\/p>\n<p style=\"text-align: justify;\">Mas a evolu\u00e7\u00e3o foi confusa, porque as alegorias e fantasias eram grandes e pesadas &#8211; sem contar as muitas alas coreografadas. N\u00e3o havia risco iminente de rebaixamento, mas poderia ter sido um desfile melhor.<\/p>\n<p style=\"text-align: justify;\">A chuva tamb\u00e9m atrapalhou a Unidos do Porto da Pedra, que levou para a avenida o enredo \u201cSou tigre, sou Porto, da Pedra \u00e0 internet: O mensageiro na hist\u00f3ria da vida do leva e traz\u201d. Infelizmente o conjunto visual da escola, que estava bem adequado \u00e0 proposta do enredo, n\u00e3o resistiu \u00e0 \u00e1gua.<\/p>\n<p style=\"text-align: justify;\">Houve problemas ainda com a bem sacada comiss\u00e3o de frente, cujos componentes tiveram enormes dificuldades com as fantasias de cachorro (molhadas pela chuva) e sofreram at\u00e9 o fim do desfile.<\/p>\n<p style=\"text-align: justify;\">O samba-enredo tamb\u00e9m n\u00e3o ajudou e, com isso, houve um des\u00e2nimo entre componentes e p\u00fablico. Mas n\u00e3o foi um desfile desastroso porque o enredo foi bem passado e era bastante pertinente para uma \u00e9poca em que a internet cada vez mais al\u00e7ava voos mais altos.<\/p>\n<p style=\"text-align: justify;\"><a href=\"http:\/\/www.pedromigao.com.br\/ourodetolo\/wp-content\/uploads\/2014\/02\/imperatriz2004.jpg\"><img loading=\"lazy\" decoding=\"async\" class=\"size-medium wp-image-23270 alignleft\" src=\"http:\/\/www.pedromigao.com.br\/ourodetolo\/wp-content\/uploads\/2014\/02\/imperatriz2004-199x300.jpg\" alt=\"imperatriz2004\" width=\"199\" height=\"300\" srcset=\"http:\/\/www.pedromigao.com.br\/ourodetolo\/wp-content\/uploads\/2014\/02\/imperatriz2004-199x300.jpg 199w, http:\/\/www.pedromigao.com.br\/ourodetolo\/wp-content\/uploads\/2014\/02\/imperatriz2004-226x340.jpg 226w, http:\/\/www.pedromigao.com.br\/ourodetolo\/wp-content\/uploads\/2014\/02\/imperatriz2004.jpg 472w\" sizes=\"auto, (max-width: 199px) 100vw, 199px\" \/><\/a>Terceira a desfilar, a Imperatriz Leopoldinense fez uma grande apresenta\u00e7\u00e3o e se posicionou confortavelmente entre as melhores escolas do ano. No enredo &#8220;Breazail&#8221;, (palavra de origem celta que significa vermelho e parece com o do nome do nosso pa\u00eds), Rosa Magalh\u00e3es contou a hist\u00f3ria de Cabo Frio por interm\u00e9dio da extra\u00e7\u00e3o do pau-brasil (que ocorria na regi\u00e3o na \u00e9poca do Brasil Col\u00f4nia) e do uso para tingimento em vermelho, al\u00e9m das origens da cor. Diga-se de passagem, o munic\u00edpio patrocinou o enredo, que foi bem desenvolvido.<\/p>\n<p style=\"text-align: justify;\">A Imperatriz contou com a ajuda de S\u00e3o Pedro, pois a chuva deu uma tr\u00e9gua, e a carnavalesca voltou a proporcionar \u00e0 escola um conjunto visual de muita qualidade. Rosa Magalh\u00e3es valorizou na divis\u00e3o crom\u00e1tica o vermelho e o mesclou com a categoria de costume ao verde e branco da agremia\u00e7\u00e3o e ainda outras cores.<\/p>\n<p style=\"text-align: justify;\">A comiss\u00e3o de frente de Fabio de Mello teve mais uma grande exibi\u00e7\u00e3o, representando &#8220;bruxas alquimistas&#8221; com uma dan\u00e7a criativa. Em seguida, o abre-alas tinha uma enorme escultura de bruxa e de um caldeir\u00e3o, de onde sairia a tintura vermelha. O segundo carro representava a alquimia e era inspirado no pintor holand\u00eas Jeronimus Bosch. Em seguida, a escola teve v\u00e1rios setores representando a China, que, segundo a sinopse, sempre valorizou o vermelho.<a href=\"http:\/\/www.pedromigao.com.br\/ourodetolo\/wp-content\/uploads\/2014\/02\/imperatriz2004b.jpg\"><img loading=\"lazy\" decoding=\"async\" class=\"size-medium wp-image-23271 alignright\" src=\"http:\/\/www.pedromigao.com.br\/ourodetolo\/wp-content\/uploads\/2014\/02\/imperatriz2004b-199x300.jpg\" alt=\"imperatriz2004b\" width=\"199\" height=\"300\" srcset=\"http:\/\/www.pedromigao.com.br\/ourodetolo\/wp-content\/uploads\/2014\/02\/imperatriz2004b-199x300.jpg 199w, http:\/\/www.pedromigao.com.br\/ourodetolo\/wp-content\/uploads\/2014\/02\/imperatriz2004b-226x340.jpg 226w, http:\/\/www.pedromigao.com.br\/ourodetolo\/wp-content\/uploads\/2014\/02\/imperatriz2004b.jpg 472w\" sizes=\"auto, (max-width: 199px) 100vw, 199px\" \/><\/a><\/p>\n<p style=\"text-align: justify;\">Em seguida, o desfile viajou pela extra\u00e7\u00e3o do estanho pelos celtas, j\u00e1 que a cor vermelha era produzida por esse min\u00e9rio. Depois, finalmente a chegada \u00e0 nossa terra, com a explora\u00e7\u00e3o do pau-brasil em Cabo Frio, local da primeira feitoria portuguesa. Por fim, uma mensagem de utopia baseada nas narra\u00e7\u00f5es das viagens de Am\u00e9rico Vesp\u00facio e uma esperan\u00e7a de preserva\u00e7\u00e3o da nossa mata atl\u00e2ntica, com muito pau-brasil, claro.<\/p>\n<p style=\"text-align: justify;\">O samba-enredo seria cantado por David do Pandeiro, que, no entanto, foi dispensado durante um ensaio t\u00e9cnico, j\u00e1 ap\u00f3s a grava\u00e7\u00e3o do CD. Ronaldo Yl\u00ea foi al\u00e7ado \u00e0 condi\u00e7\u00e3o de int\u00e9rprete oficial e teve condu\u00e7\u00e3o segura. O samba teve bom rendimento na avenida, assim como a bateria de Mestre Beto, que esteve correta nas paradinhas.<\/p>\n<p style=\"text-align: justify;\">A evolu\u00e7\u00e3o da Imperatriz n\u00e3o teve buracos, mas acabou sendo r\u00e1pida, tanto que as \u00faltimas alas ficaram paradas no fim da apresenta\u00e7\u00e3o para que a escola n\u00e3o passasse abaixo dos 65 minutos m\u00ednimos exigidos. Mas foi um desfile simpatic\u00edssimo, que deixou \u00f3tima impress\u00e3o ao p\u00fablico e cr\u00edtica.<\/p>\n<p style=\"text-align: justify;\"><a href=\"http:\/\/www.pedromigao.com.br\/ourodetolo\/wp-content\/uploads\/2014\/02\/imperio2004.jpg\"><img loading=\"lazy\" decoding=\"async\" class=\"size-medium wp-image-23272 alignleft\" src=\"http:\/\/www.pedromigao.com.br\/ourodetolo\/wp-content\/uploads\/2014\/02\/imperio2004-300x199.jpg\" alt=\"imperio2004\" width=\"300\" height=\"199\" srcset=\"http:\/\/www.pedromigao.com.br\/ourodetolo\/wp-content\/uploads\/2014\/02\/imperio2004-300x199.jpg 300w, http:\/\/www.pedromigao.com.br\/ourodetolo\/wp-content\/uploads\/2014\/02\/imperio2004-510x340.jpg 510w, http:\/\/www.pedromigao.com.br\/ourodetolo\/wp-content\/uploads\/2014\/02\/imperio2004.jpg 709w\" sizes=\"auto, (max-width: 300px) 100vw, 300px\" \/><\/a>Embalado por um dos melhores sambas-enredo de todos os tempos, o Imp\u00e9rio Serrano fez uma exibi\u00e7\u00e3o emocionante, que remeteu aos grandes momentos do samba, quando o ch\u00e3o das escolas valia mais do que as quest\u00f5es est\u00e9ticas. Foi sem d\u00favida o desfile que mais empolgou o p\u00fablico, que sabia cantar &#8220;Aquarela Brasileira&#8221; de cor e salteado &#8211; at\u00e9 os gringos se esbaldaram nas arquibancadas.<\/p>\n<p style=\"text-align: justify;\">O cantor N\u00eago, depois das cr\u00edticas pela atua\u00e7\u00e3o infeliz em 2003 com a Unidos da Tijuca, conseguiu na sua estreia pelo Imp\u00e9rio o que para muitos era dific\u00edlimo: cantar uma obra antiqu\u00edssima sem causar arrastamento na harmonia da escola, ou imprimir um andamento veloz que assassinasse o samba. Claro que para isso tamb\u00e9m contribuiu a m\u00e1gica bateria de Mestre \u00c1tila, que se consolidava como um dos grandes diretores do Carnaval do Rio.<a href=\"http:\/\/www.pedromigao.com.br\/ourodetolo\/wp-content\/uploads\/2014\/02\/imperio2004b.jpg\"><img loading=\"lazy\" decoding=\"async\" class=\"wp-image-23273 alignright\" src=\"http:\/\/www.pedromigao.com.br\/ourodetolo\/wp-content\/uploads\/2014\/02\/imperio2004b-199x300.jpg\" alt=\"imperio2004b\" width=\"153\" height=\"231\" srcset=\"http:\/\/www.pedromigao.com.br\/ourodetolo\/wp-content\/uploads\/2014\/02\/imperio2004b-199x300.jpg 199w, http:\/\/www.pedromigao.com.br\/ourodetolo\/wp-content\/uploads\/2014\/02\/imperio2004b-226x340.jpg 226w, http:\/\/www.pedromigao.com.br\/ourodetolo\/wp-content\/uploads\/2014\/02\/imperio2004b.jpg 472w\" sizes=\"auto, (max-width: 153px) 100vw, 153px\" \/><\/a><\/p>\n<p style=\"text-align: justify;\">Nos quesitos visuais, apesar de uma divis\u00e3o crom\u00e1tica adequad\u00edssima, com cores fortes sem serem cansativas, e de a proposta do enredo ter sido passada com corre\u00e7\u00e3o, lamentavelmente houve uma vis\u00edvel irregularidade no conjunto, com algumas alegorias e fantasias com problemas de acabamento, mesmo sem estar chovendo com intensidade.<\/p>\n<p style=\"text-align: justify;\">A prepara\u00e7\u00e3o da escola foi muito prejudicada por liminares obtidas pela oposi\u00e7\u00e3o que bloqueavam os repasses de verbas para a prepara\u00e7\u00e3o do carnaval, tanto que a escola chegou ao desfile sob o comando de um interventor. Inclusive, a presidente Neide Coimbra fez um desabafo no microfone antes de N\u00eago come\u00e7ar a cantar, e revelou que a verba havia sido desbloqueada apenas na sexta-feira anterior ao desfile.<\/p>\n<p style=\"text-align: justify;\">Houve tamb\u00e9m problemas em evolu\u00e7\u00e3o, que foi confusa na maior parte do desfile. Por outro lado, os componentes cantaram o samba o tempo todo. O Imp\u00e9rio saiu aplaudid\u00edssimo da avenida pelo grande espet\u00e1culo musical e de empolga\u00e7\u00e3o. No entanto, os problemas citados atrapalhariam a Verde e Branco numa apura\u00e7\u00e3o que prometia ser equilibrada.<\/p>\n<p style=\"text-align: justify;\"><a href=\"http:\/\/www.pedromigao.com.br\/ourodetolo\/wp-content\/uploads\/2014\/02\/beijaflor2004.jpg\"><img loading=\"lazy\" decoding=\"async\" class=\"wp-image-23265 aligncenter\" src=\"http:\/\/www.pedromigao.com.br\/ourodetolo\/wp-content\/uploads\/2014\/02\/beijaflor2004.jpg\" alt=\"beijaflor2004\" width=\"567\" height=\"378\" srcset=\"http:\/\/www.pedromigao.com.br\/ourodetolo\/wp-content\/uploads\/2014\/02\/beijaflor2004.jpg 709w, http:\/\/www.pedromigao.com.br\/ourodetolo\/wp-content\/uploads\/2014\/02\/beijaflor2004-300x199.jpg 300w, http:\/\/www.pedromigao.com.br\/ourodetolo\/wp-content\/uploads\/2014\/02\/beijaflor2004-510x340.jpg 510w\" sizes=\"auto, (max-width: 567px) 100vw, 567px\" \/><\/a>Al\u00e9m das advers\u00e1rias, a campe\u00e3 Beija-Flor de Nil\u00f3polis teve de encarar outro obst\u00e1culo impiedoso no desfile de 2004: a chuva. Justamente na passagem da Azul e Branco, a precipita\u00e7\u00e3o se acentuou, mas, a exemplo do que havia acontecido no hist\u00f3rico desfile de 1986, os componentes desfilaram com muita garra e cantaram com entusiasmo o lind\u00edssimo samba \u201cMan\u00f4a, Manaus, Amaz\u00f4nia, Terra Santa: Alimenta o corpo, equilibra a alma e transmite a paz\u201d.<\/p>\n<p style=\"text-align: justify;\"><a href=\"http:\/\/www.pedromigao.com.br\/ourodetolo\/wp-content\/uploads\/2014\/02\/beijaflor04.jpg\"><img loading=\"lazy\" decoding=\"async\" class=\"size-medium wp-image-23354 alignleft\" src=\"http:\/\/www.pedromigao.com.br\/ourodetolo\/wp-content\/uploads\/2014\/02\/beijaflor04-199x300.jpg\" alt=\"beijaflor04\" width=\"199\" height=\"300\" srcset=\"http:\/\/www.pedromigao.com.br\/ourodetolo\/wp-content\/uploads\/2014\/02\/beijaflor04-199x300.jpg 199w, http:\/\/www.pedromigao.com.br\/ourodetolo\/wp-content\/uploads\/2014\/02\/beijaflor04-226x340.jpg 226w, http:\/\/www.pedromigao.com.br\/ourodetolo\/wp-content\/uploads\/2014\/02\/beijaflor04.jpg 472w\" sizes=\"auto, (max-width: 199px) 100vw, 199px\" \/><\/a>A bela comiss\u00e3o de frente representou as guerreiras da Amaz\u00f4nia (estavam vestidas com fantasias criativas) e o maravilhoso abre-alas (foto acima), que era acoplado, trazia uma grande embarca\u00e7\u00e3o dourada representando a gan\u00e2ncia espanhola, j\u00e1 que eles chegaram ao continente americano no s\u00e9culo XVI em busca de arrancar tudo da terra. Os componentes da alegoria fizeram coreografia simbolizando as velas da embarca\u00e7\u00e3o e havia um grande sol representado por uma impec\u00e1vel ilumina\u00e7\u00e3o. Na segunda parte da alegoria, a escola lembrou o exterm\u00ednio dos incas (foto ao lado).<\/p>\n<p style=\"text-align: justify;\">Em termos de concep\u00e7\u00e3o, diga-se de passagem, a Beija-Flor teve sem d\u00favida um trabalho muito mais acurado do que nos dois anos anteriores, principalmente nos carros que reproduziam a natureza do local e os animais, como na excelente alegoria &#8220;Man\u00f4a, o fant\u00e1stico reino do Eldorado&#8221;. O dourado visto mais no come\u00e7o do desfile deu lugar ao verde e azul de \u00e1guas e \u00e1rvores, e outras cores das esp\u00e9cies da regi\u00e3o; consequentemente, a divis\u00e3o crom\u00e1tica foi muito adequada ao enredo.<a href=\"http:\/\/www.pedromigao.com.br\/ourodetolo\/wp-content\/uploads\/2014\/02\/beijaflor2004c.jpg\"><img loading=\"lazy\" decoding=\"async\" class=\"size-medium wp-image-23267 alignright\" src=\"http:\/\/www.pedromigao.com.br\/ourodetolo\/wp-content\/uploads\/2014\/02\/beijaflor2004c-199x300.jpg\" alt=\"beijaflor2004c\" width=\"199\" height=\"300\" srcset=\"http:\/\/www.pedromigao.com.br\/ourodetolo\/wp-content\/uploads\/2014\/02\/beijaflor2004c-199x300.jpg 199w, http:\/\/www.pedromigao.com.br\/ourodetolo\/wp-content\/uploads\/2014\/02\/beijaflor2004c-226x340.jpg 226w, http:\/\/www.pedromigao.com.br\/ourodetolo\/wp-content\/uploads\/2014\/02\/beijaflor2004c.jpg 472w\" sizes=\"auto, (max-width: 199px) 100vw, 199px\" \/><\/a><\/p>\n<p style=\"text-align: justify;\">No entanto, a forte chuva infelizmente causou danos consider\u00e1veis nas alegorias (sobretudo as do meio para o fim do desfile) e fantasias, cujos peda\u00e7os foram despencando na pista. O caso mais grave ocorreu no carro que reproduzia o Teatro Amazonas. Literalmente a alegoria foi se desmanchando pela avenida, o que talvez acarretasse numa perda de pontos que poderia ser fatal para as pretens\u00f5es da escola.<\/p>\n<p style=\"text-align: justify;\">Para piorar, como as fantasias ficaram mais pesadas pela chuva e peda\u00e7os tamb\u00e9m ficavam pendurados, houve tamb\u00e9m dificuldades para as alas evolu\u00edrem do meio para o fim da pista. Al\u00e9m do mais, houve problemas para os carros aleg\u00f3ricos serem retirados da avenida.<\/p>\n<p style=\"text-align: justify;\">De qualquer forma, a proposta do enredo foi bem transmitida e, amparados pelo gigante Neguinho da Beija-Flor e a \u00f3tima bateria de Mestre Paulinho (que, ali\u00e1s, imprimiu perfeito andamento ao samba e caprichou nas paradinhas e conven\u00e7\u00f5es), a escola manteve a pegada de sua exibi\u00e7\u00e3o at\u00e9 a Apoteose e ficaria bem colocada. Restava saber se os jurados levariam em conta os danos de alegorias e fantasias.<\/p>\n<p style=\"text-align: justify;\"><a href=\"http:\/\/www.pedromigao.com.br\/ourodetolo\/wp-content\/uploads\/2014\/02\/viradouro2004c.jpg\"><img loading=\"lazy\" decoding=\"async\" class=\"wp-image-23289 aligncenter\" src=\"http:\/\/www.pedromigao.com.br\/ourodetolo\/wp-content\/uploads\/2014\/02\/viradouro2004c.jpg\" alt=\"viradouro2004c\" width=\"567\" height=\"378\" srcset=\"http:\/\/www.pedromigao.com.br\/ourodetolo\/wp-content\/uploads\/2014\/02\/viradouro2004c.jpg 709w, http:\/\/www.pedromigao.com.br\/ourodetolo\/wp-content\/uploads\/2014\/02\/viradouro2004c-300x199.jpg 300w, http:\/\/www.pedromigao.com.br\/ourodetolo\/wp-content\/uploads\/2014\/02\/viradouro2004c-510x340.jpg 510w\" sizes=\"auto, (max-width: 567px) 100vw, 567px\" \/><\/a>Ainda sob forte chuva, a Unidos do Viradouro fez uma exibi\u00e7\u00e3o emocionante ao levar para a avenida o C\u00edrio de Nazar\u00e9 e tamb\u00e9m se credenciou \u00e0 briga pelo campeonato. A ideia original da escola era fazer um novo enredo sobre a romaria paraense, mas, quando a disputa de samba-enredo j\u00e1 estava em andamento, o presidente Jos\u00e9 Carlos Monassa informou que a antiga obra de D\u00e1rio Marciano, Nilo Mendes e Aderbal Moreira, da Unidos de S\u00e3o Carlos em 1975, seria reeditada.<\/p>\n<p style=\"text-align: justify;\"><a href=\"http:\/\/www.pedromigao.com.br\/ourodetolo\/wp-content\/uploads\/2014\/02\/viradouro2004b.jpg\"><img loading=\"lazy\" decoding=\"async\" class=\"size-medium wp-image-23288 alignleft\" src=\"http:\/\/www.pedromigao.com.br\/ourodetolo\/wp-content\/uploads\/2014\/02\/viradouro2004b-300x199.jpg\" alt=\"viradouro2004b\" width=\"300\" height=\"199\" srcset=\"http:\/\/www.pedromigao.com.br\/ourodetolo\/wp-content\/uploads\/2014\/02\/viradouro2004b-300x199.jpg 300w, http:\/\/www.pedromigao.com.br\/ourodetolo\/wp-content\/uploads\/2014\/02\/viradouro2004b-510x340.jpg 510w, http:\/\/www.pedromigao.com.br\/ourodetolo\/wp-content\/uploads\/2014\/02\/viradouro2004b.jpg 709w\" sizes=\"auto, (max-width: 300px) 100vw, 300px\" \/><\/a>Apesar da pol\u00eamica, o grande samba-enredo funcionou maravilhosamente quase 30 anos depois gra\u00e7as \u00e0 brilhante interpreta\u00e7\u00e3o de Dominguinhos do Est\u00e1cio (um devoto fervoroso de Nossa Senhora de Nazar\u00e9) e \u00e0 impec\u00e1vel bateria de Mestre Ci\u00e7a, que, ao contr\u00e1rio de anos anteriores, nos quais estava acelerada, mostrou uma cad\u00eancia perfeitamente adequada ao samba.<\/p>\n<p style=\"text-align: justify;\">O carnavalesco Mauro Quintaes fez talvez seu melhor trabalho na carreira, com um bom gosto indiscut\u00edvel nas fantasias e alegorias, e uma perfeita divis\u00e3o crom\u00e1tica, valorizando as cores da escola e as mesclando principalmente com dourado e prata.<a href=\"http:\/\/www.pedromigao.com.br\/ourodetolo\/wp-content\/uploads\/2014\/02\/viradouro20041.jpg\"><img loading=\"lazy\" decoding=\"async\" class=\"size-thumbnail wp-image-23287 alignright\" src=\"http:\/\/www.pedromigao.com.br\/ourodetolo\/wp-content\/uploads\/2014\/02\/viradouro20041-150x150.jpg\" alt=\"viradouro2004\" width=\"150\" height=\"150\" \/><\/a><\/p>\n<p style=\"text-align: justify;\">Agradou muito da alegoria que representava o \u00f3rg\u00e3o da Par\u00f3quia de Nossa Senhora de Nazar\u00e9, com um excelente jogo de luzes, em amarelo e vermelho e muitos espelhos, o que dava um efeito muito interessante. J\u00e1 a alegoria chamada &#8220;\u00cdndio&#8221;, que simbolizava o primeiro filho do estado do Par\u00e1, era de extraordin\u00e1ria concep\u00e7\u00e3o, com um grande boneco de \u00edndio (foto ao lado) que reproduzia o nado nas \u00e1guas dos rios &#8211; ali\u00e1s, quase a alegoria n\u00e3o passa pelo famoso viaduto vizinho ao samb\u00f3dromo. Outro destaque foi o carro &#8220;Lendas e Folclore&#8221;, de \u00f3timo acabamento e diferentes cores, mas sem quebrar o conjunto visual.<\/p>\n<p style=\"text-align: justify;\"><a href=\"http:\/\/www.pedromigao.com.br\/ourodetolo\/wp-content\/uploads\/2014\/02\/viradouro2004.jpg\"><img loading=\"lazy\" decoding=\"async\" class=\"size-medium wp-image-23039 alignleft\" src=\"http:\/\/www.pedromigao.com.br\/ourodetolo\/wp-content\/uploads\/2014\/02\/viradouro2004-300x199.jpg\" alt=\"viradouro2004\" width=\"300\" height=\"199\" srcset=\"http:\/\/www.pedromigao.com.br\/ourodetolo\/wp-content\/uploads\/2014\/02\/viradouro2004-300x199.jpg 300w, http:\/\/www.pedromigao.com.br\/ourodetolo\/wp-content\/uploads\/2014\/02\/viradouro2004-510x340.jpg 510w, http:\/\/www.pedromigao.com.br\/ourodetolo\/wp-content\/uploads\/2014\/02\/viradouro2004.jpg 709w\" sizes=\"auto, (max-width: 300px) 100vw, 300px\" \/><\/a>Ali\u00e1s, mesmo com a escola tendo desfilado no momento de chuva mais forte, tanto alegorias como (a maioria dos) figurinos resistiram de forma impressionante at\u00e9 quase o fim do desfile. E tudo estava perfeitamente adequado \u00e0 proposta do enredo, que, al\u00e9m da prociss\u00e3o em si, passeou pelos aspectos mais importantes do Par\u00e1.<\/p>\n<p style=\"text-align: justify;\">Mas nada foi mais emocionante no Carnaval de 2004 do que o come\u00e7o do desfile da Viradouro. Para come\u00e7ar, a comiss\u00e3o de frente coreografada por Deborah Colker tinha seus integrantes representando os peregrinos e a grande corda da prociss\u00e3o, que sa\u00eda de um elemento aleg\u00f3rico que simbolizava uma casa e, em dado momento, envolvia os componentes. A seguir, uma enorme ala (foto acima) de romeiros tipicamente caracterizados, com barcos e casas na cabe\u00e7a faziam pedidos \u00e0 santa e erguiam os bra\u00e7os no refr\u00e3o central<em>\u00a0&#8220;\u00d3, Virgem Santa, olhai por n\u00f3s\/Olhai por n\u00f3s, \u00f3, Virgem Santa\/pois precisamos de paz&#8221;.<\/em><\/p>\n<p style=\"text-align: justify;\">A Viradouro terminou seu desfile sob aplausos do p\u00fablico, j\u00e1 que fez uma tocante exibi\u00e7\u00e3o do come\u00e7o ao fim. A escola tamb\u00e9m n\u00e3o conseguiu ser surpreendente como a Unidos da Tijuca, mas foi muito bem nos quesitos e estava firme na briga pelo t\u00edtulo.<\/p>\n<p style=\"text-align: justify;\">\u00daltima escola a desfilar, a Mocidade Independente de Padre Miguel entrou na avenida pouco antes do amanhecer e fez uma exibi\u00e7\u00e3o abaixo em rela\u00e7\u00e3o aos anos anteriores. O enredo \u201cN\u00e3o corra, n\u00e3o mate, n\u00e3o morra. Pegue carona com a Mocidade\u201d alertou sobre os riscos da dire\u00e7\u00e3o imprudente e, justi\u00e7a seja feita, foi bem desenvolvido pelo carnavalesco Chico Spinoza, com alegorias e fantasias criativas.<\/p>\n<p style=\"text-align: justify;\">Mas o desfile foi arrastado, muito por culpa do fraqu\u00edssimo samba-enredo. Com o samb\u00f3dromo quase \u00e0s moscas, os componentes passaram de forma desanimada e, para piorar, o cantor Paulinho Mocidade ficou com a voz prejudicada ao longo do desfile.<\/p>\n<p style=\"text-align: justify;\">Foi um desfile bonito, de qualquer forma. Deixou \u00f3tima impress\u00e3o a ala &#8220;Riquix\u00e1s&#8221;, que tinha 15 parapl\u00e9gicos depois de acidentes de carro e eram puxados por integrantes da comunidade com cadeiras de rodas decoradas. Em alegorias, dois destaques: o carro &#8220;A Evolu\u00e7\u00e3o dos Motores&#8221;, com muitas engrenagens, e o &#8220;Autorama&#8221;, com uma pista que tinha carrinhos se movimentando.<\/p>\n<p style=\"text-align: justify;\">A bateria esteve cadenciada, mas, al\u00e9m dos problemas de harmonia j\u00e1 citados, houve falhas de evolu\u00e7\u00e3o. Com isso tudo, a Mocidade fez um desfile que na melhor das hip\u00f3teses a levaria ao s\u00e1bado, mas que provavelmente seria de meio de tabela.<\/p>\n<p style=\"text-align: justify;\"><strong>REPERCUSS\u00c3O E APURA\u00c7\u00c3O<\/strong><\/p>\n<p style=\"text-align: justify;\">Terminados os desfiles, a expectativa era a de uma apura\u00e7\u00e3o extremamente equilibrada, j\u00e1 que diversas escolas fizeram boas apresenta\u00e7\u00f5es, embora todas com pequenas falhas. O Imp\u00e9rio Serrano ganhou o Estandarte de Ouro de melhor escola, mas o t\u00edtulo seria dif\u00edcil devido aos problemas. A meu ver, o melhor desfile do ano no conjunto da obra foi o da Unidos da Tijuca, mas (pela ordem de desfile) Mangueira, Portela, Imperatriz, Beija-Flor e Viradouro tiveram exibi\u00e7\u00f5es elogi\u00e1veis e brigariam palmo a palmo pelo campeonato.<\/p>\n<p style=\"text-align: justify;\">A apura\u00e7\u00e3o come\u00e7ou com uma grande pol\u00eamica: o presidente da Liesa, Capit\u00e3o Guimar\u00e3es, anunciou que as notas do jurado de Bateria Ivan Paulo seriam anuladas por quebra de sigilo. Com isso, o quesito teria apenas tr\u00eas notas v\u00e1lidas.<\/p>\n<p style=\"text-align: justify;\">Quest\u00f5es externas \u00e0 parte, o equil\u00edbrio esperado n\u00e3o houve, j\u00e1 que a apura\u00e7\u00e3o teve um passeio da Beija-Flor quase t\u00e3o grande como no ano anterior. Nos seis primeiros quesitos lidos, a Azul e Branco perdeu apenas 0,1 em Mestre-Sala e Porta-Bandeira e abriu 0,9 em rela\u00e7\u00e3o \u00e0 vice-l\u00edder Mangueira.<\/p>\n<p style=\"text-align: justify;\">Em Alegorias e Adere\u00e7os, apesar de elementos terem despencado na pista, a Beija-Flor perdeu apenas meio ponto e levou um 10, o que de qualquer forma reduziu a diferen\u00e7a para a Mangueira. Naquele momento, Tijuca e Viradouro inexplicavelmente j\u00e1 estavam a mais de meio ponto da Verde e Rosa e a quase dois da Beija-Flor, o que n\u00e3o condizia com o nivelamento visto nos desfiles.<\/p>\n<p style=\"text-align: justify;\">Em Conjunto, a Beija-Flor voltou a abrir sobre a Mangueira e, com mais despontua\u00e7\u00f5es, a Verde e Rosa acabou alcan\u00e7ada pela Unidos da Tijuca, que, por ter perdido s\u00f3 0,1 nas notas do \u00faltimo quesito (Evolu\u00e7\u00e3o), levou o vice-campeonato no desempate. Na frente, sem ser incomodada, a bicampe\u00e3 Beija-Flor.<\/p>\n<p style=\"text-align: justify;\">Euf\u00f3rico, o diretor de Carnaval La\u00edla creditou a vit\u00f3ria \u00e0 chuva que insistiu em cair no desfile da Beija-Flor e inicialmente havia sido considerada uma amea\u00e7a ao t\u00edtulo:<\/p>\n<p style=\"text-align: justify;\"><em>&#8220;N\u00f3s fizemos um enredo que falava de \u00e1gua e esse foi um sinal de Deus de que nunca vai faltar \u00e1gua&#8221;<\/em>.<\/p>\n<p style=\"text-align: justify;\">Festa em Nil\u00f3polis e festa tamb\u00e9m no Borel pelo espetacular vice-campeonato da Unidos da Tijuca. N\u00e3o \u00e9 exagero dizer que, se dentro da pista a Beija-Flor venceu, fora dela o grande vencedor foi o carnavalesco Paulo Barros, consagrado pela cr\u00edtica pela \u00faltima grande revolu\u00e7\u00e3o nos desfiles de escolas de samba.<\/p>\n<p style=\"text-align: justify;\">Completaram as seis primeiras colocadas Unidos do Viradouro (surpreendentemente, dois jurados tiraram pontos do maravilhoso samba-enredo), Imperatriz Leopoldinense e Acad\u00eamicos do Salgueiro. A Portela, que fez um desfile para terminar entre as cinco primeiras, acabou apenas em s\u00e9timo, e o Imp\u00e9rio Serrano ficou em nono (com uma estranh\u00edssima e exagerada nota 7,9 em Conjunto), atr\u00e1s da Mocidade Independente de Padre Miguel. Como se esperava, caiu a S\u00e3o Clemente.<\/p>\n<p style=\"text-align: justify;\"><strong>RESULTADO FINAL<\/strong><\/p>\n<table style=\"height: 770px; width: 590px;\">\n<tbody>\n<tr>\n<td>POS.<\/td>\n<td>ESCOLA<\/td>\n<td>PONTOS<\/td>\n<\/tr>\n<tr>\n<td>1\u00ba<\/td>\n<td>Beija-Flor de Nil\u00f3polis<\/td>\n<td>388,7<\/td>\n<\/tr>\n<tr>\n<td>2\u00ba<\/td>\n<td>Unidos da Tijuca<\/td>\n<td>387,9<\/td>\n<\/tr>\n<tr>\n<td>3\u00ba<\/td>\n<td>Esta\u00e7\u00e3o Primeira de Mangueira<\/td>\n<td>387,9<\/td>\n<\/tr>\n<tr>\n<td>4\u00ba<\/td>\n<td>Unidos do Viradouro<\/td>\n<td>386,9<\/td>\n<\/tr>\n<tr>\n<td>5\u00ba<\/td>\n<td>Imperatriz Leopoldinense<\/td>\n<td>386,5<\/td>\n<\/tr>\n<tr>\n<td>6\u00ba<\/td>\n<td>Acad\u00eamicos do Salgueiro<\/td>\n<td>386,2<\/td>\n<\/tr>\n<tr>\n<td>7\u00ba<\/td>\n<td>Portela<\/td>\n<td>384,9<\/td>\n<\/tr>\n<tr>\n<td>8\u00ba<\/td>\n<td>Mocidade Independente de Padre Miguel<\/td>\n<td>381,2<\/td>\n<\/tr>\n<tr>\n<td>9\u00ba<\/td>\n<td>Imp\u00e9rio Serrano<\/td>\n<td>380,9<\/td>\n<\/tr>\n<tr>\n<td>10\u00ba<\/td>\n<td>Acad\u00eamicos do Grande Rio<\/td>\n<td>380,5<\/td>\n<\/tr>\n<tr>\n<td>11\u00ba<\/td>\n<td>Unidos do Porto da Pedra<\/td>\n<td>376,7<\/td>\n<\/tr>\n<tr>\n<td>12\u00ba<\/td>\n<td>Tradi\u00e7\u00e3o<\/td>\n<td>372,9<\/td>\n<\/tr>\n<tr>\n<td>13\u00ba<\/td>\n<td>Caprichosos de Pilares<\/td>\n<td>368,9<\/td>\n<\/tr>\n<tr>\n<td>14\u00ba<\/td>\n<td>S\u00e3o Clemente<\/td>\n<td>367,8 (rebaixada)<\/td>\n<\/tr>\n<\/tbody>\n<\/table>\n<p style=\"text-align: justify;\">No Grupo de Acesso, a homenagem a Paraty rendeu para a Unidos de Vila Isabel o t\u00edtulo e a volta \u00e0 elite. Diga-se de passagem, a querida escola lascou um trocadilho daqueles no t\u00edtulo do enredo: &#8220;A Vila \u00e9 para ti&#8230;&#8221; A Azul e Branco terminou com 0,6 ponto de vantagem sobre a Acad\u00eamicos de Santa Cruz.<\/p>\n<p style=\"text-align: justify;\">A nota triste foi o rebaixamento da Est\u00e1cio de S\u00e1 para o Acesso B, que teve a vit\u00f3ria da Vizinha Faladeira e o vice da Renascer de Jacarepagu\u00e1.<\/p>\n<p style=\"text-align: justify;\"><strong>CURIOSIDADES<\/strong><\/p>\n<p style=\"text-align: justify;\">&#8211; Infelizmente foi o \u00faltimo Carnaval do grande int\u00e9rprete Jackson Martins. No dia 9 de agosto de 2004, o cantor da Caprichosos de Pilares foi covardemente assassinado na rodovia Washington Lu\u00eds, em Duque de Caxias. O Uno dirigido por Jackson foi fechado por outro carro e dois homens encapuzados abordaram o cantor. Jackson n\u00e3o ofereceu resist\u00eancia, mas levou dois tiros (um na cabe\u00e7a), na frente da esposa, dois filhos e uma amiga. Como nada foi levado, a Pol\u00edcia suspeitou que Jackson tivesse sido morto por engano, pois o ve\u00edculo, que pertencia a um amigo do cantor, tinha um adesivo do Batalh\u00e3o de Infantaria do Ex\u00e9rcito &#8211; os bandidos teriam suspeitado que ele fosse militar. Segundo consta, ningu\u00e9m foi preso pelo crime. Jackson tinha apenas 32 anos e sua perda foi muito sentida por toda a comunidade do samba carioca.<\/p>\n<p style=\"text-align: justify;\">&#8211; Meu amigo Carlos Alberto Vieira, imperiano de quatro costados e editor do Di\u00e1rio LANCE!, sempre teve o h\u00e1bito de percorrer a Avenida Presidente Vargas a p\u00e9 nas v\u00e9speras do desfile para conferir de perto as alegorias, j\u00e1 que a reda\u00e7\u00e3o antiga ficava muito pr\u00f3xima ao samb\u00f3dromo. Em 2004, ele chegou preocupad\u00edssimo com a Unidos da Tijuca, dizendo que um dos carros estava praticamente todo no ferro e que, pelo tamanho do elemento, era imposs\u00edvel de ser finalizado antes do desfile. Dois dias depois passava pela Sapuca\u00ed o carro do DNA e ficamos rindo na reda\u00e7\u00e3o com a surpresa aprontada por Paulo Barros.<\/p>\n<p style=\"text-align: justify;\">&#8211; A reedi\u00e7\u00e3o de sambas-enredo acabou n\u00e3o pegando no Grupo Especial. Se em 2004, quatro agremia\u00e7\u00f5es levaram sambas antigos para a Sapuca\u00ed, nos dez anos seguintes em apenas tr\u00eas vezes escolas do Grupo Especial fizeram &#8220;remakes&#8221; na Sapuca\u00ed: Porto da Pedra (&#8220;Festa Profana&#8221;, da Uni\u00e3o da Ilha em 1989), Est\u00e1cio de S\u00e1 (&#8220;O tititi do Sapoti, da pr\u00f3pria escola em 1987) e Imp\u00e9rio Serrano (&#8220;A lenda das sereias, rainhas do mar&#8221;, da mesma agremia\u00e7\u00e3o em 1976, com outro t\u00edtulo: &#8220;A lenda das sereias e os mist\u00e9rios do mar&#8221;).<\/p>\n<p style=\"text-align: justify;\">&#8211; Devido \u00e0 demora em fechar a contrata\u00e7\u00e3o de um int\u00e9rprete oficial, a Tradi\u00e7\u00e3o convidou Alcione para gravar a faixa &#8220;Contos de Areia&#8221; no CD de sambas-enredo. Explica-se: a Marrom era uma das melhores amigas de Clara Nunes, uma das homenageadas do enredo. O curioso \u00e9 que Alcione usou o mesmo grito de guerra do int\u00e9rprete Celino Dias, que saiu da escola depois do desfile de 2003: <em>&#8220;Um beijo no seu cora\u00e7\u00e3o&#8221;<\/em>, logo ap\u00f3s o tradicional alusivo <em>&#8220;Isto sim \u00e9 a Tradi\u00e7\u00e3o!&#8221;<\/em> sempre entoado pelos cantores da escola. No desfile, cantaram o compositor Louren\u00e7o e Wander Timbalada.<\/p>\n<p style=\"text-align: justify;\">&#8211; Pela terceira vez na hist\u00f3ria, o CD de sambas-enredo teve a primeira passada de cada faixa sem bateria, com os instrumentos entrando apenas na virada para a segunda passada. S\u00f3 que, ao contr\u00e1rio de 1995 e 1996, quando poucas escolas adotaram esse expediente nas grava\u00e7\u00f5es, no CD de 2004 todas as faixas s\u00f3 tinham bateria do meio para o fim. A ideia era valorizar as melodias e as letras dos sambas. N\u00e3o gostei muito, at\u00e9 porque as baterias tiveram uma sonoridade muito artificial. Em 2012, a Mangueira adotou esse expediente porque o enredo era sobre o Cacique de Ramos e a faixa da escola tinha a primeira passada ao ritmo de pagode.<\/p>\n<p style=\"text-align: justify;\">&#8211; Falando em faixas do CD de 2004, Jamel\u00e3o quase n\u00e3o participou da grava\u00e7\u00e3o devido ao agravamento de seus problemas de sa\u00fade. Foi necess\u00e1rio um esquema \u00e0 parte para que o lend\u00e1rio int\u00e9rprete mangueirense pudesse gravar e ficou percept\u00edvel no \u00e1udio o esfor\u00e7o dele para conseguir cantar. No desfile, em melhores condi\u00e7\u00f5es, apesar de cantar sentado, Jamel\u00e3o foi at\u00e9 o fim.<\/p>\n<p style=\"text-align: justify;\">&#8211; Por falar no bom samba da Mangueira, o refr\u00e3o principal dizia <em>&#8220;Eu vou embarcar \/ Na Esta\u00e7\u00e3o Primeira \/ Tesouro do samba, minha paix\u00e3o \/ \u00ca trem b\u00e3o!&#8221;<\/em>, mas o Governo do Rio fez na \u00e9poca uma par\u00f3dia numa propaganda para divulgar a empresa de trens do estado: <em>&#8220;Eu vou embarcar \/ Num trem da Supervia \/ O melhor transporte, pra popula\u00e7\u00e3o \/ \u00ca trem b\u00e3o!&#8221;<\/em>. Assim como no samba mangueirense, o <em>jingle<\/em> teve interpreta\u00e7\u00e3o de Jamel\u00e3o.<\/p>\n<p style=\"text-align: justify;\">&#8211; Com o Imp\u00e9rio Serrano fora das primeiras coloca\u00e7\u00f5es no fim da apura\u00e7\u00e3o, a Beija-Flor homenageou a escola da Serrinha ao colocar &#8220;Aquarela Brasileira&#8221; como esquenta no Desfile das Campe\u00e3s.<\/p>\n<p style=\"text-align: justify;\">&#8211; Foi o \u00faltimo desfile que teve Jo\u00e3osinho Trinta como respons\u00e1vel por toda a prepara\u00e7\u00e3o de uma escola. Dispensado pela Grande Rio antes mesmo da apura\u00e7\u00e3o de 2004, Jo\u00e3o 30 acertou com a Vila Isabel para conceber o enredo \u201cSingrando em mares bravios&#8230;E construindo o futuro\u201d, mas infelizmente sua sa\u00fade ficou debilitada a ponto de o carnavalesco precisar interromper sua participa\u00e7\u00e3o nos trabalhos. Jo\u00e3o encerrou sua carreira com oito t\u00edtulos, seis vices e seis terceiras coloca\u00e7\u00f5es em 31 desfiles de escolas com enredos de sua confec\u00e7\u00e3o.<\/p>\n<p style=\"text-align: justify;\">&#8211; O trecho <em>&#8220;Hoje eu quero ver \/ Caldeir\u00e3o ferver nessa magia&#8221;<\/em> do samba da Imperatriz Leopoldinense foi bastante usado pela TV Globo nas chamadas do Campeonato Carioca de futebol nos dias que antecederam o desfile. A decis\u00e3o da Ta\u00e7a Guanabara daquele ano (Flamengo 3 x 2 Fluminense) foi realizada no s\u00e1bado de Carnaval.<\/p>\n<p style=\"text-align: justify;\"><strong>CANTINHO DO EDITOR &#8211; por Pedro Mig\u00e3o<\/strong><\/p>\n<p style=\"text-align: justify;\"><a href=\"http:\/\/www.pedromigao.com.br\/ourodetolo\/wp-content\/uploads\/2010\/04\/bateria+2004.jpg\"><img loading=\"lazy\" decoding=\"async\" class=\"alignleft size-full wp-image-13578\" src=\"http:\/\/www.pedromigao.com.br\/ourodetolo\/wp-content\/uploads\/2010\/04\/bateria+2004.jpg\" alt=\"bateria+2004\" width=\"168\" height=\"400\" srcset=\"http:\/\/www.pedromigao.com.br\/ourodetolo\/wp-content\/uploads\/2010\/04\/bateria+2004.jpg 168w, http:\/\/www.pedromigao.com.br\/ourodetolo\/wp-content\/uploads\/2010\/04\/bateria+2004-126x300.jpg 126w\" sizes=\"auto, (max-width: 168px) 100vw, 168px\" \/><\/a>Em hist\u00f3ria rocambolesca, que qualquer dia contarei aqui, desfilei naquele ano na bateria da Portela, tocando chocalho. Foi um desfile problem\u00e1tico desde o pr\u00e9-Carnaval, com a troca de Carlinhos Catanha por Mug devido a diverg\u00eancias sobre o naipe de tamborins &#8211; a diretoria queria que viesse &#8220;reta&#8221;, ou seja, sem conven\u00e7\u00f5es ou paradinhas.<\/p>\n<p style=\"text-align: justify;\">Al\u00e9m disso, o chap\u00e9u muito alto da fantasia (foto) prejudicou a visibilidade dos diretores, tanto que metade da bateria s\u00f3 &#8220;subiu&#8221; na segunda passada por n\u00e3o ter visto o sinal. Al\u00e9m disso, houve problema com um dos surdos, que estava, digamos, &#8220;fora de compasso&#8221; no in\u00edcio do desfile. Com tudo isso, as tr\u00eas notas 9,9 acabaram saindo at\u00e9 boas &#8211; e realizei um sonho. Mas o s\u00e9timo lugar foi inacredit\u00e1vel, para n\u00e3o escrever algo mais forte.<\/p>\n<p style=\"text-align: justify;\">Tamb\u00e9m tenho o orgulho de ter sido escolhido por Mestre Mug para representar a bateria em uma sess\u00e3o de fotos com rainhas e madrinhas de bateria no ensaio de quarta-feira antes do Carnaval, para mat\u00e9ria do jornal O Dia. Minha foto com Dona Dod\u00f4 e Ra\u00edssa da Beija Flor saiu na capa do jornal no domingo de Carnaval.<\/p>\n<p style=\"text-align: justify;\">Sobre o desfile do Grupo Especial em si, a se lamentar apenas o resultado como um todo. Acho bem injusta a vit\u00f3ria da Beija Flor naquele ano, bem como outras coloca\u00e7\u00f5es.<\/p>\n<p style=\"text-align: justify;\">Ainda desfilei pela Uni\u00e3o de Jacarepagu\u00e1, Inocentes da Baixada (em carro aleg\u00f3rico), Vila Isabel, Para\u00edso do Tuiuti, Tradi\u00e7\u00e3o, Viradouro e s\u00f3 n\u00e3o desfilei no Boi da Ilha e na bateria do Imp\u00e9rio da Tijuca no Acesso B porque meu joelho estourou. Foram sete desfiles ao total naquele ano. E s\u00f3 n\u00e3o desfilei de padre no \u00faltimo carro da Mangueira porque a escola &#8220;colou&#8221; com a Portela na ordem de desfile e n\u00e3o daria tempo.<\/p>\n<p><img loading=\"lazy\" decoding=\"async\" class=\"alignright size-medium wp-image-23317\" src=\"http:\/\/www.pedromigao.com.br\/ourodetolo\/wp-content\/uploads\/2014\/02\/Jacarepagu\u00e1_2004-202x300.jpg\" alt=\"Jacarepagu\u00e1_2004\" width=\"202\" height=\"300\" srcset=\"http:\/\/www.pedromigao.com.br\/ourodetolo\/wp-content\/uploads\/2014\/02\/Jacarepagu\u00e1_2004-202x300.jpg 202w, http:\/\/www.pedromigao.com.br\/ourodetolo\/wp-content\/uploads\/2014\/02\/Jacarepagu\u00e1_2004-229x340.jpg 229w, http:\/\/www.pedromigao.com.br\/ourodetolo\/wp-content\/uploads\/2014\/02\/Jacarepagu\u00e1_2004.jpg 360w\" sizes=\"auto, (max-width: 202px) 100vw, 202px\" \/><\/p>\n<p style=\"text-align: justify;\">Na Uni\u00e3o de Jacarepagu\u00e1, que trouxe o melhor samba in\u00e9dito do ano &#8211; e que deveria ser o hino da Rio 2016 &#8211; desfilei de short, camiseta e prancha de surfe, em uma ala somente de amigos. At\u00e9 &#8220;jacar\u00e9&#8221; pegamos na avenida.<\/p>\n<p style=\"text-align: justify;\">Na Inocentes da Baixada, desfilei pela primeira e \u00faltima vez em um carro aleg\u00f3rico, representando um grego (!) e com uma roupa totalmente transparente. Por outro lado, a Vila Isabel trouxe uma ala em que desfilamos dentro de uma esp\u00e9cie de &#8220;len\u00e7ol&#8221; representando as ondas do mar de Paraty. Foi meu primeiro t\u00edtulo do Carnaval. Fechando as quatro escolas na mesma noite &#8211; loucura que n\u00e3o recomendo a ningu\u00e9m &#8211; desfilei me arrastando no Tuiuti.<\/p>\n<p style=\"text-align: justify;\">O Tuiuti, que homenageava Vin\u00edcius de Moraes, esquentou a bateria com &#8220;Tarde em Itapo\u00e3&#8221; em ritmo de samba-enredo. J\u00e1 a Uni\u00e3o da Ilha, que abria o desfile, se enrolou na arma\u00e7\u00e3o da escola porque o pessoal da Harmonia ficou vendo a final da Ta\u00e7a Guanabara daquele ano entre Flamengo e Fluminense nas barraquinhas ao redor da concentra\u00e7\u00e3o e chegou atrasado.<\/p>\n<p style=\"text-align: justify;\">O desfile da Viradouro tem boas hist\u00f3rias. Na concentra\u00e7\u00e3o, debaixo de forte chuva, duas meninas j\u00e1 alcoolizadas ca\u00edram com o rosto em uma po\u00e7a d\u00b4\u00e1gua e iam se afogando na mesma&#8230; Infelizmente n\u00e3o consegui desfilar nas Campe\u00e3s pois minha fantasia e a de minha hoje esposa ficaram imprest\u00e1veis.<\/p>\n<p style=\"text-align: justify;\">A Mocidade me fez ir embora mais cedo. Quando o puxador Paulinho Mocidade atacou um <em>&#8220;Obrigado, meu Jesus&#8221;<\/em> no grito de guerra, foi a senha para que eu, encharcado do desfile da Viradouro, fosse embora para casa. Assisti ao Acesso A nas frisas e o Especial, na arquibancada, ambos no setor 3. Ali\u00e1s, s\u00f3 voltaria a assistir ao vivo a um desfile do Especial em 2009.<\/p>\n<p style=\"text-align: justify;\">Muitos independentes consideram o samba deste ano o pior da hist\u00f3ria da escola. Ele muda tr\u00eas vezes (!) de tempo verbal apenas em seu refr\u00e3o principal.<\/p>\n<p style=\"text-align: justify;\">A Acad\u00eamicos da Rocinha aquele ano estava turbinada pelos recursos trazidos pelo seu novo presidente, Maur\u00edcio Mattos. Eu me recordo que voltava do desfile da Vila Isabel e, embora a escola j\u00e1 estivesse pronta no Setor 1, muita gente ainda descia dos camarotes para desfilar pela escola. Fazendo coment\u00e1rios do tipo <em>&#8220;como faz pra desfilar? Tem que cantar o samba?&#8221;<\/em><\/p>\n<p style=\"text-align: justify;\">Ali\u00e1s, o desfile da Rocinha, que homenageava Jo\u00e3osinho Trinta, foi a \u00faltima vez em que Carlinhos de Pilares puxou um samba na avenida &#8211; ele morreria em 2005, aos 63 anos. Samba que, ali\u00e1s, louvava o traficante que comandava o morro naquela \u00e9poca em seu refr\u00e3o: <em>&#8220;Eu Bem Te Vi \/ voc\u00ea sorriu \/ no carnaval da ilus\u00e3o&#8221;<\/em>. O traficante tinha este apelido, Bem-Te-Vi.<\/p>\n<p style=\"text-align: justify;\">A passagem da apresentadora Xuxa pela Caprichosos frustrou muita gente. Com a escola atrasada, ela, que estava no \u00faltimo carro, passou muito r\u00e1pido pela avenida. Reza a lenda que ela pagou em dinheiro da \u00e9poca R$ 3 milh\u00f5es para ser enredo (R$ 6 milh\u00f5es em valores corrigidos), mas isso jamais se comprovou.<\/p>\n<p style=\"text-align: justify;\">Jo\u00e3osinho Trinta foi demitido da Grande Rio ao fim do desfile. Foi a \u00fanica vez em que ele foi demitido na carreira, nas outras tr\u00eas vezes (Salgueiro, Beija-Flor e Viradouro) ele pediu para sair. Ali\u00e1s, a Grande Rio poderia ter sido tranquilamente rebaixada naquele ano.<\/p>\n<p style=\"text-align: justify;\">Salgueiro e Mocidade levaram carros muito semelhantes visualmente &#8211; diria que praticamente id\u00eanticos &#8211; retratando ruas\/pista de corrida e com componentes dirigindo nelas. Quem copiou quem? Lembro que \u00e0 \u00e9poca n\u00e3o existia a Cidade do Samba.<\/p>\n<p style=\"text-align: justify;\">O Condor da Tradi\u00e7\u00e3o iniciaria uma longa peregrina\u00e7\u00e3o pelos desfiles da escola, sendo aposentado apenas em 2012 &#8211; quando se transformou em urubu no desfile do Arrast\u00e3o de Cascadura sobre a ex-presidente do Flamengo Patr\u00edcia Amorim.<\/p>\n<p style=\"text-align: justify;\">Paulo Barros conta em sua autobiografia lan\u00e7ada em 2012 que ao negociar o contrato com o presidente da Tijuca, Fernando Horta, solicitou apenas uma altera\u00e7\u00e3o nas condi\u00e7\u00f5es oferecidas pela agremia\u00e7\u00e3o: que seu sal\u00e1rio fosse dobrado caso a escola voltasse no desfile das Campe\u00e3s. Ele tamb\u00e9m conta das rea\u00e7\u00f5es das pessoas quando viam o carro do DNA no barrac\u00e3o e achavam que aquilo n\u00e3o daria certo.<\/p>\n<p style=\"text-align: justify;\">No pr\u00e9 carnaval daquele ano as escolas que reeditaram sambas fizeram quatro ensaios conjuntos, um em cada quadra. Fui a tr\u00eas deles &#8211; deixando de ir \u00e0 Viradouro pois no s\u00e1bado marcado comemorei meu anivers\u00e1rio \u00e0 tarde e n\u00e3o tinha a menor condi\u00e7\u00e3o et\u00edlica de ir \u00e0 noite. O ocorrido na quadra do Imp\u00e9rio Serrano talvez tenha sido o melhor ensaio de uma escola de samba que estive em minha vida, com shows das quatro agremia\u00e7\u00f5es.<\/p>\n<p style=\"text-align: justify;\">Tamb\u00e9m toquei na festa de lan\u00e7amento do CD, que foi realizada no Portel\u00e3o. Acompanhamos todos os sambas, sendo inclusive elogiados por Neguinho da Beija Flor &#8211; que deu um show de simpatia conosco.<\/p>\n<p style=\"text-align: justify;\">No pr\u00e9-Carnaval deste ano que a Portela come\u00e7ou a fazer, de forma pioneira, a &#8220;Feijoada da Fam\u00edlia Portelense&#8221;, depois copiada por outras agremia\u00e7\u00f5es. 2004 tamb\u00e9m marcaria o fim da longa gest\u00e3o de Carlinhos Maracan\u00e3 na escola, desde 1971 &#8211; com um hiato entre 1995 e 97.<\/p>\n<p style=\"text-align: justify;\"><strong>Links<\/strong><\/p>\n<p>O desfile que deu o bicampeonato \u00e0 Beija-Flor<\/p>\n<p><iframe loading=\"lazy\" title=\"Beija-Flor - Carnaval 2004 - Desfile Completo\" width=\"525\" height=\"394\" src=\"https:\/\/www.youtube.com\/embed\/lqgEqw_bop8?feature=oembed\" frameborder=\"0\" allow=\"accelerometer; autoplay; clipboard-write; encrypted-media; gyroscope; picture-in-picture; web-share\" referrerpolicy=\"strict-origin-when-cross-origin\" allowfullscreen><\/iframe><\/p>\n<p style=\"text-align: justify;\">A surpreendente apresenta\u00e7\u00e3o da Tijuca<\/p>\n<p><iframe loading=\"lazy\" title=\"Carnaval Completo - Unidos da Tijuca 2004\" width=\"525\" height=\"295\" src=\"https:\/\/www.youtube.com\/embed\/IwIJYCHFvTU?feature=oembed\" frameborder=\"0\" allow=\"accelerometer; autoplay; clipboard-write; encrypted-media; gyroscope; picture-in-picture; web-share\" referrerpolicy=\"strict-origin-when-cross-origin\" allowfullscreen><\/iframe><\/p>\n<p>O bom desfile da Mangueira em 2004<\/p>\n<p><iframe loading=\"lazy\" title=\"Mangueira - Carnaval 2004 - Desfile Completo\" width=\"525\" height=\"394\" src=\"https:\/\/www.youtube.com\/embed\/ZjaDcuKzrzc?feature=oembed\" frameborder=\"0\" allow=\"accelerometer; autoplay; clipboard-write; encrypted-media; gyroscope; picture-in-picture; web-share\" referrerpolicy=\"strict-origin-when-cross-origin\" allowfullscreen><\/iframe><\/p>\n<p style=\"text-align: justify;\">A emocionante passagem da Viradouro<\/p>\n<p><iframe loading=\"lazy\" title=\"Viradouro - Carnaval 2004 - Desfile Completo\" width=\"525\" height=\"394\" src=\"https:\/\/www.youtube.com\/embed\/oishskPMIQc?feature=oembed\" frameborder=\"0\" allow=\"accelerometer; autoplay; clipboard-write; encrypted-media; gyroscope; picture-in-picture; web-share\" referrerpolicy=\"strict-origin-when-cross-origin\" allowfullscreen><\/iframe><\/p>\n<p>O empolgante desfile do Imp\u00e9rio Serrano<\/p>\n<p><iframe loading=\"lazy\" title=\"Carnaval Completo - Imp\u00e9rio Serrano 2004\" width=\"525\" height=\"394\" src=\"https:\/\/www.youtube.com\/embed\/wCKoTbHCBRI?feature=oembed\" frameborder=\"0\" allow=\"accelerometer; autoplay; clipboard-write; encrypted-media; gyroscope; picture-in-picture; web-share\" referrerpolicy=\"strict-origin-when-cross-origin\" allowfullscreen><\/iframe><\/p>\n<p style=\"text-align: justify;\"><strong>Fotos: O Globo, Liesa, O Dia e arquivo pessoal Pedro Mig\u00e3o<br \/>\n<\/strong><\/p>\n","protected":false},"excerpt":{"rendered":"<p>A fase pr\u00e9-carnavalesca marcou uma grande novidade: no vig\u00e9simo anivers\u00e1rio do samb\u00f3dromo, as escolas de samba foram incentivadas &#8211; e autorizadas, claro &#8211; a reeditaremTour Details<\/p>\n","protected":false},"author":14,"featured_media":23286,"comment_status":"open","ping_status":"open","sticky":false,"template":"","format":"standard","meta":{"footnotes":""},"categories":[1134],"tags":[63,18,19,143,66,49,366,394,68],"class_list":["post-39813","post","type-post","status-publish","format-standard","has-post-thumbnail","hentry","category-historias-do-sambodromo","tag-beija-flor","tag-carnaval","tag-escolas-de-samba","tag-imperio-serrano","tag-mangueira","tag-portela","tag-sambodromo","tag-sapucai","tag-unidos-da-tijuca"],"_links":{"self":[{"href":"http:\/\/www.pedromigao.com.br\/ourodetolo\/wp-json\/wp\/v2\/posts\/39813","targetHints":{"allow":["GET"]}}],"collection":[{"href":"http:\/\/www.pedromigao.com.br\/ourodetolo\/wp-json\/wp\/v2\/posts"}],"about":[{"href":"http:\/\/www.pedromigao.com.br\/ourodetolo\/wp-json\/wp\/v2\/types\/post"}],"author":[{"embeddable":true,"href":"http:\/\/www.pedromigao.com.br\/ourodetolo\/wp-json\/wp\/v2\/users\/14"}],"replies":[{"embeddable":true,"href":"http:\/\/www.pedromigao.com.br\/ourodetolo\/wp-json\/wp\/v2\/comments?post=39813"}],"version-history":[{"count":2,"href":"http:\/\/www.pedromigao.com.br\/ourodetolo\/wp-json\/wp\/v2\/posts\/39813\/revisions"}],"predecessor-version":[{"id":50284,"href":"http:\/\/www.pedromigao.com.br\/ourodetolo\/wp-json\/wp\/v2\/posts\/39813\/revisions\/50284"}],"wp:featuredmedia":[{"embeddable":true,"href":"http:\/\/www.pedromigao.com.br\/ourodetolo\/wp-json\/wp\/v2\/media\/23286"}],"wp:attachment":[{"href":"http:\/\/www.pedromigao.com.br\/ourodetolo\/wp-json\/wp\/v2\/media?parent=39813"}],"wp:term":[{"taxonomy":"category","embeddable":true,"href":"http:\/\/www.pedromigao.com.br\/ourodetolo\/wp-json\/wp\/v2\/categories?post=39813"},{"taxonomy":"post_tag","embeddable":true,"href":"http:\/\/www.pedromigao.com.br\/ourodetolo\/wp-json\/wp\/v2\/tags?post=39813"}],"curies":[{"name":"wp","href":"https:\/\/api.w.org\/{rel}","templated":true}]}}