{"id":39806,"date":"2016-02-02T13:03:09","date_gmt":"2016-02-02T15:03:09","guid":{"rendered":"http:\/\/www.pedromigao.com.br\/ourodetolo\/?p=39806"},"modified":"2020-06-10T23:10:17","modified_gmt":"2020-06-11T02:10:17","slug":"2003-beija-flor-tira-barriga-da-miseria-e-juri-fecha-mar-da-mangueira-mesmo-com-moises","status":"publish","type":"post","link":"http:\/\/www.pedromigao.com.br\/ourodetolo\/2016\/02\/2003-beija-flor-tira-barriga-da-miseria-e-juri-fecha-mar-da-mangueira-mesmo-com-moises\/","title":{"rendered":"2003: Beija-Flor tira barriga da mis\u00e9ria e j\u00fari fecha mar da Mangueira mesmo com Mois\u00e9s&#8230;"},"content":{"rendered":"<p style=\"text-align: justify;\">O regulamento para os desfiles das escolas de samba do Grupo Especial do Rio sofreu apenas uma mudan\u00e7a significativa para 2003: em vez de um ponto perdido para cada minuto excedido dos 80 regulamentares, a puni\u00e7\u00e3o passaria a ser de 0,2 por minuto. Na \u00e9poca chegou-se \u00e0 conclus\u00e3o de que a despontua\u00e7\u00e3o em cronometragem era muito severa e que isso poderia influenciar muito na apura\u00e7\u00e3o.<\/p>\n<p style=\"text-align: justify;\">Se o regulamento era praticamente o mesmo, houve um troca-troca de int\u00e9rpretes sem precedentes para aquele Carnaval: depois de dois anos no Salgueiro, N\u00eago voltou para a Unidos da Tijuca, que j\u00e1 havia defendido entre 1986 e 1992; no seu lugar entrou Quinho, que estava na Grande Rio; j\u00e1 a Tricolor contratou Wander Pires, que deixou sua vaga na Mocidade para Paulinho Mocidade, de volta \u00e0 agremia\u00e7\u00e3o depois de dez anos; para o lugar deste, a Imperatriz acertou com David do Pandeiro, que teve seu posto na Santa Cruz ocupado por Luizinho Andan\u00e7as; por fim, Wantuir trocou a Tijuca pelo Imp\u00e9rio Serrano.<\/p>\n<p style=\"text-align: justify;\">Enquanto n\u00e3o mergulhamos nos enredos e desfiles de 2003, abro par\u00eanteses ainda sobre o tema int\u00e9rpretes. Como curiosidade, dois cantores que jamais deixaram suas escolas do cora\u00e7\u00e3o, Jamel\u00e3o e Neguinho da Beija-Flor, tiveram uma conversa muito amistosa pouco antes de o lend\u00e1rio int\u00e9rprete mangueirense falecer em 2008: ao considerar Neguinho seu sucessor como principal cantor de samba-enredo do pa\u00eds, Jamel\u00e3o pediu que a voz da Beija-Flor jamais permitisse que chamassem-no de puxador. Jamel\u00e3o nunca engoliu a alcunha porque antigamente essa era uma artimanha das gravadoras para n\u00e3o remunerar os cantores cedidos por outras gravadoras para a produ\u00e7\u00e3o dos discos de samba-enredo. Fecha par\u00eanteses.<\/p>\n<p style=\"text-align: justify;\">Fato \u00e9 que Mangueira e Beija-Flor eram de novo o centro das aten\u00e7\u00f5es na fase pr\u00e9-carnavalesca. Depois do grande desfile que rendeu o t\u00edtulo de 2002, a Verde e Rosa apostou num enredo sobre a hist\u00f3ria de Mois\u00e9s e a liberta\u00e7\u00e3o dos hebreus com mais um samba-enredo de qualidade. Mas a poucas semanas do Carnaval, a escola chorou o falecimento de Dona Zica. J\u00e1 a Beija-Flor, engasgad\u00edssima com quatro vices consecutivos, escolheu como tema a fome e ainda prometia uma homenagem ao rec\u00e9m-empossado presidente Lula.<\/p>\n<p style=\"text-align: justify;\">J\u00e1 a Imperatriz Leopoldinense, criticada nos anos anteriores pelos desfiles frios, resolveu mudar: escolheu como enredo os piratas e a pirataria, e prometeu uma abordagem mais alegre e divertida, o que ficou claro j\u00e1 na escolha do samba. A Mocidade Independente de Padre Miguel optou por defender em seu enredo a doa\u00e7\u00e3o de \u00f3rg\u00e3os, enquanto a Viradouro homenagearia Bibi Ferreira, e o Salgueiro, que contratou o carnavalesco Renato Lage, teria como tema o seu cinquenten\u00e1rio, com um samba muito popular desde a fase pr\u00e9-carnavalesca.<\/p>\n<p style=\"text-align: justify;\">A Acad\u00eamicos do Grande Rio faria um enredo sobre a minera\u00e7\u00e3o, com patroc\u00ednio da Vale do Rio Doce, diga-se de passagem. A Portela contaria a hist\u00f3ria da Cinel\u00e2ndia, e o vizinho Imp\u00e9rio Serrano teria como tema a energia e o poder da luz (?!). A Unidos da Tijuca tinha um dos melhores enredos do ano (e o melhor samba), sobre os escravos brasileiros que voltaram para a \u00c1frica e levaram para l\u00e1 nossa cultura. Outra agremia\u00e7\u00e3o com enredo de tem\u00e1tica negra era a Caprichosos, com homenagem a Zumbi dos Palmares.<\/p>\n<p style=\"text-align: justify;\">A Tradi\u00e7\u00e3o resolveu fazer um tributo ao atacante Ronaldo pelo pentacampeonato mundial da Sele\u00e7\u00e3o Brasileira, mas o samba era considerado pavoroso. J\u00e1 a Porto da Pedra prestaria uma homenagem aos moradores de rua. Fechando as 14 escolas do Grupo Especial, a Acad\u00eamicos de Santa Cruz teria como enredo o teatro.<\/p>\n<p style=\"text-align: justify;\"><strong>OS DESFILES<\/strong><\/p>\n<p style=\"text-align: justify;\">A Verde e Branco fez uma apresenta\u00e7\u00e3o simp\u00e1tica na abertura dos desfiles de 2003, mas n\u00e3o tinha recursos para apresentar um conjunto visual de luxo. At\u00e9 que alegorias e fantasias passavam bem a proposta do enredo \u201cDo Universo Teatral \u00e0 Ribalta do Carnaval\u201d, mas se manter na elite dependeria das apresenta\u00e7\u00f5es das demais escolas. Empolgados, os componentes cantaram o samba e cumpriram seu papel.<\/p>\n<p style=\"text-align: justify;\">Lamentavelmente a Santa Cruz teve problemas com dois de seus destaques: um passou mal e teve de ser acudido em meio ao desfile, e outro caiu de uma alegoria, mas n\u00e3o correu risco de morte. A Verde e Branco passou com dignidade.<\/p>\n<p style=\"text-align: justify;\"><a href=\"http:\/\/www.pedromigao.com.br\/ourodetolo\/wp-content\/uploads\/2014\/02\/salgueiro2003b.jpg\"><img loading=\"lazy\" decoding=\"async\" class=\"size-medium wp-image-22988 alignleft\" src=\"http:\/\/www.pedromigao.com.br\/ourodetolo\/wp-content\/uploads\/2014\/02\/salgueiro2003b-300x214.jpg\" alt=\"salgueiro2003b\" width=\"300\" height=\"214\" srcset=\"http:\/\/www.pedromigao.com.br\/ourodetolo\/wp-content\/uploads\/2014\/02\/salgueiro2003b-300x214.jpg 300w, http:\/\/www.pedromigao.com.br\/ourodetolo\/wp-content\/uploads\/2014\/02\/salgueiro2003b.jpg 400w\" sizes=\"auto, (max-width: 300px) 100vw, 300px\" \/><\/a>Apesar da dif\u00edcil posi\u00e7\u00e3o de desfile para uma escola que costuma brigar pelas primeiras coloca\u00e7\u00f5es, o Salgueiro celebrou seus 50 anos com uma quent\u00edssima exibi\u00e7\u00e3o, que conquistou o p\u00fablico desde os primeiros versos do popular samba-enredo.<\/p>\n<p style=\"text-align: justify;\">Como sempre pintando e bordando nos cacos, o\u00a0cantor Quinho teve uma atua\u00e7\u00e3o de muita garra e embalou componentes e p\u00fablico, principalmente no refr\u00e3o central que tinha os versos<em> &#8220;Salgueiro, vermelho! Balan\u00e7a o cora\u00e7\u00e3o da gente!&#8221;<\/em>. A bateria de Mestre Louro voltou a brilhar e conquistaria mais uma vez o Estandarte de Ouro, de &#8220;O Globo&#8221;.<\/p>\n<p style=\"text-align: justify;\">O desfile come\u00e7ou com uma lind\u00edssima comiss\u00e3o de frente (foto), cujos integrantes estavam luxuosamente vestidos e tinham capas em vermelho com letras que formavam (com a coreografia, claro) os dizeres &#8220;50 anos&#8221; e &#8220;gl\u00f3rias&#8221;. Foi uma t\u00edpica comiss\u00e3o de frente cl\u00e1ssica que tinha o nome &#8220;Academia do Samba&#8221;, que apresentava a escola de forma singela.<a href=\"http:\/\/www.pedromigao.com.br\/ourodetolo\/wp-content\/uploads\/2014\/02\/salgueiro2003.jpg\"><img loading=\"lazy\" decoding=\"async\" class=\"size-medium wp-image-22987 alignright\" src=\"http:\/\/www.pedromigao.com.br\/ourodetolo\/wp-content\/uploads\/2014\/02\/salgueiro2003-200x300.jpg\" alt=\"salgueiro2003\" width=\"200\" height=\"300\" srcset=\"http:\/\/www.pedromigao.com.br\/ourodetolo\/wp-content\/uploads\/2014\/02\/salgueiro2003-200x300.jpg 200w, http:\/\/www.pedromigao.com.br\/ourodetolo\/wp-content\/uploads\/2014\/02\/salgueiro2003-227x340.jpg 227w, http:\/\/www.pedromigao.com.br\/ourodetolo\/wp-content\/uploads\/2014\/02\/salgueiro2003.jpg 298w\" sizes=\"auto, (max-width: 200px) 100vw, 200px\" \/><\/a><\/p>\n<p style=\"text-align: justify;\">De volta ao Salgueiro depois de 15 anos, Renato Lage mostrou a categoria de sempre e focou no enredo os (at\u00e9 ent\u00e3o) oito campeonatos da escola. A cada t\u00edtulo, belos trip\u00e9s indicavam em n\u00e9on os nomes dos enredos e os anos correspondentes &#8211; Lage havia feito algo parecido em 1990, na Mocidade. No imponente carro abre-alas, estiveram salgueirenses das antigas e integrantes da Mangueira, madrinha da Vermelho e Branco, como Jamel\u00e3o.<\/p>\n<p style=\"text-align: justify;\">As alegorias agradaram bastante, mas as que mais chamaram a aten\u00e7\u00e3o pelo luxo e acabamento foram &#8220;Bahia de Todos os Deuses&#8221; (sobre o t\u00edtulo de 1969), que trazia o grande Xang\u00f4 do Salgueiro e ainda diversos orix\u00e1s em forma de escultura (a de Oxum estava maravilhosa), e &#8220;Rei de Fran\u00e7a e as Minas do Rei Salom\u00e3o&#8221; (sobre o bicampeonato de 1974 e 1975, quando a escola tinha Jo\u00e3osinho Trinta), com uma enorme e bem concebida serpente que ficava em volta da ilha de S\u00e3o Lu\u00eds do Maranh\u00e3o.<\/p>\n<p style=\"text-align: justify;\">O conjunto de fantasias tamb\u00e9m estava maravilhoso, totalmente adequado ao enredo, aliando luxo e leveza. Renato Lage conseguiu valorizar as cores da escola, mas ainda adotou outros tons alaranjados, dourados e prateados que renderam uma excelente divis\u00e3o crom\u00e1tica.<\/p>\n<p style=\"text-align: justify;\">Mas, infelizmente, pela en\u00e9sima vez, o Salgueiro desfilou com o mastod\u00f4ntico n\u00famero de 5.500 componentes e, com a quebra do abre-alas na altura do setor 9, a evolu\u00e7\u00e3o, que j\u00e1 era dif\u00edcil, ficou mais complicada. No fim houve correria mas n\u00e3o adiantou e a escola estourou em quatro minutos o tempo regulamentar de desfile, o que, pelas novas regras, j\u00e1 renderia uma puni\u00e7\u00e3o de 0,8. Lament\u00e1vel, porque foi uma brilhante apresenta\u00e7\u00e3o, das melhores do ano.<\/p>\n<p style=\"text-align: justify;\"><a href=\"http:\/\/www.pedromigao.com.br\/ourodetolo\/wp-content\/uploads\/2014\/02\/granderio2003b.jpg\"><img loading=\"lazy\" decoding=\"async\" class=\"size-medium wp-image-22981 alignleft\" src=\"http:\/\/www.pedromigao.com.br\/ourodetolo\/wp-content\/uploads\/2014\/02\/granderio2003b-300x156.jpg\" alt=\"granderio2003b\" width=\"300\" height=\"156\" srcset=\"http:\/\/www.pedromigao.com.br\/ourodetolo\/wp-content\/uploads\/2014\/02\/granderio2003b-300x156.jpg 300w, http:\/\/www.pedromigao.com.br\/ourodetolo\/wp-content\/uploads\/2014\/02\/granderio2003b-550x287.jpg 550w, http:\/\/www.pedromigao.com.br\/ourodetolo\/wp-content\/uploads\/2014\/02\/granderio2003b.jpg 956w\" sizes=\"auto, (max-width: 300px) 100vw, 300px\" \/><\/a>Terceira escola a desfilar, a Acad\u00eamicos do Grande Rio de Jo\u00e3osinho Trinta entrou na pista com muitos efeitos especiais para apresentar o enredo \u201cO nosso Brasil que vale&#8230;\u201d, sobre a minera\u00e7\u00e3o. O trocadilho com a palavra &#8220;vale&#8221; n\u00e3o foi \u00e0 toa, como j\u00e1 explicado no come\u00e7o do texto&#8230;<\/p>\n<p style=\"text-align: justify;\">A comiss\u00e3o de frente era formada por homens com corpos pintados representando min\u00e9rios. Cada componente tinha um min\u00fasculo tapa-sexo para que a escola n\u00e3o perdesse pontos. Logo atr\u00e1s, cinco enormes trip\u00e9s representando o deus Chronos em bel\u00edssimas esculturas (foto acima) &#8211; vale frisar que este era o deus do tempo da mitologia grega e criou o reino mineral.<\/p>\n<p style=\"text-align: justify;\">O carro abre-alas era lind\u00edssimo, todo em branco e prata e com \u00f3timo jogo de luzes, simbolizando\u00a0as riquezas do Brasil. Nele, desfilaram a eterna Garota de Ipanema Hel\u00f4 Pinheiro e sua filha Ticiane, e a atriz Susana Vieira, figura contumaz nos desfiles da Tricolor.<a href=\"http:\/\/www.pedromigao.com.br\/ourodetolo\/wp-content\/uploads\/2014\/02\/granderio2003.jpg\"><img loading=\"lazy\" decoding=\"async\" class=\"size-full wp-image-22980 alignright\" src=\"http:\/\/www.pedromigao.com.br\/ourodetolo\/wp-content\/uploads\/2014\/02\/granderio2003.jpg\" alt=\"granderio2003\" width=\"219\" height=\"300\" \/><\/a><\/p>\n<p style=\"text-align: justify;\">O enredo passou pelas origens da minera\u00e7\u00e3o, na Gr\u00e9cia Antiga, chegou ao Brasil com seus ciclos minerais e, por fim, a minera\u00e7\u00e3o contempor\u00e2nea. Gostei do conjunto de fantasias, especialmente dos figurinos das baianas, que representavam &#8220;A Riqueza do Ouro&#8221;. Logo em seguida, a alegoria que se destacou no desfile, chamada &#8220;Ciclo do Ouro&#8221;, simbolizando o barroco mineiro e as riquezas daquele estado com muito requinte.<\/p>\n<p style=\"text-align: justify;\">O desfile foi bem agrad\u00e1vel at\u00e9 este momento, mas depois Jo\u00e3o 30 fez propositalmente uma ruptura visual para que fossem mostrados os min\u00e9rios brasileiros. A concep\u00e7\u00e3o desta segunda metade n\u00e3o foi considerada t\u00e3o feliz, e o enredo ficou confuso. Ali\u00e1s, um momento estranh\u00edssimo do desfile era o que tinha um boneco representando a fome sendo eletrocutado, numa representa\u00e7\u00e3o da import\u00e2ncia que a minera\u00e7\u00e3o teria para o futuro do Brasil.<\/p>\n<p style=\"text-align: justify;\">A bateria de Mestre Odilon esteve impec\u00e1vel mais uma vez, com diversas bossas e paradinhas criativas. Mas o samba, embora contasse bem o enredo, n\u00e3o era vibrante, e o p\u00fablico reagiu de forma bastante fria. A Grande Rio terminou seu desfile deixando a impress\u00e3o de que chegaria no m\u00e1ximo ao Desfile das Campe\u00e3s, pela irregularidade de sua apresenta\u00e7\u00e3o e pela correria no fim, o que provavelmente resultaria em perda de pontos em Evolu\u00e7\u00e3o.<\/p>\n<p style=\"text-align: justify;\"><a href=\"http:\/\/www.pedromigao.com.br\/ourodetolo\/wp-content\/uploads\/2014\/02\/viradouro2003.jpg\"><img loading=\"lazy\" decoding=\"async\" class=\"wp-image-22989 alignleft\" src=\"http:\/\/www.pedromigao.com.br\/ourodetolo\/wp-content\/uploads\/2014\/02\/viradouro2003-550x315.jpg\" alt=\"viradouro2003\" width=\"385\" height=\"221\" srcset=\"http:\/\/www.pedromigao.com.br\/ourodetolo\/wp-content\/uploads\/2014\/02\/viradouro2003-550x315.jpg 550w, http:\/\/www.pedromigao.com.br\/ourodetolo\/wp-content\/uploads\/2014\/02\/viradouro2003-300x171.jpg 300w, http:\/\/www.pedromigao.com.br\/ourodetolo\/wp-content\/uploads\/2014\/02\/viradouro2003.jpg 712w\" sizes=\"auto, (max-width: 385px) 100vw, 385px\" \/><\/a>J\u00e1 Unidos do Viradouro caprichou na homenagem a Bibi Ferreira e fez um dos melhores desfiles do ano. Para come\u00e7ar, o samba-enredo era brilhante, com melodia dolente e letra po\u00e9tica. No desfile, o samba rendeu muito bem e foi acompanhado pela n\u00e3o menos contagiante bateria de Mestre Ci\u00e7a, que fez diversas coreografias em rever\u00eancia \u00e0 homenageada e criativas bossas, como por exemplo um &#8220;rufo&#8221; no verso <em>&#8220;Abram as cortinas que o show vai come\u00e7ar&#8221;<\/em>.<\/p>\n<p style=\"text-align: justify;\">A comiss\u00e3o de frente estava maravilhosamente vestida, com luxuosas fantasias de diferentes cores simbolizando diversos Moli\u00e8res e a bailarina Carolina Costa, de 14 anos, representando a atriz e cantora quando jovem. O trabalho do carnavalesco Mauro Quintaes no conjunto visual da escola tamb\u00e9m foi perfeitamente adequado \u00e0 proposta do enredo.<\/p>\n<p style=\"text-align: justify;\">Para come\u00e7ar, o luxuoso e enorme abre-alas representava o musical &#8220;O Avarento&#8221;, em dourado e vermelho e com excelente ilumina\u00e7\u00e3o, al\u00e9m de um palco com cortinas e tudo. Amigos de Bibi desfilaram nesta alegoria, como os atores Paulo Goulart, Nicette Bruno, Rosamaria Murtinho e Ruth de Souza. Outras representa\u00e7\u00f5es teatrais foram simuladas nos carros &#8220;Piaf&#8221; e &#8220;Gota d&#8217;\u00e1gua&#8221; e atrizes como Bete Coelho e Eliane Giardini representaram Bibi em algum momento da carreira.<\/p>\n<p style=\"text-align: justify;\">Todas as demais alegorias mantiveram o n\u00edvel de concep\u00e7\u00e3o, ou seja, com luxo e beleza, mas infelizmente o carro &#8220;O Homem de la Mancha&#8221; teve danos em um dos dois moinhos que simbolizavam a obra de Miguel de Cervantes. J\u00e1 as fantasias, al\u00e9m do bom gosto e requinte, mostraram perfeito acabamento, tanto nos figurinos mais leves quanto nos mais encorpados.<\/p>\n<p style=\"text-align: justify;\">A homenageada desfilou no \u00faltimo carro (foto acima), chamado &#8220;O legado de Proc\u00f3pio Ferreira&#8221; em homenagem ao pai de Bibi, que era ator. A diva estava maravilhosamente fantasiada e foi \u00e0s l\u00e1grimas ao descer do carro ap\u00f3s o desfile. Uma homenagem bel\u00edssima e inesquec\u00edvel.<\/p>\n<p style=\"text-align: justify;\">Pena que a lentid\u00e3o na evolu\u00e7\u00e3o tenha provocado um fim de desfile mais corrido. Mas pelo menos a escola n\u00e3o estourou os 80 minutos regulamentares. A Viradouro fez, ao lado do Salgueiro, o melhor desfile da noite, com a vantagem de que n\u00e3o perderia pontos em cronometragem.<\/p>\n<p style=\"text-align: justify;\">O Imp\u00e9rio Serrano entrou na Sapuca\u00ed com a dif\u00edcil miss\u00e3o de superar as escolas anteriores e, de fato, n\u00e3o teve uma apresenta\u00e7\u00e3o das mais inspiradas. O enredo \u201cE onde houver trevas&#8230;que se fa\u00e7a a luz\u201d, sobre as diversas formas de luz, era mais um a pedir paz em meio \u00e0s guerras que aconteciam na \u00e9poca &#8211; em 2001, os EUA invadiram o Afeganist\u00e3o em busca do terrorista Osama bin Laden ap\u00f3s os ataques de 11 de setembro, e dias depois do Carnaval, o pa\u00eds invadiria o Iraque atr\u00e1s de Saddam Hussein.<\/p>\n<p style=\"text-align: justify;\">O po\u00e9tico samba de Alu\u00edsio Machado, Arlindo Cruz, Carlos Sena, Mauri\u00e7\u00e3o e Elmo Caetano foi bem cantado pelos desfilantes, mas n\u00e3o empolgou o p\u00fablico. Apesar de muitas luzes nas alegorias, houve s\u00e9rios problemas est\u00e9ticos, com materiais se soltando. Para piorar, as alas coreografadas amarraram a evolu\u00e7\u00e3o, que foi descompassada. Lamentavelmente mais um ano para os imperianos esquecerem.<\/p>\n<p style=\"text-align: justify;\">Outra que decepcionou na avenida foi a Caprichosos de Pilares. O enredo\u00a0\u201cZumbi, Rei de Palmares e her\u00f3i do Brasil\u201d por incr\u00edvel que pare\u00e7a n\u00e3o rendeu um samba dos melhores &#8211; o famigerado refr\u00e3o principal rimava <em>&#8220;Zumbi&#8221;<\/em> com <em>&#8220;Eu t\u00f4 a\u00ed&#8221;<\/em> &#8211; e nem o brilhante Jackson Martins conseguiu salv\u00e1-lo. Como resultado, nem os componentes desfilaram com anima\u00e7\u00e3o, e nem o p\u00fablico respondeu com entusiasmo.<\/p>\n<p style=\"text-align: justify;\">O conjunto de alegorias e fantasias contava o enredo de forma correta, mas sem nada de novidade ou impacto em rela\u00e7\u00e3o a um personagem j\u00e1 bastante visitado no Carnaval. O ex-big brother e cantor Andr\u00e9 Gabeh (que fim deu?) representou Zumbi numa alegoria. Um desfile t\u00edpico de meio para fim de tabela.<\/p>\n<p style=\"text-align: justify;\">Depois do excelente (e injusti\u00e7ado) desfile de 2002, esperava-se muito da Portela com o enredo\u00a0\u201cOntem, hoje e sempre Cinel\u00e2ndia \u2013 O samba entra em cena na Broadway brasileira\u201d j\u00e1 quase na manh\u00e3 de segunda-feira. Mas a Majestade do Samba teve um desfile com problemas.<\/p>\n<p style=\"text-align: justify;\">Depois de a bela comiss\u00e3o de frente encenar &#8220;E o vento levou&#8221;, com diversos personagens do filme at\u00e9 representando um piquenique na avenida, a \u00e1guia (de estranha concep\u00e7\u00e3o) pisou na avenida literalmente por interm\u00e9dio de uma grua, que proporcionou belos movimentos. Mas a promessa de que ela receberia o Oscar n\u00e3o aconteceu e apenas uma das integrantes da comiss\u00e3o exibiu o trof\u00e9u para o s\u00edmbolo maior da escola.<\/p>\n<p style=\"text-align: justify;\">Diversos aspectos da Cinel\u00e2ndia, como a Biblioteca Nacional, o Museu Nacional de Belas Artes, al\u00e9m de cabar\u00e9s, teatros de revista e teatros de com\u00e9dia, foram retratados em alegorias e fantasias que n\u00e3o tinham o luxo caracter\u00edstico da Portela. Mas a vaca foi para o brejo mesmo quando o carro &#8220;Cinel\u00e2ndia: Tribuna Livre&#8221; quebrou no meio da pista, e a ala seguinte n\u00e3o parou, o que deixou uma cratera na evolu\u00e7\u00e3o.<\/p>\n<p style=\"text-align: justify;\">Para piorar, o samba n\u00e3o era dos melhores, e parte do p\u00fablico deixou os setores de arquibancada. No fim do desfile, o carnavalesco Alexandre Louzada foi \u00e0s l\u00e1grimas e criticou duramente o presidente Carlinhos Maracan\u00e3, a quem acusou de n\u00e3o investir na escola. Um ano para os portelenses, assim como os imperianos, riscarem da mem\u00f3ria.<\/p>\n<p style=\"text-align: justify;\">Mas o\u00a0que todos os amantes do Carnaval devem mesmo riscar da mem\u00f3ria \u00e9 o terr\u00edvel desfile da Tradi\u00e7\u00e3o, que abriu a segunda noite de desfiles. O enredo \u201cO Brasil \u00e9 Penta, R \u00e9 9 \u2013 O Fen\u00f4meno iluminado\u201d pretendia homenagear o atacante Ronaldo e relembrar os cinco t\u00edtulos da Sele\u00e7\u00e3o Brasileira na Copa do Mundo. Mas o que se viu na avenida foi uma apresenta\u00e7\u00e3o completamente despropositada.<\/p>\n<p style=\"text-align: justify;\">Para come\u00e7ar, o samba \u00e9 considerado at\u00e9 hoje pelos f\u00e3s de Carnaval &#8220;trash&#8221; de ponta a ponta, em especial o trecho <em>&#8220;O Ronaldo iluminado, dono da camisa 9 \/Nasceu em Beeeeeeeento Ribeiro&#8221;. <\/em>Obviamente nem o p\u00fablico nem os componentes se empolgaram.<\/p>\n<p style=\"text-align: justify;\">E nos quesitos est\u00e9ticos, bom&#8230; Para se ter uma ideia, havia diversas alas vestidas de short e camiseta com os nomes dos times que Ronaldo havia defendido e, pasmem, um trio el\u00e9trico com len\u00e7ol \u00e0 guisa de alegoria. E Ronaldo, retratado at\u00e9 que de forma razo\u00e1vel numa alegoria, n\u00e3o apareceu no desfile.<\/p>\n<p style=\"text-align: justify;\">Para uma escola que havia surgido 19 anos antes, quando portelenses insatisfeitos com os rumos da escola pensavam em resgatar valores carnavalescos que eles consideravam esquecidos, foi um desfile absolutamente desabonador, para ser educado. Aquela Tradi\u00e7\u00e3o promissora dos anos 80 era s\u00f3 passado distante. E o rebaixamento desta vez parecia inevit\u00e1vel.<\/p>\n<p><a href=\"http:\/\/www.pedromigao.com.br\/ourodetolo\/wp-content\/uploads\/2014\/02\/mangueira2003c.jpg\"><img loading=\"lazy\" decoding=\"async\" class=\"wp-image-22986 aligncenter\" src=\"http:\/\/www.pedromigao.com.br\/ourodetolo\/wp-content\/uploads\/2014\/02\/mangueira2003c.jpg\" alt=\"mangueira2003c\" width=\"570\" height=\"326\" srcset=\"http:\/\/www.pedromigao.com.br\/ourodetolo\/wp-content\/uploads\/2014\/02\/mangueira2003c.jpg 712w, http:\/\/www.pedromigao.com.br\/ourodetolo\/wp-content\/uploads\/2014\/02\/mangueira2003c-300x171.jpg 300w, http:\/\/www.pedromigao.com.br\/ourodetolo\/wp-content\/uploads\/2014\/02\/mangueira2003c-550x315.jpg 550w\" sizes=\"auto, (max-width: 570px) 100vw, 570px\" \/><\/a><\/p>\n<p style=\"text-align: justify;\">Dias depois do falecimento de Dona Zica, a campe\u00e3 de 2002 Esta\u00e7\u00e3o Primeira de Mangueira se credenciou com grande for\u00e7a para a briga pelo t\u00edtulo com mais um desfile arrebatador sob chuva fina. Com o enredo\u00a0\u201cOs dez mandamentos! O samba da paz canta a saga da liberdade\u201d, a Verde e Rosa pode at\u00e9 n\u00e3o ter tido uma exibi\u00e7\u00e3o t\u00e3o emocionante como o do ano anterior (apesar de ter sido quente), mas deu um show no conjunto visual e nos quesitos.<\/p>\n<p style=\"text-align: justify;\"><a href=\"http:\/\/www.pedromigao.com.br\/ourodetolo\/wp-content\/uploads\/2014\/02\/mangueira2003b.jpg\"><img loading=\"lazy\" decoding=\"async\" class=\"size-medium wp-image-22985 alignleft\" src=\"http:\/\/www.pedromigao.com.br\/ourodetolo\/wp-content\/uploads\/2014\/02\/mangueira2003b-300x199.jpg\" alt=\"mangueira2003b\" width=\"300\" height=\"199\" srcset=\"http:\/\/www.pedromigao.com.br\/ourodetolo\/wp-content\/uploads\/2014\/02\/mangueira2003b-300x199.jpg 300w, http:\/\/www.pedromigao.com.br\/ourodetolo\/wp-content\/uploads\/2014\/02\/mangueira2003b.jpg 446w\" sizes=\"auto, (max-width: 300px) 100vw, 300px\" \/><\/a>Para come\u00e7ar, a comiss\u00e3o de frente liderada pelo core\u00f3grafo Carlinhos de Jesus mais uma vez surpreendeu. Carlinhos &#8211; que precisou perder muito peso na fase pr\u00e9-carnavalesca &#8211; desfilou fantasiado de Mois\u00e9s e sa\u00eda de um elemento aleg\u00f3rico que retratava o Monte Sinai para &#8220;levitar&#8221; na pista por interm\u00e9dio de um truque em que ele era preso e i\u00e7ado num cabo. Os efeitos especiais com fuma\u00e7a e fogo garantiam a reprodu\u00e7\u00e3o incr\u00edvel de como Mois\u00e9s havia ouvido o chamado de Deus para passar ensinamentos ao povo hebreu. Mois\u00e9s ainda abria uma t\u00e1bua com a inscri\u00e7\u00e3o &#8220;Paz&#8221;.<\/p>\n<p style=\"text-align: justify;\">Max Lopes fez um de seus melhores trabalhos na concep\u00e7\u00e3o do enredo que contava a\u00a0saga de Mois\u00e9s\u00a0narrada no Antigo Testamento. Depois da comiss\u00e3o de frente, o carro abre-alas era gigantesco, com 87 metros e acoplado em dois: a primeira parte era vazada e tinha bigas e cavalos, com uma esp\u00e9cie de ala dentro do elemento, com soldados eg\u00edpcios; j\u00e1 a segunda parte representava o imp\u00e9rio fara\u00f4nico, e tinha uma enorme esfinge eg\u00edpcia, acabamento excepcional em dourado e excelente ilumina\u00e7\u00e3o.<\/p>\n<p style=\"text-align: justify;\">Conhecido como Mago das Cores, Max Lopes conseguiu combinar perfeitamente as cores da Mangueira com as tonalidades que o enredo exigia. Tanto que o verde apareceu logo na alegoria seguinte, chamada &#8220;O Poder&#8221;, que lembrava o resgate de Mois\u00e9s no Rio Nilo. J\u00e1 o carro &#8220;A Ira do Fara\u00f3&#8221; voltou a ter dourado, mas j\u00e1 come\u00e7ava a pender para o rosa, assim como a alegoria &#8220;Babel de Religi\u00f5es&#8221;, que tinha tons de prateado. Agradou muito tamb\u00e9m o carro &#8220;Festa do Povo&#8221;, que era multicolorido e simbolizava a t\u00e3o sonhada liberdade. Havia tamb\u00e9m uma criativa ala que simbolizava Mois\u00e9s abrindo os caminhos (foto abaixo).<a href=\"http:\/\/www.pedromigao.com.br\/ourodetolo\/wp-content\/uploads\/2014\/02\/mangueira2003.jpg\"><img loading=\"lazy\" decoding=\"async\" class=\"size-medium wp-image-22984 alignright\" src=\"http:\/\/www.pedromigao.com.br\/ourodetolo\/wp-content\/uploads\/2014\/02\/mangueira2003-300x206.jpg\" alt=\"mangueira2003\" width=\"300\" height=\"206\" srcset=\"http:\/\/www.pedromigao.com.br\/ourodetolo\/wp-content\/uploads\/2014\/02\/mangueira2003-300x206.jpg 300w, http:\/\/www.pedromigao.com.br\/ourodetolo\/wp-content\/uploads\/2014\/02\/mangueira2003.jpg 385w\" sizes=\"auto, (max-width: 300px) 100vw, 300px\" \/><\/a><\/p>\n<p style=\"text-align: justify;\">Ali\u00e1s, os figurinos da Verde e Rosa estavam tamb\u00e9m luxuos\u00edssimos e perfeitamente adequados ao enredo. As vestimentas chamaram tanto a aten\u00e7\u00e3o naquele ano, que a carnavalesca Maria Augusta, na transmiss\u00e3o da TV Globo, classificou as fantasias como <em>&#8220;fora do comum e impec\u00e1veis&#8221;<\/em>. Como destaque, os figurinos do casal de mestre-sala e porta-bandeira formado por Marquinho e Giovanna, que tiveram mais uma grande exibi\u00e7\u00e3o.<\/p>\n<p style=\"text-align: justify;\">O samba n\u00e3o era uma &#8220;pedrada&#8221; como o de 2002, mas ainda assim era dos melhores do ano e contava muito bem o enredo. Componentes e p\u00fablico cantaram com Jamel\u00e3o o tempo todo, proporcionando excelente harmonia, e a bateria do saudoso Mestre Russo mostrou a firmeza de sempre, apesar de bastante acelerada.<\/p>\n<p style=\"text-align: justify;\">Sem sobressaltos de evolu\u00e7\u00e3o apesar dos 4500 componentes, a Mangueira chegou \u00e0 Pra\u00e7a da Apoteose sob os gritos de &#8220;bicampe\u00e3&#8221; e, at\u00e9 aquele momento, havia sido com sobras a melhor escola do ano. Isso porque, al\u00e9m da beleza e qualidade est\u00e9tica, fez uma apresenta\u00e7\u00e3o quente e sem problemas.<\/p>\n<p style=\"text-align: center;\"><a href=\"http:\/\/www.pedromigao.com.br\/ourodetolo\/wp-content\/uploads\/2014\/02\/beijaflor2003b.jpg\"><img loading=\"lazy\" decoding=\"async\" class=\"wp-image-22977 aligncenter\" src=\"http:\/\/www.pedromigao.com.br\/ourodetolo\/wp-content\/uploads\/2014\/02\/beijaflor2003b.jpg\" alt=\"beijaflor2003b\" width=\"548\" height=\"315\" srcset=\"http:\/\/www.pedromigao.com.br\/ourodetolo\/wp-content\/uploads\/2014\/02\/beijaflor2003b.jpg 712w, http:\/\/www.pedromigao.com.br\/ourodetolo\/wp-content\/uploads\/2014\/02\/beijaflor2003b-300x171.jpg 300w, http:\/\/www.pedromigao.com.br\/ourodetolo\/wp-content\/uploads\/2014\/02\/beijaflor2003b-550x315.jpg 550w\" sizes=\"auto, (max-width: 548px) 100vw, 548px\" \/><\/a><\/p>\n<p style=\"text-align: justify;\">Terceira escola a desfilar, a Beija-Flor de Nil\u00f3polis entrou com muita garra para defender o enredo \u201cO povo conta a sua hist\u00f3ria: saco vazio n\u00e3o para em p\u00e9, a m\u00e3o que faz a guerra, faz a paz\u201d. Durante todo o desfile, o samba-enredo interpretado com categoria por Neguinho foi bem recebido pelo p\u00fablico, e a comunidade nilopolitana mostrou a sua habitual for\u00e7a na harmonia, cantando a plenos pulm\u00f5es &#8211; ali\u00e1s, a forma como os componentes da cidade abra\u00e7am sua escola \u00e9 elogi\u00e1vel at\u00e9 hoje. A bateria, embora com marca\u00e7\u00f5es precisas, tamb\u00e9m esteve acelerada demais &#8211; ali\u00e1s, n\u00e3o \u00e9 exagero dizer que 2003 foi o ano em que as baterias mais exageraram na velocidade do ritmo.<\/p>\n<p style=\"text-align: justify;\">O enredo sobre a opress\u00e3o e a fome come\u00e7ou com uma comiss\u00e3o de frente muito bem vestida representando o eterno conflito entre o bem e o mal. Como nos anos anteriores, a Beija-Flor optou por colocar a seguir o sempre brilhante casal de mestre-sala e porta-bandeira Claudinho\/Selminha Sorriso e algumas alas coreografadas antes do enorme e bem realizado primeiro carro, que simbolizava &#8220;A Paz Celestial e a D\u00e1diva do Criador&#8221;.<\/p>\n<p style=\"text-align: justify;\">Outras alegorias tamb\u00e9m causaram excelente impress\u00e3o, como as chamadas &#8220;Grandes Navega\u00e7\u00f5es &#8211; A Gan\u00e2ncia Banhada a Ouro&#8221; e &#8220;O Para\u00edso Terrestre: uma segunda chance&#8221;, que eram imponentes e de bela ilumina\u00e7\u00e3o, al\u00e9m do carro &#8220;Banquete do Povo&#8221;, que tinha diversas cores e boas esculturas.<\/p>\n<p style=\"text-align: justify;\"><a href=\"http:\/\/www.pedromigao.com.br\/ourodetolo\/wp-content\/uploads\/2014\/02\/beijaflor2003d.jpg\"><img loading=\"lazy\" decoding=\"async\" class=\"wp-image-22979 alignleft\" src=\"http:\/\/www.pedromigao.com.br\/ourodetolo\/wp-content\/uploads\/2014\/02\/beijaflor2003d.jpg\" alt=\"beijaflor2003d\" width=\"350\" height=\"234\" srcset=\"http:\/\/www.pedromigao.com.br\/ourodetolo\/wp-content\/uploads\/2014\/02\/beijaflor2003d.jpg 500w, http:\/\/www.pedromigao.com.br\/ourodetolo\/wp-content\/uploads\/2014\/02\/beijaflor2003d-300x200.jpg 300w\" sizes=\"auto, (max-width: 350px) 100vw, 350px\" \/><\/a>Por outro lado, em outros carros houve problemas: o &#8220;Apocalipse &#8211; Ira do Criador&#8221; teve concep\u00e7\u00e3o que n\u00e3o agradou, com monstros feitos de espuma e colora\u00e7\u00e3o sombria; j\u00e1 na alegoria &#8220;Brasil de Hoje: caos social&#8221; o grande boneco que simbolizava um mendigo tinha uma consist\u00eancia visivelmente fr\u00e1gil; por fim, o mais grave, o carro que homenageava o presidente Lula e Nelson Abrah\u00e3o David teve s\u00e9rias falhas de acabamento, com as m\u00e3os do presidente perdendo dedos ao longo da pista e a parte traseira de fraca realiza\u00e7\u00e3o (foto ao lado).<\/p>\n<p style=\"text-align: justify;\">J\u00e1 as fantasias eram perfeitamente adequadas ao enredo e permitiam boas evolu\u00e7\u00f5es (ali\u00e1s, as alas coreografadas tiveram excelente atua\u00e7\u00e3o, principalmente as que retratavam o sofrimento do povo necessitado), mas em mat\u00e9ria de figurinos Mangueira, Viradouro e Salgueiro foram superiores.<\/p>\n<p style=\"text-align: justify;\">A Beija-Flor encerrou de forma bastante alegre seu desfile exaltando a elei\u00e7\u00e3o de Lula e passando uma mensagem de otimismo para a nova era que come\u00e7ava no pa\u00eds. O p\u00fablico recebeu bem a escola na Apoteose, tamb\u00e9m com gritos de &#8220;campe\u00e3&#8221;, mas seria uma briga indigesta para derrotar as advers\u00e1rias pelos problemas est\u00e9ticos citados.<\/p>\n<p style=\"text-align: justify;\">J\u00e1 a Unidos da Tijuca, que prometia muito com o instigante enredo\u00a0\u201cAgud\u00e1s: Os que levaram a \u00c1frica no cora\u00e7\u00e3o e trouxeram para o cora\u00e7\u00e3o da \u00c1frica o Brasil\u201d, teve uma apresenta\u00e7\u00e3o repleta de problemas. Para come\u00e7ar, a comiss\u00e3o de frente se apresentou com figurinos incompletos. Al\u00e9m disso, houve desacoplamento de uma alegoria no come\u00e7o da pista, o que deixou uma cratera na evolu\u00e7\u00e3o.<\/p>\n<p style=\"text-align: justify;\">Para piorar, o excelente samba-enredo n\u00e3o rendeu o que poderia, j\u00e1 que a bateria esteve inexplicavelmente acelerad\u00edssima, sem exagero, praticamente em ritmo de frevo, e o sempre competente int\u00e9rprete N\u00eago cantou em um tom muito acima do normal. Com isso, a escola teve problemas evidentes no quesito Harmonia.<\/p>\n<p style=\"text-align: justify;\">Mas a nota mais triste do desfile foi a queda da atriz Neusa Borges de uma das alegorias pouco antes da entrada na pista, de uma altura de quatro metros. A atriz n\u00e3o correu risco de morte, mas sua recupera\u00e7\u00e3o foi lenta por conta de v\u00e1rias fraturas, as mais graves na bacia e na perna esquerda, que recebeu 22 parafusos.<\/p>\n<p style=\"text-align: justify;\">Infelizmente o bom trabalho visual da escola e a excelente apresenta\u00e7\u00e3o da porta-bandeira Lucinha Nobre e do mestre-sala Rogerinho acabaram sendo in\u00fateis diante desses problemas. Pelo menos, na teoria n\u00e3o havia risco de rebaixamento.<\/p>\n<p style=\"text-align: justify;\">A Unidos do Porto da Pedra tamb\u00e9m teve uma apresenta\u00e7\u00e3o de altos e baixos, com o enredo \u201cOs donos da rua. Um jeitinho brasileiro de ser\u201d. Houve falhas est\u00e9ticas na escola, como danos na pata direita do tigre, o s\u00edmbolo da escola, no abre-alas, e quedas de peda\u00e7os de fantasias. Pena, porque em termos de concep\u00e7\u00e3o houve bons momentos.<\/p>\n<p style=\"text-align: justify;\">Foi uma apresenta\u00e7\u00e3o alegre, que retratou com bom humor as dificuldades e luta do povo que vive nas ruas. O samba n\u00e3o era considerado l\u00e1 essas coisas, mas, com a boa interpreta\u00e7\u00e3o de Preto J\u00f3ia e a atua\u00e7\u00e3o da bateria, at\u00e9 que cresceu. Em resumo: aquela t\u00edpica apresenta\u00e7\u00e3o de meio para baixo na tabela, mas que tamb\u00e9m n\u00e3o parecia destinada a risco de descenso.<\/p>\n<p style=\"text-align: justify;\"><a href=\"http:\/\/www.pedromigao.com.br\/ourodetolo\/wp-content\/uploads\/2014\/02\/mocidade2003.jpg\"><img loading=\"lazy\" decoding=\"async\" class=\"size-medium wp-image-22990 alignleft\" src=\"http:\/\/www.pedromigao.com.br\/ourodetolo\/wp-content\/uploads\/2014\/02\/mocidade2003-300x206.jpg\" alt=\"mocidade2003\" width=\"300\" height=\"206\" srcset=\"http:\/\/www.pedromigao.com.br\/ourodetolo\/wp-content\/uploads\/2014\/02\/mocidade2003-300x206.jpg 300w, http:\/\/www.pedromigao.com.br\/ourodetolo\/wp-content\/uploads\/2014\/02\/mocidade2003.jpg 385w\" sizes=\"auto, (max-width: 300px) 100vw, 300px\" \/><\/a>No primeiro desfile sem o carnavalesco Renato Lage desde 1990, a Mocidade Independente de Padre Miguel teve uma boa apresenta\u00e7\u00e3o. O enredo\u00a0\u201cPara sempre no seu cora\u00e7\u00e3o &#8211; Carnaval da doa\u00e7\u00e3o\u201d, do carnavalesco Chico Spinoza, rendeu cr\u00edticas na fase pr\u00e9-carnavalesca muito por causa do samba-enredo, bem inferior \u00e0s obras daquele ano e, principalmente, de anos anteriores da agremia\u00e7\u00e3o.<\/p>\n<p style=\"text-align: justify;\">Na avenida, por\u00e9m, o que se viu, foi uma apresenta\u00e7\u00e3o muito correta e alegre, com a escola cantando o samba, e alegorias que, se n\u00e3o tinham o luxo visto nos desfiles de Mangueira e Viradouro, eram criativas e contavam bem o enredo sobre a doa\u00e7\u00e3o de \u00f3rg\u00e3os.<\/p>\n<p style=\"text-align: justify;\">A comiss\u00e3o de frente (foto) representava a &#8220;divina forma humana&#8221; e era muito interessante, com os componentes fazendo evolu\u00e7\u00f5es com arcos alem\u00e3es, o que rendeu belo efeito, j\u00e1 que durante as coreografias os componentes acabavam formando a cl\u00e1ssica pintura de Da Vinci. No entanto, quando a comiss\u00e3o se apresentou no meio da pista, um enorme espa\u00e7o ficou at\u00e9 a chegada do extenso e bel\u00edssimo carro abre-alas, que tinha enormes m\u00e3o e cora\u00e7\u00e3o, com belos efeitos de luzes e muito neon.<\/p>\n<p style=\"text-align: justify;\">Agradou muito a alegoria &#8220;Cosme e Dami\u00e3o, Patronos da Medicina&#8221;, que era em tom dourado e, assim como o abre-alas, vazado e com muito neon. O carro &#8220;Banco de \u00d3rg\u00e3os&#8221; era menor, mas bem realizado e tamb\u00e9m com boa ilumina\u00e7\u00e3o, com muitos materiais descart\u00e1veis e tanques de \u00e1gua com mergulhadores simulando corpos armazenados. O carro do centro cir\u00fargico tinha Elza Soares representando &#8220;A Estrela Guia&#8221; e uma boa realiza\u00e7\u00e3o, em prateado e azul.\u00a0As fantasias, tal como as alegorias, eram criativas, al\u00e9m de terem boa concep\u00e7\u00e3o e excelente acabamento.<\/p>\n<p style=\"text-align: justify;\">O samba-enredo, apesar de limitado, foi muit\u00edssimo bem cantado pelos componentes, que tiveram uma evolu\u00e7\u00e3o sem sobressaltos aparentes. Pena que houve problemas na pr\u00f3pria bateria (maravilhosamente cadenciada, ao contr\u00e1rio da maioria) em alguns momentos do desfile &#8211; isso renderia duas notas baixas na apura\u00e7\u00e3o. Mesmo sem empolgar o p\u00fablico, a Mocidade terminou sua simp\u00e1tica exibi\u00e7\u00e3o com boas expectativas de voltar no s\u00e1bado das campe\u00e3s.<\/p>\n<p style=\"text-align: justify;\"><a href=\"http:\/\/www.pedromigao.com.br\/ourodetolo\/wp-content\/uploads\/2014\/02\/imperatriz2003.jpg\"><img loading=\"lazy\" decoding=\"async\" class=\"size-medium wp-image-22982 alignleft\" src=\"http:\/\/www.pedromigao.com.br\/ourodetolo\/wp-content\/uploads\/2014\/02\/imperatriz2003-300x197.jpg\" alt=\"imperatriz2003\" width=\"300\" height=\"197\" srcset=\"http:\/\/www.pedromigao.com.br\/ourodetolo\/wp-content\/uploads\/2014\/02\/imperatriz2003-300x197.jpg 300w, http:\/\/www.pedromigao.com.br\/ourodetolo\/wp-content\/uploads\/2014\/02\/imperatriz2003.jpg 350w\" sizes=\"auto, (max-width: 300px) 100vw, 300px\" \/><\/a>Pouco antes do amanhecer, a Imperatriz Leopoldinense come\u00e7ou sua apresenta\u00e7\u00e3o com duas miss\u00f5es: a primeira, claro, de lutar pelo campeonato, e a segunda, bem mais dif\u00edcil, a de fazer um carnaval para agradar ao p\u00fablico, depois da antipatia gerada nos anos anteriores pelos t\u00edtulos contestados e, principalmente, algumas declara\u00e7\u00f5es de seus dirigentes minimizando a import\u00e2ncia de empolgar os espectadores do samb\u00f3dromo. Fato \u00e9 que a Verde e Branco cumpriu bem a segunda miss\u00e3o &#8211; <span style=\"text-decoration: underline;\"><span style=\"color: #ff6600;\"><a href=\"http:\/\/www.pedromigao.com.br\/ourodetolo\/2010\/08\/samba-de-terca-nem-todo-pirata-tem-perna-de-pau-o-olho-de-vidro-e-a-cara-de-mau\/\" target=\"_blank\" rel=\"noopener noreferrer\"><span style=\"color: #ff6600; text-decoration: underline;\">o Mig\u00e3o escreveu sobre esse desfile no blog, na s\u00e9rie &#8220;Samba de Ter\u00e7a&#8221;<\/span><\/a><\/span><\/span>.<\/p>\n<p style=\"text-align: justify;\">Disposta a &#8220;brincar carnaval&#8221;, como j\u00e1 foi deixado claro no grito de guerra, a Imperatriz iniciou sua agrad\u00e1vel apresenta\u00e7\u00e3o para o enredo\u00a0\u201cNem todo pirata tem perna de pau, olho de vidro e cara de mau\u201d com mais uma brilhante comiss\u00e3o de frente formada por piratas com cara de caveira (foto).<\/p>\n<p style=\"text-align: justify;\">Como de costume, Rosa Magalh\u00e3es foi brilhante na concep\u00e7\u00e3o visual da escola, desta vez apelando para tons mais coloridos tanto em fantasias e alegorias. Inteligentemente, a carnavalesca preparou o desfile para o sol da manh\u00e3, e a divis\u00e3o crom\u00e1tica deu muito certo.<a href=\"http:\/\/www.pedromigao.com.br\/ourodetolo\/wp-content\/uploads\/2014\/02\/imperatriz2003b.jpg\"><img loading=\"lazy\" decoding=\"async\" class=\"size-full wp-image-22983 alignright\" src=\"http:\/\/www.pedromigao.com.br\/ourodetolo\/wp-content\/uploads\/2014\/02\/imperatriz2003b.jpg\" alt=\"imperatriz2003b\" width=\"300\" height=\"225\" \/><\/a><\/p>\n<p style=\"text-align: justify;\">Nos quesitos de pista, a Imperatriz voltou a mostrar compet\u00eancia em Harmonia e Evolu\u00e7\u00e3o, mas nos dois principais quesitos acabou n\u00e3o tendo um desempenho dos melhores: a bateria, a exemplo do que havia acontecido com outras escolas, esteve acelerad\u00edssima, enquanto o samba-enredo, a despeito de ser mais leve do que os dos anos anteriores, n\u00e3o era dos mais inspirados, mesmo com os componentes tendo cantado com for\u00e7a durante todo o desfile.<\/p>\n<p style=\"text-align: justify;\">A Rainha de Ramos encerrou sua simp\u00e1tica apresenta\u00e7\u00e3o certa de que voltaria no Desfile das Campe\u00e3s e, apesar de outras escolas terem feito desfiles mais quentes, uma surpresa ainda maior na apura\u00e7\u00e3o n\u00e3o estava descartada.<\/p>\n<p style=\"text-align: justify;\"><strong>REPERCUSS\u00c3O E APURA\u00c7\u00c3O<\/strong><\/p>\n<p style=\"text-align: justify;\">Os progn\u00f3sticos para a apura\u00e7\u00e3o indicavam Mangueira (principalmente), Viradouro e Salgueiro como melhores escolas do ano, mas a Vermelho e Branco da Tijuca, por ter estourado o tempo regulamentar de desfile em quatro minutos, tinha de cara 0,8 ponto a menos. Das demais escolas, Imperatriz e Beija-Flor corriam por fora. O Salgueiro conquistou o pr\u00eamio mais cobi\u00e7ado do Estandarte de Ouro de &#8220;O Globo&#8221;, o de Melhor Escola. J\u00e1 a Mangueira, mesmo sem empolgar tanto como em 2002, teve uma excel\u00eancia est\u00e9tica que raras vezes se viu, al\u00e9m de ter ido muito bem nos quesitos de pista.<\/p>\n<p style=\"text-align: justify;\">Logo no primeiro quesito (Mestre-Sala e Porta-Bandeira), apenas a Unidos da Tijuca tirou 40 pontos, e surpreendeu a Mangueira ter perdido de cara 0,3, j\u00e1 que o sempre elogiado casal Marquinho e Giovanna, nos oito carnavais anteriores, em apenas dois foi despontuado por algum jurado. Causou espanto maior o 9,5 levado pela impec\u00e1vel comiss\u00e3o de frente da Verde e Rosa, considerada a melhor do ano ao lado do Salgueiro, que de forma mais absurda ainda n\u00e3o levou nenhum 10, perdendo 1,7 ponto s\u00f3 neste quesito. A Beija-Flor, que foi ligeiramente inferior em comiss\u00e3o de frente, levou quatro 10.<\/p>\n<p style=\"text-align: justify;\">O terceiro quesito (Alegorias e Adere\u00e7os) teve mais surpresas, com a Beija-Flor perdendo apenas 0,1, o que foi estranh\u00edssimo pelos j\u00e1 citados danos nos elementos. Neste momento, a Grande Rio estava colada em segundo lugar, mas a escola de Nil\u00f3polis disparou no quesito Conjunto, pois a Grande Rio perdeu 0,8 e a Mangueira, 0,2, enquanto a Azul e Branco levou 10 de todos os jurados. A Beija-Flor perdeu ainda 0,2 em Enredo, mas liderava com confort\u00e1veis 0,6 para a Mangueira e mais de 1,5 para todas as demais escolas, vantagem que n\u00e3o era condizente com o que se viu na pista.<\/p>\n<p style=\"text-align: justify;\">A diferen\u00e7a aumentou ainda mais, j\u00e1 que a Beija-Flor levou 10 de todos os jurados nos \u00faltimos quatro quesitos (Evolu\u00e7\u00e3o, Harmonia, Samba-Enredo e Bateria), enquanto a Mangueira perdeu mais pontos em Harmonia e Bateria. Numa das apura\u00e7\u00f5es mais em gra\u00e7a de que se tem not\u00edcia, a Azul e Branco foi campe\u00e3 com uma dilatada vantagem de um ponto para a Mangueira (399,6 contra 398,6). Surpresa da apura\u00e7\u00e3o, a Grande Rio terminou em terceiro, distantes dois pontos atr\u00e1s da Mangueira, seguida por Imperatriz e Mocidade, com Viradouro e Salgueiro apenas em sexto e s\u00e9timo lugares &#8211; um absurdo, diga-se de passagem.<\/p>\n<p style=\"text-align: justify;\">Mas, para os livros de hist\u00f3ria, 2003 marcou o fim da sina de vice-campeonatos da Beija-Flor, que fez uma enorme festa ainda na Sapuca\u00ed comandada pelo grande Neguinho da Beija-Flor. Este lembrava a todo instante a frase dita no fim da faixa da Beija-Flor no CD de sambas-enredo: <em>&#8220;A esperan\u00e7a venceu o medo&#8221;<\/em> &#8211; veja mais na se\u00e7\u00e3o Curiosidades.<\/p>\n<p style=\"text-align: justify;\"><em>&#8220;Enfim hoje se resgata o reconhecimento que a Beija-Flor merece. A justi\u00e7a foi feita&#8221;<\/em>, vibrou o presidente da escola, Farid Abrah\u00e3o David.<\/p>\n<p style=\"text-align: justify;\">Derrotada, a Mangueira achou um exagero o 9,5 em comiss\u00e3o de frente, mas resignou-se com o vice.<\/p>\n<p style=\"text-align: justify;\"><em>&#8220;Parab\u00e9ns para a Beija-Flor. Ano passado ganhamos n\u00f3s, eles ficaram em segundo. Deixem eles comemorarem, estamos felizes tamb\u00e9m.\u00a0A Mangueira tem a consci\u00eancia do dever cumprido, a satisfa\u00e7\u00e3o de ter sido a favorita do p\u00fablico, da imprensa, de todos, e vai comemorar o vice-campeonato e se preparar para recuperar o t\u00edtulo em 2004&#8221;<\/em>, disse o presidente \u00c1lvaro Caetano.<\/p>\n<p style=\"text-align: justify;\">Apesar de todos os problemas e todas as falhas, inacreditavelmente a Tradi\u00e7\u00e3o n\u00e3o foi rebaixada, sobrando para a Santa Cruz &#8211; que fizera um desfile superior. A escola de Campinho parecia ter o &#8220;corpo fechado&#8221; no que tocava a rebaixamento.<\/p>\n<p style=\"text-align: justify;\"><strong>RESULTADO FINAL<\/strong><\/p>\n<table style=\"height: 750px; width: 590px;\">\n<tbody>\n<tr>\n<td>POS.<\/td>\n<td>ESCOLA<\/td>\n<td>PONTOS<\/td>\n<\/tr>\n<tr>\n<td>1\u00ba<\/td>\n<td>Beija-Flor de Nil\u00f3polis<\/td>\n<td>399,6<\/td>\n<\/tr>\n<tr>\n<td>2\u00ba<\/td>\n<td>Esta\u00e7\u00e3o Primeira de Mangueira<\/td>\n<td>398,6<\/td>\n<\/tr>\n<tr>\n<td>3\u00ba<\/td>\n<td>Acad\u00eamicos do Grande Rio<\/td>\n<td>396,5<\/td>\n<\/tr>\n<tr>\n<td>4\u00ba<\/td>\n<td>Imperatriz Leopoldinense<\/td>\n<td>395,8<\/td>\n<\/tr>\n<tr>\n<td>5\u00ba<\/td>\n<td>Mocidade Independente de Padre Miguel<\/td>\n<td>394,3<\/td>\n<\/tr>\n<tr>\n<td>6\u00ba<\/td>\n<td>Unidos do Viradouro<\/td>\n<td>393,3<\/td>\n<\/tr>\n<tr>\n<td>7\u00ba<\/td>\n<td>Acad\u00eamicos do Salgueiro<\/td>\n<td>390,5<\/td>\n<\/tr>\n<tr>\n<td>8\u00ba<\/td>\n<td>Portela<\/td>\n<td>390,4<\/td>\n<\/tr>\n<tr>\n<td>9\u00ba<\/td>\n<td>Unidos da Tijuca<\/td>\n<td>389,9<\/td>\n<\/tr>\n<tr>\n<td>10\u00ba<\/td>\n<td>Caprichosos de Pilares<\/td>\n<td>385<\/td>\n<\/tr>\n<tr>\n<td>11\u00ba<\/td>\n<td>Unidos do Porto da Pedra<\/td>\n<td>383,5<\/td>\n<\/tr>\n<tr>\n<td>12\u00ba<\/td>\n<td>Imp\u00e9rio Serrano<\/td>\n<td>378,9<\/td>\n<\/tr>\n<tr>\n<td>13\u00ba<\/td>\n<td>Tradi\u00e7\u00e3o<\/td>\n<td>376,8<\/td>\n<\/tr>\n<tr>\n<td>14\u00ba<\/td>\n<td>Acad\u00eamicos de Santa Cruz<\/td>\n<td>371 (rebaixada)<\/td>\n<\/tr>\n<\/tbody>\n<\/table>\n<p>&nbsp;<\/p>\n<p style=\"text-align: justify;\">Se a apura\u00e7\u00e3o do Grupo Especial j\u00e1 foi estranha, a do Grupo de Acesso foi uma das pol\u00eamicas da hist\u00f3ria dos desfiles de escolas de samba do Rio. Em outubro de 2002. mat\u00e9ria do jornal &#8220;O Dia&#8221; relatou que no meio carnavalesco dizia-se que a S\u00e3o Clemente seria campe\u00e3 (a escola vivia jejum de t\u00edtulos desde os anos 60) com &#8220;10 em tudo&#8221;, inclusive com valores de eventuais &#8220;acertos&#8221; com a Associa\u00e7\u00e3o das Escolas de Samba, ent\u00e3o organizadora daquele desfile &#8211; falava-se em 35 mil d\u00f3lares \u00e0 \u00e9poca.<\/p>\n<p style=\"text-align: justify;\">Se houve acerto pr\u00e9vio ou n\u00e3o, isso jamais foi provado, e a extensa lista de lendas de carnaval ganhou mais um item. Mas o fato \u00e9 que a S\u00e3o Clemente, mesmo sendo a primeira a desfilar, como se dizia antes, obteve a nota m\u00e1xima em todos os quesitos, ainda que tenha feito um desfile no qual, com boa vontade, brigaria pelo quarto lugar com a Est\u00e1cio de S\u00e1.<\/p>\n<p style=\"text-align: justify;\"><a href=\"http:\/\/www.pedromigao.com.br\/ourodetolo\/wp-content\/uploads\/2014\/02\/tuiuti-2003.jpg\"><img loading=\"lazy\" decoding=\"async\" class=\"alignleft size-medium wp-image-23068\" src=\"http:\/\/www.pedromigao.com.br\/ourodetolo\/wp-content\/uploads\/2014\/02\/tuiuti-2003-300x169.jpg\" alt=\"tuiuti 2003\" width=\"300\" height=\"169\" srcset=\"http:\/\/www.pedromigao.com.br\/ourodetolo\/wp-content\/uploads\/2014\/02\/tuiuti-2003-300x169.jpg 300w, http:\/\/www.pedromigao.com.br\/ourodetolo\/wp-content\/uploads\/2014\/02\/tuiuti-2003.jpg 488w\" sizes=\"auto, (max-width: 300px) 100vw, 300px\" \/><\/a>Uni\u00e3o da Ilha e Para\u00edso do Tuiuti fizeram grandes desfiles, que brilhariam inclusive no Grupo Especial, ambas calcadas em grandes trabalhos de seus carnavalescos, ent\u00e3o revela\u00e7\u00f5es: Paulo Menezes e uma inesquec\u00edvel Maria Clara Machado na Ilha, e Paulo Barros e um Portinari muito criativo no Tuiuti &#8211; com direito a um abre alas com uma coroa feita com milhares de latas de tinta (na foto, Barros ao lado do carro no barrac\u00e3o) doadas pela empresa Suvinil. Al\u00e9m disso, a Unidos de Vila Isabel, homenageando Oscar Niemeyer &#8211; e com um lindo samba &#8211; tamb\u00e9m passara melhor que a vencedora, segundo p\u00fablico e cr\u00edtica.<\/p>\n<p style=\"text-align: justify;\">Os telespectadores da CNT foram &#8220;brindados&#8221; ao vivo com um festival de palavr\u00f5es.<\/p>\n<p><iframe loading=\"lazy\" title=\"Protestos na apura\u00e7\u00e3o\" width=\"525\" height=\"394\" src=\"https:\/\/www.youtube.com\/embed\/5iV_J-DtFGA?feature=oembed\" frameborder=\"0\" allow=\"accelerometer; autoplay; clipboard-write; encrypted-media; gyroscope; picture-in-picture; web-share\" referrerpolicy=\"strict-origin-when-cross-origin\" allowfullscreen><\/iframe><\/p>\n<p style=\"text-align: justify;\">Saraivada de palavr\u00f5es \u00e0 parte, os ent\u00e3o presidentes de Vila Isabel e Uni\u00e3o da Ilha falam claramente em manipula\u00e7\u00e3o do resultado.<\/p>\n<p style=\"text-align: justify;\"><em>&#8220;A Vila Isabel n\u00e3o tem nem o que falar, bota um carnaval desse na rua, um gasto danado, pra ter uma escola que ganha antes, com uma p&#8230; de uma fantasia daquela ganhando de mim. Vou fazer o qu\u00ea? Isso \u00e9 o presidente da Associa\u00e7\u00e3o, por isso n\u00e3o tem credibilidade p&#8230; nenhuma, o prefeito n\u00e3o d\u00e1 aumento p&#8230; nenhuma, com um filho da p&#8230; desse ladr\u00e3o a\u00ed. Por isso o carnaval t\u00e1 na m&#8230; que t\u00e1, por causa de um filho da p&#8230; desse ladr\u00e3o a\u00ed&#8221;, <\/em>esbravejou Evandro Boc\u00e3o, presidente da Vila.<\/p>\n<p style=\"text-align: justify;\">J\u00e1 o presidente da Ilha, Jorge Taufie Gazele, exigiu uma mudan\u00e7a radical na organiza\u00e7\u00e3o dos desfiles:<\/p>\n<p style=\"text-align: justify;\"><em>&#8220;Isso \u00e9 um roubo, isso \u00e9 uma sacanagem. um canalha. Todo mundo sabia que a S\u00e3o Clemente ia ser campe\u00e3. A S\u00e3o Clemente t\u00e1 melhor do que a Beija Flor, 10 em tudo, e todo mundo viu a S\u00e3o Clemente desfilar. Isso a\u00ed \u00e9 o Walter <\/em>(Teixeira, ent\u00e3o presidente da Associa\u00e7\u00e3o), <em>a culpa \u00e9 da Liesa, que tem de intervir. Todo mundo sabe da idoneidade da Liesa. O Walter \u00e9 o \u00faltimo ano dele e est\u00e1 enchendo o rabo de dinheiro. A gente recebeu 13.700 reais porque ele deixou a diretoria passada levar o dinheiro todo<\/em><\/p>\n<p style=\"text-align: justify;\">Enquanto isso, o presidente da Aurinegra, Renato Almeida Gomes, o Renatinho, chegou a dar uma ironizada nos advers\u00e1rios que reclamaram ainda durante a apura\u00e7\u00e3o:<\/p>\n<p style=\"text-align: justify;\"><em>&#8220;Eu fiz o meu carnaval. S\u00e3o 37 anos sem um t\u00edtulo, sempre me sacanearam e eu nunca chiei. Cada um faz o seu, eu fiz o meu. A S\u00e3o Clemente desfilou&#8230; Tira um defeito da S\u00e3o Clemente&#8230;bota um defeito. Onde ela errou? Quero ver quem fala&#8230;&#8221;<\/em><\/p>\n<p style=\"text-align: justify;\">T\u00e3o logo foi consumada a vit\u00f3ria clementiana, mais palavr\u00f5es, agora do lado vencedor.<\/p>\n<p style=\"text-align: justify;\"><em>&#8220;S\u00e3o 37 anos, a S\u00e3o Clemente t\u00e1 viva, p&#8230;! Isso aqui \u00e9 fam\u00edlia, tenho que honrar a minha fam\u00edlia, p&#8230;! Me sacanearam o ano todo, a vida toda, 37 anos! Quero ver onde t\u00e1 o meu erro! Faz carnaval, p&#8230;!&#8221;<\/em> berrou um transtornado Renatinho.<\/p>\n<p style=\"text-align: justify;\">Enfim, um ano de resultados muito question\u00e1veis.<\/p>\n<p style=\"text-align: justify;\">O Grupo de Acesso B foi vencido pela Lins Imperial (homenageando Aroldo Melodia), com a Alegria da Zona Sul vice campe\u00e3 &#8211; ambas promovidas. Vale lembrar que em outros dois grupos da mesma Associa\u00e7\u00e3o das Escolas de Samba (fora da Sapuca\u00ed) as campe\u00e3s obtiveram uma diferen\u00e7a absolutamente inusitada em rela\u00e7\u00e3o \u00e0s demais escolas.<\/p>\n<p style=\"text-align: justify;\"><strong>CURIOSIDADES<\/strong><\/p>\n<p style=\"text-align: justify;\">&#8211; Maria Augusta voltou a comentar os desfiles das escolas de samba do Grupo Especial, e se juntou a Ivo Meirelles e Haroldo Costa nos coment\u00e1rios da TV Globo. Andr\u00e9 Marques e Dudu Nobre passaram a comandar a Esquina do Samba na concentra\u00e7\u00e3o.<\/p>\n<p style=\"text-align: justify;\">&#8211; Causou revolta em Padre Miguel a nota 8,2 dada pelo jurado Teo Lima \u00e0 bateria da Mocidade Independente. No Desfile das Campe\u00e3s, a escola levou uma faixa de protesto contra o julgador. Em tempo: se tivesse tirado dez, a Mocidade teria subido apenas uma posi\u00e7\u00e3o, para o quarto lugar.<\/p>\n<p style=\"text-align: justify;\">&#8211; Foi o \u00faltimo desfile de Luma de Oliveira como rainha de bateria da Viradouro. No ano seguinte, ela desfilaria pela Mocidade, mas desistiu sob a desculpa de que estava gr\u00e1vida. Mentira confessada depois pela pr\u00f3pria, que alegou ter feito uma tentativa desesperada de salvar seu casamento com Eike Batista. N\u00e3o deu certo, pois os dois se separaram logo depois do Carnaval.<\/p>\n<p style=\"text-align: justify;\">&#8211; Neusa Borges processou a Unidos da Tijuca por neglig\u00eancia no caso do acidente e, oito anos depois, ganhou na Justi\u00e7a o direito a uma indeniza\u00e7\u00e3o de R$ 700 mil. A atriz revelou que moveu a a\u00e7\u00e3o porque foi despejada do apartamento em que vivia por n\u00e3o ter dinheiro devido \u00e0 falta de trabalho pelo acidente.<\/p>\n<p style=\"text-align: justify;\">&#8211; A Mangueira chorou a perda de tr\u00eas nomes importantes de sua hist\u00f3ria em 2003: Dona Zica (vi\u00fava de Cartola), o carnavalesco Oswaldo Jardim (que fez trabalhos fundamentais para o sucesso do movimento &#8220;Muda, Mangueira&#8221; nos anos 90), e o passista Ademir Gargalhada (eterno parceiro de Rosemary nos desfiles).<\/p>\n<p style=\"text-align: justify;\">&#8211; Durante a corrida \u00e0 presid\u00eancia da Rep\u00fablica em 2002, a atriz Regina Duarte causou pol\u00eamica ao dizer na propaganda do PSDB a frase <em>&#8220;eu tenho medo&#8221;,<\/em>\u00a0referindo-se ao candidato petista Lula. Este, ao vencer a elei\u00e7\u00e3o, rebateu: <em>&#8220;A esperan\u00e7a venceu o medo&#8221;<\/em>, frase que Neguinho da Beija-Flor usou para encerrar a faixa da escola no CD de sambas-enredo de 2003. E repetida pelo brilhante int\u00e9rprete como mencionado no texto, no trecho sobre a apura\u00e7\u00e3o.<\/p>\n<p style=\"text-align: justify;\">&#8211; A escultura do presidente Lula no carro aleg\u00f3rico da Beija-Flor terminou o desfile com apenas SEIS dedos nas m\u00e3os. E de 40 pontos poss\u00edveis no quesito, a escola somou 39,9&#8230;<\/p>\n<p style=\"text-align: justify;\"><strong>CANTINHO DO EDITOR &#8211; por Pedro Mig\u00e3o<\/strong><\/p>\n<p style=\"text-align: justify;\">O pr\u00e9-carnaval da Portela foi um tanto conturbado naquele ano. O carnavalesco Alexandre Louzada prop\u00f4s mais de uma dezena de enredos at\u00e9 ter o tema sobre a Cinel\u00e2ndia aceito. Al\u00e9m disso, a prepara\u00e7\u00e3o do desfile sofreu com a falta de recursos: o presidente, inconformado com o resultado do ano anterior, resolveu n\u00e3o investir.<\/p>\n<p style=\"text-align: justify;\">A disputa de samba tamb\u00e9m foi complicada: ap\u00f3s uma final com seis (!) sambas, acabou sendo levado para a avenida aquele que em minha opini\u00e3o era o mais fraco daquela noite &#8211; em resultado que vazou antes mesmo do an\u00fancio. O ent\u00e3o favorito samba de David Corr\u00eaa (que pela \u00faltima vez seria finalista na escola) estendeu sua apresenta\u00e7\u00e3o em mais uma passada como protesto. Pessoalmente fiquei t\u00e3o aborrecido que s\u00f3 voltaria a uma final dez anos depois.<\/p>\n<p style=\"text-align: justify;\">Desfilei em ala de comunidade naquele ano, em uma ala que representava o bloco Bafo da On\u00e7a. A fantasia pesava por baixo uns 20 a 25 quilos, com uma cara de on\u00e7a no resplendor que deveria ter quase um metro de envergadura. Some-se a isso que tivemos de correr por causa da quebra do carro e tivemos um desfile bem infeliz. Apesar do esfor\u00e7o para ensaiar, muitas vezes indo a p\u00e9 de Cascadura, onde morava, at\u00e9 a quadra, com o dinheiro contado da entrada (R$ 3). Eu estava desempregado naquele pr\u00e9-carnaval.<\/p>\n<p style=\"text-align: justify;\">Mesmo desempregado, assisti (sem gastar um centavo) aos tr\u00eas dias de desfile, sempre em arquibancada: setor 3 no Acesso A, 11 no domingo e no 1 na segunda feira. Ainda fui xingado quando retornei ao setor 11 ap\u00f3s o desfile da Portela, como se tivesse culpa pelo mau desfile da escola&#8230; Ali\u00e1s, foi meu \u00fanico desfile naquele ano.<\/p>\n<p style=\"text-align: justify;\">A prop\u00f3sito, a corrida que dei com minha ent\u00e3o namorada pela Presidente Vargas a fim de chegar a tempo de ver a S\u00e3o Clemente foi digna de Usain Bolt&#8230; \u00c9 o tipo do caso em que todo mundo sabe o que aconteceu, mas como n\u00e3o h\u00e1 recibos, nem grava\u00e7\u00f5es, fica no terreno das lendas. As esculturas da escola eram quase todas recicladas do ano anterior, entre outras coisas.<\/p>\n<p style=\"text-align: justify;\">Naquele mesmo Acesso A, Est\u00e1cio de S\u00e1 e Uni\u00e3o de Jacarepagu\u00e1 conseguiram dois bons sambas de temas \u00e1ridos: a cidade de Cachoeiras de Macacu e o boi zebu, respectivamente. A Acad\u00eamicos da Rocinha homenageou o Fluminense e por muito pouco n\u00e3o caiu para a terceira divis\u00e3o do samba&#8230;<\/p>\n<p style=\"text-align: justify;\">O enredo do Imp\u00e9rio Serrano, originalmente, seria uma proposta patrocinada da Light (concession\u00e1ria de energia do Rio de Janeiro), mas o carnavalesco Ernesto do Nascimento (em seu \u00faltimo Carnaval) gostou tanto do tema que acabou levando para avenida ainda que sem patroc\u00ednio. Mas a realiza\u00e7\u00e3o acabou bastante herm\u00e9tica &#8211; e olha que o filho do carnavalesco passou o desfile inteiro me explicando o significado dos carros e alas&#8230;<\/p>\n<p style=\"text-align: justify;\">O Salgueiro estourou o tempo porque seu presidente e sua Dire\u00e7\u00e3o de Harmonia pensavam que o tempo m\u00e1ximo era de 85 minutos, n\u00e3o 80 como constava no regulamento.<\/p>\n<p style=\"text-align: justify;\">Como j\u00e1 contei na &#8220;Samba de Ter\u00e7a&#8221; sobre este desfile, o samba da Imperatriz foi muito mexido entre a disputa e a grava\u00e7\u00e3o do\u00a0CD. \u00c9 praticamente outro samba &#8211; que, ali\u00e1s, me traz boas lembran\u00e7as daquele pr\u00e9-Carnaval.<\/p>\n<p style=\"text-align: justify;\">O conjunto de fantasias da Mocidade foi muito criticado antes do desfile, mas, no conjunto, funcionou bem. Come\u00e7ou um jejum de 14 anos da escola sem retornar ao Desfile das Campe\u00e3s, apesar de uma nota bastante baixa (8,2) da bateria &#8211; dizem as m\u00e1s l\u00ednguas que dada com um ano de atraso&#8230;<\/p>\n<p style=\"text-align: justify;\">O desfile da Grande Rio foi um dos mais chatos a que assisti at\u00e9 aquele momento. Minha namorada dormiu de roncar na arquibancada e s\u00f3 n\u00e3o segui o mesmo caminho pois tinha de me arrumar para desfilar na Portela. Fora o eletrocutado&#8230;<\/p>\n<p style=\"text-align: justify;\">At\u00e9 hoje h\u00e1 controv\u00e9rsias sobre quem teria dado o tom errado do belo samba da Unidos da Tijuca, se o puxador ou o cavaquinista&#8230;<\/p>\n<p style=\"text-align: justify;\">Com a chuva, o len\u00e7ol que cobria o \u00faltimo &#8220;carro&#8221; da Tradi\u00e7\u00e3o foi ficando transparente e a marca da empresa dona do carro de som, aparente&#8230;<\/p>\n<p style=\"text-align: justify;\">Pessoalmente, o resultado do Especial me surpreendeu bastante: poucas vezes vi uma escola dominar t\u00e3o amplamente um desfile como a Mangueira fez naquela oportunidade, e a Verde e Rosa deveria ter sido campe\u00e3 com &#8220;um p\u00e9 nas costas&#8221;. O rebaixamento da Tradi\u00e7\u00e3o tamb\u00e9m era &#8220;pule de 10&#8221;, com o perd\u00e3o do trocadilho &#8211; mas n\u00e3o foi o que se viu na apura\u00e7\u00e3o.<\/p>\n<p style=\"text-align: justify;\">Uni\u00e3o da Ilha e Para\u00edso do Tuiuti fizeram naquela oportunidade seus melhores desfiles na d\u00e9cada.<\/p>\n<p style=\"text-align: justify;\"><strong>Links<\/strong><\/p>\n<p style=\"text-align: justify;\">O desfile campe\u00e3o da Beija-Flor em 2003<\/p>\n<p><iframe loading=\"lazy\" title=\"Beija-Flor - Carnaval 2003 - Desfile Completo\" width=\"525\" height=\"394\" src=\"https:\/\/www.youtube.com\/embed\/7DJS3XGs4O8?feature=oembed\" frameborder=\"0\" allow=\"accelerometer; autoplay; clipboard-write; encrypted-media; gyroscope; picture-in-picture; web-share\" referrerpolicy=\"strict-origin-when-cross-origin\" allowfullscreen><\/iframe><\/p>\n<p style=\"text-align: justify;\">A brilhante exibi\u00e7\u00e3o que deu o vice \u00e0 Mangueira<\/p>\n<p><iframe loading=\"lazy\" title=\"Mangueira - Carnaval 2003 - Desfile Completo\" width=\"525\" height=\"394\" src=\"https:\/\/www.youtube.com\/embed\/bGs81MwSVh8?feature=oembed\" frameborder=\"0\" allow=\"accelerometer; autoplay; clipboard-write; encrypted-media; gyroscope; picture-in-picture; web-share\" referrerpolicy=\"strict-origin-when-cross-origin\" allowfullscreen><\/iframe><\/p>\n<p style=\"text-align: justify;\">A linda homenagem da Viradouro a Bibi Ferreira<\/p>\n<p><iframe loading=\"lazy\" title=\"Viradouro - Carnaval 2003 - Desfile Compleo\" width=\"525\" height=\"394\" src=\"https:\/\/www.youtube.com\/embed\/iQcaPosWQ7E?feature=oembed\" frameborder=\"0\" allow=\"accelerometer; autoplay; clipboard-write; encrypted-media; gyroscope; picture-in-picture; web-share\" referrerpolicy=\"strict-origin-when-cross-origin\" allowfullscreen><\/iframe><\/p>\n<p style=\"text-align: justify;\">O injusti\u00e7ado desfile do Salgueiro<\/p>\n<p><iframe loading=\"lazy\" title=\"Salgueiro 2003 - Salgueiro, Minha Paix\u00e3o, Minha Raiz - 50 Anos de Gl\u00f3rias\" width=\"525\" height=\"394\" src=\"https:\/\/www.youtube.com\/embed\/6bnBd2Cc-mM?feature=oembed\" frameborder=\"0\" allow=\"accelerometer; autoplay; clipboard-write; encrypted-media; gyroscope; picture-in-picture; web-share\" referrerpolicy=\"strict-origin-when-cross-origin\" allowfullscreen><\/iframe><\/p>\n<p style=\"text-align: justify;\"><strong>Fotos: Liesa, O Globo e O Dia<\/strong><\/p>\n<p>&nbsp;<\/p>\n","protected":false},"excerpt":{"rendered":"<p>O regulamento para os desfiles das escolas de samba do Grupo Especial do Rio sofreu apenas uma mudan\u00e7a significativa para 2003: em vez de umTour Details<\/p>\n","protected":false},"author":14,"featured_media":22991,"comment_status":"open","ping_status":"open","sticky":false,"template":"","format":"standard","meta":{"footnotes":""},"categories":[1134],"tags":[63,18,66,104,366,394],"class_list":["post-39806","post","type-post","status-publish","format-standard","has-post-thumbnail","hentry","category-historias-do-sambodromo","tag-beija-flor","tag-carnaval","tag-mangueira","tag-salgueiro","tag-sambodromo","tag-sapucai"],"_links":{"self":[{"href":"http:\/\/www.pedromigao.com.br\/ourodetolo\/wp-json\/wp\/v2\/posts\/39806","targetHints":{"allow":["GET"]}}],"collection":[{"href":"http:\/\/www.pedromigao.com.br\/ourodetolo\/wp-json\/wp\/v2\/posts"}],"about":[{"href":"http:\/\/www.pedromigao.com.br\/ourodetolo\/wp-json\/wp\/v2\/types\/post"}],"author":[{"embeddable":true,"href":"http:\/\/www.pedromigao.com.br\/ourodetolo\/wp-json\/wp\/v2\/users\/14"}],"replies":[{"embeddable":true,"href":"http:\/\/www.pedromigao.com.br\/ourodetolo\/wp-json\/wp\/v2\/comments?post=39806"}],"version-history":[{"count":2,"href":"http:\/\/www.pedromigao.com.br\/ourodetolo\/wp-json\/wp\/v2\/posts\/39806\/revisions"}],"predecessor-version":[{"id":50279,"href":"http:\/\/www.pedromigao.com.br\/ourodetolo\/wp-json\/wp\/v2\/posts\/39806\/revisions\/50279"}],"wp:featuredmedia":[{"embeddable":true,"href":"http:\/\/www.pedromigao.com.br\/ourodetolo\/wp-json\/wp\/v2\/media\/22991"}],"wp:attachment":[{"href":"http:\/\/www.pedromigao.com.br\/ourodetolo\/wp-json\/wp\/v2\/media?parent=39806"}],"wp:term":[{"taxonomy":"category","embeddable":true,"href":"http:\/\/www.pedromigao.com.br\/ourodetolo\/wp-json\/wp\/v2\/categories?post=39806"},{"taxonomy":"post_tag","embeddable":true,"href":"http:\/\/www.pedromigao.com.br\/ourodetolo\/wp-json\/wp\/v2\/tags?post=39806"}],"curies":[{"name":"wp","href":"https:\/\/api.w.org\/{rel}","templated":true}]}}