{"id":39788,"date":"2016-02-01T11:51:16","date_gmt":"2016-02-01T13:51:16","guid":{"rendered":"http:\/\/www.pedromigao.com.br\/ourodetolo\/?p=39788"},"modified":"2016-02-01T12:11:58","modified_gmt":"2016-02-01T14:11:58","slug":"o-carnaval-tambem-tem-suas-cenas-lamentaveis","status":"publish","type":"post","link":"http:\/\/www.pedromigao.com.br\/ourodetolo\/2016\/02\/o-carnaval-tambem-tem-suas-cenas-lamentaveis\/","title":{"rendered":"O Carnaval tamb\u00e9m tem suas &#8220;Cenas Lament\u00e1veis&#8221;"},"content":{"rendered":"<p style=\"text-align: justify;\">Nas redes sociais, chamam-se de &#8220;Cenas Lament\u00e1veis&#8221; situa\u00e7\u00f5es em diversos esportes onde h\u00e1 confus\u00e3o. Uma troca de sopapos, uma briga generalizada, xingamentos, uma entrada mais forte&#8230; Se tornou uma nomenclatura comum para estes casos.<\/p>\n<p style=\"text-align: justify;\">Se o leitor pensa que o carnaval est\u00e1 imune a estas situa\u00e7\u00f5es, se engana redondamente. As apura\u00e7\u00f5es de resultados, tanto no Rio de Janeiro como em S\u00e3o Paulo, s\u00e3o campos f\u00e9rteis para confus\u00f5es e &#8220;Cenas Lament\u00e1veis&#8221;. Pancadarias, xingamentos, cadeiras arremessadas, acusa\u00e7\u00f5es de propinas, notas rasgadas, notas sumidas, amea\u00e7as de morte e coisas semelhantes ocorrem com razo\u00e1vel periodicidade na hist\u00f3ria do carnaval.<\/p>\n<p style=\"text-align: justify;\">Nos \u00faltimos anos o Grupo Especial do Rio de Janeiro tem andado &#8220;comportado&#8221; em termos de confus\u00f5es, mas o Grupo de Acesso e o Especial de S\u00e3o Paulo tem mantido esta tradi\u00e7\u00e3o. J\u00e1 passaram os tempos onde a apura\u00e7\u00e3o carioca era realizada dentro do quartel da Pol\u00edcia Militar por conta das pancadarias ocorridas entre dirigentes e especialmente entre torcidas.<\/p>\n<p style=\"text-align: justify;\">O objetivo deste artigo \u00e9 lembrar algumas destas confus\u00f5es ocorridas em apura\u00e7\u00f5es de resultado. Obviamente estarei longe de esgotar o tema, mas j\u00e1 temos aqui farto material de an\u00e1lise. O colunista Bruno Malta colaborou com as apura\u00e7\u00f5es paulistas.<\/p>\n<p style=\"text-align: justify;\"><strong>1960 &#8211; A Pancadaria de Natal<\/strong><\/p>\n<p style=\"text-align: justify;\">A apura\u00e7\u00e3o dos quesitos havia proclamado a Portela tetracampe\u00e3 do carnaval, com 100 pontos contra 95 do Salgueiro, vice campe\u00e3o. Entretanto, nas apura\u00e7\u00f5es de penalidades o Salgueiro seria declarado campe\u00e3o originalmente.<\/p>\n<p style=\"text-align: justify;\">Natal protestou e apanhou da Pol\u00edcia, gerando uma grande confus\u00e3o e a suspens\u00e3o da contagem dos pontos. No dia seguinte ele deu a sugest\u00e3o que acabaria aceita, de declarar campe\u00e3s as cinco primeiras colocadas.<\/p>\n<p style=\"text-align: justify;\">A d\u00e9cada de 60, ali\u00e1s, foi pr\u00f3diga em pancadarias entre torcidas durante apura\u00e7\u00f5es.<\/p>\n<p style=\"text-align: justify;\"><strong>1988 &#8211; Mangueira vs Vila Isabel<\/strong><\/p>\n<p style=\"text-align: justify;\">No ano anterior o ins\u00f3lito t\u00edtulo da Mangueira havia gerado bastante animosidade entre as torcidas. em 1988 as duas escolas disputaram ponto a ponto o t\u00edtulo. O resultado? Pancadaria generalizada entre as torcidas.<\/p>\n<p style=\"text-align: justify;\"><strong>1989 &#8211; A apura\u00e7\u00e3o que n\u00e3o terminou<\/strong><\/p>\n<p style=\"text-align: justify;\">Esta \u00e9 de S\u00e3o Paulo. Camisa Verde e Branco e Unidos do Peruche disputavam o t\u00edtulo ponto a ponto at\u00e9 que o presidente do Camisa simplesmente pegou as notas restantes e levou para casa. Como o Camisa estava na frente, foi declarado campe\u00e3o.<\/p>\n<p><iframe loading=\"lazy\" title=\"Zulu: A voz da apura\u00e7\u00e3o do carnaval de SP - No Mundo do Samba  - 31\/07 - PARTE 2\" width=\"525\" height=\"394\" src=\"https:\/\/www.youtube.com\/embed\/6xCo1pMiAR4?feature=oembed\" frameborder=\"0\" allow=\"accelerometer; autoplay; clipboard-write; encrypted-media; gyroscope; picture-in-picture; web-share\" referrerpolicy=\"strict-origin-when-cross-origin\" allowfullscreen><\/iframe><\/p>\n<p style=\"text-align: justify;\"><strong>1993 &#8211; Uma divis\u00e3o suspeita?<\/strong><\/p>\n<p style=\"text-align: justify;\">A apura\u00e7\u00e3o paulista, a princ\u00edpio, correu sem problemas. O que pouca gente sabe, por\u00e9m, \u00e9 de uma confus\u00e3o gigantesca que aconteceu horas antes da apura\u00e7\u00e3o. Essa hist\u00f3ria s\u00f3 se tornou p\u00fablica em 2010, quando o locutor oficial da apura\u00e7\u00e3o, Zulu a revelou no Programa No Mundo do Samba. Nessa \u00e9poca, Zulu era coordenador da Liga e as notas eram recolhidas por um outro membro, que levava as notas para casa, montava uma tabela com os resultados e devolvia tudo no dia da apura\u00e7\u00e3o.<\/p>\n<p style=\"text-align: justify;\">Tudo ia muito bem at\u00e9 horas antes do in\u00edcio da divulga\u00e7\u00e3o das notas, quando Zulu, j\u00e1 preparado para a leitura, recebeu a informa\u00e7\u00e3o de que j\u00e1 tinha um pessoal da imprensa com o resultado final na m\u00e3o. As diretorias armaram uma verdadeira quizumba e, sem dar maiores detalhes, Zulu, que sempre foi ligado ao Camisa, disse que a hist\u00f3ria \u2013 o empate entre Camisa e Vai-Vai \u2013 \u201cn\u00e3o foi bem assim\u201d e que a Saracura s\u00f3 se sagrou campe\u00e3 porque a Presidente Magali optou por dividir o t\u00edtulo. Ou seja: o Camisa teria, ao menos segundo Zulu, terminado \u00e0 frente da Saracura. De todo modo, a Liga aprendeu a li\u00e7\u00e3o e, a partir de 1994, passou a guardar as c\u00e9dulas no Batalh\u00e3o da ROTA.<\/p>\n<p style=\"text-align: justify;\"><strong>1997 &#8211; Bolinha Fria?<\/strong><\/p>\n<p style=\"text-align: justify;\">Acesso do Rio. Tradi\u00e7\u00e3o, S\u00e3o Clemente e Caprichosos de Pilares acabaram empatadas com 178 pontos e somente duas subiriam. A Tradi\u00e7\u00e3o foi declarada campe\u00e3 mesmo com bateria e baianas desfilando sem fantasia. Foi realizado um sorteio para definir a segunda promovida e o pessoal da S\u00e3o Clemente at\u00e9 hoje jura que houve &#8220;bolinha fria&#8221; no sorteio.<\/p>\n<p style=\"text-align: justify;\">Obviamente, acabou em confus\u00e3o.<\/p>\n<p><iframe loading=\"lazy\" title=\"Apura\u00e7\u00e3o do Carnaval de SP 1997 - Pt. 3\" width=\"525\" height=\"394\" src=\"https:\/\/www.youtube.com\/embed\/Gfa5A3yfu1s?feature=oembed\" frameborder=\"0\" allow=\"accelerometer; autoplay; clipboard-write; encrypted-media; gyroscope; picture-in-picture; web-share\" referrerpolicy=\"strict-origin-when-cross-origin\" allowfullscreen><\/iframe><\/p>\n<p style=\"text-align: justify;\"><strong>1997 &#8211; X9 em todos os sentidos<\/strong><\/p>\n<p style=\"text-align: justify;\">Ent\u00e3o Presidente da Liga, Laurentino Marques, o Lauro, era tamb\u00e9m o Presidente da X-9 e o encarregado da leitura das notas. Durante a apura\u00e7\u00e3o, ele por algumas vezes se esqueceu de dizer os nomes dos jurados, o que levou a uma s\u00e9rie de suspeitas sobre poss\u00edveis fraudes nas notas. A apura\u00e7\u00e3o foi paralisada algumas vezes por conta dos incessantes protestos vindos dos diretores \u2013 que, \u00e0 \u00e9poca, n\u00e3o ficavam em mesas como atualmente, mas sim em bancos de madeira, um ao lado do outro \u2013 e da gritaria nas arquibancadas.<\/p>\n<p style=\"text-align: justify;\">O v\u00eddeo acima \u00e9 indispens\u00e1vel, \u00e9pico. Algumas declara\u00e7\u00f5es como as que transcrevo abaixo do ent\u00e3o presidente da Vai Vai:<\/p>\n<p style=\"text-align: justify;\"><em>&#8220;- A X-9 atropelou os garis! Porra, arrebentou a harmonia. Tr\u00eas 10! A X-9 foi e veio com \u00edndio amarelo, \u00edndio verde e \u00edndio cor de rosa. E a comiss\u00e3o de frente &#8216;pr\u00e1gio&#8217; (sic) da Uni\u00e3o da Ilha. Mas deixa esse safado comigo que ele t\u00e1 fora da Liga.<\/em><\/p>\n<p><em>&#8211; Sol\u00f3n, e agora o que voc\u00ea vai fazer?<\/em><\/p>\n<p><em>&#8211; Primeira coisa que eu vou fazer \u00e9 dar uns tapas na cara dele pra ele deixar de ser pilantra&#8221;.<\/em><\/p>\n<p><strong>2001: Gavi\u00f5es e novamente Sol\u00f3n<\/strong><\/p>\n<p style=\"text-align: justify;\">A torcida da Gavi\u00f5es da Fiel armou um quiproqu\u00f3 danado na apura\u00e7\u00e3o. Ao final da divulga\u00e7\u00e3o das notas, torcedores atiraram paus e pedras em alegorias de outras escolas e entraram em confronto com a Pol\u00edcia. Outros espancaram um cinegrafista da Band. O Presidente da Vai-Vai, Sol\u00f3n Tadeu, acusou os membros da Fiel Torcida de invadirem seu barrac\u00e3o.<\/p>\n<p style=\"text-align: justify;\">Infelizmente, o v\u00eddeo n\u00e3o est\u00e1 mais no YouTube, mas o pr\u00f3prio Sol\u00f3n protagonizou um momento \u00edmpar na hist\u00f3ria das apura\u00e7\u00f5es. No meio da leitura das notas, discutiu com um jornalista. Rodeado por fot\u00f3grafos e outros rep\u00f3rteres, bradava: \u201c<em>isso \u00e9 uma festa! Quem t\u00e1 querendo briga aqui, agora? Quem t\u00e1 querendo briga pra voc\u00ea me fazer uma pergunta dessas? \u00d4, meu irm\u00e3o, eu t\u00f4 cheio de mulher l\u00e1 em casa!\u201d<\/em><\/p>\n<p style=\"text-align: justify;\">Sol\u00f3n chegou a ir para cima do \u201cadvers\u00e1rio\u201d, mas foi contido por quem estava por ali. Enquanto a briga rolava, as notas eram lidas normalmente ao fundo.<\/p>\n<p style=\"text-align: justify;\"><strong><a href=\"http:\/\/www.pedromigao.com.br\/ourodetolo\/2015\/03\/o-que-chico-spinosa-e-emerson-leao-tem-em-comum\/vaivaicampea\/\" rel=\"attachment wp-att-33506\"><img loading=\"lazy\" decoding=\"async\" class=\"aligncenter size-full wp-image-33506\" src=\"http:\/\/www.pedromigao.com.br\/ourodetolo\/wp-content\/uploads\/2015\/03\/vaivaicampea.jpg\" alt=\"vaivaicampea\" width=\"420\" height=\"280\" srcset=\"http:\/\/www.pedromigao.com.br\/ourodetolo\/wp-content\/uploads\/2015\/03\/vaivaicampea.jpg 420w, http:\/\/www.pedromigao.com.br\/ourodetolo\/wp-content\/uploads\/2015\/03\/vaivaicampea-300x200.jpg 300w\" sizes=\"auto, (max-width: 420px) 100vw, 420px\" \/><\/a>2005: Sol\u00f3n pede m\u00fasica no Fant\u00e1stico<\/strong><\/p>\n<p style=\"text-align: justify;\">Ao final da apura\u00e7\u00e3o, o Presidente da Vai-Vai, Sol\u00f3n Tadeu, se dirigiu \u00e0 grade onde ficavam representantes da Liga. Exasperado, ele, ao lado do filho, disse palavras duras aos dirigentes. De repente, um enorme quebra-pau se instalou. Sobrou porrada para tudo quanto \u00e9 lado. Gente de tudo quanto \u00e9 escola entrou no meio e, por pouco, nada mais grave ocorreu.<\/p>\n<p style=\"text-align: justify;\">Agora as duas vers\u00f5es: uma diz que o filho de Sol\u00f3n empurrou um seguran\u00e7a e ali se deu toda a confus\u00e3o. A outra, diz que o seguran\u00e7a agrediu o filho de Sol\u00f3n e dali surgiu o quebra-pau.<\/p>\n<p style=\"text-align: justify;\">Em meio ao quebra-pau do p\u00f3s-apura\u00e7\u00e3o, chamaram uma vez mais a aten\u00e7\u00e3o as declara\u00e7\u00f5es do Presidente da Vai-Vai, Sol\u00f3n Tadeu Pereira. Irritado com a suposta agress\u00e3o que sofreu do seguran\u00e7a da Liga, ele disse que, gra\u00e7as ao seguran\u00e7a em quest\u00e3o, seria capaz de \u201cexplodir o Anhembi\u201d.<\/p>\n<p style=\"text-align: justify;\">Ele, ali\u00e1s, cumpriu a promessa da escola n\u00e3o se apresentar no Desfile das Campe\u00e3s por considerar o resultado uma fraude.<\/p>\n<p style=\"text-align: justify;\"><strong>2003: 35 mil doletas (?) e uma saraivada de palavr\u00f5es<\/strong><\/p>\n<p style=\"text-align: justify;\">O v\u00eddeo est\u00e1 no alto do post. Revoltados com a S\u00e3o Clemente tirando notas 10 de todos os jurados, os presidentes da Vila Isabel (Evandro Boc\u00e3o) e da Uni\u00e3o da Ilha (Peixinho) soltaram o verbo em rede nacional. Transcrevo abaixo:<\/p>\n<p style=\"text-align: justify;\">Boc\u00e3o: <em>\u201cN\u00e3o, a Vila Isabel n\u00e3o tem nem o que falar, \u00f4. Bota um Carnaval desse na Avenida, um gasto danado, pra ele j\u00e1 ter escola que ganha antes e com uma PORRA duma fantasia daquela t\u00e1 ganhando de mim. Vou fazer o que? Isso \u00e9 o Presidente da Associa\u00e7\u00e3o. Por isso que n\u00e3o tem credibilidade PORRA nenhuma, prefeito n\u00e3o d\u00e1 aumento PORRA nenhuma e por isso que o Carnaval t\u00e1 na merda que t\u00e1: por causa de um ladr\u00e3o filho da puta desses a\u00ed\u201d.<\/em><\/p>\n<p style=\"text-align: justify;\">Peixinho: <em>\u201cIsso a\u00ed \u00e9 um roubo, \u00e9 uma pouca sacanagem. Todo mundo j\u00e1 sabia que a S\u00e3o Clemente ia ser campe\u00e3. A S\u00e3o Clemente t\u00e1 melhor que a Beija-Flor, 10 em tudo! Sendo que todo mundo viu a S\u00e3o Clemente desfilar\u2026 Agora, culpada disso \u00e9 a Liesa, que tem que intervir. O Walter, \u00e9 o \u00faltimo ano dele, t\u00e1 enchendo o rabo de dinheiro, levando o dinheiro de todo mundo. Fizemos o melhor Carnaval da Avenida (sem desfazer das corim\u00e3s). A\u00ed chega aqui: 10; 9.9; 10; 9.9. Isso \u00e9 sacanagem, p\u00f4. Um ano de trabalho\u201d<\/em>.<\/p>\n<p style=\"text-align: justify;\">\u00cdndio, diretor de carnaval da Vila: <em>\u201cO que t\u00e1 havendo? Deveria perguntar ao Walter e essa cachorrada que julga o Grupo de Acesso. Isso \u00e9 uma pouca vergonha! Ano passado fomos garfados e esse ano n\u00e3o foi diferente\u201d. <\/em><\/p>\n<p style=\"text-align: justify;\">Walter no caso \u00e9 Walter Teixeira, presidente da Associa\u00e7\u00e3o das Escolas de Samba do Rio de Janeiro. No v\u00eddeo o presidente da S\u00e3o Clemente ainda tripudia das outras escolas. Nunca se provou documentalmente, mas o que se fala desde a \u00e9poca no meio (jamais desmentido, bom que se diga) \u00e9 que a S\u00e3o Clemente teria pago 35 mil d\u00f3lares pela ascens\u00e3o ao Grupo Especial.<\/p>\n<p style=\"text-align: justify;\">Ali\u00e1s, n\u00e3o foi o primeiro acesso pol\u00eamico deste mil\u00eanio, nem o \u00faltimo&#8230;<\/p>\n<p style=\"text-align: justify;\"><strong>2006: o vendedor da Nestl\u00e9 enxotado<\/strong><\/p>\n<p style=\"text-align: justify;\">Ap\u00f3s uma apura\u00e7\u00e3o onde a Grande Rio quase se sagrou campe\u00e3 com um desfile bem abaixo da cr\u00edtica, os vendedores de picol\u00e9 da Nestl\u00e9 &#8211; que patrocinava a agremia\u00e7\u00e3o caxiense &#8211; que trabalhavam na Pra\u00e7a da Apoteose foram enxotados por outros presidentes. Com direito a um coment\u00e1rio feito por um deles:<\/p>\n<p style=\"text-align: justify;\"><em>&#8220;- Agora s\u00f3 tomo Kibon&#8221;<\/em><\/p>\n<p style=\"text-align: justify;\">Por que ser\u00e1? At\u00e9 hoje n\u00e3o se sabe o que motivou tal rea\u00e7\u00e3o.<\/p>\n<p style=\"text-align: justify;\"><strong>2006: Cadeiras Voando (Parte I)<\/strong><\/p>\n<p style=\"text-align: justify;\">Inconformado com o resultado e por ter recebido apenas quatro notas 10, o Presidente da Gavi\u00f5es, que parou a apura\u00e7\u00e3o em diversas oportunidades (n\u00e3o foi o \u00fanico, o Presidente Betinho, da Nen\u00ea, chegou a arremessar cadeiras em dire\u00e7\u00e3o \u00e0 mesa de apura\u00e7\u00e3o), afirmou que a escola deixaria o Carnaval.<\/p>\n<p style=\"text-align: justify;\">N\u00e3o cumpriu a promessa.<\/p>\n<p style=\"text-align: justify;\"><strong>2008: um Caso de Pol\u00edcia e uma Pancadaria<\/strong><\/p>\n<p style=\"text-align: justify;\">Acesso B do Rio de Janeiro. A Unidos de Padre Miguel, que havia sido disparada a melhor escola, ficou apenas em terceiro lugar em uma apura\u00e7\u00e3o que foi caso de Pol\u00edcia &#8211; eu teria dado queixa caso estivesse no lugar deles.<\/p>\n<p style=\"text-align: justify;\">Revoltada, a torcida da escola desceu baixando o pau no que visse pela frente, em uma pancadaria de propor\u00e7\u00f5es razo\u00e1veis. Ali\u00e1s, a agremia\u00e7\u00e3o de Padre Miguel tem uma cole\u00e7\u00e3o consider\u00e1vel de &#8220;garfos&#8221; nos seus \u00faltimos desfiles &#8211; suficientes para formar um aparelho de jantar&#8230;<\/p>\n<p><iframe loading=\"lazy\" title=\"Tropa de Choque \u00e9 chamada para conter confus\u00e3o na apura\u00e7\u00e3o do Grupo de Acesso A carioca\" width=\"525\" height=\"394\" src=\"https:\/\/www.youtube.com\/embed\/cgGVVi6lwOU?feature=oembed\" frameborder=\"0\" allow=\"accelerometer; autoplay; clipboard-write; encrypted-media; gyroscope; picture-in-picture; web-share\" referrerpolicy=\"strict-origin-when-cross-origin\" allowfullscreen><\/iframe><\/p>\n<p style=\"text-align: justify;\"><strong>2010: &#8220;Pol\u00edcia pra quem precisa&#8221;<\/strong><\/p>\n<p style=\"text-align: justify;\">Mais uma vez a Unidos de Padre Miguel, desta vez no Acesso A. Revoltada com o rebaixamento, a torcida da escola come\u00e7ou a jogar pedras, cadeiras e tudo o que estivesse \u00e0 m\u00e3o na mesa apuradora. A Pol\u00edcia foi chamada para conter os \u00e2nimos e em resposta os torcedores come\u00e7aram a gritar:<\/p>\n<p style=\"text-align: justify;\"><em>&#8220;- Pol\u00edcia pra quem precisa! Pol\u00edcia pra quem precisa!&#8221;<\/em> (referindo-se aos julgadores e dirigentes);<\/p>\n<p style=\"text-align: justify;\"><em>&#8220;- Prende o Reginaldo!&#8221;<\/em> (em alus\u00e3o ao presidente da Lesga Reginaldo Gomes, entidade que organizava os desfiles \u00e0 \u00e9poca, de triste mem\u00f3ria);<\/p>\n<p style=\"text-align: justify;\">A prop\u00f3sito, a quadra da campe\u00e3 S\u00e3o Clemente estava fechada naquela oportunidade&#8230;<\/p>\n<p style=\"text-align: justify;\"><strong>2010:<\/strong> <strong>Cadeiras Voando (Parte II)<\/strong><\/p>\n<p style=\"text-align: justify;\">Integrantes da Gavi\u00f5es, que j\u00e1 n\u00e3o estavam muito satisfeitos, perderam de vez a paci\u00eancia com as notas no quesito Enredo. Entre diretores e torcedores, voaram em dire\u00e7\u00e3o \u00e0 mesa de apura\u00e7\u00e3o copos, chinelos e cadeiras. Ao fim da leitura das notas, os componentes invadiram a Marginal Tiet\u00ea e assustaram quem por ali passava de carro.<\/p>\n<p><iframe loading=\"lazy\" title=\"APURA\u00c7\u00c3O - Rosas de Ouro \u00e9 campe\u00e3 do Carnaval 2010 de S\u00e3o Paulo\" width=\"525\" height=\"394\" src=\"https:\/\/www.youtube.com\/embed\/MTjcY4sc9Y8?feature=oembed\" frameborder=\"0\" allow=\"accelerometer; autoplay; clipboard-write; encrypted-media; gyroscope; picture-in-picture; web-share\" referrerpolicy=\"strict-origin-when-cross-origin\" allowfullscreen><\/iframe><\/p>\n<p style=\"text-align: justify;\"><strong>2012: Notas Rasgadas e Cadeiras Voando<\/strong><\/p>\n<p style=\"text-align: justify;\">Nessa teve de tudo: notas rasgadas, cadeiras voando, trof\u00e9us derrubados, pesco\u00e7\u00e3o em rep\u00f3rter, carros incendiados &#8211; e o inesquec\u00edvel epis\u00f3dio da &#8220;crorofila&#8221; ap\u00f3s uma troca de jurados n\u00e3o comunicada aos presidentes das escolas paulistas.<\/p>\n<p style=\"text-align: justify;\">O v\u00eddeo abaixo \u00e9 autoexplicativo.<\/p>\n<p><iframe loading=\"lazy\" title=\"Briga e confus\u00e3o na apura\u00e7\u00e3o de votos das escolas de samba de SP , invasor rasga as notas !\" width=\"525\" height=\"394\" src=\"https:\/\/www.youtube.com\/embed\/eVOdK6TD7G4?feature=oembed\" frameborder=\"0\" allow=\"accelerometer; autoplay; clipboard-write; encrypted-media; gyroscope; picture-in-picture; web-share\" referrerpolicy=\"strict-origin-when-cross-origin\" allowfullscreen><\/iframe><\/p>\n<p style=\"text-align: justify;\">Como os leitores podem perceber, este artigo fica longe de esgotar o tema. N\u00e3o cito aqui por exemplo os 14 jurados com a mesma letra do Acesso carioca de 2011 ou a confus\u00e3o ap\u00f3s o resultado do mesmo grupo no ano seguinte &#8211; que vazou antes da apura\u00e7\u00e3o e depois quase n\u00e3o foi homologado pela Prefeitura carioca.<\/p>\n<p style=\"text-align: justify;\">Vamos aguardar o que ir\u00e1 acontecer neste 2016 &#8211; que a paz reine entre os homens de boa vontade&#8230;<\/p>\n","protected":false},"excerpt":{"rendered":"<p>Nas redes sociais, chamam-se de &#8220;Cenas Lament\u00e1veis&#8221; situa\u00e7\u00f5es em diversos esportes onde h\u00e1 confus\u00e3o. Uma troca de sopapos, uma briga generalizada, xingamentos, uma entrada maisTour Details<\/p>\n","protected":false},"author":2,"featured_media":0,"comment_status":"open","ping_status":"open","sticky":false,"template":"","format":"standard","meta":{"footnotes":""},"categories":[289],"tags":[18,652,19],"class_list":["post-39788","post","type-post","status-publish","format-standard","hentry","category-pedro-migao","tag-carnaval","tag-carnaval-de-sp","tag-escolas-de-samba"],"_links":{"self":[{"href":"http:\/\/www.pedromigao.com.br\/ourodetolo\/wp-json\/wp\/v2\/posts\/39788","targetHints":{"allow":["GET"]}}],"collection":[{"href":"http:\/\/www.pedromigao.com.br\/ourodetolo\/wp-json\/wp\/v2\/posts"}],"about":[{"href":"http:\/\/www.pedromigao.com.br\/ourodetolo\/wp-json\/wp\/v2\/types\/post"}],"author":[{"embeddable":true,"href":"http:\/\/www.pedromigao.com.br\/ourodetolo\/wp-json\/wp\/v2\/users\/2"}],"replies":[{"embeddable":true,"href":"http:\/\/www.pedromigao.com.br\/ourodetolo\/wp-json\/wp\/v2\/comments?post=39788"}],"version-history":[{"count":0,"href":"http:\/\/www.pedromigao.com.br\/ourodetolo\/wp-json\/wp\/v2\/posts\/39788\/revisions"}],"wp:attachment":[{"href":"http:\/\/www.pedromigao.com.br\/ourodetolo\/wp-json\/wp\/v2\/media?parent=39788"}],"wp:term":[{"taxonomy":"category","embeddable":true,"href":"http:\/\/www.pedromigao.com.br\/ourodetolo\/wp-json\/wp\/v2\/categories?post=39788"},{"taxonomy":"post_tag","embeddable":true,"href":"http:\/\/www.pedromigao.com.br\/ourodetolo\/wp-json\/wp\/v2\/tags?post=39788"}],"curies":[{"name":"wp","href":"https:\/\/api.w.org\/{rel}","templated":true}]}}