{"id":39785,"date":"2016-02-01T15:18:33","date_gmt":"2016-02-01T17:18:33","guid":{"rendered":"http:\/\/www.pedromigao.com.br\/ourodetolo\/?p=39785"},"modified":"2020-06-09T23:56:32","modified_gmt":"2020-06-10T02:56:32","slug":"2002-mangueira-vai-no-arrasta-pe-pra-mostrar-a-nacao-do-valente-sertao","status":"publish","type":"post","link":"http:\/\/www.pedromigao.com.br\/ourodetolo\/2016\/02\/2002-mangueira-vai-no-arrasta-pe-pra-mostrar-a-nacao-do-valente-sertao\/","title":{"rendered":"2002: Mangueira vai no arrasta-p\u00e9 pra mostrar a na\u00e7\u00e3o do valente sert\u00e3o"},"content":{"rendered":"<p style=\"text-align: justify;\">A fase pr\u00e9-carnavalesca de 2002 foi marcada por muitas novidades. A come\u00e7ar pelo julgamento, que teve a altera\u00e7\u00e3o mais sens\u00edvel em muitos anos: as notas poderiam ser fracionadas em todas as casas decimais e n\u00e3o apenas em meio ponto. O n\u00famero de jurados tamb\u00e9m mudou, aumentando de 30 para 40. A alega\u00e7\u00e3o da Liesa foi a de tornar os resultados mais justos, j\u00e1 que, com mais jurados e sem descarte de notas, as distor\u00e7\u00f5es teoricamente seriam diminu\u00eddas.<\/p>\n<p style=\"text-align: justify;\">Outra novidade foi o an\u00fancio de que a ilumina\u00e7\u00e3o do samb\u00f3dromo seria customizada para cada escola, com canh\u00f5es de luzes com as cores das agremia\u00e7\u00f5es. A ideia era valorizar a divis\u00e3o crom\u00e1tica das escolas nos respectivos desfiles, mas temia-se por falhas t\u00e9cnicas pela varia\u00e7\u00e3o no acendimento dos refletores &#8211; o que acabaria n\u00e3o acontecendo.<\/p>\n<p style=\"text-align: justify;\">A tricampe\u00e3 Imperatriz Leopoldinense da carnavalesca Rosa Magalh\u00e3es escolheu mais um enredo de nome confuso:\u00a0\u201cGoytacazes&#8230; Tupy or not Tupy in a South American Way\u201d, associando a hist\u00f3ria dos \u00edndios goytacazes de Campos com o manifesto antropof\u00e1gico de Oswald de Andrade e o tropicalismo dos anos 60.<\/p>\n<p style=\"text-align: justify;\">Duas grandes escolas contariam a hist\u00f3ria da avia\u00e7\u00e3o, mas prometiam diferentes \u00f3ticas: a Beija-Flor enfocaria o desafio do homem em voar, e o Salgueiro mostraria mais o pioneirismo da avia\u00e7\u00e3o. Ambos os enredos eram patrocinados, respectivamente pelas companhias a\u00e9reas Varig e TAM.<\/p>\n<p style=\"text-align: justify;\">A Mangueira escolheu um enredo sobre o Nordeste e tinha o melhor samba-enredo do ano. J\u00e1 a Viradouro optou por um tema sobre a uni\u00e3o dos povos do planeta, e a Grande Rio contaria a hist\u00f3ria da coloniza\u00e7\u00e3o do Maranh\u00e3o. A Mocidade prometia um desfile alegre sobre o circo, enquanto a Portela teria um enredo sobre a Amaz\u00f4nia, que j\u00e1 havia brindado a escola com um t\u00edtulo em 1970.<\/p>\n<p style=\"text-align: justify;\">O Imp\u00e9rio Serrano homenagearia o escritor Ariano Suassuna, a Unidos da Tijuca faria uma viagem pelos pa\u00edses de l\u00edngua portuguesa, e a Caprichosos tinha como enredo Porto Alegre. As outras tr\u00eas escolas do Grupo Especial tinham como tema regi\u00f5es ou cidades do estado do Rio: Tradi\u00e7\u00e3o (Regi\u00e3o dos Lagos), Porto da Pedra (Petr\u00f3polis) e S\u00e3o Clemente (Guapimirim).<\/p>\n<p style=\"text-align: justify;\"><strong>OS DESFILES<\/strong><\/p>\n<p style=\"text-align: justify;\">A simp\u00e1tica escola da Zona Sul desfilou, como de costume, com irrever\u00eancia ao defender o enredo\u00a0\u201cGuapimirim \u2013 Para\u00edso ecol\u00f3gico aben\u00e7oado pelo dedo de Deus\u201d. O samba-enredo, por exemplo, tinha um engra\u00e7ado verso<em> &#8220;Aqui n\u00e3o tem racionamento de alegria&#8221;<\/em> numa ironia aos problemas energ\u00e9ticos do Brasil em 2001.<\/p>\n<p style=\"text-align: justify;\">Havia ainda uma cr\u00edtica aos problemas do meio-ambiente do munic\u00edpio homenageado.\u00a0Mas foi um desfile, apesar de simp\u00e1tico, bastante irregular, j\u00e1 que as grandes alegorias n\u00e3o eram t\u00e3o luxuosas e ainda apresentaram quebras, o que atrapalhou o conjunto.<\/p>\n<p style=\"text-align: justify;\">Segunda a desfilar, a Caprichosos de Pilares tamb\u00e9m n\u00e3o apresentou um conjunto aleg\u00f3rico dos mais auspiciosos na homenagem a Porto Alegre. Ali\u00e1s, o enredo teoricamente homenageava a regi\u00e3o da capital, mas foi mais abrangente em rela\u00e7\u00e3o \u00e0s tradi\u00e7\u00f5es do estado do Rio Grande do Sul. As fantasias estavam melhores e valorizavam as cores da escola e suas nuances, al\u00e9m das cores vermelha, amarela e verde do estado.<\/p>\n<p style=\"text-align: justify;\">Apesar da sempre competente atua\u00e7\u00e3o do cantor Jackson Martins, o samba-enredo n\u00e3o se mostrou dos mais populares pois era longu\u00edssimo, mas os componentes mostraram muita garra e alegria durante o desfile.<\/p>\n<p style=\"text-align: justify;\"><a href=\"http:\/\/www.pedromigao.com.br\/ourodetolo\/wp-content\/uploads\/2014\/02\/tijuca2002.jpg\"><img loading=\"lazy\" decoding=\"async\" class=\"size-medium wp-image-22790 alignleft\" src=\"http:\/\/www.pedromigao.com.br\/ourodetolo\/wp-content\/uploads\/2014\/02\/tijuca2002-300x191.jpg\" alt=\"tijuca2002\" width=\"300\" height=\"191\" srcset=\"http:\/\/www.pedromigao.com.br\/ourodetolo\/wp-content\/uploads\/2014\/02\/tijuca2002-300x191.jpg 300w, http:\/\/www.pedromigao.com.br\/ourodetolo\/wp-content\/uploads\/2014\/02\/tijuca2002-532x340.jpg 532w, http:\/\/www.pedromigao.com.br\/ourodetolo\/wp-content\/uploads\/2014\/02\/tijuca2002.jpg 720w\" sizes=\"auto, (max-width: 300px) 100vw, 300px\" \/><\/a>A Unidos da Tijuca fez uma boa apresenta\u00e7\u00e3o com o \u00f3timo enredo\u00a0\u201cO sol brilha eternamente sobre o mundo de l\u00edngua portuguesa\u201d, que homenageava os pa\u00edses que falam o nosso conhecido idioma (o sexto mais falado no mundo) e a integra\u00e7\u00e3o entre eles.<\/p>\n<p style=\"text-align: justify;\">O desfile come\u00e7ou com uma excelente comiss\u00e3o de frente (foto): um dos integrantes representava Lu\u00eds de Cam\u00f5es, que, com os demais componentes, pegava a primeira p\u00e1gina de &#8220;Os Lus\u00edadas&#8221; e a transformava num barquinho &#8211; a coreografia foi perfeita e simbolizava o navegar dessa embarca\u00e7\u00e3o.<\/p>\n<p style=\"text-align: justify;\">Agradou o conjunto visual proposto pelo carnavalesco Milton Cunha. O carro abre-alas, por exemplo, apresentou as bandeiras de Brasil, Portugal, Angola, S\u00e3o Tom\u00e9 e Pr\u00edncipe, Cabo Verde, Timor Leste, Guin\u00e9 Bissau, Guin\u00e9 Equatorial e Mo\u00e7ambique formando a cauda do pav\u00e3o, s\u00edmbolo da escola &#8211; havia 5 mil metros quadrados com espelhos. Mas o destaque em alegorias foi o multicolorido e enorme carro &#8220;Temperei com arte em Goa e Mercados de Macau&#8221;.<\/p>\n<p style=\"text-align: justify;\">Multicoloridas tamb\u00e9m estavam as fantasias, e ainda havia interessantes adere\u00e7os de m\u00e3o, que, em diversas alas coreografadas, renderam belo efeito. Os componentes cantaram com entusiasmo o \u00f3timo samba defendido por Wantuir &#8211; por sinal, muito pertinentes os versos finais &#8220;<em>Salve a luta do Timor\/Pela liberdade de express\u00e3o<\/em>&#8220;, j\u00e1 que aquele pa\u00eds vivia uma guerra civil na \u00e9poca.<\/p>\n<p style=\"text-align: justify;\">Pena que a Tijuca teve s\u00e9rios problemas de evolu\u00e7\u00e3o e estourou em dois minutos os 80 regulamentares, o que custaria de cara dois pontos preciosos na apura\u00e7\u00e3o. Mas a Auriazul deixou a Sapuca\u00ed sem risco de rebaixamento e poderia brigar por uma boa coloca\u00e7\u00e3o.<\/p>\n<p style=\"text-align: justify;\">Jo\u00e3osinho Trinta voltou a chamar o dubl\u00ea de astronauta Eric Scott, que encantou no desfile da Grande Rio em 2001, mas a Tricolor de Caxias n\u00e3o conseguiu um desfile t\u00e3o quente assim com o enredo\u00a0\u201cOs papagaios amarelos nas terras encantadas do Maranh\u00e3o\u201d, sobre o per\u00edodo de coloniza\u00e7\u00e3o do estado nordestino.<\/p>\n<p style=\"text-align: justify;\">Dizem as m\u00e1s l\u00ednguas que foi uma, digamos, nova visita ao tema que o pr\u00f3prio Jo\u00e3o escolheu para o Salgueiro em 1974 (\u201cO Rei de Fran\u00e7a na Ilha da Assombra\u00e7\u00e3o\u201d). As mesmas m\u00e1s l\u00ednguas tamb\u00e9m insinuaram que um enredo sobre o Maranh\u00e3o era muito conveniente para a ent\u00e3o pr\u00e9-candidata \u00e0 elei\u00e7\u00e3o presidencial de 2002 Roseana Sarney.<\/p>\n<p style=\"text-align: justify;\">A hist\u00f3ria do enredo remetia ao s\u00e9culo XVII, quando os franceses chegaram ao Maranh\u00e3o ap\u00f3s expedi\u00e7\u00e3o mar\u00edtima e causaram espanto aos \u00edndios da regi\u00e3o, que n\u00e3o entendiam o que eles falavam &#8211; segundo lembrava a sinopse, os franceses ficaram conhecidos como papagaios amarelos. Em termos de acabamento das alegorias, o trabalho foi adequado, mas n\u00e3o se viu nada criativo o suficiente para chamar a aten\u00e7\u00e3o como em 2001. J\u00e1 as fantasias estavam impec\u00e1veis e luxuos\u00edssimas.<\/p>\n<p style=\"text-align: justify;\">A bateria de Mestre Odilon como de costume teve uma cad\u00eancia elogi\u00e1vel, mas o samba-enredo desta vez n\u00e3o agradou tanto. Isso se refletiu na harmonia das alas, que passaram empolgadas no come\u00e7o e foram murchando, murchando&#8230; A evolu\u00e7\u00e3o tamb\u00e9m n\u00e3o foi das melhores e diversos carros passaram muito velozmente pela pista. De qualquer forma, Jo\u00e3o 30 apresentou o enredo de forma bastante coerente. Em resumo, uma apresenta\u00e7\u00e3o correta, mas sem impacto.<\/p>\n<p style=\"text-align: justify;\">A Tradi\u00e7\u00e3o defendeu na avenida o enredo \u201cOs encantos da Terra do Sol\u201d, sobre a Regi\u00e3o dos Lagos, mas n\u00e3o esteve bem em praticamente nenhum quesito. Para come\u00e7ar, o samba-enredo n\u00e3o era dos melhores, e as alas passaram sem grande empolga\u00e7\u00e3o.<\/p>\n<p style=\"text-align: justify;\">O conjunto visual tamb\u00e9m foi irregular &#8211; at\u00e9 agradou o abre-alas com o condor dourado, mas as outras alegorias nem tanto. A divis\u00e3o crom\u00e1tica misturou tons amarelados e alaranjados ao azul e branco da escola.<\/p>\n<p style=\"text-align: justify;\">Mas o desastre maior foi na evolu\u00e7\u00e3o, severamente prejudicada pela quebra do segundo carro aleg\u00f3rico logo na virada para a Sapuca\u00ed &#8211; os integrantes da escola tiveram de serrar parte da alegoria para desbloquear a passagem.<\/p>\n<p style=\"text-align: justify;\">Evidentemente, grandes claros foram criados, e isso refletiria tamb\u00e9m no quesito Harmonia &#8211; sem contar que a escola ficou parada por 20 minutos devido ao problema. Com apenas uma escola caindo, a Tradi\u00e7\u00e3o at\u00e9 que poderia se salvar, mas at\u00e9 o fim das exibi\u00e7\u00f5es das demais escolas, o fantasma do rebaixamento era real.<\/p>\n<p style=\"text-align: justify;\"><a href=\"http:\/\/www.pedromigao.com.br\/ourodetolo\/wp-content\/uploads\/2014\/02\/salgueiro2002.jpg\"><img loading=\"lazy\" decoding=\"async\" class=\"size-medium wp-image-22792 alignleft\" src=\"http:\/\/www.pedromigao.com.br\/ourodetolo\/wp-content\/uploads\/2014\/02\/salgueiro2002-200x300.jpg\" alt=\"salgueiro2002\" width=\"200\" height=\"300\" srcset=\"http:\/\/www.pedromigao.com.br\/ourodetolo\/wp-content\/uploads\/2014\/02\/salgueiro2002-200x300.jpg 200w, http:\/\/www.pedromigao.com.br\/ourodetolo\/wp-content\/uploads\/2014\/02\/salgueiro2002-226x340.jpg 226w, http:\/\/www.pedromigao.com.br\/ourodetolo\/wp-content\/uploads\/2014\/02\/salgueiro2002.jpg 280w\" sizes=\"auto, (max-width: 200px) 100vw, 200px\" \/><\/a>Sempre cercado de grande expectativa, o Salgueiro fez mais uma exibi\u00e7\u00e3o de qualidade no primeiro desfile da noite sobre a avia\u00e7\u00e3o. O enredo\u00a0\u201cAsas de um sonho. Viajando com o Salgueiro, o orgulho de ser brasileiro\u201d, do carnavalesco Mauro Quintaes, contou bem a hist\u00f3ria dos pioneiros na avia\u00e7\u00e3o e ainda homenageou o comandante Rolim Amaro (nome que alavancou a empresa a\u00e9rea TAM, patrocinadora do enredo), morto meses antes.<\/p>\n<p style=\"text-align: justify;\">O desfile come\u00e7ou com uma interessante comiss\u00e3o de frente que simbolizava a inspira\u00e7\u00e3o para o homem voar, ou seja, os p\u00e1ssaros. A fantasia era luxuosa, mas ficou a impress\u00e3o de que isso dificultou a coreografia dos componentes, que retratavam voos.<\/p>\n<p style=\"text-align: justify;\">O samba-enredo n\u00e3o era considerado dos mais inspirados, mas foi bem cantado por N\u00eago, e a bateria do saudoso Mestre Louro imprimiu uma cad\u00eancia sensacional (ganhou o Estandarte de Ouro de &#8220;O Globo&#8221;). Mas o p\u00fablico n\u00e3o se mostrou empolgado, e os componentes tamb\u00e9m n\u00e3o cantaram com a vibra\u00e7\u00e3o que se espera, at\u00e9 porque outra vez a escola estava com o exagerado contingente de 5.500 pessoas. Os desfilantes evolu\u00edram o tempo todo com muita rapidez para passarem abaixo dos 80 minutos regulamentares e, se n\u00e3o deixaram buracos, acabaram n\u00e3o desfilando com entusiasmo.<\/p>\n<p style=\"text-align: justify;\">As alegorias eram de boa concep\u00e7\u00e3o e acabamento, mas o elemento que mais agradou foi justamente o que tinha uma colora\u00e7\u00e3o diferente em rela\u00e7\u00e3o ao vermelho e branco do Salgueiro: o carro &#8220;Nas rotas do c\u00e9u: Travessia do Atl\u00e2ntico&#8221;, todo em azul esverdeado, tinha uma enorme escultura de Netuno, que com seu sopro impulsionava um avi\u00e3o para vencer o trecho acima dos mares. Tamb\u00e9m chamou a aten\u00e7\u00e3o a alegoria &#8220;Odisseia Espacial&#8221;, com muitos efeitos em n\u00e9on e tendo como destaque o boxeador Acelino Pop\u00f3 Freitas, ent\u00e3o campe\u00e3o mundial dos superm\u00e9dios.<\/p>\n<p style=\"text-align: justify;\">A homenagem ao comandante Rolim aconteceu na \u00faltima alegoria (foto), que tinha uma bem realizada escultura. O carro era precedido por uma interessante ala formada por sinalizadores de aeroportos.\u00a0Foi uma apresenta\u00e7\u00e3o bonita, a melhor at\u00e9 aquele momento, mas n\u00e3o ficou a sensa\u00e7\u00e3o de que o Salgueiro brigaria com for\u00e7a pelo t\u00edtulo, at\u00e9 porque muitas escolas consideradas fortes ainda passariam pela Sapuca\u00ed.<\/p>\n<p style=\"text-align: justify;\"><a href=\"http:\/\/www.pedromigao.com.br\/ourodetolo\/wp-content\/uploads\/2014\/02\/beijaflor2002b.jpg\"><img loading=\"lazy\" decoding=\"async\" class=\"size-medium wp-image-22776 alignleft\" src=\"http:\/\/www.pedromigao.com.br\/ourodetolo\/wp-content\/uploads\/2014\/02\/beijaflor2002b-300x200.jpg\" alt=\"beijaflor2002b\" width=\"300\" height=\"200\" srcset=\"http:\/\/www.pedromigao.com.br\/ourodetolo\/wp-content\/uploads\/2014\/02\/beijaflor2002b-300x200.jpg 300w, http:\/\/www.pedromigao.com.br\/ourodetolo\/wp-content\/uploads\/2014\/02\/beijaflor2002b.jpg 420w\" sizes=\"auto, (max-width: 300px) 100vw, 300px\" \/><\/a>Engasgada com tr\u00eas vice-campeonatos consecutivos, a Beija-Flor entrou com for\u00e7a na avenida e fez mais uma bela apresenta\u00e7\u00e3o com um tema parecido com o do Salgueiro, mas com outro vi\u00e9s. O enredo \u201cO Brasil d\u00e1 o ar da sua gra\u00e7a. De \u00cdcaro a Ruben Berta, o \u00edmpeto de voar\u201d abordou o sonho do homem em voar, em que ele se inspirou para encarar este desafio e as realiza\u00e7\u00f5es da avia\u00e7\u00e3o.<\/p>\n<p style=\"text-align: justify;\">Antes do desfile, uma pol\u00eamica, como de costume com a Igreja Cat\u00f3lica: a escola foi obrigada a retirar as imagens de S\u00e3o Jorge e Nossa Senhora Aparecida que pretendia colocar numa alegoria.<\/p>\n<p style=\"text-align: justify;\">Minutos antes do amanhecer, a Beija-Flor come\u00e7ou sua apresenta\u00e7\u00e3o com uma bel\u00edssima comiss\u00e3o de frente representando &#8220;o dom divino de voar&#8221;. As fantasias dos integrantes simbolizavam o beija-flor, tinham diferentes cores e, claro, asas (foto). A coreografia tamb\u00e9m foi muito feliz e rendeu \u00f3timo efeito. Logo a seguir, numa solu\u00e7\u00e3o interessante, desfilara, o sempre impec\u00e1vel casal de mestre-sala e porta-bandeira Claudinho e Selminha Sorriso, e uma pequena ala.<\/p>\n<p style=\"text-align: justify;\">O primeiro carro era multicolorido e enorme, com 40 metros de comprimento e dividido em duas partes acopladas, representando na primeira o sonho de voar com animais pr\u00e9-hist\u00f3ricos como dinossauros &#8211; as esculturas em espuma facilitavam os movimentos articulados, e integrantes da alegoria tamb\u00e9m simbolizavam voos com suas belas fantasias; a segunda parte era cheio de borboletas e muito bem realizada.<\/p>\n<p style=\"text-align: justify;\">Agradou tamb\u00e9m o segundo carro, chamado &#8220;Mitologia das Asas: de \u00cdcaro \u00e0 Magia Oriental&#8221; , com excelente ilumina\u00e7\u00e3o e esculturas muito bem realizadas e acabadas. Mas a alegoria &#8220;Leonardo da Vinci e o Renascimento Italiano&#8221;, que tamb\u00e9m era bonita ao mostrar cores mais suaves, tinha concep\u00e7\u00e3o muito parecida com a anterior, com uma grande escultura central e outras nas laterais, e o carro &#8220;Ruben Berta &#8211; o P\u00e1ssaro do Progresso&#8221;, embora tamb\u00e9m bonito, parecia ter sa\u00eddo da mesma f\u00f4rma. Neste caso, faltaram solu\u00e7\u00f5es mais criativas, embora ambos os carros estivessem adequados ao enredo e fossem bem acabados.<img loading=\"lazy\" decoding=\"async\" class=\"size-medium wp-image-22775 alignright\" src=\"http:\/\/www.pedromigao.com.br\/ourodetolo\/wp-content\/uploads\/2014\/02\/beijaflor2002-300x200.jpg\" alt=\"beijaflor2002\" width=\"300\" height=\"200\" srcset=\"http:\/\/www.pedromigao.com.br\/ourodetolo\/wp-content\/uploads\/2014\/02\/beijaflor2002-300x200.jpg 300w, http:\/\/www.pedromigao.com.br\/ourodetolo\/wp-content\/uploads\/2014\/02\/beijaflor2002.jpg 420w\" sizes=\"auto, (max-width: 300px) 100vw, 300px\" \/><\/p>\n<p style=\"text-align: justify;\">Mas infelizmente depois houve vis\u00edveis problemas no carro aleg\u00f3rico &#8220;Portas e Janelas se abrem para o Mundo&#8221;. A alegoria tamb\u00e9m era acoplada e na primeira parte tinha uma aeronave por cima de barracos (foto), enquanto na segunda havia duas esculturas de gorilas. Tanto o avi\u00e3o como os gorilas destoavam completamente do restante das alegorias, com danos nas esculturas e um visual que n\u00e3o era nada condizente com a grandeza hist\u00f3rica da Beija-Flor nos quesitos pl\u00e1sticos. Na teoria, o carro representava a populariza\u00e7\u00e3o do avi\u00e3o como meio de transporte e os tais gorilas simbolizavam o continente africano (?!).<\/p>\n<p style=\"text-align: justify;\">O carro &#8220;O Guerreiro Protetor da Lua&#8221; representava a corrida espacial, mas tamb\u00e9m destoou em rela\u00e7\u00e3o aos primeiros elementos, pois era bem menor e tinha uma concep\u00e7\u00e3o pobre, com estruturas metalizadas cercando uma escultura (esta, ao contr\u00e1rio, bel\u00edssima e muito bem acabada) de um cavaleiro semelhante a S\u00e3o Jorge, protetor da Lua, sat\u00e9lite da Terra explorado pelos americanos entre os anos 60 e 70.<\/p>\n<p style=\"text-align: justify;\">Se em alegorias a Beija-Flor esteve irregular, as fantasias estavam impec\u00e1veis de cabo a rabo e eram praticamente uma certeza de quatro notas dez, at\u00e9 porque proporcionaram uma bel\u00edssima divis\u00e3o crom\u00e1tica, com muitas cores, mas tons que n\u00e3o pesavam. O samba contava bem o enredo e era muito agrad\u00e1vel, e Neguinho mostrou a categoria de sempre na condu\u00e7\u00e3o (ganhou o Estandarte de Ouro de melhor int\u00e9rprete). Mas os filhos do lend\u00e1rio cantor, ainda muito jovens, n\u00e3o conseguiam acompanhar o pai nas notas mais agudas.<\/p>\n<p style=\"text-align: justify;\">A bateria do Mestre Paulinho esteve bem, com o naipe de frigideiras &#8220;falando&#8221; bem alto e uma cad\u00eancia adequada ao samba. A escola tamb\u00e9m esteve perfeita no quesito Harmonia, mas nem tanto em Evolu\u00e7\u00e3o, pois ainda no come\u00e7o houve um grande buraco entre o bloco formado pela comiss\u00e3o de frente, o casal de mestre-sala e porta-bandeira e a primeira ala em rela\u00e7\u00e3o ao primeiro carro aleg\u00f3rico.<\/p>\n<p style=\"text-align: justify;\">A Beija-Flor fez sem d\u00favida o desfile mais quente do domingo e foi recebida na Apoteose com gritos de &#8220;campe\u00e3&#8221;. Mas, se a escola esteve impec\u00e1vel em parte dos quesitos, a clara irregularidade do conjunto de alegorias poderia custar a t\u00e3o sonhada vit\u00f3ria. Em 2001, quando merecia ganhar tranquilamente o t\u00edtulo mas n\u00e3o o levou, a Beija-Flor esteve superior em rela\u00e7\u00e3o a 2002.<\/p>\n<p style=\"text-align: justify;\">De volta ao Grupo Especial, a Unidos do Porto da Pedra homenageou Petr\u00f3polis com o enredo\u00a0\u201cSerra acima, rumo \u00e0 Terra dos Coroados\u201d, do jovem carnavalesco Cah\u00ea Rodrigues. Plasticamente a escola teve alguns bons momentos, como o pede passagem com um enorme e bem realizado tigre (s\u00edmbolo da escola) com uma coroa, numa alus\u00e3o ao t\u00edtulo do enredo, e pelo abre-alas, que reproduzia o in\u00edcio de Petr\u00f3polis e os primeiros coroados, os \u00edndios.<\/p>\n<p style=\"text-align: justify;\">O conjunto de fantasias foi correto e agradou muito a dourada fantasia da ala 2002, o sonho do ouro. Esta ala precedia bonita alegoria chamada &#8220;O Eldorado das Minas Gerais&#8221;, pois quem ia para aquele estado em busca de riqueza passava por Petr\u00f3polis obrigatoriamente.<\/p>\n<p style=\"text-align: justify;\">O samba era agrad\u00e1vel e foi bem defendido por Preto J\u00f3ia, que voltava ao Rio depois de incurs\u00e3o em S\u00e3o Paulo na Acad\u00eamicos do Tucuruvi. Como apenas uma escola cairia, a Porto da Pedra saiu da pista com boas expectativas de ao menos permanecer na elite, o que era uma vit\u00f3ria.<\/p>\n<p style=\"text-align: justify;\"><a href=\"http:\/\/www.pedromigao.com.br\/ourodetolo\/wp-content\/uploads\/2014\/02\/mangueira2002.jpg\"><img loading=\"lazy\" decoding=\"async\" class=\"wp-image-22780 aligncenter\" src=\"http:\/\/www.pedromigao.com.br\/ourodetolo\/wp-content\/uploads\/2014\/02\/mangueira2002-510x340.jpg\" alt=\"mangueira2002\" width=\"580\" height=\"380\" \/><\/a>A segunda escola a entrar na Sapuca\u00ed foi a Esta\u00e7\u00e3o Primeira de Mangueira. O enredo \u201cBrazil com Z \u00e9 pra Cabra da Peste, Brasil com S, \u00e9 na\u00e7\u00e3o do Nordeste\u201d levou para a avenida a cultura nordestina, e a Verde e Rosa fez uma apresenta\u00e7\u00e3o arrebatadora, que credenciou a escola como favorita ao t\u00edtulo.<\/p>\n<p style=\"text-align: justify;\">Foi um desfile t\u00edpico dos \u00e1ureos tempos da Mangueira, com muita garra, valentia, samba no p\u00e9 e, ao contr\u00e1rio de outros anos, em que trope\u00e7ou nos pr\u00f3prios erros, a escola se apresentou com corre\u00e7\u00e3o nos quesitos. Al\u00e9m do mais, o conjunto visual n\u00e3o s\u00f3 contou bem o enredo como foi apresentado com criatividade e acabamento de qualidade.<\/p>\n<p style=\"text-align: justify;\"><a href=\"http:\/\/www.pedromigao.com.br\/ourodetolo\/wp-content\/uploads\/2014\/02\/mangueira2002f.jpg\"><img loading=\"lazy\" decoding=\"async\" class=\"size-medium wp-image-22785 alignleft\" src=\"http:\/\/www.pedromigao.com.br\/ourodetolo\/wp-content\/uploads\/2014\/02\/mangueira2002f-300x200.jpg\" alt=\"mangueira2002f\" width=\"300\" height=\"200\" srcset=\"http:\/\/www.pedromigao.com.br\/ourodetolo\/wp-content\/uploads\/2014\/02\/mangueira2002f-300x200.jpg 300w, http:\/\/www.pedromigao.com.br\/ourodetolo\/wp-content\/uploads\/2014\/02\/mangueira2002f.jpg 420w\" sizes=\"auto, (max-width: 300px) 100vw, 300px\" \/><\/a>O samba-enredo, que j\u00e1 era tido como o melhor da safra de 2002, rendeu de forma estupenda, como sempre defendido com categoria pelo inesquec\u00edvel Jamel\u00e3o. A bateria de Mestre Russo imprimiu um veloz andamento ao samba, mas com muita firmeza e consist\u00eancia do come\u00e7o ao fim, com destaque para os desenhos de tamborins e a marca\u00e7\u00e3o seca e precisa do surdo um.<\/p>\n<p style=\"text-align: justify;\">A comiss\u00e3o de frente comandada por Carlinhos de Jesus deu mais um show (foto maior acima), representando\u00a0o casamento de Maria Bonita e Lampi\u00e3o, com direito a padre e cinco retirantes, que carregavam malas remendadas de onde sa\u00edam dan\u00e7arinas vestidas de bonecas &#8211; estas, ali\u00e1s, passaram por severa dieta na fase pr\u00e9-carnavalesca e aulas de contorcionismo para poderem entrar nessas caixas com rodas que simbolizavam as valises. Em outra surpresa, quando a comiss\u00e3o se apresentava no meio da pista, um bal\u00e3o de g\u00e1s com um cartaz escrito &#8220;paz&#8221; foi erguido quando uma das malas foi aberta.<\/p>\n<p style=\"text-align: justify;\"><a href=\"http:\/\/www.pedromigao.com.br\/ourodetolo\/wp-content\/uploads\/2014\/02\/mangueira2002c.jpg\"><img loading=\"lazy\" decoding=\"async\" class=\"size-medium wp-image-22782 alignleft\" src=\"http:\/\/www.pedromigao.com.br\/ourodetolo\/wp-content\/uploads\/2014\/02\/mangueira2002c-203x300.jpg\" alt=\"mangueira2002c\" width=\"203\" height=\"300\" srcset=\"http:\/\/www.pedromigao.com.br\/ourodetolo\/wp-content\/uploads\/2014\/02\/mangueira2002c-203x300.jpg 203w, http:\/\/www.pedromigao.com.br\/ourodetolo\/wp-content\/uploads\/2014\/02\/mangueira2002c.jpg 210w\" sizes=\"auto, (max-width: 203px) 100vw, 203px\" \/><\/a>Max Lopes tamb\u00e9m surpreendeu o p\u00fablico nas alegorias. O abre-alas era quase todo branco (foto menor acima), com 47 cangaceiros da paz, que, montados em seus cavalos, agitavam bandeiras brancas com pombas prateadas desenhadas. O segundo carro (&#8220;O Forte&#8221;) representou as \u00e9pocas de ocupa\u00e7\u00f5es francesa e holandesa, e os &#8220;cabras da peste&#8221; que espantavam esses invasores. A alegoria &#8220;Folclore, o auto do povo&#8221;, sobre os diversos rituais da regi\u00e3o, mesclava dourado, branco e rosa.<\/p>\n<p style=\"text-align: justify;\">Mas sem d\u00favida o carro aleg\u00f3rico que mais empolgou foi o do arrai\u00e1 (foto ao lado), com a inscri\u00e7\u00e3o &#8220;Mangueira traz pra Avenida o maior S\u00e3o Jo\u00e3o do Mundo&#8221;. Nesta alegoria, dezenas de pessoas dan\u00e7avam quadrilha maravilhosamente fantasiadas, ladeadas por cercadinhos, bandeirinhas t\u00edpicas e esculturas infantis de animais e \u00e1rvores.<\/p>\n<p style=\"text-align: justify;\">Outro carro que emocionou o p\u00fablico foi o de nome &#8220;A Retornan\u00e7a&#8221;, com Serginho do Pandeiro e os baluartes mangueirenses &#8211; estes, desfalcados de Dona Zica, que passara mal na v\u00e9spera do desfile e estava no hospital. Havia na alegoria os t\u00edpicos bonecos de madeira entalhada representados por bel\u00edssimas esculturas, com um \u00f3timo jogo de luzes que as valorizavam.<\/p>\n<p style=\"text-align: justify;\"><a href=\"http:\/\/www.pedromigao.com.br\/ourodetolo\/wp-content\/uploads\/2014\/02\/mangueira2002e.jpg\"><img loading=\"lazy\" decoding=\"async\" class=\"size-medium wp-image-22784 alignleft\" src=\"http:\/\/www.pedromigao.com.br\/ourodetolo\/wp-content\/uploads\/2014\/02\/mangueira2002e-300x171.jpg\" alt=\"mangueira2002e\" width=\"300\" height=\"171\" srcset=\"http:\/\/www.pedromigao.com.br\/ourodetolo\/wp-content\/uploads\/2014\/02\/mangueira2002e-300x171.jpg 300w, http:\/\/www.pedromigao.com.br\/ourodetolo\/wp-content\/uploads\/2014\/02\/mangueira2002e-550x315.jpg 550w, http:\/\/www.pedromigao.com.br\/ourodetolo\/wp-content\/uploads\/2014\/02\/mangueira2002e.jpg 712w\" sizes=\"auto, (max-width: 300px) 100vw, 300px\" \/><\/a>As fantasias tamb\u00e9m estavam impec\u00e1veis e criativas, e Max Lopes utilizou diversos adere\u00e7os de m\u00e3o para simbolizar aspectos nordestinos como o boi bumb\u00e1, o maracatu, as sombrinhas do frevo, os bonecos de Olinda e as fitas do Senhor do Bomfim.<\/p>\n<p style=\"text-align: justify;\">A Mangueira teve uma harmonia perfeita durante todo o desfile e o p\u00fablico se manteve aceso, cantando o samba. Sem descompassos de evolu\u00e7\u00e3o, a Verde e Rosa chegou \u00e0 Apoteose sob os gritos de &#8220;campe\u00e3&#8221; e certa de que brigaria com muita for\u00e7a pelo t\u00edtulo.<\/p>\n<p style=\"text-align: justify;\"><a href=\"http:\/\/www.pedromigao.com.br\/ourodetolo\/wp-content\/uploads\/2014\/02\/imperio2002.jpg\"><img loading=\"lazy\" decoding=\"async\" class=\"size-medium wp-image-22779 alignleft\" src=\"http:\/\/www.pedromigao.com.br\/ourodetolo\/wp-content\/uploads\/2014\/02\/imperio2002-300x156.jpg\" alt=\"imperio2002\" width=\"300\" height=\"156\" srcset=\"http:\/\/www.pedromigao.com.br\/ourodetolo\/wp-content\/uploads\/2014\/02\/imperio2002-300x156.jpg 300w, http:\/\/www.pedromigao.com.br\/ourodetolo\/wp-content\/uploads\/2014\/02\/imperio2002-550x287.jpg 550w, http:\/\/www.pedromigao.com.br\/ourodetolo\/wp-content\/uploads\/2014\/02\/imperio2002.jpg 956w\" sizes=\"auto, (max-width: 300px) 100vw, 300px\" \/><\/a>Em seguida, o Imp\u00e9rio Serrano se recuperou do problem\u00e1tico desfile do ano anterior (que quase custou um novo rebaixamento) com uma exibi\u00e7\u00e3o que o colocou como candidato a uma vaga no Desfile das Campe\u00e3s. O enredo \u201cAclama\u00e7\u00e3o e coroa\u00e7\u00e3o do Imperador da pedra do Reino: Ariano Suassuna\u201d foi muito bem desenvolvido pelo carnavalesco Ernesto Nascimento, a despeito de a escola n\u00e3o ter a for\u00e7a econ\u00f4mica de outras.<\/p>\n<p style=\"text-align: justify;\">A bela comiss\u00e3o de frente era formada pelos &#8220;brincantes&#8221;, personagens c\u00f4micos t\u00edpicos presentes nas obras de Suassuna, com boa coreografia e exibi\u00e7\u00f5es de cambalhota. Em seguida, a coroa imperial do abre-alas estava com muito brilho, al\u00e9m de ter boa ilumina\u00e7\u00e3o. As demais alegorias tamb\u00e9m contavam bem o enredo e tinham bom acabamento, assim como as fantasias &#8211; Ariano Suassuna apenas pediu antes do desfile que as mulheres estivessem mais vestidas e a escola assim o fez.<\/p>\n<p style=\"text-align: justify;\">O homenageado, cuja presen\u00e7a era uma inc\u00f3gnita devido ao fato de ser muito reservado, desfilou na \u00faltima alegoria, chamada &#8220;Aclama\u00e7\u00e3o e Coroa\u00e7\u00e3o do Imperador da Pedra do Reino&#8221;, numa bela associa\u00e7\u00e3o de Ariano como imperador de sua terra, o sert\u00e3o, com o &#8220;Romance d&#8217;A Pedra do Reino e o Pr\u00edncipe do Sangue do Vai-e-Volta&#8221;, uma das principais obras do escritor. Este carro, diga-se de passagem, foi o destaque do Imp\u00e9rio nos quesitos visuais.<\/p>\n<p style=\"text-align: justify;\">O samba-enredo era dos melhores do ano e foi bem cantado por Carlinhos da Paz, que teve o luxuoso aux\u00edlio de Quinzinho, lend\u00e1rio int\u00e9rprete imperiano. A bateria dos mestres Macarr\u00e3o e \u00c1tila esteve maravilhosamente cadenciada e com os agog\u00f4s se sobressaindo como de costume. Mesmo sem ter levantado o p\u00fablico, a n\u00e3o ser no momento em que Ariano Suassuna passou, o Imp\u00e9rio terminou seu desfile com boas expectativas para a apura\u00e7\u00e3o.<\/p>\n<p style=\"text-align: justify;\"><a href=\"http:\/\/www.pedromigao.com.br\/ourodetolo\/wp-content\/uploads\/2014\/02\/mocidade2002.jpg\"><img loading=\"lazy\" decoding=\"async\" class=\"size-medium wp-image-22786 alignleft\" src=\"http:\/\/www.pedromigao.com.br\/ourodetolo\/wp-content\/uploads\/2014\/02\/mocidade2002-300x200.jpg\" alt=\"mocidade2002\" width=\"300\" height=\"200\" srcset=\"http:\/\/www.pedromigao.com.br\/ourodetolo\/wp-content\/uploads\/2014\/02\/mocidade2002-300x200.jpg 300w, http:\/\/www.pedromigao.com.br\/ourodetolo\/wp-content\/uploads\/2014\/02\/mocidade2002.jpg 420w\" sizes=\"auto, (max-width: 300px) 100vw, 300px\" \/><\/a>Uma das escolas mais fortes da \u00e9poca, a Mocidade Independente de Padre Miguel conquistou o p\u00fablico com uma brilhante apresenta\u00e7\u00e3o e se credenciou como candidata ao t\u00edtulo. O enredo &#8220;O Grande Circo M\u00edstico&#8221; levou para a Sapuca\u00ed as tradi\u00e7\u00f5es circenses e seus palha\u00e7os e personagens t\u00edpicos. A comiss\u00e3o de frente esteve muito criativa, com equilibristas em cima de monociclos, mas houve pequenos deslizes durante as evolu\u00e7\u00f5es.<\/p>\n<p style=\"text-align: justify;\">Nos quesitos pl\u00e1sticos, Renato Lage, acompanhado pela esposa M\u00e1rcia Lage, fez mais um brilhante trabalho. Agradou bastante o carro &#8220;Danger&#8221; (perigo, em ingl\u00eas), que tinha um globo da morte e tr\u00eas motoqueiros se apresentando como num circo de verdade. Na mesma alegoria estava Beto Carrero, que foi bastante aplaudido.<\/p>\n<p style=\"text-align: justify;\"><a href=\"http:\/\/www.pedromigao.com.br\/ourodetolo\/wp-content\/uploads\/2014\/02\/mocidade2002b.jpg\"><img loading=\"lazy\" decoding=\"async\" class=\"size-medium wp-image-22787 alignleft\" src=\"http:\/\/www.pedromigao.com.br\/ourodetolo\/wp-content\/uploads\/2014\/02\/mocidade2002b-300x200.jpg\" alt=\"mocidade2002b\" width=\"300\" height=\"200\" srcset=\"http:\/\/www.pedromigao.com.br\/ourodetolo\/wp-content\/uploads\/2014\/02\/mocidade2002b-300x200.jpg 300w, http:\/\/www.pedromigao.com.br\/ourodetolo\/wp-content\/uploads\/2014\/02\/mocidade2002b.jpg 420w\" sizes=\"auto, (max-width: 300px) 100vw, 300px\" \/><\/a>Outros personagens famosos ligados ao circo desfilaram, como o grande palha\u00e7o Carequinha e o ator Marcos Frota, que nos anos anteriores se tornara um entusiasta e divulgador dos circos. N\u00e3o faltaram nos elementos aleg\u00f3ricos aspectos como o equilibrista e sua corda bamba, contorcionistas, picadeiros, palha\u00e7os. O casal de mestre-sala e porta-bandeira formado por Daniel e Ver\u00f4nica estava maravilhosamente vestido como colombina e pierrot. Ali\u00e1s, em termos de fantasias, a Mocidade esteve impec\u00e1vel.<\/p>\n<p style=\"text-align: justify;\">O samba-enredo, que n\u00e3o estava entre os mais cotados na fase pr\u00e9-carnavalesca, cresceu na voz de Wander Pires, de volta \u00e0 escola depois de dois carnavais ausente. A bateria apresentou uma cad\u00eancia espetacular, mas infelizmente um problema no sistema de som fez os ritmistas atravessarem e pararem de tocar por duas passadas do samba.<\/p>\n<p style=\"text-align: justify;\">Nem esse contratempo diminuiu a empolga\u00e7\u00e3o dos componentes e o p\u00fablico, que no come\u00e7o estava mais frio mas cantou bastamte com a escola da metade do cortejo em diante. Sem d\u00favida foi um dos melhores desfiles do ano, mas os problemas j\u00e1 citados com a bateria, al\u00e9m de pequenos descompassos na evolu\u00e7\u00e3o e a presen\u00e7a de alguns estranhos em meio \u00e0s alas, poderiam custar caro na briga pelo t\u00edtulo.<\/p>\n<p style=\"text-align: justify;\"><a href=\"http:\/\/www.pedromigao.com.br\/ourodetolo\/wp-content\/uploads\/2014\/02\/imperatriz-2002b.jpg\"><img loading=\"lazy\" decoding=\"async\" class=\"size-medium wp-image-22777 alignleft\" src=\"http:\/\/www.pedromigao.com.br\/ourodetolo\/wp-content\/uploads\/2014\/02\/imperatriz-2002b-300x160.jpg\" alt=\"imperatriz 2002b\" width=\"300\" height=\"160\" srcset=\"http:\/\/www.pedromigao.com.br\/ourodetolo\/wp-content\/uploads\/2014\/02\/imperatriz-2002b-300x160.jpg 300w, http:\/\/www.pedromigao.com.br\/ourodetolo\/wp-content\/uploads\/2014\/02\/imperatriz-2002b-550x294.jpg 550w, http:\/\/www.pedromigao.com.br\/ourodetolo\/wp-content\/uploads\/2014\/02\/imperatriz-2002b.jpg 940w\" sizes=\"auto, (max-width: 300px) 100vw, 300px\" \/><\/a>A tricampe\u00e3 Imperatriz Leopoldinense chegou \u00e0 concentra\u00e7\u00e3o debaixo de desconfian\u00e7a pelo contestado t\u00edtulo de 2001. Em busca de se comunicar melhor com o p\u00fablico, a diretoria distribuiu prospectos com a letra do samba-enredo e bandeirinhas da escola ao p\u00fablico do setor 1. Mas o tiro saiu pela culatra, e o p\u00fablico come\u00e7ou a atirar tudo de volta para a pista quando a escola estava armada para come\u00e7ar seu desfile &#8211; a comiss\u00e3o de frente correu para se esconder atr\u00e1s do carro abre-alas. Veja mais no &#8220;Cantinho do Editor&#8221;.<\/p>\n<p style=\"text-align: justify;\">A escola tinha o patroc\u00ednio do munic\u00edpio de Campos, reduto eleitoral do ent\u00e3o governador Anthony Garotinho, e recebeu R$ 1,8 milh\u00e3o (cerca de R$ 3,5 milh\u00f5es em valores atuais) para confeccionar o desfile. Mas a carnavalesca Rosa Magalh\u00e3es, para frustra\u00e7\u00e3o dos pol\u00edticos locais, optou por n\u00e3o contar a hist\u00f3ria da cidade de forma linear, mas misturar os \u00edndios goytacazes, primeiros habitantes da regi\u00e3o, com outros aspectos como o movimento antropof\u00e1gico, o Modernismo e o Tropicalismo.<\/p>\n<p style=\"text-align: justify;\"><a href=\"http:\/\/www.pedromigao.com.br\/ourodetolo\/wp-content\/uploads\/2014\/02\/imperatriz2002.jpg\"><img loading=\"lazy\" decoding=\"async\" class=\"size-medium wp-image-22778 alignleft\" src=\"http:\/\/www.pedromigao.com.br\/ourodetolo\/wp-content\/uploads\/2014\/02\/imperatriz2002-203x300.jpg\" alt=\"imperatriz2002\" width=\"203\" height=\"300\" srcset=\"http:\/\/www.pedromigao.com.br\/ourodetolo\/wp-content\/uploads\/2014\/02\/imperatriz2002-203x300.jpg 203w, http:\/\/www.pedromigao.com.br\/ourodetolo\/wp-content\/uploads\/2014\/02\/imperatriz2002-230x340.jpg 230w, http:\/\/www.pedromigao.com.br\/ourodetolo\/wp-content\/uploads\/2014\/02\/imperatriz2002.jpg 258w\" sizes=\"auto, (max-width: 203px) 100vw, 203px\" \/><\/a>Como de h\u00e1bito, a Imperatriz passou de forma espl\u00eandida no quesito Fantasia, mas os elementos aleg\u00f3ricos, embora tamb\u00e9m bel\u00edssimos, tinham pequenas falhas de acabamento. O samba contava bem o enredo e tinha uma levada mais &#8220;pra cima&#8221; em rela\u00e7\u00e3o aos anteriores, gra\u00e7as tamb\u00e9m \u00e0 bela atua\u00e7\u00e3o de Paulinho Mocidade e companheiros do carro de som. Os componentes cantaram com entusiasmo, mas o p\u00fablico n\u00e3o respondeu da mesma forma e acompanhou a passagem da escola de forma fria.<\/p>\n<p style=\"text-align: justify;\">A bateria de Mestre Beto esteve impec\u00e1vel, mesmo com um andamento veloz, mas com \u00f3timas viradas e conven\u00e7\u00f5es. Mas, embora tenha passado corretamente, com bom desempenho na maioria dos quesitos, a Imperatriz teve falhas de evolu\u00e7\u00e3o devido a problemas com uma das alegorias &#8211; depois o presidente Wagner Ara\u00fajo admitiria que chegou \u00e0 apura\u00e7\u00e3o j\u00e1 pessimista devido a esses problemas. E, fato, outras escolas tiveram apresenta\u00e7\u00f5es mais empolgantes. De qualquer forma, a Imperatriz tinha como praticamente certa a presen\u00e7a no Desfile das Campe\u00e3s.<\/p>\n<p style=\"text-align: justify;\"><a href=\"http:\/\/www.pedromigao.com.br\/ourodetolo\/wp-content\/uploads\/2014\/02\/viradouro2002.jpg\"><img loading=\"lazy\" decoding=\"async\" class=\"size-medium wp-image-22791 alignleft\" src=\"http:\/\/www.pedromigao.com.br\/ourodetolo\/wp-content\/uploads\/2014\/02\/viradouro2002-300x169.jpg\" alt=\"viradouro2002\" width=\"300\" height=\"169\" srcset=\"http:\/\/www.pedromigao.com.br\/ourodetolo\/wp-content\/uploads\/2014\/02\/viradouro2002-300x169.jpg 300w, http:\/\/www.pedromigao.com.br\/ourodetolo\/wp-content\/uploads\/2014\/02\/viradouro2002-550x309.jpg 550w, http:\/\/www.pedromigao.com.br\/ourodetolo\/wp-content\/uploads\/2014\/02\/viradouro2002.jpg 976w\" sizes=\"auto, (max-width: 300px) 100vw, 300px\" \/><\/a>Pen\u00faltima escola a desfilar, a Unidos do Viradouro entrou na avenida com o enredo \u201cViradouro, Vira Mundo, Rei do mundo\u201d. Segundo o carnavalesco Chiquinho Spinoza explicava, o Rei Momo seria o mestre de cerim\u00f4nias para a uni\u00e3o de todos os povos do planeta, e que o enredo ganhava ainda mais import\u00e2ncia depois dos ataques terroristas aos Estados Unidos em 11 de setembro de 2001.<\/p>\n<p style=\"text-align: justify;\">A Viradouro teve uma apresenta\u00e7\u00e3o animada gra\u00e7as \u00e0 extraordin\u00e1ria atua\u00e7\u00e3o da bateria de Mestre Ci\u00e7a, que fez as paradinhas de sempre e uma bela coreografia com len\u00e7os brancos pedindo paz. Al\u00e9m disso, como dizia um trecho do samba, a bateria foi <em>&#8220;na onda do afox\u00e9&#8221;<\/em>. O samba, que n\u00e3o era t\u00e3o cotado, rendeu bem na avenida com uma segura condu\u00e7\u00e3o de Dominguinhos, e os componentes estavam muito empolgados.<\/p>\n<p style=\"text-align: justify;\">No entanto, o enredo acabou sendo passado de forma um tanto confusa (apesar de o conjunto visual da escola ter sido de bom gosto e acabamento) e ficou um gostinho de quero mais. Foi uma apresenta\u00e7\u00e3o simp\u00e1tica, mas que levaria a Vermelho e Branco de Niter\u00f3i, com boa vontade, apenas ao Desfile das Campe\u00e3s.<\/p>\n<p style=\"text-align: justify;\"><a href=\"http:\/\/www.pedromigao.com.br\/ourodetolo\/wp-content\/uploads\/2014\/02\/portela2002.jpg\"><img loading=\"lazy\" decoding=\"async\" class=\"wp-image-22789 alignleft\" src=\"http:\/\/www.pedromigao.com.br\/ourodetolo\/wp-content\/uploads\/2014\/02\/portela2002-500x340.jpg\" alt=\"portela2002\" width=\"320\" height=\"218\" srcset=\"http:\/\/www.pedromigao.com.br\/ourodetolo\/wp-content\/uploads\/2014\/02\/portela2002-500x340.jpg 500w, http:\/\/www.pedromigao.com.br\/ourodetolo\/wp-content\/uploads\/2014\/02\/portela2002-300x203.jpg 300w, http:\/\/www.pedromigao.com.br\/ourodetolo\/wp-content\/uploads\/2014\/02\/portela2002.jpg 550w\" sizes=\"auto, (max-width: 320px) 100vw, 320px\" \/><\/a>A Portela encerrou os desfiles de 2002 com uma exibi\u00e7\u00e3o que remeteu aos grandes momentos da escola. O carnavalesco Alexandre Louzada acertou a m\u00e3o na concep\u00e7\u00e3o do enredo \u201cAmazonas, esse desconhecido. Del\u00edrios e verdades do Eldorado Verde\u201d. A comiss\u00e3o de frente representava o conquistador espanhol Francisco Arellana e sua equipe, que vinham do Peru ap\u00f3s terem descoberto muito ouro e chegaram \u00e0 Amaz\u00f4nia pelo Rio Solim\u00f5es em busca de mais riquezas.<\/p>\n<p style=\"text-align: justify;\">A \u00e1guia, elaborada por artistas do boi bumb\u00e1 de Parintins, esteve simplesmente espetacular (foto), com fant\u00e1stico acabamento e diversos movimentos &#8211; as asas batendo tinham um realismo impressionante. As garras seguravam um &#8220;queijo&#8221; com a destaque Benoliel, de apenas 17 anos (ela havia se destacado no Festival de Parintins em 2001) e fantasiada de \u00edndia. O carro\u00a0&#8220;Man\u00f4a &#8211; a vis\u00e3o do Eldorado&#8221; tamb\u00e9m era imponente pelas enormes serpentes (as protetoras do Rio Amazonas) com movimentos que as faziam chegar at\u00e9 os camarotes.<\/p>\n<p style=\"text-align: justify;\">Outra criativa alegoria foi a que representava a Zona Franca de Manaus, com diversos movimentos e decorado com milhares de CDs misturados a animais da fauna amaz\u00f4nica. As fantasias tamb\u00e9m estavam perfeitamente adequadas ao enredo e eram leves, o que facilitava muito a evolu\u00e7\u00e3o dos componentes. Rendeu aplausos a coreografada ala da comunidade, que simbolizava o encontro entre as \u00e1guas dos rios Negro e Solim\u00f5es.<\/p>\n<p style=\"text-align: justify;\">O samba-enredo composto pelo lend\u00e1rio David Corr\u00eaa funcionou a contento, e o velho compositor cantou no carro de som ao lado de Gera. A Tabajara do Samba tamb\u00e9m brilhou com a firmeza de costume e uma cad\u00eancia, apesar de n\u00e3o t\u00e3o lenta como as das baterias de Imp\u00e9rio Serrano e Mocidade, extremamente agrad\u00e1vel.<\/p>\n<p style=\"text-align: justify;\">A escola, ao contr\u00e1rio de outros anos, desfilou bem mais enxuta, com 3.500 componentes. Mesmo assim, apesar da empolga\u00e7\u00e3o dos componentes, houve pequenos descompassos de evolu\u00e7\u00e3o e harmonia, o que poderia render a perda de d\u00e9cimos preciosos na apura\u00e7\u00e3o.<\/p>\n<p style=\"text-align: justify;\">Outro momento de grande emo\u00e7\u00e3o foi quando passou a velha guarda, com Paulinho da Viola de m\u00e3o dada a Dod\u00f4, primeira porta-bandeira da hist\u00f3ria da Portela. A Azul e Branco deixou a pista com a certeza de que fez seu melhor desfile desde 1998 e era candidata \u00e0s primeiras coloca\u00e7\u00f5es.<\/p>\n<p style=\"text-align: justify;\"><strong>REPERCUSS\u00c3O E APURA\u00c7\u00c3O<\/strong><\/p>\n<p style=\"text-align: justify;\">A Mangueira foi considerada a favorita ao campeonato\u00a0e arrebatou tr\u00eas pr\u00eamios do Estandarte de Ouro, de &#8220;O Globo&#8221;: melhor escola, melhor samba-enredo e revela\u00e7\u00e3o (Reinaldo). Al\u00e9m da Verde e Rosa, estavam cotadas para os primeiros lugares Mocidade, Portela, Imperatriz e Beija-Flor.<\/p>\n<p style=\"text-align: justify;\">A apura\u00e7\u00e3o teve lideran\u00e7a da Mangueira do come\u00e7o ao fim, mas sempre com a Beija-Flor no encal\u00e7o. A Azul e Branco tirou um 9,9 em Fantasias e um 9,5 em Alegorias e Adere\u00e7os (poderia ter perdido mais neste quesito, pelos problemas j\u00e1 citados), enquanto a Esta\u00e7\u00e3o Primeira, que passou com pontua\u00e7\u00e3o m\u00e1xima pelos tr\u00eas primeiros quesitos (Mestre-Sala e Porta-Bandeira, Comiss\u00e3o de Frente e Fantasias), tamb\u00e9m foi despontuada em Alegorias e Adere\u00e7os, com um 9,7 que deu esperan\u00e7as \u00e0 comunidade nilopolitana.<\/p>\n<p style=\"text-align: justify;\">A vantagem da Mangueira caiu para 0,2 depois de um 9,9 em Evolu\u00e7\u00e3o (s\u00e9timo quesito), e a diferen\u00e7a se manteve at\u00e9 as notas de Bateria (\u00faltimo quesito), j\u00e1 que ambas as escolas n\u00e3o foram despontuadas por nenhum jurado em Harmonia e Samba-Enredo.<\/p>\n<p style=\"text-align: justify;\">A tens\u00e3o continuou at\u00e9 a \u00faltima nota: o jurado M\u00e1rio Jorge Bruno deu 10 para a Beija-Flor e 9,9 para a Mangueira mas a Verde e Rosa assegurou seu 18\u00ba campeonato por apenas 0,1 (399,5 contra 399,4) &#8211; se a Mangueira tivesse tirado 9,8, a Beija-Flor teria sido a campe\u00e3 no desempate.<\/p>\n<p style=\"text-align: justify;\">A Imperatriz terminou em terceiro, seguida por Mocidade, Viradouro (surpreendentemente) e Salgueiro. As duas escolas de Madureira chiaram bastante, pois Portela e Imp\u00e9rio Serrano ficaram em injustos oitavo e nono lugares &#8211; ambas tinham plenas condi\u00e7\u00f5es de terem conseguido vagas no Desfile das Campe\u00e3s. A S\u00e3o Clemente acabou na \u00faltima coloca\u00e7\u00e3o e foi a \u00fanica rebaixada, enquanto a Tradi\u00e7\u00e3o mais uma vez escapou do descenso.<\/p>\n<p style=\"text-align: justify;\">Terminada a apura\u00e7\u00e3o, torcida e diretoria da Mangueira fizeram uma grande festa, enquanto a Beija-Flor chorou mais um vice-campeonato. <span style=\"text-decoration: underline; color: #ff6600;\"><span style=\"text-decoration: underline;\"><a style=\"color: #ff6600; text-decoration: underline;\" href=\"https:\/\/www.youtube.com\/watch?v=lqvJL1ZnTFQ\" target=\"_blank\" rel=\"noopener noreferrer\">Nos dois lados, duas frases inspiradas no futebol<\/a><\/span><\/span>: Jamel\u00e3o relembrou aos berros o c\u00e9lebre desabafo de Zagallo na final da Copa Am\u00e9rica de 1997: <em>&#8220;Voc\u00eas v\u00e3o ter de me engolir!&#8221;<\/em>, enquanto La\u00edla associou o momento vivido pela Deusa da Passarela ao que passava na \u00e9poca o clube do cora\u00e7\u00e3o: <em>&#8220;\u00c9 s\u00edndrome de vasca\u00edno&#8230;&#8221;<\/em> Mal sabia o diretor da Beija-Flor que a agremia\u00e7\u00e3o ganharia oito dos 17 campeonatos seguintes&#8230;<\/p>\n<p style=\"text-align: justify;\">J\u00e1 em Madureira a revolta foi grande, e a diretoria da Portela organizou um protesto que teve o apoio do Imp\u00e9rio Serrano. No ato, os participantes fizeram o enterro simb\u00f3lico dos jurados que deram 8,0 e 8,1 em Harmonia para a Majestade do Samba &#8211; diga-se de passagem, foram duas notas exageradas, apesar das pequenas falhas no quesito.<\/p>\n<p style=\"text-align: justify;\"><strong>RESULTADO FINAL<\/strong><\/p>\n<table style=\"height: 765px; width: 590px;\">\n<tbody>\n<tr style=\"height: 49px;\">\n<td style=\"height: 49px;\">POS.<\/td>\n<td style=\"height: 49px;\">ESCOLA<\/td>\n<td style=\"height: 49px;\">PONTOS<\/td>\n<\/tr>\n<tr style=\"height: 49px;\">\n<td style=\"height: 49px;\">1\u00ba<\/td>\n<td style=\"height: 49px;\">Esta\u00e7\u00e3o Primeira de Mangueira<\/td>\n<td style=\"height: 49px;\">399,5<\/td>\n<\/tr>\n<tr style=\"height: 49px;\">\n<td style=\"height: 49px;\">2\u00ba<\/td>\n<td style=\"height: 49px;\">Beija-Flor de Nil\u00f3polis<\/td>\n<td style=\"height: 49px;\">399,4<\/td>\n<\/tr>\n<tr style=\"height: 49px;\">\n<td style=\"height: 49px;\">3\u00ba<\/td>\n<td style=\"height: 49px;\">Imperatriz Leopoldinense<\/td>\n<td style=\"height: 49px;\">396,1<\/td>\n<\/tr>\n<tr style=\"height: 49px;\">\n<td style=\"height: 49px;\">4\u00ba<\/td>\n<td style=\"height: 49px;\">Mocidade Independente de Padre Miguel<\/td>\n<td style=\"height: 49px;\">395<\/td>\n<\/tr>\n<tr style=\"height: 49px;\">\n<td style=\"height: 49px;\">5\u00ba<\/td>\n<td style=\"height: 49px;\">Unidos do Viradouro<\/td>\n<td style=\"height: 49px;\">394,1<\/td>\n<\/tr>\n<tr style=\"height: 49px;\">\n<td style=\"height: 49px;\">6\u00ba<\/td>\n<td style=\"height: 49px;\">Acad\u00eamicos do Salgueiro<\/td>\n<td style=\"height: 49px;\">392,9<\/td>\n<\/tr>\n<tr style=\"height: 49px;\">\n<td style=\"height: 49px;\">7\u00ba<\/td>\n<td style=\"height: 49px;\">Acad\u00eamicos do Grande Rio<\/td>\n<td style=\"height: 49px;\">391<\/td>\n<\/tr>\n<tr style=\"height: 49px;\">\n<td style=\"height: 49px;\">8\u00ba<\/td>\n<td style=\"height: 49px;\">Portela<\/td>\n<td style=\"height: 49px;\">388,9<\/td>\n<\/tr>\n<tr style=\"height: 49px;\">\n<td style=\"height: 49px;\">9\u00ba<\/td>\n<td style=\"height: 49px;\">Imp\u00e9rio Serrano<\/td>\n<td style=\"height: 49px;\">384,7<\/td>\n<\/tr>\n<tr style=\"height: 49px;\">\n<td style=\"height: 49px;\">10\u00ba<\/td>\n<td style=\"height: 49px;\">Unidos da Tijuca<\/td>\n<td style=\"height: 49px;\">380.8<\/td>\n<\/tr>\n<tr style=\"height: 49px;\">\n<td style=\"height: 49px;\">11\u00ba<\/td>\n<td style=\"height: 49px;\">Unidos do Porto da Pedra<\/td>\n<td style=\"height: 49px;\">378,9<\/td>\n<\/tr>\n<tr style=\"height: 49px;\">\n<td style=\"height: 49px;\">12\u00ba<\/td>\n<td style=\"height: 49px;\">Caprichosos de Pilares<\/td>\n<td style=\"height: 49px;\">368,4<\/td>\n<\/tr>\n<tr style=\"height: 49px;\">\n<td style=\"height: 49px;\">13\u00ba<\/td>\n<td style=\"height: 49px;\">Tradi\u00e7\u00e3o<\/td>\n<td style=\"height: 49px;\">361,6<\/td>\n<\/tr>\n<tr style=\"height: 49px;\">\n<td style=\"height: 49px;\">14\u00ba<\/td>\n<td style=\"height: 49px;\">S\u00e3o Clemente<\/td>\n<td style=\"height: 49px;\">356,2 (rebaixada)<\/td>\n<\/tr>\n<\/tbody>\n<\/table>\n<p>&nbsp;<\/p>\n<p style=\"text-align: justify;\">No Acesso, Unidos de Vila Isabel e Para\u00edso do Tuiuti fizeram os desfiles mais elogiados do ano, respectivamente com uma homenagem ao ex-jogador Nilton Santos e ao falecido carnavalesco Arlindo Rodrigues.<\/p>\n<p style=\"text-align: justify;\">Mas, em uma apura\u00e7\u00e3o pol\u00eamica, a Azul e Branco acabou derrotada por apenas 0,1 pela Acad\u00eamicos de Santa Cruz, cujo enredo era sobre o papel, enquanto o Tuiuti ficou em quarto. No primeiro ano em que apenas uma escola subiria para o Grupo Especial, foi um vice-campeonato do\u00eddo para a Vila.<\/p>\n<p style=\"text-align: justify;\">No Grupo de Acesso B, a Acad\u00eamicos do Cubango conquistou o campeonato 0,3 ponto \u00e0 frente da vice-campe\u00e3 Inocentes da Baixada &#8211; ambas as agremia\u00e7\u00f5es subiram para o Acesso A.<\/p>\n<p style=\"text-align: justify;\"><strong>CURIOSIDADES<\/strong><\/p>\n<p style=\"text-align: justify;\">&#8211; Maria Beltr\u00e3o foi escalada pela TV Globo para substituir Gl\u00f3ria Maria e ancorar a transmiss\u00e3o dos desfiles do Grupo Especial ao lado de Cleber Machado. Ela ficou na fun\u00e7\u00e3o at\u00e9 o Carnaval de 2009.<\/p>\n<p style=\"text-align: justify;\">&#8211; Na fase pr\u00e9-carnavalesca, a Globo realizou no RJ TV um concurso para escolher a melhor passista mirim. Ganhou Ra\u00edssa, da Beija-Flor, que se tornou a mais jovem rainha de bateria da hist\u00f3ria, com apenas 11 anos. Anos mais tarde, ela encantaria o Rei Roberto Carlos. At\u00e9 hoje ela desfila como rainha dos ritmistas.<\/p>\n<p style=\"text-align: justify;\">&#8211; A CNT passou a transmitir regularmente os desfiles do Grupo de Acesso A e adotou um slogan que fez sucesso entre os telespectadores: &#8220;Carnaval do Pov\u00e3o&#8221;.<\/p>\n<p style=\"text-align: justify;\">&#8211; Foi o antepen\u00faltimo t\u00edtulo da Mangueira at\u00e9 hoje, mas definitivamente a \u00faltima vez em que Jamel\u00e3o foi campe\u00e3o com a Verde e Rosa. De 1949 at\u00e9 2006 como voz da Esta\u00e7\u00e3o Primeira, o int\u00e9rprete fez parte de 14 campeonatos da Esta\u00e7\u00e3o Primeira (1949, 1950, 1954, 1960, 1961, 1967, 1968, 1973, 1984, 1984 supercampeonato, 1986, 1987, 1998 e 2002).<\/p>\n<p style=\"text-align: justify;\">&#8211; David Corr\u00eaa conquistou sua s\u00e9tima e \u00faltima vit\u00f3ria na eliminat\u00f3ria de samba da Portela, superando Candeia e Waldir 59. O compositor (com seus parceiros) venceu em 1973, 1975, 1979, 1980, 1981, 1982 e 2002. Ele ainda ganhou em outras agremia\u00e7\u00f5es da elite do Carnaval, como Salgueiro (1984), Vila Isabel (1985 e 1986), Imperatriz (1988), Mangueira (1994) e Est\u00e1cio de S\u00e1 (1995). David morreu em 2020.<\/p>\n<p style=\"text-align: justify;\">&#8211; Quinho fez seu segundo e \u00faltimo desfile como cantor da Grande Rio. No ano seguinte, ele voltaria para o Salgueiro, onde ficou at\u00e9 2014 &#8211; voltaria em 2019. Levando em conta as tr\u00eas passagens pela Vermelho e Branco, o int\u00e9rprete completou 22 carnavais como voz principal da escola. O \u00fanico cantor na ativa que tem mais desfiles pela mesma agremia\u00e7\u00e3o \u00e9 Neguinho da Beija-Flor (45).<\/p>\n<p style=\"text-align: justify;\">&#8211; O munic\u00edpio de Campos amea\u00e7ou processar a Imperatriz Leopoldinense, alegando que a escola n\u00e3o cumpriu o que prometera em contrato, ou seja, mostrar as belezas da cidade. Rosa Magalh\u00e3es \u00e0 \u00e9poca teria afirmado que a op\u00e7\u00e3o por abordar os \u00edndios goytacazes foi porque Campos n\u00e3o teria grandes riquezas a serem mostradas.<\/p>\n<p style=\"text-align: justify;\">&#8211; Logo no primeiro ano das notas atribu\u00eddas em casas decimais, a diferen\u00e7a entre Mangueira e Beija-Flor foi de apenas 0,1. Em outras seis ocasi\u00f5es, a apura\u00e7\u00e3o foi t\u00e3o ou mais apertada: em 2005, a Beija-Flor derrotou a Unidos da Tijuca tamb\u00e9m por 0,1; em 2006, Vila Isabel e Grande Rio somaram a mesma pontua\u00e7\u00e3o, mas a Azul e Branco ganhou no quesito desempate (Samba-Enredo) e tamb\u00e9m porque a escola de Caxias perdeu 0,2 em cronometragem; em 2016, a Mangueira bateu a Tijuca por 0,1; em 2017, a Portela superou a Mocidade em 0,1 mas ambas as escolas foram declaradas campe\u00e3s devido a um erro de julgamento numa nota da Verde e Branco; em 2018, a Beija-Flor acabou 0,1 ponto \u00e0 frente da Para\u00edso do Tuiuti; e, em 2020, Viradouro e Grande Rio empataram, mas a agremia\u00e7\u00e3o de Niter\u00f3i levou o caneco no desempate (Harmonia).<\/p>\n<p style=\"text-align: justify;\">&#8211; A BMG apresentou uma novidade no CD de sambas-enredo de 2002. Al\u00e9m das obras daquele ano, um outro CD tinha sambas hist\u00f3ricos remasterizados\u00a0de cada uma das 14 agremia\u00e7\u00f5es. Mas, como a gravadora s\u00f3 havia produzido os discos\/CDs das escolas de 1986 para a frente, apenas sambas desses anos foram escolhidos. Os destaques foram: &#8220;Liberdade, liberdade, abre as asas sobre n\u00f3s&#8221; (Imperatriz-1989), &#8220;100 anos de liberdade, realidade ou ilus\u00e3o&#8221; (Mangueira-1988), &#8220;Peguei um Ita no Norte&#8221; (Salgueiro-1993), &#8220;Gosto que me enrosco&#8221; (Portela-1995) e &#8220;E ver\u00e1s que um filho teu n\u00e3o foge \u00e0 luta&#8221; (Imp\u00e9rio Serrano-1996).<\/p>\n<p style=\"text-align: justify;\"><strong>CANTINHO DO EDITOR &#8211; por Pedro Mig\u00e3o<\/strong><\/p>\n<p style=\"text-align: justify;\">Foi o primeiro ano no qual a Portela teve alas de comunidade, em resposta ao desfile frio do ano anterior. Se eu n\u00e3o me engano eram seis alas, no in\u00edcio de um trabalho que levaria a escola a ter apenas seis alas comerciais, por exemplo, em 2016. Inclusive desfilei em uma destas alas, que vinha \u00e0 frente do carro sobre o Teatro Amazonas. O enredo era patrocinado pelo governo daquele estado.<\/p>\n<p style=\"text-align: justify;\">Eram tempos menos exigentes: me lembro que ensaiamos na quadra uma meia d\u00fazia de vezes e mais uma na Marqu\u00eas de Sapuca\u00ed, em outra que era uma das novidades daquele ano: os ensaios t\u00e9cnicos antes do desfile. Quanto ao desfile, n\u00e3o h\u00e1 muito o que se dizer al\u00e9m de lembrar que o samba funcionou muito bem e que o resultado foi inacredit\u00e1vel &#8211; e este desastre se refletiria diretamente no 2003 portelense.<\/p>\n<p style=\"text-align: justify;\">Al\u00e9m da Portela, desfilei na Unidos da Ponte, Estandarte de Ouro de melhor samba do Grupo de Acesso. Ali\u00e1s, estandarte em quest\u00e3o que foi quebrado posteriormente em uma briga entre os parceiros, oriundos da Uni\u00e3o da Ilha.<\/p>\n<p style=\"text-align: justify;\">Assisti ao Grupo de Acesso nas frisas do Setor 3 &#8211; embaixo de chuva &#8211; e ao desfile de segunda feira no Setor 1.<\/p>\n<p style=\"text-align: justify;\">Sobre as vaias \u00e0 Imperatriz, <span style=\"text-decoration: underline;\"><a href=\"http:\/\/www.pedromigao.com.br\/ourodetolo\/2010\/08\/samba-de-terca-nem-todo-pirata-tem-perna-de-pau-o-olho-de-vidro-e-a-cara-de-mau\/\" target=\"_blank\" rel=\"noopener noreferrer\"><span style=\"color: #ff6600; text-decoration: underline;\">relato da testemunha ocular dos fatos &#8211; eu, no caso<\/span><\/a><\/span>:<\/p>\n<p style=\"text-align: justify;\"><em>&#8220;Os diretores da escola come\u00e7aram a distribuir prospectos com a letra do samba e fardos com bandeiras da escola para as pessoas que assistiam neste setor \u2013 um dos \u00fanicos onde a presen\u00e7a era majoritariamente de cariocas. Em uma rea\u00e7\u00e3o espont\u00e2nea, os prospectos e as bandeiras come\u00e7aram a ser jogados de volta \u00e0 pista, al\u00e9m de latas de cerveja e refrigerantes, muitas cheias, em dire\u00e7\u00e3o aos componentes.<\/em><\/p>\n<p style=\"text-align: justify;\"><em>A comiss\u00e3o de frente da escola, com medo dos objetos que voavam em dire\u00e7\u00e3o \u00e0 pista correu para se esconder atr\u00e1s do carro abre-alas. Foi a senha: aumentou a quantidade de bandeiras, prospectos, latas e garrafas atiradas, bem como as vaias e os gritos se intensificaram. A arquibancada vaiava alucinadamente a escola na Arma\u00e7\u00e3o e gritava em coro:<\/em><\/p>\n<p style=\"text-align: justify;\"><em>\u201c\u00c3o \u00e3o \u00e3o, escola de ladr\u00e3o!\u201d \u201c\u00c3o \u00e3o \u00e3o, bando de ladr\u00e3o!\u201d<\/em><\/p>\n<p style=\"text-align: justify;\"><em>As pessoas faziam com as m\u00e3os aquele gesto t\u00edpico indicando roubo, do polegar girando na palma da outra m\u00e3o. Precisou o filho do patrono da escola ir ao microfone e, no sistema de som, pedir calma \u00e0s pessoas dizendo que \u201co desfile \u00e9 pra voc\u00eas\u201d. Mais vaias\u2026 Ali\u00e1s, naquele ano a escola foi vaiada antes mesmo do in\u00edcio da noite de desfiles, quando seu nome foi anunciado no sistema de som do Samb\u00f3dromo.<\/em><\/p>\n<p style=\"text-align: justify;\"><em>O p\u00fablico s\u00f3 se acalmou quando o samba do ano come\u00e7ou a ser tocado. De minha parte posso testemunhar que estava no Setor 1 e foi absolutamente espont\u00e2neo o movimento das pessoas. Era como se dissessem:\u00a0\u201cna cara dura de novo, n\u00e3o\u201d.<\/em><\/p>\n<p style=\"text-align: justify;\">A se lamentar, tamb\u00e9m, o vexame dado pela bateria da Mocidade, que ficou parada, sem tocar, duas passadas em frente ao jurado do primeiro m\u00f3dulo depois de uma violenta atravessada. Qual foi a nota? Dez.<\/p>\n<p style=\"text-align: justify;\">Ali\u00e1s, fora o t\u00edtulo da Mangueira, o resultado do Grupo Especial a meu ver n\u00e3o expressou muito do que se viu na avenida aquele ano.<\/p>\n<p style=\"text-align: justify;\">O resultado do Acesso tamb\u00e9m foi pol\u00eamico. A Vila Isabel teve 10 em tudo, \u00e0 exce\u00e7\u00e3o de uma nota 9,3 &#8211; exatamente o necess\u00e1rio para dar o t\u00edtulo \u00e0 Santa Cruz. Embora a investiga\u00e7\u00e3o policial (como sempre) n\u00e3o tenha dado em nada, h\u00e1 fortes suspeitas que esta nota em quest\u00e3o foi adulterada entre o desfile e a apura\u00e7\u00e3o. Enfim, lendas de desfiles &#8211; e no ano seguinte seria pior.<\/p>\n<p style=\"text-align: justify;\">A meu ju\u00edzo, o melhor desfile daquele grupo, cuja noite foi muito prejudicada pela chuva, foi o do Para\u00edso do Tuiuti homenageando o grande Arlindo Rodrigues &#8211; apesar do problema com a roupa da porta bandeira.<\/p>\n<p style=\"text-align: justify;\">A Uni\u00e3o da Ilha salvou um terceiro lugar muito pelo nome da escola, pois fez um desfile cheio de problemas devido \u00e0 falta de recursos &#8211; com direito a baianas sem chap\u00e9us. O presidente n\u00e3o apareceu na apura\u00e7\u00e3o, com medo de ficar atr\u00e1s do Boi da Ilha no resultado final &#8211; o que n\u00e3o se confirmaria.<\/p>\n<p style=\"text-align: justify;\">Considero este desfile do Imp\u00e9rio Serrano (que acompanhei muito de perto) como o &#8220;canto do cisne&#8221; do carnavalesco Ernesto do Nascimento, que faleceria em 2004. Ariano Suassuna n\u00e3o topou uma &#8220;homenagem direta&#8221;, sendo encontrada a solu\u00e7\u00e3o de trazer o romance que d\u00e1 t\u00edtulo ao enredo &#8211; e o escritor como o Imperador. Ernesto do Nascimento tem outra contribui\u00e7\u00e3o inestim\u00e1vel ao carnaval carioca: foi ele o descobridor do grande Fernando Pinto.<\/p>\n<p style=\"text-align: justify;\">O sistema de pares para o sorteio da ordem de desfile passou a ser adotado em 2003 ap\u00f3s o desfile de segunda feira em 2002 ter ficado muito mais forte em termos de atra\u00e7\u00e3o ao p\u00fablico que domingo &#8211; a ponto de ter sobrado ingresso para o primeiro dia de desfile.<\/p>\n<p style=\"text-align: justify;\">2002 tamb\u00e9m marca a primeira vez em que Portela e Mangueira desfilaram no mesmo dia desde que o Grupo Especial passou a ser realizado em dois dias. Tal fato se repetiria em 2004, 2006, 2008, 2009 e 2011 &#8211; em 2004, 2008 e 2009 as duas desfilaram sequencialmente, em 2004 a Mangueira primeiro e em 2008\/2009 o inverso. Em 2016 isso se repetiu.<\/p>\n<p style=\"text-align: justify;\">O &#8220;Viramundo&#8221; do enredo da Viradouro, na verdade, era o orix\u00e1 Exu. Mas o pr\u00f3prio enredo n\u00e3o assumiu isso de forma clara, de forma que acabou ficando tudo muito confuso.<\/p>\n<p style=\"text-align: justify;\"><strong>Links<\/strong><\/p>\n<p style=\"text-align: justify;\">O desfile campe\u00e3o da Mangueira em 2002<\/p>\n<p><iframe loading=\"lazy\" title=\"Mangueira 2002\" width=\"525\" height=\"394\" src=\"https:\/\/www.youtube.com\/embed\/nQCOsOCMjJI?feature=oembed\" frameborder=\"0\" allow=\"accelerometer; autoplay; clipboard-write; encrypted-media; gyroscope; picture-in-picture; web-share\" referrerpolicy=\"strict-origin-when-cross-origin\" allowfullscreen><\/iframe><\/p>\n<p style=\"text-align: justify;\">A apresenta\u00e7\u00e3o que deu mais um vice \u00e0 Beija-Flor<\/p>\n<p><iframe loading=\"lazy\" title=\"Carnaval Completo - Beija Flor 2002\" width=\"525\" height=\"394\" src=\"https:\/\/www.youtube.com\/embed\/SZ192dxDfUU?feature=oembed\" frameborder=\"0\" allow=\"accelerometer; autoplay; clipboard-write; encrypted-media; gyroscope; picture-in-picture; web-share\" referrerpolicy=\"strict-origin-when-cross-origin\" allowfullscreen><\/iframe><\/p>\n<p style=\"text-align: justify;\">\u00a0A bela exibi\u00e7\u00e3o da Mocidade Independente<\/p>\n<p><iframe loading=\"lazy\" title=\"Carnaval Completo - Mocidade Independente 2002\" width=\"525\" height=\"394\" src=\"https:\/\/www.youtube.com\/embed\/YUQSh71p-_c?feature=oembed\" frameborder=\"0\" allow=\"accelerometer; autoplay; clipboard-write; encrypted-media; gyroscope; picture-in-picture; web-share\" referrerpolicy=\"strict-origin-when-cross-origin\" allowfullscreen><\/iframe><\/p>\n<p style=\"text-align: justify;\">\u00a0O injusti\u00e7ado desfile da Portela<\/p>\n<p><iframe loading=\"lazy\" title=\"Portela 2002\" width=\"525\" height=\"394\" src=\"https:\/\/www.youtube.com\/embed\/G2-zKJTTtuc?feature=oembed\" frameborder=\"0\" allow=\"accelerometer; autoplay; clipboard-write; encrypted-media; gyroscope; picture-in-picture; web-share\" referrerpolicy=\"strict-origin-when-cross-origin\" allowfullscreen><\/iframe><\/p>\n<p style=\"text-align: justify;\"><strong>Fotos: Liesa e O Globo<\/strong><\/p>\n","protected":false},"excerpt":{"rendered":"<p>A fase pr\u00e9-carnavalesca de 2002 foi marcada por muitas novidades. A come\u00e7ar pelo julgamento, que teve a altera\u00e7\u00e3o mais sens\u00edvel em muitos anos: as notasTour Details<\/p>\n","protected":false},"author":14,"featured_media":22781,"comment_status":"open","ping_status":"open","sticky":false,"template":"","format":"standard","meta":{"footnotes":""},"categories":[1134],"tags":[63,18,19,66,533,366,394],"class_list":["post-39785","post","type-post","status-publish","format-standard","has-post-thumbnail","hentry","category-historias-do-sambodromo","tag-beija-flor","tag-carnaval","tag-escolas-de-samba","tag-mangueira","tag-mocidade","tag-sambodromo","tag-sapucai"],"_links":{"self":[{"href":"http:\/\/www.pedromigao.com.br\/ourodetolo\/wp-json\/wp\/v2\/posts\/39785","targetHints":{"allow":["GET"]}}],"collection":[{"href":"http:\/\/www.pedromigao.com.br\/ourodetolo\/wp-json\/wp\/v2\/posts"}],"about":[{"href":"http:\/\/www.pedromigao.com.br\/ourodetolo\/wp-json\/wp\/v2\/types\/post"}],"author":[{"embeddable":true,"href":"http:\/\/www.pedromigao.com.br\/ourodetolo\/wp-json\/wp\/v2\/users\/14"}],"replies":[{"embeddable":true,"href":"http:\/\/www.pedromigao.com.br\/ourodetolo\/wp-json\/wp\/v2\/comments?post=39785"}],"version-history":[{"count":3,"href":"http:\/\/www.pedromigao.com.br\/ourodetolo\/wp-json\/wp\/v2\/posts\/39785\/revisions"}],"predecessor-version":[{"id":50275,"href":"http:\/\/www.pedromigao.com.br\/ourodetolo\/wp-json\/wp\/v2\/posts\/39785\/revisions\/50275"}],"wp:featuredmedia":[{"embeddable":true,"href":"http:\/\/www.pedromigao.com.br\/ourodetolo\/wp-json\/wp\/v2\/media\/22781"}],"wp:attachment":[{"href":"http:\/\/www.pedromigao.com.br\/ourodetolo\/wp-json\/wp\/v2\/media?parent=39785"}],"wp:term":[{"taxonomy":"category","embeddable":true,"href":"http:\/\/www.pedromigao.com.br\/ourodetolo\/wp-json\/wp\/v2\/categories?post=39785"},{"taxonomy":"post_tag","embeddable":true,"href":"http:\/\/www.pedromigao.com.br\/ourodetolo\/wp-json\/wp\/v2\/tags?post=39785"}],"curies":[{"name":"wp","href":"https:\/\/api.w.org\/{rel}","templated":true}]}}