{"id":39775,"date":"2016-02-02T14:44:54","date_gmt":"2016-02-02T16:44:54","guid":{"rendered":"http:\/\/www.pedromigao.com.br\/ourodetolo\/?p=39775"},"modified":"2016-01-30T22:01:49","modified_gmt":"2016-01-31T00:01:49","slug":"39775","status":"publish","type":"post","link":"http:\/\/www.pedromigao.com.br\/ourodetolo\/2016\/02\/39775\/","title":{"rendered":"TOP 10: Mocidade Independente (por Rodrigo Vilela*)"},"content":{"rendered":"<p style=\"text-align: justify;\"><em>*Rodrigo Vilela \u00e9 radialista profissional e torcedor da Mocidade Independente de Padre Miguel<\/em><\/p>\n<p style=\"text-align: justify;\"><span id=\"x_yui_3_16_0_1_1453941317908_5282\" class=\"\">Listar os 10 maiores sambas da <span id=\"0.0031437755096703768\" class=\"highlight\">Mocidade<\/span> Independente de Padre Miguel. Vejam s\u00f3 a responsabilidade que a dire\u00e7\u00e3o do Ouro de Tolo reservou para este gordo radialista e leitor ass\u00edduo do portal. Como diria Jamel\u00e3o, estou \u201cmais feliz que pinto no lixo\u201d. Uma responsabilidade e tanto.<\/span><\/p>\n<p id=\"x_yui_3_16_0_1_1453941317908_5286\" style=\"text-align: justify;\"><span id=\"x_yui_3_16_0_1_1453941317908_5288\" class=\"\"><\/span><span id=\"x_yui_3_16_0_1_1453941317908_5292\" class=\"\">Claro que n\u00e3o foi tarefa f\u00e1cil, afinal, eu trarei nestas linhas um pouco da hist\u00f3ria da minha segunda paix\u00e3o na vida em ordem cronol\u00f3gica \u2013 depois do esporte a motor e antes do futebol. Sim, caros leitores, j\u00e1 me pegava aos quatro anos de idade cantando \u201cBye bye, Brasil, bejim bejim bejim&#8230;\u201d, um dos piores da safra padremiguelense (se um dia tiver o Top-10 humilha\u00e7\u00f5es, esse entra na lista sem nem pedir licen\u00e7a).<\/span><\/p>\n<p id=\"x_yui_3_16_0_1_1453941317908_5296\" style=\"text-align: justify;\"><span id=\"x_yui_3_16_0_1_1453941317908_5298\" class=\"\"><\/span><span id=\"x_yui_3_16_0_1_1453941317908_5302\" class=\"\">Embora a \u00faltima d\u00e9cada seja predileta em sambas sem nenhum sentimento \u2013 al\u00e9m do sono -, muitos dos hinos listados entre os 10 escolhidos, mesmo sem ser t\u00e3o belos, tem uma import\u00e2ncia hist\u00f3rica gra\u00fada demais para n\u00e3o serem relacionados \u2013 e a\u00ed n\u00e3o coube apenas o gosto pessoal. Isso significa que tive que deixar de fora sambas que, em algumas escolas, seriam inesquec\u00edveis. Doeu no cora\u00e7\u00e3o escantear \u201cVira virou, a <span id=\"0.6742710033431649\" class=\"highlight\">Mocidade<\/span> chegou\u201d, \u201cRaps\u00f3dia da saudade\u201d, \u201cComo era verde o meu Xingu\u201d e \u201cO descobrimento do Brasil\u201d, por exemplo.<\/span><\/p>\n<p id=\"x_yui_3_16_0_1_1453941317908_5306\" style=\"text-align: justify;\"><span id=\"x_yui_3_16_0_1_1453941317908_5308\" class=\"\"><\/span><span id=\"x_yui_3_16_0_1_1453941317908_5312\" class=\"\">Olhem s\u00f3, sem querer fiz um top-15, porque tamb\u00e9m merece uma men\u00e7\u00e3o honrosa \u201cApoteose ao samba\u201d, que \u00e9 \u201csomente\u201d o pontap\u00e9 inicial para uma hist\u00f3ria gloriosa. Ao lado de Portela, Salgueiro e Mangueira, a <span id=\"0.3503208893816918\" class=\"highlight\">Mocidade<\/span> nunca ofereceu aos seus torcedores o desprazer do rebaixamento. A escola subiu em 1958 com este \u00faltimo samba citado e c\u00e1 encontra-se o \u201cpov\u00e3o de Padre Miguel\u201d, no grupo das grandes at\u00e9 hoje, embora com muitos sustos. N\u00e3o \u00e9, 2009??<\/span><\/p>\n<p id=\"x_yui_3_16_0_1_1453941317908_5316\" style=\"text-align: justify;\"><span id=\"x_yui_3_16_0_1_1453941317908_5318\" class=\"\"><\/span><span id=\"x_yui_3_16_0_1_1453941317908_5322\" class=\"\">Mas chega de enrola\u00e7\u00e3o. Vamos, de fato, \u00e0 lista. Discordem \u00e0 vontade nos coment\u00e1rios!!<\/span><\/p>\n<p id=\"x_yui_3_16_0_1_1453941317908_5326\" style=\"text-align: justify;\"><span id=\"x_yui_3_16_0_1_1453941317908_5328\" class=\"\"><\/span><b id=\"x_yui_3_16_0_1_1453941317908_5332\" class=\"\"><span id=\"x_yui_3_16_0_1_1453941317908_5334\" class=\"\">10\u00a0&#8211;\u00a0Pernambuc\u00f3polis (2014)<\/span><\/b><\/p>\n<p><iframe loading=\"lazy\" title=\"Desfile 2014 - Mocidade Independente de Padre Miguel -  Pernambuc\u00f3polis\" width=\"525\" height=\"295\" src=\"https:\/\/www.youtube.com\/embed\/g2-ddOYt2i8?feature=oembed\" frameborder=\"0\" allow=\"accelerometer; autoplay; clipboard-write; encrypted-media; gyroscope; picture-in-picture; web-share\" referrerpolicy=\"strict-origin-when-cross-origin\" allowfullscreen><\/iframe><\/p>\n<p id=\"x_yui_3_16_0_1_1453941317908_5338\" style=\"text-align: justify;\"><span id=\"x_yui_3_16_0_1_1453941317908_5340\" class=\"\"><\/span><span id=\"x_yui_3_16_0_1_1453941317908_5344\" class=\"\">Apesar de n\u00f3s, torcedores da <span id=\"0.9228681630920619\" class=\"highlight\">Mocidade<\/span>, nunca chorarmos o rebaixamento em nossa hist\u00f3ria, em algumas ocasi\u00f5es a agremia\u00e7\u00e3o fez for\u00e7a para tal, como em 1977, 2007, 2009 e 2013. Pois bem, este \u00faltimo ano citado parecia ser o canto do cisne \u2013 fosse a apura\u00e7\u00e3o sem descartes e ter\u00edamos o destino que teve a Inocentes de Belford Roxo.\u00a0<\/span><span id=\"x_yui_3_16_0_1_1453941317908_5354\" class=\"\">Ningu\u00e9m dava um centavo pela <span id=\"0.0663874561432749\" class=\"highlight\">Mocidade<\/span> em 2014. Mas o belo samba de Dudu Nobre, Jefinho Rodrigues, Marquinho \u00cdndio, Jorginho Medeiros, Gabriel Teixeira e Diego Nicolau marcou por ser a trilha que sonorizou \u201ca hora da virada\u201d, como o mesmo cantou na grava\u00e7\u00e3o do samba, ao lado de Bruno Ribas.\u00a0<\/span><span id=\"x_yui_3_16_0_1_1453941317908_5364\" class=\"\">Foi um momento sublime, porque todo independente chorou copiosamente \u2013 eu incluso \u2013 com esse samba, que at\u00e9 o momento simboliza o real renascimento de uma escola que estava fadada ao descenso. Pelo menos \u00e9 o que d\u00e1 a impress\u00e3o.<\/span><\/p>\n<p id=\"x_yui_3_16_0_1_1453941317908_5368\" style=\"text-align: justify;\"><span id=\"x_yui_3_16_0_1_1453941317908_5370\" class=\"\"><\/span><i id=\"x_yui_3_16_0_1_1453941317908_5374\" class=\"\"><span id=\"x_yui_3_16_0_1_1453941317908_5376\" class=\"\">\u201cLouco de paix\u00e3o, sempre vou te amar<br \/>\n<\/span><\/i><i id=\"x_yui_3_16_0_1_1453941317908_5382\" class=\"\"><span id=\"x_yui_3_16_0_1_1453941317908_5384\" class=\"\">Luz da emo\u00e7\u00e3o no meu cantar (bis)<br \/>\n<\/span><\/i><i id=\"x_yui_3_16_0_1_1453941317908_5390\" class=\"\"><span id=\"x_yui_3_16_0_1_1453941317908_5392\" class=\"\">Independente na identidade<br \/>\n<\/span><\/i><i id=\"x_yui_3_16_0_1_1453941317908_5398\" class=\"\"><span id=\"x_yui_3_16_0_1_1453941317908_5400\" class=\"\">Com muito orgulho, eu sou <span id=\"0.09896183479577303\" class=\"highlight\">Mocidade<\/span>&#8220;<\/span><\/i><\/p>\n<p id=\"x_yui_3_16_0_1_1453941317908_5404\" style=\"text-align: justify;\"><span id=\"x_yui_3_16_0_1_1453941317908_5406\" class=\"\"><\/span><b id=\"x_yui_3_16_0_1_1453941317908_5410\" class=\"\"><span id=\"x_yui_3_16_0_1_1453941317908_5412\" class=\"\">9\u00a0&#8211;\u00a0M\u00e3e Menininha do Gantois (1976)<\/span><\/b><\/p>\n<p><iframe loading=\"lazy\" title=\"Mocidade 1976 2\/14 - M\u00e3e Menininha do Gantois\" width=\"525\" height=\"394\" src=\"https:\/\/www.youtube.com\/embed\/QSinRIPu7ds?feature=oembed\" frameborder=\"0\" allow=\"accelerometer; autoplay; clipboard-write; encrypted-media; gyroscope; picture-in-picture; web-share\" referrerpolicy=\"strict-origin-when-cross-origin\" allowfullscreen><\/iframe><\/p>\n<p id=\"x_yui_3_16_0_1_1453941317908_5416\" style=\"text-align: justify;\"><span id=\"x_yui_3_16_0_1_1453941317908_5418\" class=\"\"><\/span><span id=\"x_yui_3_16_0_1_1453941317908_5422\" class=\"\">At\u00e9 o in\u00edcio dos anos 70, a <span id=\"0.40786660788580775\" class=\"highlight\">Mocidade<\/span> era a escola de samba carregada pela bateria imortalizada pelas paradinhas do Mestre Andr\u00e9 e pela voz de Elza Soares (\u201cL\u00e1 vem a bateria da <span id=\"0.5926287265028805\" class=\"highlight\">Mocidade<\/span> Independente&#8230;\u201d). \u00a0<\/span><span id=\"x_yui_3_16_0_1_1453941317908_5432\" class=\"\">De largada, havemos de concordar que 1976 \u00e9, at\u00e9 hoje, uma das melhores safras da hist\u00f3ria do Carnaval. Entre os melhores do ano, claro, estava inclusa a obra de T\u00f4co e Djalma Crill. O primeiro, ali\u00e1s, um dos maiores nomes da escola; o maior compositor campe\u00e3o da agremia\u00e7\u00e3o da Vila Vint\u00e9m.\u00a0<\/span><span id=\"x_yui_3_16_0_1_1453941317908_5442\" class=\"\">A <span id=\"0.22551872115582228\" class=\"highlight\">Mocidade<\/span> conseguiu seu primeiro p\u00f3dio no Grupo Especial, ficando atr\u00e1s somente da revolu\u00e7\u00e3o est\u00e9tica da Beija-Flor e do maior samba mangueirense pr\u00e9-Samb\u00f3dromo. Nada mal.<\/span><\/p>\n<p id=\"x_yui_3_16_0_1_1453941317908_5446\" style=\"text-align: justify;\"><span id=\"x_yui_3_16_0_1_1453941317908_5448\" class=\"\"><\/span><i id=\"x_yui_3_16_0_1_1453941317908_5452\" class=\"\"><span id=\"x_yui_3_16_0_1_1453941317908_5454\" class=\"\">\u201cOh, minha m\u00e3e<br \/>\n<\/span><\/i><i id=\"x_yui_3_16_0_1_1453941317908_5460\" class=\"\"><span id=\"x_yui_3_16_0_1_1453941317908_5462\" class=\"\">Menininha<br \/>\n<\/span><\/i><i id=\"x_yui_3_16_0_1_1453941317908_5468\" class=\"\"><span id=\"x_yui_3_16_0_1_1453941317908_5470\" class=\"\">Vem ver, como toda cidade<br \/>\n<\/span><\/i><i id=\"x_yui_3_16_0_1_1453941317908_5476\" class=\"\"><span id=\"x_yui_3_16_0_1_1453941317908_5478\" class=\"\">Canta em seu louvor com a <span id=\"0.4769146707840264\" class=\"highlight\">Mocidade<\/span>\u201d<\/span><\/i><\/p>\n<p id=\"x_yui_3_16_0_1_1453941317908_5482\" style=\"text-align: justify;\"><span id=\"x_yui_3_16_0_1_1453941317908_5484\" class=\"\"><\/span><b id=\"x_yui_3_16_0_1_1453941317908_5488\" class=\"\"><span id=\"x_yui_3_16_0_1_1453941317908_5490\" class=\"\">8\u00a0&#8211;\u00a0Villa Lobos e a Apoteose Brasileira (1999)<\/span><\/b><\/p>\n<p><iframe loading=\"lazy\" title=\"Mocidade - Carnaval 1999 - Desfile Completo\" width=\"525\" height=\"295\" src=\"https:\/\/www.youtube.com\/embed\/nOo4LvgzQMw?feature=oembed\" frameborder=\"0\" allow=\"accelerometer; autoplay; clipboard-write; encrypted-media; gyroscope; picture-in-picture; web-share\" referrerpolicy=\"strict-origin-when-cross-origin\" allowfullscreen><\/iframe><\/p>\n<p id=\"x_yui_3_16_0_1_1453941317908_5494\" style=\"text-align: justify;\"><span id=\"x_yui_3_16_0_1_1453941317908_5496\" class=\"\"><\/span><span id=\"x_yui_3_16_0_1_1453941317908_5500\" class=\"\">Um dos mais aclamados at\u00e9 por torcedores de outras agremia\u00e7\u00f5es, \u00e9 l\u00f3gico que a exuberante obra de Santana, Nascimento e Ricardo Simpatia em homenagem a Villa Lobos n\u00e3o poderia ficar de fora.\u00a0<\/span><span id=\"x_yui_3_16_0_1_1453941317908_5510\" class=\"\">A escola levou tr\u00eas Estandartes de Ouro: Escola, Enredo e Mestre-sala. O samba foi maravilhosamente bem cantado por Wander Pires e, de \u201cbrinde\u201d, uma atua\u00e7\u00e3o magn\u00edfica da bateria do Mestre Jorj\u00e3o, que retornava \u00e0 escola depois de quatro Carnavais. Tudo isso cativou a Sapuca\u00ed do in\u00edcio ao fim \u2013 e o mesmo encanto se fez presente no Desfile das Campe\u00e3s.\u00a0<\/span><span id=\"x_yui_3_16_0_1_1453941317908_5520\" class=\"\">Algumas alegorias, caprichosamente \u2013 ou odiosamente, teimaram em n\u00e3o agraciar este momento sublime, empacando na concentra\u00e7\u00e3o e na dispers\u00e3o. N\u00e3o importava: a verde e branco saiu do Samb\u00f3dromo aos gritos de \u201c\u00c9 campe\u00e3\u201d.\u00a0<\/span><span id=\"x_yui_3_16_0_1_1453941317908_5530\" class=\"\">Pela \u00faltima vez at\u00e9 a presente data&#8230; dureza.<\/span><\/p>\n<p id=\"x_yui_3_16_0_1_1453941317908_5534\" style=\"text-align: justify;\"><span id=\"x_yui_3_16_0_1_1453941317908_5536\" class=\"\"><\/span><i id=\"x_yui_3_16_0_1_1453941317908_5540\" class=\"\"><span id=\"x_yui_3_16_0_1_1453941317908_5542\" class=\"\">\u201cVilla-Lobos \u00e9 prova de brasilidade<br \/>\n<\/span><\/i><i id=\"x_yui_3_16_0_1_1453941317908_5548\" class=\"\"><span id=\"x_yui_3_16_0_1_1453941317908_5550\" class=\"\">Sua obra altaneira<br \/>\n<\/span><\/i><i id=\"x_yui_3_16_0_1_1453941317908_5556\" class=\"\"><span id=\"x_yui_3_16_0_1_1453941317908_5558\" class=\"\">Vem na voz da <span id=\"0.6521963267587125\" class=\"highlight\">Mocidade<br \/>\n<\/span><\/span><\/i><i id=\"x_yui_3_16_0_1_1453941317908_5564\" class=\"\"><span id=\"x_yui_3_16_0_1_1453941317908_5566\" class=\"\">Cantando a apoteose brasileira\u201d<\/span><\/i><\/p>\n<p id=\"x_yui_3_16_0_1_1453941317908_5570\" style=\"text-align: justify;\"><span id=\"x_yui_3_16_0_1_1453941317908_5572\" class=\"\"><\/span><b id=\"x_yui_3_16_0_1_1453941317908_5576\" class=\"\"><span id=\"x_yui_3_16_0_1_1453941317908_5578\" class=\"\">7\u00a0&#8211;\u00a0Criador e Criatura (1996)<\/span><\/b><\/p>\n<p><iframe loading=\"lazy\" title=\"Mocidade 1996 Completo Manchete\" width=\"525\" height=\"394\" src=\"https:\/\/www.youtube.com\/embed\/9TQRUB8VaqA?feature=oembed\" frameborder=\"0\" allow=\"accelerometer; autoplay; clipboard-write; encrypted-media; gyroscope; picture-in-picture; web-share\" referrerpolicy=\"strict-origin-when-cross-origin\" allowfullscreen><\/iframe><\/p>\n<p id=\"x_yui_3_16_0_1_1453941317908_5582\" style=\"text-align: justify;\"><span id=\"x_yui_3_16_0_1_1453941317908_5584\" class=\"\"><\/span><span id=\"x_yui_3_16_0_1_1453941317908_5588\" class=\"\">Claro que a trilha sonora do \u00faltimo t\u00edtulo tinha que estar na lista. O que parecia ser um momento de tens\u00e3o e desola\u00e7\u00e3o terminou em festa. Pena que l\u00e1 se v\u00e3o 20 anos&#8230;\u00a0<\/span><span id=\"x_yui_3_16_0_1_1453941317908_5598\" class=\"\">O desfile idealizado por Renato Lage e seus efeitos luminosos adentrou a Sapuca\u00ed com mais de duas horas de atraso, devido aos problemas enfrentados por Portela e Viradouro. Ou seja, o desfile teria que acontecer \u00e0 luz do dia. Nem isso foi capaz de esfriar o p\u00fablico, maravilhado com tamanho capricho e criatividade em alegorias e fantasias.\u00a0<\/span><span id=\"x_yui_3_16_0_1_1453941317908_5608\" class=\"\">O samba de Beto Corr\u00eaa, Dico da Viola, Jefinho e Jo\u00e3ozinho, conhecid\u00edssimo desde o pr\u00e9-Carnaval, deu o seu recado com maestria e \u201cexplodiu\u201d na Sapuca\u00ed \u2013 como se esquecer da bateria fantasiada de Robocop??<\/span><\/p>\n<p id=\"x_yui_3_16_0_1_1453941317908_5612\" style=\"text-align: justify;\"><span id=\"x_yui_3_16_0_1_1453941317908_5614\" class=\"\"><\/span><i id=\"x_yui_3_16_0_1_1453941317908_5618\" class=\"\"><span id=\"x_yui_3_16_0_1_1453941317908_5620\" class=\"\">\u201cA m\u00e3o que faz a bomba, faz o samba<br \/>\n<\/span><\/i><i id=\"x_yui_3_16_0_1_1453941317908_5626\" class=\"\"><span id=\"x_yui_3_16_0_1_1453941317908_5628\" class=\"\">Deus faz gente bamba<br \/>\n<\/span><\/i><i id=\"x_yui_3_16_0_1_1453941317908_5634\" class=\"\"><span id=\"x_yui_3_16_0_1_1453941317908_5636\" class=\"\">A bomba que explode nesse Carnaval<br \/>\n<\/span><\/i><i id=\"x_yui_3_16_0_1_1453941317908_5642\" class=\"\"><span id=\"x_yui_3_16_0_1_1453941317908_5644\" class=\"\">\u00c9 a <span id=\"0.3534701948519796\" class=\"highlight\">Mocidade<\/span> levantando o seu astral\u201d<\/span><\/i><\/p>\n<p id=\"x_yui_3_16_0_1_1453941317908_5648\" style=\"text-align: justify;\"><span id=\"x_yui_3_16_0_1_1453941317908_5650\" class=\"\"><\/span><b id=\"x_yui_3_16_0_1_1453941317908_5654\" class=\"\"><span id=\"x_yui_3_16_0_1_1453941317908_5656\" class=\"\">6\u00a0&#8211;\u00a0De corpo e alma na Avenida (1997)<\/span><\/b><\/p>\n<p><iframe loading=\"lazy\" title=\"Mocidade Independente de Padre Miguel 1997 - De Corpo e Alma na Avenida\" width=\"525\" height=\"394\" src=\"https:\/\/www.youtube.com\/embed\/KSspY5ehgXM?feature=oembed\" frameborder=\"0\" allow=\"accelerometer; autoplay; clipboard-write; encrypted-media; gyroscope; picture-in-picture; web-share\" referrerpolicy=\"strict-origin-when-cross-origin\" allowfullscreen><\/iframe><\/p>\n<p id=\"x_yui_3_16_0_1_1453941317908_5660\" style=\"text-align: justify;\"><span id=\"x_yui_3_16_0_1_1453941317908_5662\" class=\"\"><\/span><span id=\"x_yui_3_16_0_1_1453941317908_5666\" class=\"\">Entrou na lista por gosto pessoal. Esse eu considero muito melhor do que o que deu o quinto t\u00edtulo \u00e0 escola, no ano anterior.\u00a0<\/span><span id=\"x_yui_3_16_0_1_1453941317908_5676\" class=\"\">At\u00e9 porque o desfile foi, pra mim, muito mais com cara de campe\u00e3o do que o de 1996. Wander Pires arrebentou a concorr\u00eancia, tanto que levou o estandarte de melhor int\u00e9rprete. A bateria do Mestre Co\u00e9 beirou a perfei\u00e7\u00e3o; uma das maiores atua\u00e7\u00f5es que eu j\u00e1 vi.\u00a0<\/span><span id=\"x_yui_3_16_0_1_1453941317908_5686\" class=\"\">O caneco n\u00e3o veio por conta de problemas com a Harmonia; algumas alas n\u00e3o cantaram o samba. Fala s\u00e9rio, tem como n\u00e3o cantar este que foi, ao lado da obra da Grande Rio, os \u00fanicos que se salvaram na horrenda e tenebrosa safra de 1997??\u00a0<\/span><span id=\"x_yui_3_16_0_1_1453941317908_5696\" class=\"\">O samba, composto por Chico Cabeleira, Jo\u00e3ozinho, Muca e J. Brito, deu \u00e0 <span id=\"0.693852721946314\" class=\"highlight\">Mocidade<\/span> o \u00faltimo estandarte de melhor samba-enredo.<\/span><\/p>\n<p id=\"x_yui_3_16_0_1_1453941317908_5700\" style=\"text-align: justify;\"><span id=\"x_yui_3_16_0_1_1453941317908_5702\" class=\"\"><\/span><i id=\"x_yui_3_16_0_1_1453941317908_5706\" class=\"\"><span id=\"x_yui_3_16_0_1_1453941317908_5708\" class=\"\">\u201cSa\u00fade e harmonia<br \/>\n<\/span><\/i><i id=\"x_yui_3_16_0_1_1453941317908_5714\" class=\"\"><span id=\"x_yui_3_16_0_1_1453941317908_5716\" class=\"\">Prazer de viver<br \/>\n<\/span><\/i><i id=\"x_yui_3_16_0_1_1453941317908_5722\" class=\"\"><span id=\"x_yui_3_16_0_1_1453941317908_5724\" class=\"\">Vou virar pelo avesso<br \/>\n<\/span><\/i><i id=\"x_yui_3_16_0_1_1453941317908_5730\" class=\"\"><span id=\"x_yui_3_16_0_1_1453941317908_5732\" class=\"\">Teu avesso eu quero ver\u201d<\/span><\/i><\/p>\n<p id=\"x_yui_3_16_0_1_1453941317908_5736\" style=\"text-align: justify;\"><span id=\"x_yui_3_16_0_1_1453941317908_5738\" class=\"\"><\/span><b id=\"x_yui_3_16_0_1_1453941317908_5742\" class=\"\"><span id=\"x_yui_3_16_0_1_1453941317908_5744\" class=\"\">5\u00a0&#8211;\u00a0A Festa do Divino (1974)<\/span><\/b><\/p>\n<p><iframe loading=\"lazy\" title=\"Mocidade 1974 5\/10 - A Festa do Divino\" width=\"525\" height=\"394\" src=\"https:\/\/www.youtube.com\/embed\/437UtFDmHT4?feature=oembed\" frameborder=\"0\" allow=\"accelerometer; autoplay; clipboard-write; encrypted-media; gyroscope; picture-in-picture; web-share\" referrerpolicy=\"strict-origin-when-cross-origin\" allowfullscreen><\/iframe><\/p>\n<p id=\"x_yui_3_16_0_1_1453941317908_5748\" style=\"text-align: justify;\"><span id=\"x_yui_3_16_0_1_1453941317908_5750\" class=\"\"><\/span><span id=\"x_yui_3_16_0_1_1453941317908_5754\" class=\"\">Estandartes de samba-enredo foram dois em sua hist\u00f3ria. O primeiro foi com este samba. Ali\u00e1s, samba\u00e7o!!\u00a0<\/span><span id=\"x_yui_3_16_0_1_1453941317908_5764\" class=\"\">Tamb\u00e9m foi o ano em que a bateria, enfim, teve o reconhecimento da sua fama transformado em Estandarte. S\u00f3 esses dois motivos j\u00e1 seriam mais que suficientes para esta maravilha, composta por Tatu, Nezinho e Campo Grande, ser colocada na lista.\u00a0<\/span><span id=\"x_yui_3_16_0_1_1453941317908_5774\" class=\"\">Mas querem mais um? Foi a estreia do saudoso Ney Vianna ao microfone da <span id=\"0.5454876327421516\" class=\"highlight\">Mocidade<\/span>, ap\u00f3s brilhar na Em Cima da Hora no ano anterior, iniciando a\u00ed uma das mais bem-sucedidas hist\u00f3rias no Carnaval carioca.\u00a0<\/span><span id=\"x_yui_3_16_0_1_1453941317908_5784\" class=\"\">N\u00e3o tinha como ficar de fora.<\/span><\/p>\n<p id=\"x_yui_3_16_0_1_1453941317908_5788\" style=\"text-align: justify;\"><span id=\"x_yui_3_16_0_1_1453941317908_5790\" class=\"\"><\/span><i id=\"x_yui_3_16_0_1_1453941317908_5794\" class=\"\"><span id=\"x_yui_3_16_0_1_1453941317908_5796\" class=\"\">\u201cRoda, gira, gira, roda<br \/>\n<\/span><\/i><i id=\"x_yui_3_16_0_1_1453941317908_5802\" class=\"\"><span id=\"x_yui_3_16_0_1_1453941317908_5804\" class=\"\">Roda grande vai queimar<br \/>\n<\/span><\/i><i id=\"x_yui_3_16_0_1_1453941317908_5810\" class=\"\"><span id=\"x_yui_3_16_0_1_1453941317908_5812\" class=\"\">Para a gl\u00f3ria do Divino<br \/>\n<\/span><\/i><i id=\"x_yui_3_16_0_1_1453941317908_5818\" class=\"\"><span id=\"x_yui_3_16_0_1_1453941317908_5820\" class=\"\">Vamos todos festejar\u201d<\/span><\/i><\/p>\n<p id=\"x_yui_3_16_0_1_1453941317908_5824\" style=\"text-align: justify;\"><span id=\"x_yui_3_16_0_1_1453941317908_5826\" class=\"\"><\/span><b id=\"x_yui_3_16_0_1_1453941317908_5830\" class=\"\"><span id=\"x_yui_3_16_0_1_1453941317908_5832\" class=\"\">4\u00a0&#8211;\u00a0Sonhar n\u00e3o custa nada, ou quase nada (1992)<\/span><\/b><\/p>\n<p>https:\/\/www.youtube.com\/watch?v=df2iXb1_ty0<\/p>\n<p id=\"x_yui_3_16_0_1_1453941317908_5836\" style=\"text-align: justify;\"><span id=\"x_yui_3_16_0_1_1453941317908_5838\" class=\"\"><\/span><span id=\"x_yui_3_16_0_1_1453941317908_5842\" class=\"\">Um vice-campeonato at\u00e9 hoje lamentado. Tamb\u00e9m pudera.\u00a0<\/span><span id=\"x_yui_3_16_0_1_1453941317908_5852\" class=\"\">At\u00e9 hoje o samba de Paulinho <span id=\"0.13963891076855361\" class=\"highlight\">Mocidade<\/span>, Dico da Viola e Moleque Silveira \u00e9 um dos mais populares do g\u00eanero. Todo mundo coloca este samba para tocar em festas e confraterniza\u00e7\u00f5es; sambistas entoam seus versos em seus shows por este pa\u00eds afora&#8230;\u00a0<\/span><span id=\"x_yui_3_16_0_1_1453941317908_5862\" class=\"\">Pena que a soberba acabou com o desfile em si e a realidade foi um pesadelo daqueles dif\u00edceis de se esquecer. Mas o que fica \u00e9 a can\u00e7\u00e3o. E esta \u00e9 impec\u00e1vel. Como diriam os ingleses, \u201cawesome\u201d!!<\/span><\/p>\n<p id=\"x_yui_3_16_0_1_1453941317908_5866\" style=\"text-align: justify;\"><span id=\"x_yui_3_16_0_1_1453941317908_5868\" class=\"\"><\/span><i id=\"x_yui_3_16_0_1_1453941317908_5872\" class=\"\"><span id=\"x_yui_3_16_0_1_1453941317908_5874\" class=\"\">\u201cEstrela de luz<br \/>\n<\/span><\/i><i id=\"x_yui_3_16_0_1_1453941317908_5880\" class=\"\"><span id=\"x_yui_3_16_0_1_1453941317908_5882\" class=\"\">Que me conduz<br \/>\n<\/span><\/i><i id=\"x_yui_3_16_0_1_1453941317908_5888\" class=\"\"><span id=\"x_yui_3_16_0_1_1453941317908_5890\" class=\"\">Estrela que me faz sonhar\u201d<\/span><\/i><\/p>\n<p id=\"x_yui_3_16_0_1_1453941317908_5894\" style=\"text-align: justify;\"><span id=\"x_yui_3_16_0_1_1453941317908_5896\" class=\"\"><\/span><b id=\"x_yui_3_16_0_1_1453941317908_5900\" class=\"\"><span id=\"x_yui_3_16_0_1_1453941317908_5902\" class=\"\">3\u00a0&#8211;\u00a0Tupinic\u00f3polis (1987)<\/span><\/b><\/p>\n<p>https:\/\/www.youtube.com\/watch?v=eAT7IiZ7j24<\/p>\n<p id=\"x_yui_3_16_0_1_1453941317908_5906\" style=\"text-align: justify;\"><span id=\"x_yui_3_16_0_1_1453941317908_5908\" class=\"\"><\/span><span id=\"x_yui_3_16_0_1_1453941317908_5912\" class=\"\">Tamb\u00e9m uma \u201cmedalha de prata\u201d. O que contou no desempate \u00e9 que, diferente de 1992, este samba, de autoria de Gibi, Chico Cabeleira, Nino e J. Muinhos, merecia ser a trilha sonora do t\u00edtulo com l\u00e9guas de dist\u00e2ncia.\u00a0<\/span><span id=\"x_yui_3_16_0_1_1453941317908_5922\" class=\"\">Foi o \u00faltimo desfile do saudoso carnavalesco Fernando Pinto \u2013 que rendeu o estandarte de Enredo \u2013 e a consagra\u00e7\u00e3o de Ney Vianna, tamb\u00e9m com o estandarte \u2013 de melhor int\u00e9rprete. A cidade moderna dos \u00edndios, retratada de forma esplendorosa nas fantasias e alegorias, fez a torcida fincar p\u00e9 nas arquibancadas at\u00e9 o fim do desfile, mesmo com um calor daqueles.\u00a0<\/span><span id=\"x_yui_3_16_0_1_1453941317908_5932\" class=\"\">Na apura\u00e7\u00e3o, a derrota para a Mangueira d\u00e1 raiva at\u00e9 hoje. Mas fa\u00e7am uma pesquisa r\u00e1pida com seus colegas: qual \u00e9 o samba mais lembrado e adorado entre os dois??\u00a0<\/span><span id=\"x_yui_3_16_0_1_1453941317908_5942\" class=\"\">\u00c9 at\u00e9 covardia!!!<\/span><\/p>\n<p id=\"x_yui_3_16_0_1_1453941317908_5946\" style=\"text-align: justify;\"><span id=\"x_yui_3_16_0_1_1453941317908_5948\" class=\"\"><\/span><i id=\"x_yui_3_16_0_1_1453941317908_5952\" class=\"\"><span id=\"x_yui_3_16_0_1_1453941317908_5954\" class=\"\">\u201cE a oca virou taba<br \/>\n<\/span><\/i><i id=\"x_yui_3_16_0_1_1453941317908_5960\" class=\"\"><span id=\"x_yui_3_16_0_1_1453941317908_5962\" class=\"\">A taba virou metr\u00f3pole<br \/>\n<\/span><\/i><i id=\"x_yui_3_16_0_1_1453941317908_5968\" class=\"\"><span id=\"x_yui_3_16_0_1_1453941317908_5970\" class=\"\">Eis aqui a grande Tupinic\u00f3polis\u201d<\/span><\/i><\/p>\n<p id=\"x_yui_3_16_0_1_1453941317908_5974\" style=\"text-align: justify;\"><span id=\"x_yui_3_16_0_1_1453941317908_5976\" class=\"\"><\/span><b id=\"x_yui_3_16_0_1_1453941317908_5980\" class=\"\"><span id=\"x_yui_3_16_0_1_1453941317908_5982\" class=\"\">2\u00a0&#8211;\u00a0Chu\u00ea, Chu\u00e1, as \u00e1guas v\u00e3o rolar (1991)<\/span><\/b><\/p>\n<p><iframe loading=\"lazy\" title=\"Mocidade Independente 1991 Manchete Completo\" width=\"525\" height=\"394\" src=\"https:\/\/www.youtube.com\/embed\/FbiSrDc041I?feature=oembed\" frameborder=\"0\" allow=\"accelerometer; autoplay; clipboard-write; encrypted-media; gyroscope; picture-in-picture; web-share\" referrerpolicy=\"strict-origin-when-cross-origin\" allowfullscreen><\/iframe><\/p>\n<p id=\"x_yui_3_16_0_1_1453941317908_5986\" style=\"text-align: justify;\"><span id=\"x_yui_3_16_0_1_1453941317908_5988\" class=\"\"><\/span><span id=\"x_yui_3_16_0_1_1453941317908_5992\" class=\"\">O samba que deu o bicampeonato para a escola. Embora eu considere 1992 e 1987 melhores do que este, composto por T\u00f4co, J. Medeiros e Ti\u00e3ozinho da <span id=\"0.951894985511899\" class=\"highlight\">Mocidade<\/span>, \u00e9 ineg\u00e1vel que esta obra merecia o segundo posto na minha lista.\u00a0<\/span><span id=\"x_yui_3_16_0_1_1453941317908_6002\" class=\"\">O motivo, al\u00e9m do t\u00edtulo e dos dois estandartes (escola e bateria)? Simples.\u00a0<\/span><span id=\"x_yui_3_16_0_1_1453941317908_6012\" class=\"\">Escafandros, Planeta \u00c1gua, Iemanj\u00e1&#8230; n\u00e3o foi s\u00f3 um desfile campe\u00e3o. Foi um dos desfiles mais perfeitos da hist\u00f3ria do Carnaval. Daqueles que basta o cron\u00f4metro disparar para ter a certeza de vivenciar um momento hist\u00f3rico.\u00a0<\/span><span id=\"x_yui_3_16_0_1_1453941317908_6022\" class=\"\">Um desfile daqueles de n\u00e3o se deixar d\u00favida alguma! Um banho na concorr\u00eancia \u2013 com duplo sentido!<\/span><\/p>\n<p id=\"x_yui_3_16_0_1_1453941317908_6026\" style=\"text-align: justify;\"><span id=\"x_yui_3_16_0_1_1453941317908_6028\" class=\"\"><\/span><i id=\"x_yui_3_16_0_1_1453941317908_6032\" class=\"\"><span id=\"x_yui_3_16_0_1_1453941317908_6034\" class=\"\">\u201c\u00c9 no chu\u00ea chu\u00ea<br \/>\n<\/span><\/i><i id=\"x_yui_3_16_0_1_1453941317908_6040\" class=\"\"><span id=\"x_yui_3_16_0_1_1453941317908_6042\" class=\"\">\u00c9 no chu\u00ea chu\u00e1<br \/>\n<\/span><\/i><i id=\"x_yui_3_16_0_1_1453941317908_6048\" class=\"\"><span id=\"x_yui_3_16_0_1_1453941317908_6050\" class=\"\">N\u00e3o quero nem saber<br \/>\n<\/span><\/i><i id=\"x_yui_3_16_0_1_1453941317908_6056\" class=\"\"><span id=\"x_yui_3_16_0_1_1453941317908_6058\" class=\"\">As \u00e1guas v\u00e3o rolar<br \/>\n<\/span><\/i><i id=\"x_yui_3_16_0_1_1453941317908_6064\" class=\"\"><span id=\"x_yui_3_16_0_1_1453941317908_6066\" class=\"\">\u00c9 no chu\u00ea chu\u00ea<br \/>\n<\/span><\/i><i id=\"x_yui_3_16_0_1_1453941317908_6072\" class=\"\"><span id=\"x_yui_3_16_0_1_1453941317908_6074\" class=\"\">\u00c9 no chu\u00ea chu\u00e1<br \/>\n<\/span><\/i><i id=\"x_yui_3_16_0_1_1453941317908_6080\" class=\"\"><span id=\"x_yui_3_16_0_1_1453941317908_6082\" class=\"\">Pois a tristeza j\u00e1 deixei pr\u00e1 l\u00e1\u201d<\/span><\/i><\/p>\n<p id=\"x_yui_3_16_0_1_1453941317908_6086\" style=\"text-align: justify;\"><span id=\"x_yui_3_16_0_1_1453941317908_6088\" class=\"\"><\/span><b id=\"x_yui_3_16_0_1_1453941317908_6092\" class=\"\"><span id=\"x_yui_3_16_0_1_1453941317908_6094\" class=\"\">1\u00a0&#8211;\u00a0Ziriguidum 2001, um Carnaval nas Estrelas (1985)<\/span><\/b><\/p>\n<p><iframe loading=\"lazy\" title=\"Mocidade (1985) - Ziriguidum 2001 - Um Carnaval nas Estrelas (Desfile Completo)\" width=\"525\" height=\"394\" src=\"https:\/\/www.youtube.com\/embed\/kK4WM5cBwtU?feature=oembed\" frameborder=\"0\" allow=\"accelerometer; autoplay; clipboard-write; encrypted-media; gyroscope; picture-in-picture; web-share\" referrerpolicy=\"strict-origin-when-cross-origin\" allowfullscreen><\/iframe><\/p>\n<p style=\"text-align: justify;\"><b id=\"x_yui_3_16_0_1_1453941317908_6100\" class=\"\"><span id=\"x_yui_3_16_0_1_1453941317908_6102\" class=\"\"><\/span><\/b><span id=\"x_yui_3_16_0_1_1453941317908_6106\" class=\"\">Finalmente a vencedora!! Eu poderia fazer um \u201ccopiar e colar\u201d com os mesmos motivos que usei para justificar a escolha do samba de 1991.\u00a0<\/span><span id=\"x_yui_3_16_0_1_1453941317908_6116\" class=\"\">A obra de Gibi, Ti\u00e3ozinho da <span id=\"0.5415525573771447\" class=\"highlight\">Mocidade<\/span> e Ars\u00eanio encabe\u00e7a a minha lista pelas mesmas raz\u00f5es de 1991: todo mundo conhece seus acordes; o \u201cZiriguidum\u201d foi relembrado em in\u00fameros sambas posteriores; foi a consagra\u00e7\u00e3o do estilo futurista de Fernando Pinto, com seus planetas, alien\u00edgenas e naves espaciais&#8230; e isso tudo desfilando debaixo de um sol de rachar asfalto \u2013 o que, na verdade, s\u00f3 real\u00e7ou ainda mais a beleza de desfile. <\/span><span id=\"x_yui_3_16_0_1_1453941317908_6126\" class=\"\">Minha prefer\u00eancia por esta obra \u2013 e desempate com as anteriores &#8211; \u00e9 pessoal.\u00a0<\/span><span id=\"x_yui_3_16_0_1_1453941317908_6136\" class=\"\">Foi o primeiro samba que aprendi de cor e salteado; foi o que me fez, mesmo alguns anos mais tarde, ter a certeza de que foi uma decis\u00e3o acertada escolher a <span id=\"0.19632161408662796\" class=\"highlight\">Mocidade<\/span> para torcer!!\u00a0<\/span><span id=\"x_yui_3_16_0_1_1453941317908_6146\" class=\"\">E mesmo cambaleando nos \u00faltimos tempos, meu cora\u00e7\u00e3o segue firme, em verde e branco. Afinal, a sua estrela sempre vai brilhar!!!<\/span><\/p>\n<p id=\"x_yui_3_16_0_1_1453941317908_6150\" style=\"text-align: justify;\"><span id=\"x_yui_3_16_0_1_1453941317908_6152\" class=\"\"><\/span><i id=\"x_yui_3_16_0_1_1453941317908_6156\" class=\"\"><span id=\"x_yui_3_16_0_1_1453941317908_6158\" class=\"\">\u201cQuero ser a pioneira<br \/>\n<\/span><\/i><i id=\"x_yui_3_16_0_1_1453941317908_6164\" class=\"\"><span id=\"x_yui_3_16_0_1_1453941317908_6166\" class=\"\">A erguer minha bandeira<br \/>\n<\/span><\/i><i id=\"x_yui_3_16_0_1_1453941317908_6172\" class=\"\"><span id=\"x_yui_3_16_0_1_1453941317908_6174\" class=\"\">E plantar minha raiz\u201d<\/span><\/i><\/p>\n","protected":false},"excerpt":{"rendered":"<p>*Rodrigo Vilela \u00e9 radialista profissional e torcedor da Mocidade Independente de Padre Miguel Listar os 10 maiores sambas da Mocidade Independente de Padre Miguel. VejamTour Details<\/p>\n","protected":false},"author":14,"featured_media":0,"comment_status":"open","ping_status":"open","sticky":false,"template":"","format":"standard","meta":{"footnotes":""},"categories":[1137],"tags":[18,19,533,1136],"class_list":["post-39775","post","type-post","status-publish","format-standard","hentry","category-top-10","tag-carnaval","tag-escolas-de-samba","tag-mocidade","tag-top-10"],"_links":{"self":[{"href":"http:\/\/www.pedromigao.com.br\/ourodetolo\/wp-json\/wp\/v2\/posts\/39775","targetHints":{"allow":["GET"]}}],"collection":[{"href":"http:\/\/www.pedromigao.com.br\/ourodetolo\/wp-json\/wp\/v2\/posts"}],"about":[{"href":"http:\/\/www.pedromigao.com.br\/ourodetolo\/wp-json\/wp\/v2\/types\/post"}],"author":[{"embeddable":true,"href":"http:\/\/www.pedromigao.com.br\/ourodetolo\/wp-json\/wp\/v2\/users\/14"}],"replies":[{"embeddable":true,"href":"http:\/\/www.pedromigao.com.br\/ourodetolo\/wp-json\/wp\/v2\/comments?post=39775"}],"version-history":[{"count":0,"href":"http:\/\/www.pedromigao.com.br\/ourodetolo\/wp-json\/wp\/v2\/posts\/39775\/revisions"}],"wp:attachment":[{"href":"http:\/\/www.pedromigao.com.br\/ourodetolo\/wp-json\/wp\/v2\/media?parent=39775"}],"wp:term":[{"taxonomy":"category","embeddable":true,"href":"http:\/\/www.pedromigao.com.br\/ourodetolo\/wp-json\/wp\/v2\/categories?post=39775"},{"taxonomy":"post_tag","embeddable":true,"href":"http:\/\/www.pedromigao.com.br\/ourodetolo\/wp-json\/wp\/v2\/tags?post=39775"}],"curies":[{"name":"wp","href":"https:\/\/api.w.org\/{rel}","templated":true}]}}