{"id":39771,"date":"2016-02-01T08:48:19","date_gmt":"2016-02-01T10:48:19","guid":{"rendered":"http:\/\/www.pedromigao.com.br\/ourodetolo\/?p=39771"},"modified":"2016-02-01T08:47:57","modified_gmt":"2016-02-01T10:47:57","slug":"top-10-imperio-serrano-por-carlos-gil","status":"publish","type":"post","link":"http:\/\/www.pedromigao.com.br\/ourodetolo\/2016\/02\/top-10-imperio-serrano-por-carlos-gil\/","title":{"rendered":"TOP 10: Imp\u00e9rio Serrano (por Carlos Gil)"},"content":{"rendered":"<p style=\"text-align: justify;\">\u00d4 miss\u00e3o complicada\u2026 Escolher os dez mais de uma escola conhecida e reconhecida pela qualidade de seus sambas. De uma escola que tem o compositor que \u00e9 conhecido e reconhecido como sendo o maior do g\u00eanero em todos os tempos. Foi s\u00f3 essa a minha incumb\u00eancia neste espa\u00e7o!<\/p>\n<p style=\"text-align: justify;\">Mas ver\u00e1s que um filho teu n\u00e3o foge \u00e0 luta (que j\u00e1 homenageio aqui porque o lindo hino de 1996 n\u00e3o estar\u00e1 listado abaixo). Aceitei o desafio e dividi a discografia imperiana em quatro per\u00edodos para fazer minhas escolhas de Sofia. A Era dos Prim\u00f3rdios, de onde escolhi uma obra. A Era de Ouro, quando Silas, Dona Ivone, Mano D\u00e9cio e companhia reinaram. A Era das Transforma\u00e7\u00f5es, quando novos elementos surgiram. E assim tamb\u00e9m surgiram as super escolas de samba SA. E a Era Moderna, autoexplicativa.<\/p>\n<p style=\"text-align: justify;\">Pensei em distribuir os meus eleitos em ordem cronol\u00f3gica. Mas desisti. Achei que seria uma forma de n\u00e3o me comprometer com minhas escolhas. Se s\u00e3o os meus dez mais que sejam na ordem em que eu os considero.<\/p>\n<p style=\"text-align: justify;\">O Imp\u00e9rio Serrano completar\u00e1 70 carnavais. Numa conta simples, tive que deixar 60 obras de fora. Obviamente, n\u00e3o s\u00e3o sessenta obras primas. Mas muita coisa boa, excelente e divina ficou de fora. \u00c9 a regra do jogo. Sem mais delongas\u2026vamos nessa.<\/p>\n<p style=\"text-align: justify;\"><strong>10\u00a0&#8211;\u00a0Exalta\u00e7\u00e3o a Tiradentes (Estanislau Silva, Mano D\u00e9cio e Penteado, 1949)<\/strong><\/p>\n<p><iframe loading=\"lazy\" title=\"05 - Imp\u00e9rio Serrano 1949 - Exalta\u00e7\u00e3o \u00e0 Tiradentes\" width=\"525\" height=\"394\" src=\"https:\/\/www.youtube.com\/embed\/Bh_aG1feX0A?feature=oembed\" frameborder=\"0\" allow=\"accelerometer; autoplay; clipboard-write; encrypted-media; gyroscope; picture-in-picture; web-share\" referrerpolicy=\"strict-origin-when-cross-origin\" allowfullscreen><\/iframe><\/p>\n<p style=\"text-align: justify;\">Conhe\u00e7o muita gente que se surpreende ao saber que esse samba passou na avenida. Acreditam que era s\u00f3 tema de uma aula do Telecurso Segundo Grau. Perdoados porque faz muito tempo. Mas Exalta\u00e7\u00e3o a Tiradentes \u00e9, n\u00e3o s\u00f3 um grande samba-enredo, como deu ao rec\u00e9m fundado GRES Imp\u00e9rio Serrano o bicampeonato da folia. Aula de hist\u00f3ria concisa, m\u00fasica e letra curtos, mas imortais. Representa a Era dos Prim\u00f3rdios, dos primeiros anos e primeiros t\u00edtulos imperiais.<\/p>\n<p style=\"text-align: justify;\"><strong>9\u00a0&#8211;\u00a0O Rio corre para o mar (Arlindo Cruz, Carlos Sena, Elmo Caetano e Mauri\u00e7\u00e3o, 2001)<\/strong><\/p>\n<p><iframe loading=\"lazy\" title=\"Imp\u00e9rio Serrano 2001 11\/14- O Rio Corre Para o Mar\" width=\"525\" height=\"394\" src=\"https:\/\/www.youtube.com\/embed\/R-1uEllv8nE?feature=oembed\" frameborder=\"0\" allow=\"accelerometer; autoplay; clipboard-write; encrypted-media; gyroscope; picture-in-picture; web-share\" referrerpolicy=\"strict-origin-when-cross-origin\" allowfullscreen><\/iframe><\/p>\n<p style=\"text-align: justify;\">\u00c9 um samba da Era Moderna e sei que muita gente boa n\u00e3o o colocaria numa lista de dez mais da escola. Mas essa lista \u00e9 pessoal e sentimental. Esse samba marcou uma volta por cima depois de dois rebaixamentos. Era o Imp\u00e9rio se apresentando de forma digna, altaneira, com um samba valente, mel\u00f3dico, bonito, de refr\u00e3o contagiante. O Imp\u00e9rio que fala tanto e t\u00e3o bem de si mesmo. Um Imp\u00e9rio de bem com a vida. O desfile poderia ter sido menos acidentado. Mas o samba foi premiado com o Estandarte de Ouro daquele ano.<\/p>\n<p style=\"text-align: justify;\"><strong>8\u00a0&#8211;\u00a0Fala, Serrinha. A voz do morro sou eu mesmo, sim senhor (Beto sem Bra\u00e7o, Jangada e Mauri\u00e7\u00e3o, 1992)<\/strong><\/p>\n<p><iframe loading=\"lazy\" title=\"imperio Serrano 1992\" width=\"525\" height=\"394\" src=\"https:\/\/www.youtube.com\/embed\/xWU5OsUNF8E?feature=oembed\" frameborder=\"0\" allow=\"accelerometer; autoplay; clipboard-write; encrypted-media; gyroscope; picture-in-picture; web-share\" referrerpolicy=\"strict-origin-when-cross-origin\" allowfullscreen><\/iframe><\/p>\n<p style=\"text-align: justify;\">\u00daltima obra de Beto sem Bra\u00e7o na escola, este samba, ao contr\u00e1rio do samba-enredo de 2001, n\u00e3o mostra um Imp\u00e9rio de bem com a vida. \u00c9 um pote at\u00e9 aqui de m\u00e1goa. \u00c9 um grito preso na garganta, um desabafo. \u00c9 cantado com a alma de cada imperiano que chorou a queda de 1991. Sou Imp\u00e9rio, sou patente \u00e9 uma convoca\u00e7\u00e3o \u00e0 guerra. Sempre que ou\u00e7o na quadra eu me emociono lembrando daquele desfile cheio de percal\u00e7os, dificuldades, pobre, mas extremamente aguerrido depois de uma maratona exaustiva de sei l\u00e1 quantas escolas. Fomos a \u00faltima escola a entrar na avenida e as arquibancadas ainda nos aguardavam. Abra meu livro pois tu sabes ler.<\/p>\n<p style=\"text-align: justify;\"><strong>7\u00a0&#8211;\u00a0Os cinco bailes da hist\u00f3ria do Rio (Silas de Oliveira, Dona Ivone Lara e Bacalhau, 1965)<\/strong><\/p>\n<p><iframe loading=\"lazy\" title=\"07 - Imp\u00e9rio Serrano 1965 - Os Cinco Bailes da Hist\u00f3ria do Rio\" width=\"525\" height=\"394\" src=\"https:\/\/www.youtube.com\/embed\/laEBlDSZQZc?feature=oembed\" frameborder=\"0\" allow=\"accelerometer; autoplay; clipboard-write; encrypted-media; gyroscope; picture-in-picture; web-share\" referrerpolicy=\"strict-origin-when-cross-origin\" allowfullscreen><\/iframe><\/p>\n<p style=\"text-align: justify;\">O primeiro samba-enredo composto por uma mulher a passar na avenida. S\u00f3 por isso j\u00e1 mereceria estar na lista. Mas os Cinco Bailes, rebuscado e dolente como n\u00e3o se veria hoje em dia, \u00e9 mais do que isso. \u00c9 uma obra fundamental na discografia do carnaval carioca. Marca a Era de Ouro do poeta maior da Serrinha, o Viga Mestre, Silas de Oliveira. Carnaval, doce ilus\u00e3o\u2026<\/p>\n<p style=\"text-align: justify;\"><strong>6\u00a0&#8211;\u00a0O Imp\u00e9rio do Divino (Alu\u00edzio Machado, Arlindo Cruz, Carlos Sena, Elmo Caetano e Mauri\u00e7\u00e3o, 2006)<\/strong><\/p>\n<p><iframe loading=\"lazy\" title=\"Imp\u00e9rio Serrano  2006 8\/14- O Imp\u00e9rio do Divino\" width=\"525\" height=\"394\" src=\"https:\/\/www.youtube.com\/embed\/MK_tyn8XUhY?feature=oembed\" frameborder=\"0\" allow=\"accelerometer; autoplay; clipboard-write; encrypted-media; gyroscope; picture-in-picture; web-share\" referrerpolicy=\"strict-origin-when-cross-origin\" allowfullscreen><\/iframe><\/p>\n<p style=\"text-align: justify;\">O melhor desfile do s\u00e9culo do Imp\u00e9rio Serrano representado por mais um samba laureado com o Estandarte de Ouro. Basta dizer que o verso \u201cImperiano de F\u00e9 n\u00e3o cansa\u201d virou uma esp\u00e9cie de mantra, um hino, um lema daqueles que se carrega para a vida. Parceria entre dois bambas, Arlindo e Alu\u00edsio, rendendo frutos. Este ano eles est\u00e3o novamente juntos.<\/p>\n<p style=\"text-align: justify;\"><strong>5\u00a0&#8211;\u00a0Nordeste, seu povo, seu canto, sua gente (Heitor, Maneco e Wilson Diabo, 1971)<\/strong><\/p>\n<p><iframe loading=\"lazy\" title=\"Imp\u00e9rio Serrano 1971 3\/10 - NORDESTE, SEU POVO, SEU CANTO, SUA GL\u00d3RIA\" width=\"525\" height=\"394\" src=\"https:\/\/www.youtube.com\/embed\/qCP4ighvCqY?feature=oembed\" frameborder=\"0\" allow=\"accelerometer; autoplay; clipboard-write; encrypted-media; gyroscope; picture-in-picture; web-share\" referrerpolicy=\"strict-origin-when-cross-origin\" allowfullscreen><\/iframe><\/p>\n<p style=\"text-align: justify;\">Vindo da Era das Transforma\u00e7\u00f5es marcou a estreia de Fernando Pinto como carnavalesco da escola. O tom de ladainha ao tocar a boiada emociona. Esta \u00e9 outra obra que se cerca de magia quando ouvida na quadra. Pelo menos eu sinto assim.<\/p>\n<p style=\"text-align: justify;\"><strong>4\u00a0&#8211;\u00a0Eu Quero (Alu\u00edzio Machado, Jorge N\u00f3brega e Luis Carlos do Cavaco, 1986)<\/strong><\/p>\n<p><iframe loading=\"lazy\" title=\"Desfile Imp\u00e9rio Serrano - 1986\" width=\"525\" height=\"394\" src=\"https:\/\/www.youtube.com\/embed\/hRvYjxQC8nQ?feature=oembed\" frameborder=\"0\" allow=\"accelerometer; autoplay; clipboard-write; encrypted-media; gyroscope; picture-in-picture; web-share\" referrerpolicy=\"strict-origin-when-cross-origin\" allowfullscreen><\/iframe><\/p>\n<p style=\"text-align: justify;\">Outra obra premiada com o Estandarte de Ouro. O saudoso Doutor S\u00f3crates, escalado para jurado de samba-enredo h\u00e1 trinta anos, chegou a declarar antes do Carnaval que, para este samba, era imposs\u00edvel n\u00e3o dar nota dez. Certamente a conota\u00e7\u00e3o pol\u00edtica pesou &#8211; como pesou na minha escolha. O que n\u00e3o diminui em nada o m\u00e9rito t\u00e9cnico de um samba que fez a Sapuca\u00ed e o Brasil cantarem \u201cme d\u00e1, me d\u00e1, me d\u00e1 o que \u00e9 meu, foram vinte anos que algu\u00e9m comeu\u201d. Mais atual, imposs\u00edvel. Desfila\u00e7o com a assinatura de Renato Lage. Grande momento do Reizinho de Madureira.<\/p>\n<p style=\"text-align: justify;\"><strong>3\u00a0&#8211;\u00a0Aquarela Brasileira (Silas de Oliveira, 1964 e 2004)<\/strong><\/p>\n<p><iframe loading=\"lazy\" title=\"06 - Imp\u00e9rio Serrano 1964 - Aquarela Brasileira\" width=\"525\" height=\"394\" src=\"https:\/\/www.youtube.com\/embed\/QRAfmfCfp9M?feature=oembed\" frameborder=\"0\" allow=\"accelerometer; autoplay; clipboard-write; encrypted-media; gyroscope; picture-in-picture; web-share\" referrerpolicy=\"strict-origin-when-cross-origin\" allowfullscreen><\/iframe><\/p>\n<p style=\"text-align: justify;\">Coisa rara hoje em dia esse neg\u00f3cio de assinar samba sozinho. Aquarela \u00e9 a obra que imortalizou Silas de Oliveira no g\u00eanero. \u00c9, de acordo com a querida Rachel Valen\u00e7a, um hino do carnaval. Gravado e regravado ao longo do tempo. Maravilha de cen\u00e1rio, epis\u00f3dio relic\u00e1rio. Antes de publicar a lista pensei se deveria buscar o lado B do talento imperial ou me render aos cl\u00e1ssicos. Acabei rendido pelos cl\u00e1ssicos. Fazer uma lista de dez mais e n\u00e3o listar Aquarela Brasileira seria uma heresia da minha parte.<\/p>\n<p style=\"text-align: justify;\"><strong>2\u00a0&#8211;\u00a0Bumbum paticumbum prugurundum (Alu\u00edzio Machado e Beto Sem Bra\u00e7o, 1982)<\/strong><\/p>\n<p><iframe loading=\"lazy\" title=\"Imp\u00e9rio Serrano 1982\" width=\"525\" height=\"394\" src=\"https:\/\/www.youtube.com\/embed\/C-c21jFJiWo?feature=oembed\" frameborder=\"0\" allow=\"accelerometer; autoplay; clipboard-write; encrypted-media; gyroscope; picture-in-picture; web-share\" referrerpolicy=\"strict-origin-when-cross-origin\" allowfullscreen><\/iframe><\/p>\n<p style=\"text-align: justify;\">A deliciosa onomatopeia conquistou o p\u00fablico bem antes da avenida. E conduziu o Imp\u00e9rio nela ao seu \u00faltimo t\u00edtulo no Grupo Especial, o grupo das super escolas de samba SA. O primeiro t\u00edtulo da vitoriosa carreira de Rosa Magalh\u00e3es &#8211; em parceria com L\u00edcia Lacerda. Sacadas geniais de letra e melodia, um refr\u00e3o que caiu na boca do povo e, como \u00e9 uma escolha pessoal e afetiva, a minha primeira mem\u00f3ria de um samba-enredo. S\u00f3 n\u00e3o ficou em primeiro porque, a seguir, vem o maior samba de todos os tempos.<\/p>\n<p style=\"text-align: justify;\"><strong>1 &#8211; Herois da Liberdade (Mano D\u00e9cio, Manoel Ferreira e Silas de Oliveira, 1969)<\/strong><\/p>\n<p><iframe loading=\"lazy\" title=\"Imp\u00e9rio Serrano 1969 Her\u00f3is da Liberdade\" width=\"525\" height=\"394\" src=\"https:\/\/www.youtube.com\/embed\/6m_-i0LzjQg?feature=oembed\" frameborder=\"0\" allow=\"accelerometer; autoplay; clipboard-write; encrypted-media; gyroscope; picture-in-picture; web-share\" referrerpolicy=\"strict-origin-when-cross-origin\" allowfullscreen><\/iframe><\/p>\n<p style=\"text-align: justify;\">Se Aquarela \u00e9 um hino do carnaval, Herois \u00e9 um hino do Imp\u00e9rio Serrano e do pr\u00f3prio Brasil. E se a lista \u00e9 para contar a hist\u00f3ria do Imp\u00e9rio, ser um hino da escola vale mais para mim. Considero o maior de todos os tempos pela rara felicidade de unir uma melodia cativante a uma letra absolutamente espl\u00eandida. A partir de \u201cao longe, soldados e tambores\u2026\u201d at\u00e9 o \u201c\u00f4 \u00f4 \u00f4\u201d final n\u00e3o h\u00e1 nada mais po\u00e9tico em mat\u00e9ria de samba-enredo. E desculpem minha empolga\u00e7\u00e3o ao falar dessa obra. \u00c9 em leg\u00edtima raz\u00e3o que o defendo. O samba que desafiou a ditadura \u00e9 a minha escolha para encabe\u00e7ar a lista dos dez mais do Glorioso.<\/p>\n","protected":false},"excerpt":{"rendered":"<p>\u00d4 miss\u00e3o complicada\u2026 Escolher os dez mais de uma escola conhecida e reconhecida pela qualidade de seus sambas. De uma escola que tem o compositorTour Details<\/p>\n","protected":false},"author":43,"featured_media":0,"comment_status":"open","ping_status":"open","sticky":false,"template":"","format":"standard","meta":{"footnotes":""},"categories":[1137],"tags":[18,19,143,1136],"class_list":["post-39771","post","type-post","status-publish","format-standard","hentry","category-top-10","tag-carnaval","tag-escolas-de-samba","tag-imperio-serrano","tag-top-10"],"_links":{"self":[{"href":"http:\/\/www.pedromigao.com.br\/ourodetolo\/wp-json\/wp\/v2\/posts\/39771","targetHints":{"allow":["GET"]}}],"collection":[{"href":"http:\/\/www.pedromigao.com.br\/ourodetolo\/wp-json\/wp\/v2\/posts"}],"about":[{"href":"http:\/\/www.pedromigao.com.br\/ourodetolo\/wp-json\/wp\/v2\/types\/post"}],"author":[{"embeddable":true,"href":"http:\/\/www.pedromigao.com.br\/ourodetolo\/wp-json\/wp\/v2\/users\/43"}],"replies":[{"embeddable":true,"href":"http:\/\/www.pedromigao.com.br\/ourodetolo\/wp-json\/wp\/v2\/comments?post=39771"}],"version-history":[{"count":0,"href":"http:\/\/www.pedromigao.com.br\/ourodetolo\/wp-json\/wp\/v2\/posts\/39771\/revisions"}],"wp:attachment":[{"href":"http:\/\/www.pedromigao.com.br\/ourodetolo\/wp-json\/wp\/v2\/media?parent=39771"}],"wp:term":[{"taxonomy":"category","embeddable":true,"href":"http:\/\/www.pedromigao.com.br\/ourodetolo\/wp-json\/wp\/v2\/categories?post=39771"},{"taxonomy":"post_tag","embeddable":true,"href":"http:\/\/www.pedromigao.com.br\/ourodetolo\/wp-json\/wp\/v2\/tags?post=39771"}],"curies":[{"name":"wp","href":"https:\/\/api.w.org\/{rel}","templated":true}]}}