{"id":38621,"date":"2015-12-12T00:10:54","date_gmt":"2015-12-12T02:10:54","guid":{"rendered":"http:\/\/www.pedromigao.com.br\/ourodetolo\/?p=38621"},"modified":"2015-12-15T13:53:12","modified_gmt":"2015-12-15T15:53:12","slug":"frank-sinatra-100-anos","status":"publish","type":"post","link":"http:\/\/www.pedromigao.com.br\/ourodetolo\/2015\/12\/frank-sinatra-100-anos\/","title":{"rendered":"Frank Sinatra, 100 Anos"},"content":{"rendered":"<p style=\"text-align: justify;\">Hoje, 12 de dezembro de 2015, se completa o centen\u00e1rio de um dos maiores artistas do S\u00e9culo XX, inspirador de toda uma gera\u00e7\u00e3o de artistas, f\u00e3s e admiradores: Francis Albert &#8220;Frank&#8221; Sinatra.<\/p>\n<p style=\"text-align: justify;\">Nascido nas cercanias de New York, filho \u00fanico. Tr\u00eas casamentos, tr\u00eas filhos, incont\u00e1veis amores &#8211; o maior deles a atriz Ava Gardner. Sujeito de car\u00e1ter bastante question\u00e1vel segundo alguns, com reiteradas acusa\u00e7\u00f5es de envolvimento com a M\u00e1fia &#8211; de acordo com aquela que \u00e9 considerada a melhor biografia do artista, no m\u00ednimo com rela\u00e7\u00f5es bastante amig\u00e1veis.<\/p>\n<p style=\"text-align: justify;\">Mas um g\u00eanio, com uma forma \u00fanica de cantar, sem ter tido qualquer forma\u00e7\u00e3o musical. O cantor que nas d\u00e9cadas de 30 e 40 reunia multid\u00f5es de mocinhas \u00famidas para v\u00ea-lo cantar em casas de shows. O artista que se reinventou duas vezes na carreira, alcan\u00e7ando quando de sua morte em 1998 um patamar quase que de semideus.<\/p>\n<p>https:\/\/www.youtube.com\/watch?v=YPvDjqqUrI4<\/p>\n<p style=\"text-align: justify;\">N\u00e3o somente cantor: Frank Sinatra tamb\u00e9m foi um ator de destaque, tendo recebido o Oscar de Melhor Ator coadjuvante por &#8220;A Um Passo da Eternidade&#8221; (1953). Papel que o cantor quase teve de implorar ao diretor, tendo em vista que estava em momento de baixa popularidade e nunca havia atuado em um papel desta monta. Sinatra tamb\u00e9m viveu um drama pessoal durante as filmagens, com o aborto provocado por sua ent\u00e3o mulher Ava Gardner.<\/p>\n<p style=\"text-align: justify;\">Dois anos depois, estrelaria &#8220;The Man With The Golden Arm&#8221;, vivendo o batrista e crupi\u00ea que se arru\u00edna no v\u00edcio da hero\u00edna, alcan\u00e7ando indica\u00e7\u00e3o ao Oscar de melhor ator. Sua carreira cinematogr\u00e1fica duraria at\u00e9 1990.<\/p>\n<p style=\"text-align: justify;\">Na m\u00fasica, Frank Sinatra se tornou praticamente sin\u00f4nimo dos &#8220;standards&#8221; musicais norte americanos, com uma cole\u00e7\u00e3o de cl\u00e1ssicos que se tornaram eternos. Ainda que muitas vezes o leitor n\u00e3o ligue a can\u00e7\u00e3o ao leitor, com certeza mesmo aqueles que n\u00e3o gostam deste tipo de can\u00e7\u00e3o ir\u00e3o reconhecer como familiares melodias de can\u00e7\u00f5es imortalizadas por Sinatra.<\/p>\n<p><iframe loading=\"lazy\" title=\"Theme From New York New York - Frank Sinatra | Concert Collection\" width=\"525\" height=\"394\" src=\"https:\/\/www.youtube.com\/embed\/xMfz1jlyQrw?feature=oembed\" frameborder=\"0\" allow=\"accelerometer; autoplay; clipboard-write; encrypted-media; gyroscope; picture-in-picture; web-share\" referrerpolicy=\"strict-origin-when-cross-origin\" allowfullscreen><\/iframe><\/p>\n<p style=\"text-align: justify;\">Sua rela\u00e7\u00e3o com o Brasil \u00e9 maior do que as pessoas imaginam. Desde os Anos 60 ele estabeleceu uma prof\u00edcua parceria musical com Tom Jobim, gravando \u00e1lbuns em conjunto e composi\u00e7\u00f5es do g\u00eanio brasileiro. Curiosamente, Jobim n\u00e3o participou do <span style=\"color: #ff6600;\"><a style=\"color: #ff6600;\" href=\"http:\/\/www1.folha.uol.com.br\/fsp\/ilustrad\/fq2601201008.htm\" target=\"_blank\">hist\u00f3rico show que Sinatra fez no est\u00e1dio do Maracan\u00e3 em 26 de janeiro de 1980<\/a><\/span> &#8211; para 175 mil pessoas &#8211; pois a organiza\u00e7\u00e3o queria que ele participasse sem cobrar cach\u00ea, segundo hist\u00f3ria contada por seu bi\u00f3grafo S\u00e9rgio Cabral.<\/p>\n<p style=\"text-align: justify;\">Show que, ali\u00e1s, foi parar no Guiness Book como o de maior p\u00fablico na hist\u00f3ria \u00e0 \u00e9poca. Curiosamente, nestes tempos em que tudo est\u00e1 na rede, existem apenas fragmentos deste show dispon\u00edveis no YouTube. O show tamb\u00e9m foi marcado pelos problemas que Sinatra teve com a imprensa brasileira, n\u00e3o querendo dar entrevistas.<\/p>\n<p style=\"text-align: justify;\">Uma outra coisa \u00e9 que os standards cantados por Sinatra especialmente na d\u00e9cada de 40 parecem ter exercido influ\u00eancia inequ\u00edvoca sobre o movimento da Bossa Nova brasileira. Basta ouvir &#8220;Os Anos Col\u00fambia&#8221;, dispon\u00edvel no Brasil em CD, para se perceber muitas semelhan\u00e7as entre as can\u00e7\u00f5es e o que depois seria revolucion\u00e1rio aqui no Brasil ao final da d\u00e9cada de 50.<\/p>\n<p>https:\/\/www.youtube.com\/watch?v=G8RR48Rkra4&#038;list=PL76F67D281DAB837A<\/p>\n<p style=\"text-align: justify;\">Sinatra, ali\u00e1s, gravou neste CD uma curiosa can\u00e7\u00e3o chamada &#8220;The Coffee Song&#8221;, tendo o Brasil e seu caf\u00e9 como tema e uma letra no m\u00ednimo bastante curiosa. Em 1981 ele voltou ao Brasil para um show intimista e exclusivo no Hotel Maksoud Plaza.<\/p>\n<p style=\"text-align: justify;\">Fui descobrir a obra de Sinatra h\u00e1 poucos anos. Eu, que sempre fui do samba e da MPB (com um pouco de rock), me arrependo de n\u00e3o ter ouvido sua obra antes. Tenho consci\u00eancia de que n\u00e3o ouvi 30% do que ele cantou e gravou, mas sempre \u00e9 tempo. &#8220;The Voice&#8221;, como era conhecido, \u00e9 inesgot\u00e1vel. Um g\u00eanio.<\/p>\n<p style=\"text-align: justify;\">Fica at\u00e9 dif\u00edcil se apontar uma can\u00e7\u00e3o favorita, mas &#8220;Strangers in the Night&#8221;, que abre o post, ocupa um lugar especial dentro do meu cora\u00e7\u00e3o. &#8220;Fly me To the Moon&#8221; tamb\u00e9m, esta que tem uma excelente grava\u00e7\u00e3o de Sinatra com Jobim &#8211; Pel\u00e9 e Zico da m\u00fasica.<\/p>\n<p>https:\/\/www.youtube.com\/watch?v=H3MqmV47Lq8<\/p>\n<p style=\"text-align: justify;\">Sinatra faleceu em 14 de maio de 1998, aos 82 anos, de problemas card\u00edacos. Est\u00e1 enterrado na Los Angeles que aprendeu a amar durante sua vida, terra de Hollywood e de Las Vegas. E neste dia que se completa seu centen\u00e1rio, a homenagem desta revista eletr\u00f4nica.<\/p>\n<p style=\"text-align: justify;\">Sinatra vive em sua m\u00fasica, suas grava\u00e7\u00f5es, seus filmes, suas inscri\u00e7\u00f5es na &#8220;Cal\u00e7ada da Fama&#8221; hollywoodiana e na lembran\u00e7a daqueles que admiravam sua obra. As controv\u00e9rsias que envolvem sua biografia, e n\u00e3o s\u00e3o poucas, podem ficar para depois.<\/p>\n<p style=\"text-align: justify;\">Viva Sinatra!<\/p>\n<p style=\"text-align: justify;\">Abaixo, uma selete de grandes sucessos reunidos. Deleite-se, leitor.<\/p>\n<p>https:\/\/www.youtube.com\/watch?v=pehl9xG6Dyk<\/p>\n","protected":false},"excerpt":{"rendered":"<p>Hoje, 12 de dezembro de 2015, se completa o centen\u00e1rio de um dos maiores artistas do S\u00e9culo XX, inspirador de toda uma gera\u00e7\u00e3o de artistas,Tour Details<\/p>\n","protected":false},"author":2,"featured_media":0,"comment_status":"open","ping_status":"open","sticky":false,"template":"","format":"standard","meta":{"footnotes":""},"categories":[289],"tags":[12,44,15,418],"class_list":["post-38621","post","type-post","status-publish","format-standard","hentry","category-pedro-migao","tag-cultura","tag-eua","tag-musica","tag-new-york"],"_links":{"self":[{"href":"http:\/\/www.pedromigao.com.br\/ourodetolo\/wp-json\/wp\/v2\/posts\/38621","targetHints":{"allow":["GET"]}}],"collection":[{"href":"http:\/\/www.pedromigao.com.br\/ourodetolo\/wp-json\/wp\/v2\/posts"}],"about":[{"href":"http:\/\/www.pedromigao.com.br\/ourodetolo\/wp-json\/wp\/v2\/types\/post"}],"author":[{"embeddable":true,"href":"http:\/\/www.pedromigao.com.br\/ourodetolo\/wp-json\/wp\/v2\/users\/2"}],"replies":[{"embeddable":true,"href":"http:\/\/www.pedromigao.com.br\/ourodetolo\/wp-json\/wp\/v2\/comments?post=38621"}],"version-history":[{"count":0,"href":"http:\/\/www.pedromigao.com.br\/ourodetolo\/wp-json\/wp\/v2\/posts\/38621\/revisions"}],"wp:attachment":[{"href":"http:\/\/www.pedromigao.com.br\/ourodetolo\/wp-json\/wp\/v2\/media?parent=38621"}],"wp:term":[{"taxonomy":"category","embeddable":true,"href":"http:\/\/www.pedromigao.com.br\/ourodetolo\/wp-json\/wp\/v2\/categories?post=38621"},{"taxonomy":"post_tag","embeddable":true,"href":"http:\/\/www.pedromigao.com.br\/ourodetolo\/wp-json\/wp\/v2\/tags?post=38621"}],"curies":[{"name":"wp","href":"https:\/\/api.w.org\/{rel}","templated":true}]}}