{"id":38154,"date":"2015-11-09T08:00:20","date_gmt":"2015-11-09T10:00:20","guid":{"rendered":"http:\/\/www.pedromigao.com.br\/ourodetolo\/?p=38154"},"modified":"2015-11-08T16:10:37","modified_gmt":"2015-11-08T18:10:37","slug":"agoraequesaoelas-porque-me-tornei-feminista","status":"publish","type":"post","link":"http:\/\/www.pedromigao.com.br\/ourodetolo\/2015\/11\/agoraequesaoelas-porque-me-tornei-feminista\/","title":{"rendered":"#Agora\u00c9QueS\u00e3oElas: Porque me tornei feminista"},"content":{"rendered":"<p style=\"text-align: justify;\">Na \u00faltima semana, v\u00e1rios jornalistas e colunistas de jornais, revistas e sites abriram espa\u00e7o e deram lugar e voz nas suas colunas para as mulheres contarem hist\u00f3rias, opini\u00f5es ou simplesmente falarem sobre o machismo e suas consequ\u00eancias. Por isso, a coluna &#8216;Devaneios&#8217; participa do movimento #Agora\u00c9QueS\u00e3oElas e convidei minha amiga Tainah Fernandes para falar sobre a descoberta dela sobre o feminismo.<\/p>\n<p style=\"text-align: justify;\">&#8212;-<\/p>\n<p style=\"text-align: justify;\">H\u00e1 mais ou menos um ano e meio me descobri feminista. E digo \u2018descobri\u2019\u00a0porque antes disso achava que igualdade e respeito fossem quest\u00f5es de ser\u00a0humano e que n\u00e3o precis\u00e1ssemos lutar t\u00e3o ferrenhamente por isso. Pois \u00e9,\u00a0descobri que precisamos, e n\u00e3o apenas por mim, mas todas as mulheres. Pela\u00a0mulher que sofre viol\u00eancia f\u00edsica, psicol\u00f3gica ou sexual dentro e fora de casa,\u00a0pela mulher que ganha menos e \u00e9 ridicularizada pelos companheiros de\u00a0trabalho, pela mulher que aborta, pela mulher l\u00e9sbica, pela mulher negra e pela\u00a0mulher trans.<\/p>\n<p style=\"text-align: justify;\">E podemos dizer que a raiz para diversos problemas que envolvem mulheres \u00e9\u00a0o machismo e a viol\u00eancia fruto deste machismo, e quando digo viol\u00eancia n\u00e3o\u00a0estou me referindo apenas ao olho roxo, o bra\u00e7o quebrado ou \u00e0 morte. Mas \u00e0s\u00a0quest\u00f5es sociais tamb\u00e9m. Quando se determina que exista coisa de menina e\u00a0coisa de menino \u00e9 uma forma de viol\u00eancia, quando dizem o que mulher pode\u00a0ou n\u00e3o pode fazer, tamb\u00e9m. Quando tratam o corpo da mulher como objeto,\u00a0um peda\u00e7o de carne separado em bunda e peito com tamanhos pr\u00e9-determinados \u00e9 uma viol\u00eancia enorme.<\/p>\n<p style=\"text-align: justify;\"><a href=\"http:\/\/www.pedromigao.com.br\/ourodetolo\/wp-content\/uploads\/2015\/11\/mulher.png\"><img loading=\"lazy\" decoding=\"async\" class=\"alignleft size-medium wp-image-38156\" src=\"http:\/\/www.pedromigao.com.br\/ourodetolo\/wp-content\/uploads\/2015\/11\/mulher-240x300.png\" alt=\"mulher\" width=\"240\" height=\"300\" srcset=\"http:\/\/www.pedromigao.com.br\/ourodetolo\/wp-content\/uploads\/2015\/11\/mulher-240x300.png 240w, http:\/\/www.pedromigao.com.br\/ourodetolo\/wp-content\/uploads\/2015\/11\/mulher-272x340.png 272w, http:\/\/www.pedromigao.com.br\/ourodetolo\/wp-content\/uploads\/2015\/11\/mulher.png 314w\" sizes=\"auto, (max-width: 240px) 100vw, 240px\" \/><\/a>Sempre que a voz de uma mulher \u00e9 calada na mesa do bar, no almo\u00e7o com a\u00a0fam\u00edlia ou no trabalho porque \u201cn\u00e3o sabe o que est\u00e1 dizendo\u201d, \u00e9 uma maneira de\u00a0diminuir o intelecto feminino apenas porque at\u00e9 pouco tempo atr\u00e1s mulheres\u00a0n\u00e3o tinham direito ao pensamento. N\u00e3o tinham direito \u00e0 educa\u00e7\u00e3o, ao voto, \u00e0s\u00a0suas pr\u00f3prias escolhas. E por falar em escolhas \u00e9 uma viol\u00eancia do estado\u00a0disfar\u00e7ada de pensamento crist\u00e3o que se criminalize o aborto.<\/p>\n<p style=\"text-align: justify;\">Milhares de\u00a0mulheres morrem por fazer uma escolha que diz respeito somente a ela. Seja\u00a0por n\u00e3o desejar ter filhos ou por n\u00e3o ter condi\u00e7\u00f5es ou pior, ser fruto de um\u00a0estupro. \u00c9 uma viol\u00eancia da sociedade agredir e violentar mulheres l\u00e9sbicas e\u00a0transexuais por n\u00e3o sem encaixarem no \u201cseu padr\u00e3o\u201d, neste caso meu amigo,\u00a0se fosse escolha, ningu\u00e9m escolheria sofrer. Mas tudo isso eu descobri,\u00a0percebi e aprendi, agora \u00e9 preciso passar a diante.<\/p>\n<p style=\"text-align: justify;\">\u00c9 ineg\u00e1vel todas as conquistas de movimento feminista at\u00e9 agora, mas ainda\u00a0h\u00e1 muito o que se fazer e n\u00e3o devemos deixar que essas conquista nos sejam\u00a0tiradas de maneira t\u00e3o brutal. Portanto, meu conselho \u00e9 comece a mudar.\u00a0Adotei a pol\u00edtica do n\u00e3o julgamento e garanto que sou uma pessoa muito\u00a0melhor depois disso. Se n\u00e3o quiser se engajar na milit\u00e2ncia, comece mudando\u00a0por voc\u00ea mesmo. Ensine suas filhas que elas podem fazer e ser o que\u00a0quiserem e n\u00e3o crie machistas. Ensine seus filhos a respeitar. O nosso futuro\u00a0depende disso. O nosso futuro precisa disso. Pequenas atitudes fazem uma\u00a0grande diferen\u00e7a. Trate as pessoas com igualdade e respeito. Espero que\u00a0nossxs jovens sejam cada vez mais pessoas que enxergam al\u00e9m de sexo,\u00a0g\u00eanero, cor de pele e ra\u00e7a. Que a luta continue.<\/p>\n","protected":false},"excerpt":{"rendered":"<p>Na \u00faltima semana, v\u00e1rios jornalistas e colunistas de jornais, revistas e sites abriram espa\u00e7o e deram lugar e voz nas suas colunas para as mulheresTour Details<\/p>\n","protected":false},"author":36,"featured_media":38157,"comment_status":"open","ping_status":"open","sticky":false,"template":"","format":"standard","meta":{"footnotes":""},"categories":[719],"tags":[1097,27],"class_list":["post-38154","post","type-post","status-publish","format-standard","has-post-thumbnail","hentry","category-devaneios","tag-agoraequesaoelas","tag-sociedade"],"_links":{"self":[{"href":"http:\/\/www.pedromigao.com.br\/ourodetolo\/wp-json\/wp\/v2\/posts\/38154","targetHints":{"allow":["GET"]}}],"collection":[{"href":"http:\/\/www.pedromigao.com.br\/ourodetolo\/wp-json\/wp\/v2\/posts"}],"about":[{"href":"http:\/\/www.pedromigao.com.br\/ourodetolo\/wp-json\/wp\/v2\/types\/post"}],"author":[{"embeddable":true,"href":"http:\/\/www.pedromigao.com.br\/ourodetolo\/wp-json\/wp\/v2\/users\/36"}],"replies":[{"embeddable":true,"href":"http:\/\/www.pedromigao.com.br\/ourodetolo\/wp-json\/wp\/v2\/comments?post=38154"}],"version-history":[{"count":0,"href":"http:\/\/www.pedromigao.com.br\/ourodetolo\/wp-json\/wp\/v2\/posts\/38154\/revisions"}],"wp:featuredmedia":[{"embeddable":true,"href":"http:\/\/www.pedromigao.com.br\/ourodetolo\/wp-json\/wp\/v2\/media\/38157"}],"wp:attachment":[{"href":"http:\/\/www.pedromigao.com.br\/ourodetolo\/wp-json\/wp\/v2\/media?parent=38154"}],"wp:term":[{"taxonomy":"category","embeddable":true,"href":"http:\/\/www.pedromigao.com.br\/ourodetolo\/wp-json\/wp\/v2\/categories?post=38154"},{"taxonomy":"post_tag","embeddable":true,"href":"http:\/\/www.pedromigao.com.br\/ourodetolo\/wp-json\/wp\/v2\/tags?post=38154"}],"curies":[{"name":"wp","href":"https:\/\/api.w.org\/{rel}","templated":true}]}}