{"id":35192,"date":"2015-05-31T09:01:57","date_gmt":"2015-05-31T12:01:57","guid":{"rendered":"http:\/\/www.pedromigao.com.br\/ourodetolo\/?p=35192"},"modified":"2015-05-29T10:29:07","modified_gmt":"2015-05-29T13:29:07","slug":"por-que-luciano-huck-e-tao-odiado","status":"publish","type":"post","link":"http:\/\/www.pedromigao.com.br\/ourodetolo\/2015\/05\/por-que-luciano-huck-e-tao-odiado\/","title":{"rendered":"Por que Luciano Huck \u00e9 t\u00e3o odiado?"},"content":{"rendered":"<p style=\"text-align: justify;\">Domingo passado a fam\u00edlia Huck passou sufoco.<\/p>\n<p style=\"text-align: justify;\">No Mato Grosso do Sul, andando em um avi\u00e3o depois de fazer grava\u00e7\u00f5es para o programa &#8220;Estrelas&#8221; &#8211; de Ang\u00e9lica &#8211; a fam\u00edlia deve ter passado pelo pior momento de suas vidas.<\/p>\n<p style=\"text-align: justify;\">O ve\u00edculo que lhes transportava teve falha em um dos motores, que apagou, e o segundo n\u00e3o quis funcionar lhe substituindo. O avi\u00e3o teve que fazer pouso de emerg\u00eancia e a fam\u00edlia saiu machucada. Luciano trincou costela, Ang\u00e9lica teve problema muscular.<\/p>\n<p style=\"text-align: justify;\">A not\u00edcia com casal t\u00e3o famoso, l\u00f3gico, causou como\u00e7\u00e3o e corrida da imprensa. A fam\u00edlia teve pronto atendimento, foi transferida rapidamente para S\u00e3o Paulo e a Globo tratou de colocar seus rep\u00f3rteres na ca\u00e7a de informa\u00e7\u00f5es e conseguiu colocar Luciano e Ang\u00e9lica no Fant\u00e1stico.<\/p>\n<p style=\"text-align: justify;\">Ang\u00e9lica chorando, Luciano p\u00e1lido. Mas gra\u00e7as a Deus foi s\u00f3 um grande susto. Os f\u00e3s puderam respirar aliviados e a fam\u00edlia ficou em paz. Apenas com um grande trauma.<\/p>\n<p style=\"text-align: justify;\"><a href=\"http:\/\/www.pedromigao.com.br\/ourodetolo\/2014\/04\/republica-de-bananas\/luciano-angelica-banana\/\" rel=\"attachment wp-att-25510\"><img loading=\"lazy\" decoding=\"async\" class=\"alignleft size-medium wp-image-25510\" src=\"http:\/\/www.pedromigao.com.br\/ourodetolo\/wp-content\/uploads\/2014\/04\/luciano-angelica-banana-300x250.jpg\" alt=\"luciano-angelica-banana\" width=\"300\" height=\"250\" srcset=\"http:\/\/www.pedromigao.com.br\/ourodetolo\/wp-content\/uploads\/2014\/04\/luciano-angelica-banana-300x250.jpg 300w, http:\/\/www.pedromigao.com.br\/ourodetolo\/wp-content\/uploads\/2014\/04\/luciano-angelica-banana-408x340.jpg 408w, http:\/\/www.pedromigao.com.br\/ourodetolo\/wp-content\/uploads\/2014\/04\/luciano-angelica-banana.jpg 600w\" sizes=\"auto, (max-width: 300px) 100vw, 300px\" \/><\/a>Evidente que uma not\u00edcia assim choca e quem tem um pouco de humanidade n\u00e3o quer que nada ocorra de mal e se sente aliviado ao ver que n\u00e3o passou de um susto. Se eu n\u00e3o quero o mal dos meus inimigos (Ok, de alguns quero sim) imagine de Luciano e Ang\u00e9lica que nunca me fizeram nada? Fiquei feliz que os dois est\u00e3o bem.<\/p>\n<p style=\"text-align: justify;\">Mas o epis\u00f3dio serviu para mostrar outro lado.<\/p>\n<p style=\"text-align: justify;\">Assim como teve solidariedade, teve muitas piadinhas. Gente associando o ocorrido aos an\u00fancios e causas que Luciano pega ou o jeito de ser da fam\u00edlia. At\u00e9 \u00e9 normal que isso ocorra, j\u00e1 que brasileiro \u00e9 muito gozador. Com a primeira l\u00e1grima pela morte de Ayrton Senna tamb\u00e9m surgiu a primeira piada. Mas a verdade \u00e9 que o Brasil tem sim resist\u00eancia ao Luciano Huck.<\/p>\n<p style=\"text-align: justify;\">E por que isso ocorre?<\/p>\n<p style=\"text-align: justify;\">Pod\u00edamos ver por um \u00e2ngulo rasteiro e dizer que o brasileiro tem inveja do sucesso alheio. N\u00e3o deixa de existir certa raz\u00e3o nessa afirma\u00e7\u00e3o. Tom Jobim j\u00e1 falava isso anos atr\u00e1s e Carmem Miranda quase um s\u00e9culo atr\u00e1s foi a primeira a sofrer com isso. Disseram que ela voltou &#8220;americanizada&#8221;.<\/p>\n<p style=\"text-align: justify;\">Mas n\u00e3o \u00e9 s\u00f3 isso.\u00a0Tony Ramos, por exemplo, \u00e9 simp\u00e1tico, participa de causas sociais, tamb\u00e9m tem fam\u00edlia de margarina, faz sucesso h\u00e1 muito tempo e \u00e9 amado.<\/p>\n<p style=\"text-align: justify;\">O problema \u00e9 que brasileiro \u00e9 hip\u00f3crita e detesta hipocrisia. O Brasileiro \u00e9 o cara que reclama de corrup\u00e7\u00e3o e suborna o guarda, mas tamb\u00e9m detesta o sujeito que e d\u00e1 bem na vida e posa de bom mo\u00e7o quando n\u00e3o \u00e9.<\/p>\n<p style=\"text-align: justify;\"><a href=\"http:\/\/www.pedromigao.com.br\/ourodetolo\/2014\/04\/republica-de-bananas\/somos-todos-macacos\/\" rel=\"attachment wp-att-25507\"><img loading=\"lazy\" decoding=\"async\" class=\"alignright size-medium wp-image-25507\" src=\"http:\/\/www.pedromigao.com.br\/ourodetolo\/wp-content\/uploads\/2014\/04\/somos-todos-macacos-300x200.jpg\" alt=\"somos todos macacos\" width=\"300\" height=\"200\" srcset=\"http:\/\/www.pedromigao.com.br\/ourodetolo\/wp-content\/uploads\/2014\/04\/somos-todos-macacos-300x200.jpg 300w, http:\/\/www.pedromigao.com.br\/ourodetolo\/wp-content\/uploads\/2014\/04\/somos-todos-macacos-510x340.jpg 510w, http:\/\/www.pedromigao.com.br\/ourodetolo\/wp-content\/uploads\/2014\/04\/somos-todos-macacos.jpg 555w\" sizes=\"auto, (max-width: 300px) 100vw, 300px\" \/><\/a>Hoje tudo \u00e9 pass\u00edvel de lucro e nada d\u00e1 mais lucro que a imagem. Luciano sabe cultivar a de bom mo\u00e7o. Sempre engajado, sempre com a\u00e7\u00f5es sociais, como um Silvio Santos do terceiro mil\u00eanio abre as portas da esperan\u00e7as e d\u00e1 casa nova e carro novo. As pessoas choram, se emocionam e ele faz cair a chuva de papel picado no palco para comemorar o pobre que ele ajudou aos gritos de &#8220;loucura, loucura, loucura&#8221;.<\/p>\n<p style=\"text-align: justify;\">Ele n\u00e3o \u00e9 bobo, n\u00e3o \u00e9 burro. Se fosse n\u00e3o era t\u00e3o bem sucedido. Tudo que ele faz na televis\u00e3o Albano Reis fazia como &#8220;Papai Noel de Quintino&#8221; e v\u00e1rios pol\u00edticos fazem quando abrem ONGs com dinheiro p\u00fablico para ajudar o pr\u00f3ximo.<\/p>\n<p style=\"text-align: justify;\">Ajudam o pr\u00f3ximo com dinheiro dos outros e capitalizam no marketing social. V\u00e1rias empresas financiam a fama de bom mo\u00e7o de Huck. \u00c9 um coronelismo eletr\u00f4nico, com a diferen\u00e7a que o coronel do interior d\u00e1 dentadura por votos; Luciano reforma sua casa para ganhar milh\u00f5es.<\/p>\n<p style=\"text-align: justify;\">Est\u00e1 errado? Pela lei, n\u00e3o. Quem gosta dele argumenta que pelo menos faz alguma coisa. Mas que fique tudo claro. Ele n\u00e3o \u00e9 bonzinho. \u00c9 esperto. Enriquece explorando a mis\u00e9ria alheia.<\/p>\n<p style=\"text-align: justify;\">Enriquece com oportunismo tamb\u00e9m. <a href=\"http:\/\/www.pedromigao.com.br\/ourodetolo\/2014\/04\/republica-de-bananas\/\" target=\"_blank\"><span style=\"color: #ff6600;\">Faz campanha de marketing ao ver um ato de racismo contra o Daniel Alves e lan\u00e7a a camisa &#8220;todos somos macacos&#8221; para lucrar em cima<\/span><\/a>. Chega a explorar sexualidade infantil lan\u00e7ando camisa para crian\u00e7a do &#8220;Vem ni mim que sou facim&#8221;. Ideias estapaf\u00fardias que sofreram rejei\u00e7\u00e3o imediata &#8211; e foram tiradas de circula\u00e7\u00e3o.<\/p>\n<p style=\"text-align: justify;\">Capitalizando em cima de pol\u00eamicas, em cima de ofensas a uma ra\u00e7a, a sexualidade infantil, capitalizando, capitalizando. Parece que para ele tudo \u00e9 isso &#8220;capitalizar&#8221;. Doando o dinheiro arrecadado para institui\u00e7\u00f5es de caridade e ganhando muito mais em cima da imagem.<\/p>\n<p style=\"text-align: justify;\">Imagem. Imagem no mundo de hoje \u00e9 tudo, mas a dele come\u00e7a a ficar arranhada.<\/p>\n<p style=\"text-align: justify;\">Ele e a fam\u00edlia ainda s\u00e3o muito queridos, principalmente pelos mais pobres. Mas Ang\u00e9lica j\u00e1 foi vaiada ao gravar em uma universidade. Luciano cada vez sofre mais rejei\u00e7\u00e3o na casse m\u00e9dia, que \u00e9 formadora de opini\u00e3o. Logo ap\u00f3s o fim do susto com o pouso do avi\u00e3o, veio a indigna\u00e7\u00e3o com o tratamento privilegiado que a fam\u00edlia recebeu no atendimento m\u00e9dico p\u00fablico. Coisas que v\u00e3o desgastando.<\/p>\n<p style=\"text-align: justify;\">Para quem vive da imagem isso pode ser fatal.<\/p>\n<p style=\"text-align: justify;\">Como um acidente de avi\u00e3o.<\/p>\n<p style=\"text-align: justify;\">Twitter &#8211; @aloisiovillar<\/p>\n<p style=\"text-align: justify;\">Facebook \u2013 Aloisio Villar<\/p>\n","protected":false},"excerpt":{"rendered":"<p>Domingo passado a fam\u00edlia Huck passou sufoco. No Mato Grosso do Sul, andando em um avi\u00e3o depois de fazer grava\u00e7\u00f5es para o programa &#8220;Estrelas&#8221; &#8211;Tour Details<\/p>\n","protected":false},"author":8,"featured_media":0,"comment_status":"open","ping_status":"open","sticky":false,"template":"","format":"standard","meta":{"footnotes":""},"categories":[8],"tags":[943,944,807,942,941,27,6],"class_list":["post-35192","post","type-post","status-publish","format-standard","hentry","category-orun-aye","tag-angelica","tag-aviao","tag-celebridade","tag-luciano-huck","tag-polemica","tag-sociedade","tag-vida-cotidiana"],"_links":{"self":[{"href":"http:\/\/www.pedromigao.com.br\/ourodetolo\/wp-json\/wp\/v2\/posts\/35192","targetHints":{"allow":["GET"]}}],"collection":[{"href":"http:\/\/www.pedromigao.com.br\/ourodetolo\/wp-json\/wp\/v2\/posts"}],"about":[{"href":"http:\/\/www.pedromigao.com.br\/ourodetolo\/wp-json\/wp\/v2\/types\/post"}],"author":[{"embeddable":true,"href":"http:\/\/www.pedromigao.com.br\/ourodetolo\/wp-json\/wp\/v2\/users\/8"}],"replies":[{"embeddable":true,"href":"http:\/\/www.pedromigao.com.br\/ourodetolo\/wp-json\/wp\/v2\/comments?post=35192"}],"version-history":[{"count":0,"href":"http:\/\/www.pedromigao.com.br\/ourodetolo\/wp-json\/wp\/v2\/posts\/35192\/revisions"}],"wp:attachment":[{"href":"http:\/\/www.pedromigao.com.br\/ourodetolo\/wp-json\/wp\/v2\/media?parent=35192"}],"wp:term":[{"taxonomy":"category","embeddable":true,"href":"http:\/\/www.pedromigao.com.br\/ourodetolo\/wp-json\/wp\/v2\/categories?post=35192"},{"taxonomy":"post_tag","embeddable":true,"href":"http:\/\/www.pedromigao.com.br\/ourodetolo\/wp-json\/wp\/v2\/tags?post=35192"}],"curies":[{"name":"wp","href":"https:\/\/api.w.org\/{rel}","templated":true}]}}