{"id":35113,"date":"2015-05-26T09:13:34","date_gmt":"2015-05-26T12:13:34","guid":{"rendered":"http:\/\/www.pedromigao.com.br\/ourodetolo\/?p=35113"},"modified":"2015-05-26T13:21:06","modified_gmt":"2015-05-26T16:21:06","slug":"a-politica-entra-em-cena","status":"publish","type":"post","link":"http:\/\/www.pedromigao.com.br\/ourodetolo\/2015\/05\/a-politica-entra-em-cena\/","title":{"rendered":"A pol\u00edtica entra em cena"},"content":{"rendered":"<p style=\"text-align: justify;\">A essa altura, com a velocidade na circula\u00e7\u00e3o de informa\u00e7\u00f5es, n\u00e3o sei se a Vila Isabel deve, pode ou vai falar de Miguel Arraes no pr\u00f3ximo Carnaval. Lend\u00e1rio pol\u00edtico pernambucano, av\u00f4 do ex-governador e candidato \u00e0 presid\u00eancia da Rep\u00fablica Eduardo Campos, morto em acidente a\u00e9reo no ano passado.<\/p>\n<p style=\"text-align: justify;\">Arraes, exilado pol\u00edtico, \u201cpai dos pobres\u201d, socialista, populista. Seja o que for um dos mais influentes e importantes pol\u00edticos brasileiros do s\u00e9culo XX. Mas ser\u00e1 que essas credenciais s\u00e3o suficientes para transformar Arraes em enredo de escola de samba? Esse \u00e9 a t\u00edpica pergunta cuja resposta, bem pol\u00edtica, \u00e9\u2026depende.<\/p>\n<p style=\"text-align: justify;\">Depende da abordagem, do recorte, da \u201ccarnavaliza\u00e7\u00e3o\u201d, da maneira que a hist\u00f3ria ser\u00e1 desenvolvida. Mas este n\u00e3o \u00e9 o t\u00f3pico a ser abordado nesse texto. Nem mesmo tenho a pretens\u00e3o de julgar se \u00e9 v\u00e1lido ou n\u00e3o homenagear Arraes.<\/p>\n<p style=\"text-align: justify;\">Seguindo a linha da semana passada, me vieram \u00e0 mem\u00f3ria alguns enredos em que pol\u00edtica e samba caminharam &#8211; ou tentaram caminhar juntos. Descontando o per\u00edodo em que louvar figuras proeminentes da Hist\u00f3ria era regra, ou seja, levando em conta apenas o passado recente, a escolha da Vila n\u00e3o \u00e9 in\u00e9dita.<\/p>\n<p style=\"text-align: justify;\">Outro pol\u00edtico com o r\u00f3tulo de \u201cpai dos pobres\u201d, o ex-presidente (ou ex-ditador, se alguns preferem) Getulio Vargas passou na Sapuca\u00ed mais de uma vez. Salgueiro e Portela n\u00e3o foram muito felizes na quarta-feira de Cinzas depois de exaltar as conquistas trabalhistas da Era Vargas. H\u00e1 exatos trinta anos, com \u201cAnos Trinta, Vento Sul, Vargas\u201d, a Academia misturou \u201cl\u00e9 com cr\u00e9\u201d e falou bem at\u00e9 do Estado Novo, per\u00edodo em que a Constitui\u00e7\u00e3o foi revogada juntamente com direitos pol\u00edticos e o Brasil se alinhou perigosamente com os regimes nazifascistas.<\/p>\n<p style=\"text-align: justify;\"><a href=\"http:\/\/www.pedromigao.com.br\/ourodetolo\/wp-content\/uploads\/2014\/01\/portela2000.jpg\"><img loading=\"lazy\" decoding=\"async\" class=\" size-medium wp-image-22289 alignleft\" src=\"http:\/\/www.pedromigao.com.br\/ourodetolo\/wp-content\/uploads\/2014\/01\/portela2000-300x218.jpg\" alt=\"portela2000\" width=\"300\" height=\"218\" srcset=\"http:\/\/www.pedromigao.com.br\/ourodetolo\/wp-content\/uploads\/2014\/01\/portela2000-300x218.jpg 300w, http:\/\/www.pedromigao.com.br\/ourodetolo\/wp-content\/uploads\/2014\/01\/portela2000-467x340.jpg 467w, http:\/\/www.pedromigao.com.br\/ourodetolo\/wp-content\/uploads\/2014\/01\/portela2000.jpg 480w\" sizes=\"auto, (max-width: 300px) 100vw, 300px\" \/><\/a>No Carnaval dos 500 anos, em 2000, o retrato do Velho foi colocado novamente no mesmo lugar e a \u00c1guia de Madureira repetiu o desempenho morno da coirm\u00e3 da Tijuca. O ga\u00facho Get\u00falio n\u00e3o sacudiu a Avenida constru\u00edda por um conterr\u00e2neo e correligion\u00e1rio.<\/p>\n<p style=\"text-align: justify;\">Nos anos 80, durante o governo de Leonel Brizola, rivais da Mangueira provocavam, n\u00e3o sem uma pontinha de despeito: \u201cdepois que inventaram o Brizola, a Mangueira deita e rola\u201d. Queriam atribuir os t\u00edtulos de 1984 e 1986 da Verde e Rosa a uma suposta afei\u00e7\u00e3o especial do governador pela Escola. Em 1987, em outra conquista mangueirense, Brizola estava a poucos dias de deixar\u00a0o Pal\u00e1cio Guanabara para dar lugar a\u00a0Moreira Franco. Ao que me conv\u00e9m a rela\u00e7\u00e3o Brizola e Mangueira nunca passou de pilha ou maledic\u00eancia.<\/p>\n<p style=\"text-align: justify;\">Fato \u00e9 que s\u00f3 depois de morto Brizola foi homenageado no Carnaval. E n\u00e3o pela Mangueira, mas pela Inocentes de Belford Roxo, em 2009. Um belo samba n\u00e3o sustentou um desfile pobre plasticamente da Escola da Baixada no Grupo de Acesso A.<\/p>\n<p style=\"text-align: justify;\">Outra pol\u00edtica citada num enredo foi a tamb\u00e9m ex-governadora e deputada federal Benedita da Silva, a Ben\u00e9. A Caprichosos retornava ao Grupo Especial em 1998 e cantava a ra\u00e7a negra num empolgante refr\u00e3o (<em>\u201cQuem tem magia no p\u00e9, \u00e9 Pel\u00e9\/ Quem vem na for\u00e7a da f\u00e9, \u00e9 Mandela\/E a voz que veio de l\u00e1, da favela\/\u00a0\u00c9 da guerreira Ben\u00e9, salve ela!\u201d<\/em>). Posi\u00e7\u00f5es pol\u00edticas \u00e0 parte, um belo momento de Pilares abrindo os desfiles de domingo e se mantendo na elite do samba.<\/p>\n<p style=\"text-align: justify;\"><a href=\"http:\/\/www.pedromigao.com.br\/ourodetolo\/wp-content\/uploads\/2014\/02\/beijaflor2003e.jpg\"><img loading=\"lazy\" decoding=\"async\" class=\" size-medium wp-image-22991 alignleft\" src=\"http:\/\/www.pedromigao.com.br\/ourodetolo\/wp-content\/uploads\/2014\/02\/beijaflor2003e-300x145.jpg\" alt=\"beijaflor2003e\" width=\"300\" height=\"145\" srcset=\"http:\/\/www.pedromigao.com.br\/ourodetolo\/wp-content\/uploads\/2014\/02\/beijaflor2003e-300x145.jpg 300w, http:\/\/www.pedromigao.com.br\/ourodetolo\/wp-content\/uploads\/2014\/02\/beijaflor2003e-550x266.jpg 550w, http:\/\/www.pedromigao.com.br\/ourodetolo\/wp-content\/uploads\/2014\/02\/beijaflor2003e.jpg 620w\" sizes=\"auto, (max-width: 300px) 100vw, 300px\" \/><\/a>Tamb\u00e9m de forma indireta, o ex-presidente Lula foi lembrado pela Beija-Flor em 2003. A escola levantou o caneco com um enredo que ia de Lampi\u00e3o a Tiradentes, passando pela Revolu\u00e7\u00e3o Francesa e chegando ao momento pol\u00edtico brasileiro em que o slogan \u201cA Esperan\u00e7a venceu o Medo\u201d at\u00e9 apareceu na grava\u00e7\u00e3o do samba de enredo (bom samba, ali\u00e1s) daquele ano. Quem tem o CD ou \u00e1udio original pode conferir na voz do Neguinho, caso n\u00e3o tenha se dado conta.<\/p>\n<p style=\"text-align: justify;\">Caso curios\u00edssimo &#8211; agora que j\u00e1 sabemos no que deu &#8211; foi o do enredo da Unidos de Cabu\u00e7u, em 1990. \u201cSer\u00e1 que eu votei certo pra presidente?\u201d. Mais do que uma d\u00favida era um canto de esperan\u00e7a. Fernando Collor de Mello havia sido eleito meses antes, no fim de 1989, e o povo n\u00e3o sabia no que ia dar aquele governo (t\u00e1 certo, muitos podiam at\u00e9 imaginar\u2026mas esse \u00e9 uma outra hist\u00f3ria). Leiam a letra, ou\u00e7am o samba (que n\u00e3o \u00e9 l\u00e1 grandes coisas). \u00c9 tragic\u00f4mico passados 25 anos! Tem at\u00e9 refer\u00eancia \u00e0 novela \u201cQue Rei sou eu?\u201d, um grande sucesso da \u00e9poca. O interessante desse enredo \u00e9 que ele marca uma mudan\u00e7a em rela\u00e7\u00e3o ao que vinha sendo feito em mat\u00e9ria de enredos com cunho pol\u00edtico.<\/p>\n<p style=\"text-align: justify;\">Nos anos anteriores, durante o processo de redemocratiza\u00e7\u00e3o, escolas como Caprichosos, S\u00e3o Clemente e Uni\u00e3o da Ilha, entre outras, vinham se notabilizando por cr\u00edticas sociais. Naquele mesmo de 1990 a Acad\u00eamicos de Santa Cruz fez merecida homenagem ao revolucion\u00e1rio Pasquim, jornal que desafiou os ditadores do Regime Militar. Santa Cruz e Cabu\u00e7u terminaram, respectivamente, em pen\u00faltimo e \u00faltimo lugar naquele desfile, sendo rebaixadas ao Grupo 1-B.<\/p>\n<p style=\"text-align: justify;\">Nessa retrospectiva pol\u00edtico-sambista deixei de lado, de prop\u00f3sito, alguns enredos visivelmente patrocinados por pol\u00edticos que queriam se autopromover ou aqueles nitidamente bancados pelo dinheiro p\u00fablico com interesses eleitoreiros. Ningu\u00e9m merece.<\/p>\n<p style=\"text-align: justify;\">SERES UNIDOS DO CABU\u00c7U 1990<br \/>\n\u201cSER\u00c1 QUE VOTEI CERTO PRA PRESIDENTE?\u201d<\/p>\n<p style=\"text-align: justify;\"><em>Autores:\u00a0Afonsinho, Jo\u00e3o Anast\u00e1cio, Walter da Ladeira e Carlinhos do Graja\u00fa<\/em><\/p>\n<p style=\"text-align: justify;\"><em>O sol da liberdade<\/em><br \/>\n<em> No horizonte enfim raiou (bis)<\/em><br \/>\n<em> Com rara felicidade<\/em><br \/>\n<em> O povo livre votou<\/em><\/p>\n<p style=\"text-align: justify;\"><em>Vejam s\u00f3<\/em><br \/>\n<em> A ironia do destino est\u00e1 presente<\/em><br \/>\n<em> Vejam s\u00f3, parece mentira eu votei pra presidente<\/em><br \/>\n<em> Era muita pilantragem<\/em><br \/>\n<em> A mais grossa sacanagem<\/em><br \/>\n<em> Uma Avil\u00e3, podes crer<\/em><br \/>\n<em> Por tr\u00e1s de tanta lamban\u00e7a<\/em><br \/>\n<em> Uma luz uma esperan\u00e7a<\/em><br \/>\n<em> Firme em cada alvorecer<\/em><\/p>\n<p style=\"text-align: justify;\"><em>Eu votei<\/em><br \/>\n<em> Se votei certo, s\u00f3 mesmo o tempo dir\u00e1<\/em><br \/>\n<em> Pe\u00e7o a Deus sinceramente (bis)<\/em><br \/>\n<em> Que ilumine o presidente<\/em><br \/>\n<em> Desde agora, desde j\u00e1<\/em><\/p>\n<p style=\"text-align: justify;\"><em>Prote\u00e7\u00e3o ao \u00edndio<\/em><br \/>\n<em> \u00c0 flora e aos pantanais<\/em><br \/>\n<em> O ouro \u00e9 nosso<\/em><br \/>\n<em> N\u00e3o deixe ser extintos os animais<\/em><br \/>\n<em> Senhor presidente, pra essa mis\u00e9ria ter fim<\/em><br \/>\n<em> Fa\u00e7a um governo capaz<\/em><br \/>\n<em> D\u00ea melhor vida amor e paz<\/em><br \/>\n<em> O pov\u00e3o espera assim<\/em><\/p>\n<p style=\"text-align: justify;\"><em>O samba da Cabu\u00e7u em 1990<\/em><\/p>\n<p><iframe loading=\"lazy\" title=\"Unidos do Cabu\u00e7u 1990 16\/16 - Ser\u00e1 Que Votei Certo Pra Presidente?\" width=\"525\" height=\"394\" src=\"https:\/\/www.youtube.com\/embed\/fUnVSNBF-oA?feature=oembed\" frameborder=\"0\" allow=\"accelerometer; autoplay; clipboard-write; encrypted-media; gyroscope; picture-in-picture; web-share\" referrerpolicy=\"strict-origin-when-cross-origin\" allowfullscreen><\/iframe><\/p>\n","protected":false},"excerpt":{"rendered":"<p>A essa altura, com a velocidade na circula\u00e7\u00e3o de informa\u00e7\u00f5es, n\u00e3o sei se a Vila Isabel deve, pode ou vai falar de Miguel Arraes noTour Details<\/p>\n","protected":false},"author":43,"featured_media":0,"comment_status":"open","ping_status":"open","sticky":false,"template":"","format":"standard","meta":{"footnotes":""},"categories":[910],"tags":[837,24,62],"class_list":["post-35113","post","type-post","status-publish","format-standard","hentry","category-carnaval-por-esporte","tag-carnaval-2016","tag-politica","tag-vila-isabel"],"_links":{"self":[{"href":"http:\/\/www.pedromigao.com.br\/ourodetolo\/wp-json\/wp\/v2\/posts\/35113","targetHints":{"allow":["GET"]}}],"collection":[{"href":"http:\/\/www.pedromigao.com.br\/ourodetolo\/wp-json\/wp\/v2\/posts"}],"about":[{"href":"http:\/\/www.pedromigao.com.br\/ourodetolo\/wp-json\/wp\/v2\/types\/post"}],"author":[{"embeddable":true,"href":"http:\/\/www.pedromigao.com.br\/ourodetolo\/wp-json\/wp\/v2\/users\/43"}],"replies":[{"embeddable":true,"href":"http:\/\/www.pedromigao.com.br\/ourodetolo\/wp-json\/wp\/v2\/comments?post=35113"}],"version-history":[{"count":0,"href":"http:\/\/www.pedromigao.com.br\/ourodetolo\/wp-json\/wp\/v2\/posts\/35113\/revisions"}],"wp:attachment":[{"href":"http:\/\/www.pedromigao.com.br\/ourodetolo\/wp-json\/wp\/v2\/media?parent=35113"}],"wp:term":[{"taxonomy":"category","embeddable":true,"href":"http:\/\/www.pedromigao.com.br\/ourodetolo\/wp-json\/wp\/v2\/categories?post=35113"},{"taxonomy":"post_tag","embeddable":true,"href":"http:\/\/www.pedromigao.com.br\/ourodetolo\/wp-json\/wp\/v2\/tags?post=35113"}],"curies":[{"name":"wp","href":"https:\/\/api.w.org\/{rel}","templated":true}]}}