{"id":34924,"date":"2015-05-16T09:00:47","date_gmt":"2015-05-16T12:00:47","guid":{"rendered":"http:\/\/www.pedromigao.com.br\/ourodetolo\/?p=34924"},"modified":"2015-05-16T09:49:33","modified_gmt":"2015-05-16T12:49:33","slug":"a-ameaca-que-vem-da-europa","status":"publish","type":"post","link":"http:\/\/www.pedromigao.com.br\/ourodetolo\/2015\/05\/a-ameaca-que-vem-da-europa\/","title":{"rendered":"A amea\u00e7a que vem da Europa"},"content":{"rendered":"<p style=\"text-align: justify;\">Saiu um recente dado de uma grande loja de materiais esportivos que alarmou o futebol brasileiro e virou assunto. A mesma divulgou que as camisas de times mais vendidas por ela s\u00e3o da Europa.<\/p>\n<p style=\"text-align: justify;\">At\u00e9 tem uma certa l\u00f3gica e n\u00e3o alarmista que isso ocorra. Exemplo. Eu tenho uma camisa do Real Madrid, uma do Boca e estou namorando camisas como do Manchester United e Bayern de Munique por ach\u00e1-las bonitas. Se eu tivesse dinheiro como Pedro Mig\u00e3o que \u00e9 um petroleiro milion\u00e1rio compraria de todas as sete divis\u00f5es do futebol ingl\u00eas.<\/p>\n<p style=\"text-align: justify;\">Mas dificilmente compraria de clubes brasileiros, talvez pequenos como Am\u00e9rica, Bangu e Botafogo, mas nunca compraria de rivais do Flamengo.<\/p>\n<p style=\"text-align: justify;\">Ta\u00ed a l\u00f3gica. Clubes europeus e argentinos n\u00e3o s\u00e3o rivais do meu time, do Brasil s\u00e3o. Algu\u00e9m imagina um torcedor do Vasco andando com camisa do Flamengo? N\u00e3o. Mas os dois podem andar com camisa do Barcelona.<\/p>\n<p style=\"text-align: justify;\"><a href=\"http:\/\/www.pedromigao.com.br\/ourodetolo\/2015\/05\/a-ameaca-que-vem-da-europa\/europa\/\" rel=\"attachment wp-att-34925\"><img loading=\"lazy\" decoding=\"async\" class=\"alignleft size-medium wp-image-34925\" src=\"http:\/\/www.pedromigao.com.br\/ourodetolo\/wp-content\/uploads\/2015\/05\/europa-200x300.jpg\" alt=\"europa\" width=\"200\" height=\"300\" srcset=\"http:\/\/www.pedromigao.com.br\/ourodetolo\/wp-content\/uploads\/2015\/05\/europa-200x300.jpg 200w, http:\/\/www.pedromigao.com.br\/ourodetolo\/wp-content\/uploads\/2015\/05\/europa-227x340.jpg 227w, http:\/\/www.pedromigao.com.br\/ourodetolo\/wp-content\/uploads\/2015\/05\/europa.jpg 236w\" sizes=\"auto, (max-width: 200px) 100vw, 200px\" \/><\/a>Esse \u00e9 um ponto. Ponto a favor dos clubes brasileiros. Mas n\u00e3o podemos tapar o Sol com a peneira. N\u00e3o \u00e9 o \u00fanico.<\/p>\n<p style=\"text-align: justify;\">Essa semana tivemos as semifinais da UCL, para os \u00edntimos Uefa Champions League, e quem curte futebol parou para ver esses jogos. Ganharam import\u00e2ncia parecida com confronto envolvendo times nacionais.<\/p>\n<p style=\"text-align: justify;\">Ok. Muita gente parou porque gosta de ver futebol, por curiosidade. Eu e o Mig\u00e3o somos f\u00e3s do Real Madrid, n\u00e3o gostamos de sua elimina\u00e7\u00e3o, mas sua elimina\u00e7\u00e3o para a Juventus n\u00e3o se compara \u00e0 irrita\u00e7\u00e3o que tivemos quando o Flamengo empatou com o Nova Igua\u00e7u.<\/p>\n<p style=\"text-align: justify;\">Mas a partir do momento que se ouve fogos nos gols do Barcelona algo est\u00e1 errado.<\/p>\n<p style=\"text-align: justify;\">Fato. Uma gera\u00e7\u00e3o vem sendo criada a modo europeu. Temos os jogos de v\u00eddeo game que aproximam a juventude desses times e as tvs a cabo que mostram todas as partidas dos grandes clubes da Europa. N\u00e3o duvide que passe mais jogos hoje do Barcelona que do Vasco na tv e como o acesso \u00e0 tv a cabo est\u00e1 cada vez mais democr\u00e1tico (sem contar o famoso gatonet) a concorr\u00eancia fica forte.<\/p>\n<p style=\"text-align: justify;\">E outra. De tarde tenho que me irritar com Cristiano Ronaldo, Benzema, Bale e James Rodrigues. De noite com Par\u00e1, Bressan, Almir e Alecgol. At\u00e9 a irrita\u00e7\u00e3o se torna mais irritante.<\/p>\n<p style=\"text-align: justify;\">N\u00f3s j\u00e1 somos burros velhos e como j\u00e1 disse v\u00e1rias vezes a pessoa muda de casa,, de cidade, de pa\u00eds, de namorada, at\u00e9 de sexo, mas n\u00e3o muda de time, isso \u00e9 falha de car\u00e1ter. Vamos aturando os mulambentos que envergam nossos mantos sagrados at\u00e9 a morte. Mas a garotada n\u00e3o tem que passar por esse constrangimento.<\/p>\n<p style=\"text-align: justify;\">O primeiro escal\u00e3o do futebol parou de jogar. O segundo est\u00e1 na Europa, o terceiro no sub\u00farbio da Europa, o quarto que nossa baixa auto estima deixou chamar de craques na \u00c1sia e o quinto est\u00e1 aqui jogando o campeonato brasileiro. Fica dif\u00edcil competir assim.<\/p>\n<p style=\"text-align: justify;\">Semana passada de tarde teve Barcelona x Bayern com Messi e Neymar arrebentando. De noite Botafogo x Capivariano&#8230;<\/p>\n<p style=\"text-align: justify;\"><a href=\"http:\/\/www.pedromigao.com.br\/ourodetolo\/2015\/05\/a-ameaca-que-vem-da-europa\/almir-bunda-de-madame\/\" rel=\"attachment wp-att-34953\"><img loading=\"lazy\" decoding=\"async\" class=\"alignright size-medium wp-image-34953\" src=\"http:\/\/www.pedromigao.com.br\/ourodetolo\/wp-content\/uploads\/2015\/05\/almir-bunda-de-madame-300x201.jpg\" alt=\"almir bunda de madame\" width=\"300\" height=\"201\" srcset=\"http:\/\/www.pedromigao.com.br\/ourodetolo\/wp-content\/uploads\/2015\/05\/almir-bunda-de-madame-300x201.jpg 300w, http:\/\/www.pedromigao.com.br\/ourodetolo\/wp-content\/uploads\/2015\/05\/almir-bunda-de-madame-508x340.jpg 508w, http:\/\/www.pedromigao.com.br\/ourodetolo\/wp-content\/uploads\/2015\/05\/almir-bunda-de-madame.jpg 620w\" sizes=\"auto, (max-width: 300px) 100vw, 300px\" \/><\/a>Alguns podem dizer, at\u00e9 acho que tenha raz\u00e3o, que o futebol mundial hoje n\u00e3o \u00e9 tudo isso. Temos Messi e CR7 destruindo porque s\u00e3o super craques, mas tamb\u00e9m porque a competi\u00e7\u00e3o \u00e9 muito menor que nos anos anteriores. De antem\u00e3o sabemos que os dois concorrem \u00e0 Bola de Ouro esse ano e tamb\u00e9m 2016, 2017 e por a\u00ed vai..<\/p>\n<p style=\"text-align: justify;\">Mas quando lembramos que mesmo o futebol de hoje n\u00e3o sendo tudo isso tomamos de 7&#215;1 d\u00e1 frio na espinha&#8230;<\/p>\n<p style=\"text-align: justify;\">Tvs mostrando jogo a rodo, grandes espet\u00e1culos com jogadores de todos os cantos do planeta. Jogos ruins do outro lado com times fracos e dificuldades de ir a est\u00e1dios. Fica ruim para um pai de fam\u00edlia hoje levar filhos aos jogos com a viol\u00eancia, hor\u00e1rio do futebol e pre\u00e7o dos ingressos.<\/p>\n<p style=\"text-align: justify;\">Assim n\u00e3o se cria aquela coisa bacana do filho abra\u00e7ar o pai comemorando o t\u00edtulo do time. La\u00e7o que da eternidade ao amor entre pai e filho e a um time de futebol. Nossos jovens veem o Flamengo como vem o Barcelona. Pela televis\u00e3o. Com a diferen\u00e7a que o segundo \u00e9 mais divertido.<\/p>\n<p style=\"text-align: justify;\">Falamos por muito tempo das torcidas do Norte\/Nordeste que torcem para times do Rio-SP e n\u00e3o pelos de l\u00e1. Pois bem. Estamos virando o Norte\/Nordeste do mundo.<\/p>\n<p style=\"text-align: justify;\">Ainda d\u00e1 tempo de reverter.<\/p>\n<p style=\"text-align: justify;\">Antes que a Alemanha fa\u00e7a outro gol.<\/p>\n<p style=\"text-align: justify;\">Twitter &#8211; @aloisiovillar<\/p>\n<p style=\"text-align: justify;\">Facebook \u2013 Aloisio Villar<\/p>\n<p style=\"text-align: justify;\"><strong>Imagem: O Dia<\/strong><\/p>\n","protected":false},"excerpt":{"rendered":"<p>Saiu um recente dado de uma grande loja de materiais esportivos que alarmou o futebol brasileiro e virou assunto. A mesma divulgou que as camisasTour Details<\/p>\n","protected":false},"author":8,"featured_media":0,"comment_status":"open","ping_status":"open","sticky":false,"template":"","format":"standard","meta":{"footnotes":""},"categories":[806],"tags":[926,757,37,927,925],"class_list":["post-34924","post","type-post","status-publish","format-standard","hentry","category-jogando-nas-onze","tag-barcelona","tag-campeonato-brasileiro","tag-futebol","tag-real-madrid","tag-ucl"],"_links":{"self":[{"href":"http:\/\/www.pedromigao.com.br\/ourodetolo\/wp-json\/wp\/v2\/posts\/34924","targetHints":{"allow":["GET"]}}],"collection":[{"href":"http:\/\/www.pedromigao.com.br\/ourodetolo\/wp-json\/wp\/v2\/posts"}],"about":[{"href":"http:\/\/www.pedromigao.com.br\/ourodetolo\/wp-json\/wp\/v2\/types\/post"}],"author":[{"embeddable":true,"href":"http:\/\/www.pedromigao.com.br\/ourodetolo\/wp-json\/wp\/v2\/users\/8"}],"replies":[{"embeddable":true,"href":"http:\/\/www.pedromigao.com.br\/ourodetolo\/wp-json\/wp\/v2\/comments?post=34924"}],"version-history":[{"count":0,"href":"http:\/\/www.pedromigao.com.br\/ourodetolo\/wp-json\/wp\/v2\/posts\/34924\/revisions"}],"wp:attachment":[{"href":"http:\/\/www.pedromigao.com.br\/ourodetolo\/wp-json\/wp\/v2\/media?parent=34924"}],"wp:term":[{"taxonomy":"category","embeddable":true,"href":"http:\/\/www.pedromigao.com.br\/ourodetolo\/wp-json\/wp\/v2\/categories?post=34924"},{"taxonomy":"post_tag","embeddable":true,"href":"http:\/\/www.pedromigao.com.br\/ourodetolo\/wp-json\/wp\/v2\/tags?post=34924"}],"curies":[{"name":"wp","href":"https:\/\/api.w.org\/{rel}","templated":true}]}}