{"id":34245,"date":"2015-04-13T14:34:56","date_gmt":"2015-04-13T17:34:56","guid":{"rendered":"http:\/\/www.pedromigao.com.br\/ourodetolo\/?p=34245"},"modified":"2015-04-13T14:34:56","modified_gmt":"2015-04-13T17:34:56","slug":"o-dia-em-que-nao-encontrei-eduardo-galeano","status":"publish","type":"post","link":"http:\/\/www.pedromigao.com.br\/ourodetolo\/2015\/04\/o-dia-em-que-nao-encontrei-eduardo-galeano\/","title":{"rendered":"O dia em que n\u00e3o encontrei Eduardo Galeano"},"content":{"rendered":"<p style=\"text-align: justify;\">Um conhecido que vai com frequ\u00eancia ao Uruguai, ao ser perguntado por mim sobre o que fazer em Montevid\u00e9u, deu uma dica que me fez abrir um sorriso:<\/p>\n<p style=\"text-align: justify;\"><em>&#8211; H\u00e1 uma livraria na Ciudad Vieja, bem perto do Cabildo, em que o Galeano costuma ir no fim da tarde.<\/em><\/p>\n<p style=\"text-align: justify;\">Galeano, o Eduardo. Aquele mo\u00e7o que voc\u00ea conhece do <em>As veias abertas da Am\u00e9rica Latina<\/em>. Ou da trilogia <em>Mem\u00f3ria do fogo<\/em>. Ou do <em>Livro dos abra\u00e7os<\/em>. Jornalista e escritor uruguaio, militante contra as ditaduras latino-americanas, voz progressista no continente.<\/p>\n<p style=\"text-align: justify;\"><em>As veias<\/em>, pros mais \u00edntimos, foi um dos livros que li no Ensino M\u00e9dio e que me fizeram balan\u00e7ar um pouco e at\u00e9 pensar em ser jornalista. Livro lido por gera\u00e7\u00f5es e mais gera\u00e7\u00f5es sobre a hist\u00f3ria de explora\u00e7\u00e3o da Am\u00e9rica Latina. \u00c9 uma daquelas coisas que servem pra sensibilizar o esp\u00edrito adolescente para os problemas pr\u00f3prios e comuns aos outros. N\u00e3o virei jornalista, mas virei professor de Hist\u00f3ria.<\/p>\n<p style=\"text-align: justify;\">Depois desse breve aparte, voltemos ao ponto central: o Galeano, segundo esse meu colega, frequentava uma livraria em Montevid\u00e9u. E eu estaria l\u00e1 por quatro dias. Tinha, assim, quatro oportunidades de encontr\u00e1-lo e dar um abra\u00e7o.<\/p>\n<p style=\"text-align: justify;\">N\u00e3o pense voc\u00ea que se tratou de uma esp\u00e9cie de estalqueamento. N\u00e3o ia perseguir o cara, n\u00e9? Mas se por acaso eu estivesse todos os fins de tarde na tal livraria, poder\u00edamos nos encontrar espontaneamente numa dessas coincid\u00eancias da vida.<\/p>\n<p style=\"text-align: justify;\">J\u00e1 comecei a me preparar desde a ida. Quase todas as conversas sobre a viagem passavam pela frase <em>\u201cme disseram que tem uma livraria que o Galeano frequenta na Ciudad Vieja\u201d<\/em>. Pensei no que dizer, em como dizer e, claro, como fingiria a surpresa do encontro.<\/p>\n<p style=\"text-align: justify;\">Isso, porque logo veio \u00e0 mem\u00f3ria outro encontro. Um meio desastrado.<\/p>\n<p style=\"text-align: justify;\">Em 2013, estava em Lisboa e fui visitar a Funda\u00e7\u00e3o Jos\u00e9 Saramago. Claro que n\u00e3o encontrei o Saramago, morto em 2010. Na verdade, acabei bem perto dele, parando alguns minutos na frente da \u00e1rvore sob a qual ele est\u00e1 enterrado, em frente \u00e0 Funda\u00e7\u00e3o.<\/p>\n<p style=\"text-align: justify;\">Mas essa n\u00e3o \u00e9 a hist\u00f3ria de encontro desastrado. Naquele dia, depois de me perder pelas ruas da Alfama, bairro lisboeta, cheguei \u00e0 Funda\u00e7\u00e3o perto da hora do fechamento. Havia l\u00e1 uma obra grande na frente, bloqueando o acesso \u00e0 entrada do lugar. Fiquei meio tenso pensando que estaria fechada e n\u00e3o poderia visita-la. Foi quando resolvi pedir uma informa\u00e7\u00e3o a uma senhora que estava saindo l\u00e1 dentro.<\/p>\n<p style=\"text-align: justify;\">A senhora me explicou tudo, mas ficou um pouco espantada porque eu gaguejava enquanto repetia <em>Obrigado! Obrigado!<\/em> e deixava escorrer uma l\u00e1grima. Era Pilar Ruiz, a vi\u00fava de Saramago.<\/p>\n<p style=\"text-align: justify;\"><a href=\"http:\/\/www.pedromigao.com.br\/ourodetolo\/2015\/04\/o-dia-em-que-nao-encontrei-eduardo-galeano\/josc3a9-saramago-e-pilar-del-rio\/\" rel=\"attachment wp-att-34247\"><img loading=\"lazy\" decoding=\"async\" class=\"alignleft size-medium wp-image-34247\" src=\"http:\/\/www.pedromigao.com.br\/ourodetolo\/wp-content\/uploads\/2015\/04\/josc3a9-saramago-e-pilar-del-rio-300x227.jpg\" alt=\"josc3a9-saramago-e-pilar-del-rio\" width=\"300\" height=\"227\" srcset=\"http:\/\/www.pedromigao.com.br\/ourodetolo\/wp-content\/uploads\/2015\/04\/josc3a9-saramago-e-pilar-del-rio-300x227.jpg 300w, http:\/\/www.pedromigao.com.br\/ourodetolo\/wp-content\/uploads\/2015\/04\/josc3a9-saramago-e-pilar-del-rio.jpg 400w\" sizes=\"auto, (max-width: 300px) 100vw, 300px\" \/><\/a>A l\u00e1grima se explica f\u00e1cil. Saramago, por si s\u00f3, j\u00e1 me deixa meio marejado. Al\u00e9m disso, toda vez que ou\u00e7o falar de Saramago e Pilar, penso em Jos\u00e9 e Pilar, filme do Miguel Gon\u00e7alves Mendes, que virou livro tamb\u00e9m. E d\u00e1 uma vontade de chorar um pouquinho de emo\u00e7\u00e3o.<\/p>\n<p style=\"text-align: justify;\">S\u00f3 que esse \u00e9 outro assunto, pra outra hora. Contei essa hist\u00f3ria para dizer que n\u00e3o queria repetir o jeito meio man\u00e9. Ia ser legal falar com o Galeano, deveria, ent\u00e3o, falar alguma coisa mais que alguns gaguejos, alguma coisa inteligente, sei l\u00e1.<\/p>\n<p style=\"text-align: justify;\">Acontece que meus planos n\u00e3o teriam uma vida muito f\u00e1cil. Primeiro, a chegada a Montevid\u00e9u foi no fim da tarde. At\u00e9 fazer o check-in, o com\u00e9rcio j\u00e1 estava todo fechado. N\u00e3o deu nem pra achar a livraria.<\/p>\n<p style=\"text-align: justify;\">No dia seguinte, sa\u00ed do hostel ap\u00f3s o caf\u00e9 da manh\u00e3 procurando a tal livraria. N\u00e3o sabia o nome, a refer\u00eancia era <em>\u201c\u00e9 perto do Cabildo\u201d.<\/em> Portanto, depois de encontrar o Cabildo, o desafio era encontrar uma livraria nas proximidades. E, claro, uma que se encaixasse naquela situa\u00e7\u00e3o: n\u00e3o podia ser de qualquer jeito, tinha que ter um espa\u00e7o pra sentar, um caf\u00e9, alguma coisa do tipo.<\/p>\n<p style=\"text-align: justify;\">Essa parte foi a mais f\u00e1cil. Tinha l\u00e1, bem perto do Cabildo, entre ele e o portal da Ciudad Vieja, uma livraria que se encaixava no perfil. Era a Puro Verso, na Sarand\u00ed com Bartolomeo Mitre, bem perto de onde estava hospedado. Livraria constru\u00edda em um pr\u00e9dio do come\u00e7o do s\u00e9culo passado, com sof\u00e1s no t\u00e9rreo e um restaurante-caf\u00e9 no segundo andar.<\/p>\n<p style=\"text-align: justify;\">Para minha frustra\u00e7\u00e3o, Galeano n\u00e3o estava l\u00e1. Entretanto, ainda era manh\u00e3. A dica era que ele aparecia l\u00e1 no fim da tarde. Tinha algum tempo, ent\u00e3o.<\/p>\n<p style=\"text-align: justify;\">Hora de passear pela cidade. Durante as andan\u00e7as, perto do porto, numa exposi\u00e7\u00e3o fotogr\u00e1fica na rua, a ep\u00edgrafe era um trecho do escritor. Achei um bom sinal e continuei o dia.<\/p>\n<p style=\"text-align: justify;\">No fim da tarde, voltei \u00e0 livraria. Olhei da porta e nada, ele n\u00e3o estava l\u00e1. Entrei, olhei o primeiro piso, subi o primeiro lance de escadas. Dali podia ver por cima das estantes de livros. Nada. Fui at\u00e9 o segundo andar e nada. Desci, sentei num sof\u00e1 e peguei um livro para ler enquanto esperava por ele. Mas ele n\u00e3o foi l\u00e1 naquele dia.<\/p>\n<p style=\"text-align: justify;\">A viagem seguiu e, depois de passeios noturnos e diurnos, no outro dia, fim de tarde, estava l\u00e1 na livraria outra vez. Outra vez, ele n\u00e3o apareceu. Pensei em perguntar se era ali mesmo, mas quem sabe fosse um segredo e, ao perguntar, eu destru\u00edsse aquela possibilidade? Preferi n\u00e3o arriscar.<\/p>\n<p style=\"text-align: justify;\"><a href=\"http:\/\/www.pedromigao.com.br\/ourodetolo\/2015\/04\/o-dia-em-que-nao-encontrei-eduardo-galeano\/280511_eduardo_galeano_na_catalunha\/\" rel=\"attachment wp-att-34248\"><img loading=\"lazy\" decoding=\"async\" class=\" size-medium wp-image-34248 alignright\" src=\"http:\/\/www.pedromigao.com.br\/ourodetolo\/wp-content\/uploads\/2015\/04\/280511_eduardo_galeano_na_catalunha-300x202.jpg\" alt=\"280511_eduardo_galeano_na_catalunha\" width=\"300\" height=\"202\" srcset=\"http:\/\/www.pedromigao.com.br\/ourodetolo\/wp-content\/uploads\/2015\/04\/280511_eduardo_galeano_na_catalunha-300x202.jpg 300w, http:\/\/www.pedromigao.com.br\/ourodetolo\/wp-content\/uploads\/2015\/04\/280511_eduardo_galeano_na_catalunha.jpg 400w\" sizes=\"auto, (max-width: 300px) 100vw, 300px\" \/><\/a>No terceiro fim de tarde, levei meu caderninho de notas e aproveitei pra come\u00e7ar a escrever sobre a viagem. E a possibilidade daquele encontro, claro. Escrevi, bebi um caf\u00e9, um caf\u00e9 bem ruim, ali\u00e1s. O Galeano n\u00e3o apareceu mais uma vez.<\/p>\n<p style=\"text-align: justify;\">No quarto dia, j\u00e1 meio sem esperan\u00e7a, fui, pedi uma \u00e1gua com g\u00e1s pra ocupar a mesa do andar superior e esperei pela repeti\u00e7\u00e3o dos outros dias. Escrevi mais um pouco no caderninho e pensei naquele e nos outros dias em que n\u00e3o encontrei Eduardo Galeano na livraria at\u00e9 a hora de ir embora.<\/p>\n<p style=\"text-align: justify;\">Aquela tinha sido a \u00faltima oportunidade na viagem pro encontro. N\u00e3o, n\u00e3o segurei a grande virada para o fim do texto, eu saindo l\u00e1 de dentro e batendo de frente com ele na rua. Ou no aeroporto, noutro dia. Ou no mercado, fazendo compras, na fila do queijo. Nada disso. No dia seguinte, partiria pra Col\u00f4nia do Sacramento e n\u00e3o voltaria \u00e0 livraria t\u00e3o cedo.<\/p>\n<p style=\"text-align: justify;\">No fim das contas, n\u00e3o sei se era a livraria certa ou mesmo se o Galeano estava no Uruguai e em Montevid\u00e9u naqueles dias. Uma pena. Mas o que queria dizer pessoalmente d\u00e1 para dizer por aqui, porque s\u00f3 queria dizer <em>Obrigado!<\/em>, num agradecimento um pouco menos gaguejante e tr\u00eamulo do que aquele que dirigi \u00e0 Pilar em Lisboa. S\u00f3 n\u00e3o \u00e9 poss\u00edvel ainda dar um abra\u00e7o por aqui.<\/p>\n<p style=\"text-align: justify;\">Isso fica para a eternidade.<\/p>\n<p style=\"text-align: justify;\"><strong>Imagens: Folha de S\u00e3o Paulo e Sapo.PT<\/strong><\/p>\n","protected":false},"excerpt":{"rendered":"<p>Um conhecido que vai com frequ\u00eancia ao Uruguai, ao ser perguntado por mim sobre o que fazer em Montevid\u00e9u, deu uma dica que me fezTour Details<\/p>\n","protected":false},"author":27,"featured_media":0,"comment_status":"open","ping_status":"open","sticky":false,"template":"","format":"standard","meta":{"footnotes":""},"categories":[493],"tags":[12,73],"class_list":["post-34245","post","type-post","status-publish","format-standard","hentry","category-493","tag-cultura","tag-livros"],"_links":{"self":[{"href":"http:\/\/www.pedromigao.com.br\/ourodetolo\/wp-json\/wp\/v2\/posts\/34245","targetHints":{"allow":["GET"]}}],"collection":[{"href":"http:\/\/www.pedromigao.com.br\/ourodetolo\/wp-json\/wp\/v2\/posts"}],"about":[{"href":"http:\/\/www.pedromigao.com.br\/ourodetolo\/wp-json\/wp\/v2\/types\/post"}],"author":[{"embeddable":true,"href":"http:\/\/www.pedromigao.com.br\/ourodetolo\/wp-json\/wp\/v2\/users\/27"}],"replies":[{"embeddable":true,"href":"http:\/\/www.pedromigao.com.br\/ourodetolo\/wp-json\/wp\/v2\/comments?post=34245"}],"version-history":[{"count":0,"href":"http:\/\/www.pedromigao.com.br\/ourodetolo\/wp-json\/wp\/v2\/posts\/34245\/revisions"}],"wp:attachment":[{"href":"http:\/\/www.pedromigao.com.br\/ourodetolo\/wp-json\/wp\/v2\/media?parent=34245"}],"wp:term":[{"taxonomy":"category","embeddable":true,"href":"http:\/\/www.pedromigao.com.br\/ourodetolo\/wp-json\/wp\/v2\/categories?post=34245"},{"taxonomy":"post_tag","embeddable":true,"href":"http:\/\/www.pedromigao.com.br\/ourodetolo\/wp-json\/wp\/v2\/tags?post=34245"}],"curies":[{"name":"wp","href":"https:\/\/api.w.org\/{rel}","templated":true}]}}