{"id":34237,"date":"2015-04-13T14:08:26","date_gmt":"2015-04-13T17:08:26","guid":{"rendered":"http:\/\/www.pedromigao.com.br\/ourodetolo\/?p=34237"},"modified":"2015-04-13T14:08:26","modified_gmt":"2015-04-13T17:08:26","slug":"brasil-12042015-fragmentos-de-um-dia-em-verde-e-amarelo","status":"publish","type":"post","link":"http:\/\/www.pedromigao.com.br\/ourodetolo\/2015\/04\/brasil-12042015-fragmentos-de-um-dia-em-verde-e-amarelo\/","title":{"rendered":"Brasil, 12\/04\/2015. Fragmentos de um dia em verde e amarelo"},"content":{"rendered":"<p style=\"text-align: justify;\"><em>\u201cJ\u00e1 se disse, numa express\u00e3o feliz, que a contribui\u00e7\u00e3o brasileira para a civiliza\u00e7\u00e3o ser\u00e1 de cordialidade \u2014 daremos ao mundo o \u201c homem cordial\u201d . A lhaneza no trato, a hospitalidade, a generosidade, virtudes t\u00e3o gabadas por estrangeiros que nos visitam, representam, com efeito, um tra\u00e7o definido do car\u00e1ter brasileiro.\u201d <\/em><\/p>\n<p style=\"text-align: justify;\">A frase, por \u00f3bvio, n\u00e3o \u00e9 minha. Eu n\u00e3o vou dizer de quem \u00e9, n\u00e3o apenas em respeito \u00e0 intelig\u00eancia de alguns leitores, mas sobretudo para fugir da ignor\u00e2ncia de outros que, com um atraso de meio s\u00e9culo, vivem nos tempos da Guerra Fria.<\/p>\n<p style=\"text-align: justify;\">Eu lembrei dela para ilustrar esse pequeno relato de epis\u00f3dios ocorridos no dia 12 de abril de 2015, quando 750 mil ou 1,5 milh\u00e3o de pessoas foram \u00e0s ruas em atos pol\u00edticos.<\/p>\n<p style=\"text-align: justify;\"><strong>Cap\u00edtulo 1 &#8211; Belo Horizonte<\/strong><\/p>\n<p style=\"text-align: justify;\"><a href=\"http:\/\/www.otempo.com.br\/capa\/pol%C3%ADtica\/fot%C3%B3grafo-de-jornal-mineiro-%C3%A9-agredido-durante-manifesta%C3%A7%C3%A3o-em-bh-1.1023491\" target=\"_blank\"><span style=\"color: #ff6600;\">http:\/\/www.otempo.com.br\/capa\/pol%C3%ADtica\/fot%C3%B3grafo-de-jornal-mineiro-%C3%A9-agredido-durante-manifesta%C3%A7%C3%A3o-em-bh-1.1023491<\/span><\/a><\/p>\n<p style=\"text-align: justify;\"><a href=\"http:\/\/www.pedromigao.com.br\/ourodetolo\/?attachment_id=\" rel=\"attachment wp-att-34242\"><img loading=\"lazy\" decoding=\"async\" class=\"alignleft size-medium wp-image-34242\" src=\"http:\/\/www.pedromigao.com.br\/ourodetolo\/wp-content\/uploads\/2015\/04\/image-217x300.jpg\" alt=\"image\" width=\"217\" height=\"300\" srcset=\"http:\/\/www.pedromigao.com.br\/ourodetolo\/wp-content\/uploads\/2015\/04\/image-217x300.jpg 217w, http:\/\/www.pedromigao.com.br\/ourodetolo\/wp-content\/uploads\/2015\/04\/image-246x340.jpg 246w, http:\/\/www.pedromigao.com.br\/ourodetolo\/wp-content\/uploads\/2015\/04\/image.jpg 300w\" sizes=\"auto, (max-width: 217px) 100vw, 217px\" \/><\/a>Beto Novaes (foto) \u00e9 fot\u00f3grafo desde os anos 80. Ele era motorista da sucursal do Globo em BH e foi conduzir um rep\u00f3rter para uma entrevista banal no s\u00edtio do treinador do Atl\u00e9tico MG, Tel\u00ea Santana. Coincidiu de Tel\u00ea justo naquela hora ser convocado justo para treinar a m\u00edtica sele\u00e7\u00e3o que encantaria o mundo. Beto andava sempre com uma c\u00e2mera a tiracolo e fez a imagem que foi parar na capa do jornal, com Tel\u00ea andando de bicicleta. Ali Beto deixou de ser motorista e virou rep\u00f3rter fotogr\u00e1fico.<\/p>\n<p style=\"text-align: justify;\">Em 12\/04\/2015 Beto estava escalado para cobrir as manifesta\u00e7\u00f5es para o \u201cEstado de Minas\u201d, mas foi agredido por 4 rapazes. O motivo? Beto tem uma semelhan\u00e7a f\u00edsica com o ex-presidente Lula. Os agressores disseram que ele n\u00e3o poderia estar \u201cfantasiado de Lula\u201d e o obrigaram a ir embora.<\/p>\n<p style=\"text-align: justify;\"><strong>Cap\u00edtulo 2 &#8211; Rio de Janeiro<\/strong><\/p>\n<p style=\"text-align: justify;\"><span style=\"color: #ff6600;\"><a style=\"color: #ff6600;\" href=\"http:\/\/veja.abril.com.br\/noticia\/brasil\/rio-homem-com-bandeira-vermelha-e-agredido-por-manifestantes-anti-dilma\/\" target=\"_blank\">http:\/\/veja.abril.com.br\/noticia\/brasil\/rio-homem-com-bandeira-vermelha-e-agredido-por-manifestantes-anti-dilma\/<\/a><\/span><\/p>\n<p style=\"text-align: justify;\">A manifesta\u00e7\u00e3o ocorria na Orla de Copacabana. O mec\u00e2nico Rog\u00e9rio Martins passeava na ciclovia com uma bandeira vermelha enrolada no pesco\u00e7o. A bandeira n\u00e3o era do PT, mas sim do Movimento Nacional de Luta pela Moradia. Foi empurrado e depois de cair da bicicleta, foi cercado por policiais para n\u00e3o ser agredido, enquanto era xingado de ladr\u00e3o, comunista, viado e filho da puta. A escolta policial o levou para longe, com a bandeira escondida na pochete.<\/p>\n<p style=\"text-align: justify;\"><strong>Cap\u00edtulo 3 &#8211; Recife<\/strong><\/p>\n<p style=\"text-align: justify;\"><a href=\"http:\/\/politica.estadao.com.br\/noticias\/geral,atos-pro-dilma-sao-hostilizados-em-manifestacoes-contra-o-governo,1651185\" target=\"_blank\"><span style=\"color: #ff6600;\">http:\/\/politica.estadao.com.br\/noticias\/geral,atos-pro-dilma-sao-hostilizados-em-manifestacoes-contra-o-governo,1651185<\/span><\/a><\/p>\n<p style=\"text-align: justify;\">Djanira Souza, 69 anos, aposentada, resolveu ir \u00e0 manifesta\u00e7\u00e3o sozinha, carregando um cartaz com os dizeres <em>\u201cTudo se resume \u00e0 luta pelo poder: que est\u00e1 fora quer entrar (na marra), mas quem est\u00e1 dentro n\u00e3o sai\u201d.<\/em> O cartaz foi identificado como pr\u00f3-Dilma e por isso a aposentada foi vaiada pelos manifestantes. Alguns quiseram tomar o cartaz \u00e0 for\u00e7a, mas outros menos inflamados protegeram a idosa.<\/p>\n<p style=\"text-align: justify;\"><strong>Cap\u00edtulo 4 &#8211; Porto Alegre<\/strong><\/p>\n<p style=\"text-align: justify;\"><span style=\"color: #ff6600;\"><a style=\"color: #ff6600;\" href=\"http:\/\/m.terra.com.br\/noticia?n=faf3af865bfac410VgnVCM10000098cceb0aRCRD\" target=\"_blank\">http:\/\/m.terra.com.br\/noticia?n=faf3af865bfac410VgnVCM10000098cceb0aRCRD<\/a><\/span><\/p>\n<p style=\"text-align: justify;\"><a href=\"http:\/\/zh.clicrbs.com.br\/rs\/noticias\/noticia\/2015\/04\/em-porto-alegre-protesto-reune-menos-pessoas-e-se-direciona-contra-dilma-e-lula-4738604.html\" target=\"_blank\"><span style=\"color: #ff6600;\">http:\/\/zh.clicrbs.com.br\/rs\/noticias\/noticia\/2015\/04\/em-porto-alegre-protesto-reune-menos-pessoas-e-se-direciona-contra-dilma-e-lula-4738604.html<\/span><\/a><\/p>\n<p style=\"text-align: justify;\">Do alto do carro de som, um sujeito conhecido como Montanha alertava do alto de carro de som que 120 lutadores de 30 academias de artes marciais estavam misturados ao p\u00fablico para atuar em casos de confus\u00e3o, orientados a imobilizar e encaminhar para que fossem tomadas as medidas cab\u00edveis.<\/p>\n<p style=\"text-align: justify;\">Duas jovens homossexuais, que estavam em uma esquina no trajeto da manifesta\u00e7\u00e3o, foram hostilizadas pelos manifestantes quando tentaram defender a Presidente. Uma delas, que vestia uma camiseta com os dizeres \u201cGay OK\u201d, foi atacada e teve a blusa rasgada.<\/p>\n<p style=\"text-align: justify;\"><strong>Cap\u00edtulo 5 &#8211; Av. Paulista<\/strong><\/p>\n<p style=\"text-align: justify;\"><a href=\"http:\/\/epoca.globo.com\/tempo\/noticia\/2015\/04\/12-de-abril-uma-manifestacao-pulverizada-em-tribos-e-movimentos.html\" target=\"_blank\"><span style=\"color: #ff6600;\">http:\/\/epoca.globo.com\/tempo\/noticia\/2015\/04\/12-de-abril-uma-manifestacao-pulverizada-em-tribos-e-movimentos.html<\/span><\/a><\/p>\n<p style=\"text-align: justify;\">No alto de um ve\u00edculo, uma faixa em ingl\u00eas <em>dizia \u201cImpeachment is a total scam, is everything that the politicians wanted. <\/em><em>When we are robbed we call the police. When the nation is robbed, we call the Armed Forces\u201d<\/em> (em tradu\u00e7\u00e3o livre, Impeachment \u00e9 um embuste, isso \u00e9 tudo que os pol\u00edticos querem. Quando n\u00f3s somos roubados, chamamos a pol\u00edcia. Quando a na\u00e7\u00e3o \u00e9 roubada, chamamos as For\u00e7as Armadas).<\/p>\n<p style=\"text-align: justify;\">Ronaldo Brasileiro, dono do ve\u00edculo e integrante do Movimento Al\u00f4 Brasil, Acorda, dizia ter sido industrial por 40 anos, mas largou tudo para se dedicar \u00e0 luta pela interven\u00e7\u00e3o militar, para que os bandidos n\u00e3o acabem com o pa\u00eds em poucos meses. Enquanto dava uma entrevista para a Revista \u00c9poca, ironicamente foi abordado por um policial militar, que o informou que um ve\u00edculo daquele tamanho n\u00e3o poderia ficar estacionado ali na Av. Paulista. Ronaldo e seus amigos protestaram, se dizendo violados em sua liberdade.<\/p>\n<p style=\"text-align: justify;\"><a href=\"http:\/\/www.pedromigao.com.br\/ourodetolo\/2015\/04\/brasil-12042015-fragmentos-de-um-dia-em-verde-e-amarelo\/vovo-metralha\/\" rel=\"attachment wp-att-34239\"><img loading=\"lazy\" decoding=\"async\" class=\"aligncenter size-large wp-image-34239\" src=\"http:\/\/www.pedromigao.com.br\/ourodetolo\/wp-content\/uploads\/2015\/04\/vovo-metralha-512x340.jpg\" alt=\"vovo-metralha\" width=\"512\" height=\"340\" srcset=\"http:\/\/www.pedromigao.com.br\/ourodetolo\/wp-content\/uploads\/2015\/04\/vovo-metralha-512x340.jpg 512w, http:\/\/www.pedromigao.com.br\/ourodetolo\/wp-content\/uploads\/2015\/04\/vovo-metralha-300x199.jpg 300w, http:\/\/www.pedromigao.com.br\/ourodetolo\/wp-content\/uploads\/2015\/04\/vovo-metralha.jpg 720w\" sizes=\"auto, (max-width: 512px) 100vw, 512px\" \/><\/a><strong>Capitulo 6 &#8211; Av Paulista<\/strong><\/p>\n<p style=\"text-align: justify;\"><a href=\"http:\/\/www1.folha.uol.com.br\/fsp\/poder\/215801-nos-protestos-grupos-voltam-a-pedir-intervencao-dos-militares.shtml\" target=\"_blank\"><span style=\"color: #ff6600;\">http:\/\/www1.folha.uol.com.br\/fsp\/poder\/215801-nos-protestos-grupos-voltam-a-pedir-intervencao-dos-militares.shtml<\/span><\/a><\/p>\n<p style=\"text-align: justify;\"><em>\u201cVov\u00f4 Metralha, obrigado por tudo\u201d.<\/em> Esse foi um dos cartazes em homenagem ao ex-agente do Dops, Carlos Alberto Augusto, processado por sequestro qualificado e acusado de participar da Chacina da Ch\u00e1cara S\u00e3o Bento, \u00e9 homenageado e chamado de her\u00f3i pelos manifestantes.<\/p>\n<p style=\"text-align: justify;\"><em>\u201cTemos nosso her\u00f3i, inimigo n\u00ba 1 da esquerda bandida, Vov\u00f4 Metralha.\u201d<\/em> O ex-torturador parece estar gostando da fama s\u00fabita, porque posou para fotos usando um capacete da Revolu\u00e7\u00e3o Constitucionalista de 1932, aquela que pretendia separar S\u00e3o Paulo do resto do Brasil.<\/p>\n<p style=\"text-align: justify;\">Os respons\u00e1veis pela homenagem, grupos conhecidos como Uni\u00e3o Nacionalista Democr\u00e1tica e SOS For\u00e7as Armadas insistiam em lembrar que nunca houve ditadura no Brasil. Um orador foi muito aplaudido ao lembrar que se tivesse tido ditadura, Dilma estaria morta.<\/p>\n<p style=\"text-align: justify;\"><strong>Ep\u00edlogo <\/strong><\/p>\n<p style=\"text-align: justify;\">Eis aqui um breve relato de 6 epis\u00f3dios de um domingo ensolarado: um fot\u00f3grafo agredido por sua semelhan\u00e7a f\u00edsica com Lula, um mec\u00e2nico agredido por sua bandeira em defesa dos sem-teto, uma idosa agredida por portar um cartaz com uma cr\u00edtica amb\u00edgua, uma l\u00e9sbica com a camisa arrancada, um defensor da ditadura bradando contra a falta de liberdade por ser chamado aten\u00e7\u00e3o, um torturador exaltado em pra\u00e7a p\u00fablica.<\/p>\n<p style=\"text-align: justify;\">O amigo leitor \u00e9 assinante dos canais Telecine? Gosta de Ingmar Bergman? Pr\u00f3ximo s\u00e1bado, 18\/04, vai ser reprisado \u201cO Ovo da Serpente\u201d, com Liv Ullman e David Carradine. Tomara que o sono me deixe assistir, porque vai passar no indigesto hor\u00e1rio de 01h45min. O filme \u00e9 bom e pedag\u00f3gico em qualquer \u00e9poca.<\/p>\n<p style=\"text-align: justify;\">Mas, nessa semana t\u00e3o peculiar, eu diria que ele \u00e9 absolutamente indispens\u00e1vel. N\u00e3o perca.<\/p>\n<p style=\"text-align: justify;\"><strong>Imagens: O Estado de Minas e reprodu\u00e7\u00e3o da internet<\/strong><\/p>\n","protected":false},"excerpt":{"rendered":"<p>\u201cJ\u00e1 se disse, numa express\u00e3o feliz, que a contribui\u00e7\u00e3o brasileira para a civiliza\u00e7\u00e3o ser\u00e1 de cordialidade \u2014 daremos ao mundo o \u201c homem cordial\u201d .Tour Details<\/p>\n","protected":false},"author":10,"featured_media":0,"comment_status":"open","ping_status":"open","sticky":false,"template":"","format":"standard","meta":{"footnotes":""},"categories":[38],"tags":[24,27],"class_list":["post-34237","post","type-post","status-publish","format-standard","hentry","category-bissexta","tag-politica","tag-sociedade"],"_links":{"self":[{"href":"http:\/\/www.pedromigao.com.br\/ourodetolo\/wp-json\/wp\/v2\/posts\/34237","targetHints":{"allow":["GET"]}}],"collection":[{"href":"http:\/\/www.pedromigao.com.br\/ourodetolo\/wp-json\/wp\/v2\/posts"}],"about":[{"href":"http:\/\/www.pedromigao.com.br\/ourodetolo\/wp-json\/wp\/v2\/types\/post"}],"author":[{"embeddable":true,"href":"http:\/\/www.pedromigao.com.br\/ourodetolo\/wp-json\/wp\/v2\/users\/10"}],"replies":[{"embeddable":true,"href":"http:\/\/www.pedromigao.com.br\/ourodetolo\/wp-json\/wp\/v2\/comments?post=34237"}],"version-history":[{"count":0,"href":"http:\/\/www.pedromigao.com.br\/ourodetolo\/wp-json\/wp\/v2\/posts\/34237\/revisions"}],"wp:attachment":[{"href":"http:\/\/www.pedromigao.com.br\/ourodetolo\/wp-json\/wp\/v2\/media?parent=34237"}],"wp:term":[{"taxonomy":"category","embeddable":true,"href":"http:\/\/www.pedromigao.com.br\/ourodetolo\/wp-json\/wp\/v2\/categories?post=34237"},{"taxonomy":"post_tag","embeddable":true,"href":"http:\/\/www.pedromigao.com.br\/ourodetolo\/wp-json\/wp\/v2\/tags?post=34237"}],"curies":[{"name":"wp","href":"https:\/\/api.w.org\/{rel}","templated":true}]}}