{"id":34232,"date":"2015-04-15T11:15:18","date_gmt":"2015-04-15T14:15:18","guid":{"rendered":"http:\/\/www.pedromigao.com.br\/ourodetolo\/?p=34232"},"modified":"2015-04-13T15:08:59","modified_gmt":"2015-04-13T18:08:59","slug":"a-tv-globo-no-carnaval-de-sao-paulo","status":"publish","type":"post","link":"http:\/\/www.pedromigao.com.br\/ourodetolo\/2015\/04\/a-tv-globo-no-carnaval-de-sao-paulo\/","title":{"rendered":"A TV Globo no carnaval de S\u00e3o Paulo"},"content":{"rendered":"<p style=\"text-align: justify;\">Com um certo atraso para a publica\u00e7\u00e3o desta coluna, falo sobre a transmiss\u00e3o da Globo do carnaval de S\u00e3o Paulo. Considero que esta foi muito boa, apesar de algumas falhas que sempre acontecem; minha maior cr\u00edtica \u00e0 transmiss\u00e3o global \u00e9 o formato, n\u00e3o \u00e9 a realiza\u00e7\u00e3o. Por incr\u00edvel que possa parecer para muitos, no que se prop\u00f5e a Globo \u00e9 excelente.<\/p>\n<p style=\"text-align: justify;\"><em>&#8220;Ah, mas a Globo n\u00e3o passa o esquenta&#8221;, &#8220;A Globo n\u00e3o mostra os problemas de evolu\u00e7\u00e3o da escola&#8221;, &#8220;A Globo fica colocando pessoas que n\u00e3o entendem da folia&#8221;<\/em>, sim, tudo isso \u00e9 verdade. Por\u00e9m, \u00e0 Globo isso n\u00e3o \u00e9 t\u00e3o interessante, por isso a cr\u00edtica n\u00e3o \u00e9 \u00e0 realiza\u00e7\u00e3o, e sim ao formato da transmiss\u00e3o.<\/p>\n<p style=\"text-align: justify;\">Entretanto, a TV Globo melhorou e muito em v\u00e1rios pontos do formato no ano de 2015, muito devido a escolhas inteligentes que foram feitas para a transmiss\u00e3o.<\/p>\n<p>http:\/\/www.youtube.com\/watch?v=4BfzxtUj_Mo<\/p>\n<p style=\"text-align: justify;\">A come\u00e7ar pela principal delas: a manuten\u00e7\u00e3o de Chico Pinheiro (de larga experi\u00eancia no carnaval) e de Monalisa Perrone &#8211; outra figurinha carimbada nas transmiss\u00f5es &#8211; ajudou e muito a transmiss\u00e3o. Ambos, apesar de estarem ligeiramente &#8220;alegres&#8221;, foram muito bem na transmiss\u00e3o dando espa\u00e7o aberto aos comentaristas e pouco espa\u00e7o para interven\u00e7\u00f5es dos rep\u00f3rteres que muitas vezes confundem os telespectadores.<\/p>\n<p style=\"text-align: justify;\">Apesar disso, a Globo acertou tamb\u00e9m na escolha de um comentarista. Alem\u00e3o do Cavaco trouxe um outro n\u00edvel \u00e0 transmiss\u00e3o global. Al\u00e9m de demonstrar conhecimento t\u00e9cnico e hist\u00f3rico, por diversas vezes, Alem\u00e3o chamou aten\u00e7\u00e3o de seus colegas para que se pudessem ouvir sem interrup\u00e7\u00f5es paradinhas ou o samba em si.<\/p>\n<p style=\"text-align: justify;\">Isso, al\u00e9m de trazer um ganho pra quem gosta da folia, melhorou bastante a transmiss\u00e3o. Seus companheiros Celso V\u00edafra e Paula Lima viveram bons e maus momentos; se Celso at\u00e9 tenta coment\u00e1rios mais t\u00e9cnicos, Paula busca coment\u00e1rios mais hist\u00f3ricos e de conhecimento dos desfilantes. Os dois n\u00e3o foram t\u00e3o mal quanto em 2014, mas n\u00e3o estiveram no n\u00edvel do estreante.<\/p>\n<p>http:\/\/www.youtube.com\/watch?v=20wpmEuBeeU<\/p>\n<p style=\"text-align: justify;\">Mas o pior momento da transmiss\u00e3o \u00e9 de longe o acionamento dos rep\u00f3rteres.<\/p>\n<p style=\"text-align: justify;\">Al\u00e9m deles pouco acrescentarem \u00e0 mesma, na maioria das vezes eles s\u00e3o chamados para mostrar entrevistas pouco interessantes, al\u00e9m de n\u00e3o conseguirem passar informa\u00e7\u00f5es de forma sucinta, alongando suas participa\u00e7\u00f5es e prejudicando a din\u00e2mica da transmiss\u00e3o.<\/p>\n<p style=\"text-align: justify;\">O ponto onde h\u00e1 menor acerto \u00e9 na dispers\u00e3o: o rep\u00f3rter Philipe Siani \u00e9 de longe, mas de muito longe, o pior rep\u00f3rter do carnaval de S\u00e3o Paulo. Al\u00e9m de ser extremamente &#8220;pilhado&#8221;, ele deixa o telespectador nervoso com a fiscaliza\u00e7\u00e3o do cron\u00f4metro. Isso, que j\u00e1 havia se tornado rotineiro com Maur\u00edcio Kubrusly, piorou e muito com Siani: ele n\u00e3o consegue deixar quem assiste a transmiss\u00e3o tranquilo. Eu particularmente detestei sua participa\u00e7\u00e3o e isso \u00e9 algo que a Globo precisa corrigir.<\/p>\n<p style=\"text-align: justify;\">Obs: Siani j\u00e1 participou da concentra\u00e7\u00e3o e tamb\u00e9m n\u00e3o foi nada bem no trabalho.<\/p>\n<p style=\"text-align: justify;\">No desfile das campe\u00e3s, o G1 mostrou a folia da sexta. Essa, em um tom bem mais informal do que a folia oficial, contou com boas participa\u00e7\u00f5es de Veruska Donato, M\u00e1rcio Canuto e Sabina Simonato. Com apenas dois rep\u00f3rteres a transmiss\u00e3o foi din\u00e2mica, alegre e bastante interessante como deve ser nesse tipo de desfile n\u00e3o-oficial, foi um \u00f3timo trabalho da transmissora do carnaval atrav\u00e9s de seu portal de internet.<\/p>\n<p style=\"text-align: justify;\">O que eu quero deixar claro neste texto \u00e9: a Globo n\u00e3o faz um mau trabalho na transmiss\u00e3o, apenas investe no formato errado, ao inv\u00e9s de focar a transmiss\u00e3o em buscar mais f\u00e3s do carnaval, elas apenas busca prender o telespectador comum por mais tempo poss\u00edvel. Com isso deixa de lado algumas coisas primordiais para quem gosta da folia e foca em outras bem desinteressantes. E eu tenho uma certeza: seja l\u00e1 qual fosse a TV que transmitisse o carnaval, dificilmente haveria mudan\u00e7a no formato, para isso acontecer depende muito mais dos sambistas do que de quem transmite.<\/p>\n<p style=\"text-align: justify;\"><strong>Imagem: reprodu\u00e7\u00e3o site &#8220;Not\u00edcias da TV&#8221;, Uol<\/strong><\/p>\n","protected":false},"excerpt":{"rendered":"<p>Com um certo atraso para a publica\u00e7\u00e3o desta coluna, falo sobre a transmiss\u00e3o da Globo do carnaval de S\u00e3o Paulo. Considero que esta foi muitoTour Details<\/p>\n","protected":false},"author":41,"featured_media":0,"comment_status":"open","ping_status":"open","sticky":false,"template":"","format":"standard","meta":{"footnotes":""},"categories":[810],"tags":[535,892,890],"class_list":["post-34232","post","type-post","status-publish","format-standard","hentry","category-morada-imperial","tag-carnaval-2015","tag-transmissao","tag-tv-globo"],"_links":{"self":[{"href":"http:\/\/www.pedromigao.com.br\/ourodetolo\/wp-json\/wp\/v2\/posts\/34232","targetHints":{"allow":["GET"]}}],"collection":[{"href":"http:\/\/www.pedromigao.com.br\/ourodetolo\/wp-json\/wp\/v2\/posts"}],"about":[{"href":"http:\/\/www.pedromigao.com.br\/ourodetolo\/wp-json\/wp\/v2\/types\/post"}],"author":[{"embeddable":true,"href":"http:\/\/www.pedromigao.com.br\/ourodetolo\/wp-json\/wp\/v2\/users\/41"}],"replies":[{"embeddable":true,"href":"http:\/\/www.pedromigao.com.br\/ourodetolo\/wp-json\/wp\/v2\/comments?post=34232"}],"version-history":[{"count":0,"href":"http:\/\/www.pedromigao.com.br\/ourodetolo\/wp-json\/wp\/v2\/posts\/34232\/revisions"}],"wp:attachment":[{"href":"http:\/\/www.pedromigao.com.br\/ourodetolo\/wp-json\/wp\/v2\/media?parent=34232"}],"wp:term":[{"taxonomy":"category","embeddable":true,"href":"http:\/\/www.pedromigao.com.br\/ourodetolo\/wp-json\/wp\/v2\/categories?post=34232"},{"taxonomy":"post_tag","embeddable":true,"href":"http:\/\/www.pedromigao.com.br\/ourodetolo\/wp-json\/wp\/v2\/tags?post=34232"}],"curies":[{"name":"wp","href":"https:\/\/api.w.org\/{rel}","templated":true}]}}