{"id":34176,"date":"2015-04-13T11:46:40","date_gmt":"2015-04-13T14:46:40","guid":{"rendered":"http:\/\/www.pedromigao.com.br\/ourodetolo\/?p=34176"},"modified":"2015-04-13T09:02:44","modified_gmt":"2015-04-13T12:02:44","slug":"o-dia-a-dia-de-um-soropositivo","status":"publish","type":"post","link":"http:\/\/www.pedromigao.com.br\/ourodetolo\/2015\/04\/o-dia-a-dia-de-um-soropositivo\/","title":{"rendered":"O dia a dia de um soropositivo"},"content":{"rendered":"<p style=\"text-align: justify;\">Levando em considera\u00e7\u00e3o os \u00faltimos c\u00e1lculos, a velocidade de dissemina\u00e7\u00e3o da epidemia mundial da Aids parece ter diminu\u00eddo. Dois grupos da Organiza\u00e7\u00e3o Mundial da Sa\u00fade (OMS) publicaram estimativas a respeito do n\u00famero de pessoas HIV-positivas, que contradizem previs\u00f5es anteriores. Segundo ambos estudos, haveria hoje 33,2 milh\u00f5es de infectados, ao contr\u00e1rio dos 39,5 milh\u00f5es citados nas estat\u00edsticas de 2006. O n\u00famero anual de novas infec\u00e7\u00f5es tamb\u00e9m teria ca\u00eddo: 4,3 milh\u00f5es de casos novos em 2006, contra 2,5 milh\u00f5es em 2007. De acordo com essas avalia\u00e7\u00f5es a incid\u00eancia mundial teria alcan\u00e7ado o pico na segunda metade dos anos 1990.<\/p>\n<p style=\"text-align: justify;\">Contudo, se formos levar em considera\u00e7\u00e3o apenas o Brasil, esse n\u00famero se inverte, em nosso pa\u00eds, o n\u00famero de infectados tem aumentado a cada pesquisa. Tenho ouvido no meio LGBT diversas afirma\u00e7\u00f5es como: \u201c<em>A Aids no Brasil praticamente j\u00e1 tem cura<\/em>\u201d, \u201c<em>\u00c9 s\u00f3 tomar o coquetel que est\u00e1 tudo resolvido<\/em>\u201d, \u201c<em>Ningu\u00e9m morre de Aids hoje no Brasil<\/em>\u201d&#8230; Enfim, diante disso podemos afirmar que as pessoas est\u00e3o perdendo o bom senso.<\/p>\n<p style=\"text-align: justify;\">Conforme j\u00e1 relatamos em nossa coluna, o chamado \u201cGrupo do Carimbo\u201d continua firme com sua meta em disseminar o v\u00edrus da Aids. Na contram\u00e3o deste fato, h\u00e1 aqueles que foram infectados inocentemente por um desses criminosos. E \u00e9 com uma dessas v\u00edtimas que vamos conversar e conhecer o verdadeiro dia a dia de um soropositivo.<\/p>\n<p style=\"text-align: justify;\"><em>Lucas X<\/em>., de 25 anos, nasceu de uma fam\u00edlia de classe m\u00e9dia da zona norte do Rio de Janeiro, teve uma inf\u00e2ncia comum como a maior parte dos jovens de sua idade. Assumiu sua homossexualidade ainda jovem, com quinze\u00a0anos, sofreu bastante preconceito por parte de sociedade e principalmente por seus pais.<\/p>\n<p style=\"text-align: justify;\"><strong><em>Aquenda:<\/em><\/strong> <em>Lucas, como descobriu ser portador do HIV?<\/em><\/p>\n<p style=\"text-align: justify;\"><em><strong>Lucas:<\/strong> <\/em>Bem, vou resumir um pouco, minha sexualidade nunca foi bem aceita em casa, da\u00ed morar sozinho e ser independente acabou virando sonho e meta de vida. Neste per\u00edodo, conheci um rapaz na internet, come\u00e7amos a <img decoding=\"async\" class=\" alignleft\" src=\"http:\/\/www.pedromigao.com.br\/ourodetolo\/wp-content\/uploads\/2015\/04\/aids-foto01.jpg\" alt=\"\" \/>namorar na mesma semana e ap\u00f3s tr\u00eas meses de namoro decidimos morar juntos. Ap\u00f3s tr\u00eas anos casado, apareceu uma pequena mancha no meu corpo. Com o passar dos meses ela foi aumentando e tomando volume. Procurei uma dermatologista, pensando se tratar de uma alergia. Passados alguns dias, a dermatologista me ligou pedindo para comparecer com urg\u00eancia na cl\u00ednica, l\u00e1 ela informou que a mancha se tratava de <em>Sarcoma de Kaposi<\/em>, um c\u00e2ncer de pele, comum em idosos e em portadores do v\u00edrus HIV e que seria necess\u00e1rio realizar um teste. Neste momento, meu mundo caiu, mesmo tendo\u00a0esperan\u00e7a que pudesse ser tudo um engano, fiz o exame. Durante alguns dias, fiquei como zumbi, entrava de cinco em cinco minutos na p\u00e1gina de resultados e nada. At\u00e9 que em uma sexta-feira, \u00e0s 20h eu li a pior not\u00edcia que poderia receber, estava confirmado eu era soropositivo, mais que isso, j\u00e1 se estava manifestando os efeitos da Aids.<\/p>\n<p style=\"text-align: justify;\"><em><strong>A:<\/strong><\/em> <em>E voc\u00ea sabe como foi infectado?<\/em><\/p>\n<p style=\"text-align: justify;\"><em><strong>L:<\/strong><\/em> Sempre fazia sexo com camisinha, exceto com este parceiro com quem fui casado, para mim j\u00e1 estava claro que ele havia me contaminado, mas at\u00e9 ent\u00e3o, poderia ter sido algo sem querer de forma inocente, at\u00e9 que um dia passeando com ele passei em frente a um posto de sa\u00fade na Tijuca, e ele comentou: <em>olha aqui tamb\u00e9m faz tratamento, a salinha fica bem ali no canto.<\/em> Naquele momento tive um estalo nos meus pensamentos e tudo foi se conectando, n\u00e3o fazia muito sentido um leigo saber tanta coisa a respeito dos tratamentos como ele sabia, da\u00ed lembrei de quando ele foi morar comigo e na arruma\u00e7\u00e3o jogou fora uns potes de rem\u00e9dios que tinham os r\u00f3tulos retirados, ele dizia que se tratava de rem\u00e9dios vencidos de um tratamento <img decoding=\"async\" class=\" alignright\" src=\"http:\/\/www.pedromigao.com.br\/ourodetolo\/wp-content\/uploads\/2015\/04\/aids-foto03-300x183.jpg\" alt=\"\" \/>contra leucemia.<\/p>\n<p style=\"text-align: justify;\">Depois de uns meses terminamos, mas mantive contato com a fam\u00edlia dele, ap\u00f3s algum tempo conversando com a irm\u00e3 dele, confessei que era portador do HIV, e ela me disse em l\u00e1grimas que ele tamb\u00e9m era desde bem antes de me conhecer, e que quando havia me conhecido ela questionou e o mesmo informou que eu era portador, que n\u00e3o teria problemas, s\u00f3 pediu para n\u00e3o comentar nada comigo porque eu n\u00e3o gostava de falar no assunto. Naquele momento parecia que algu\u00e9m tinha me alvejado com um tiro. Comecei a chorar copiosamente, fui embora e nunca mais tive contato com sua fam\u00edlia.<\/p>\n<p style=\"text-align: justify;\"><strong><em>A:<\/em><\/strong> <em>N\u00e3o pensou em fazer uma den\u00fancia?<\/em><\/p>\n<p style=\"text-align: justify;\"><em><strong>L:<\/strong> <\/em>J\u00e1 havia passado seis meses do t\u00e9rmino do relacionamento, n\u00e3o tinha contato com ele, naquele momento j\u00e1 estava fazendo tratamento e estava bem, ent\u00e3o entreguei nas m\u00e3os de Deus, pois sabendo da vida desregrada que ele vivia, n\u00e3o iria sobreviver muito tempo sem tratamento.<\/p>\n<p style=\"text-align: justify;\"><em><strong>A:<\/strong><\/em> <em>Falando em tratamento, como foi o processo? Teve muitos efeitos colaterais?<\/em><\/p>\n<p style=\"text-align: justify;\"><em><strong>L:<\/strong><\/em> O in\u00edcio do meu tratamento foi baseado em sorte ou gra\u00e7a de Deus. Uma amiga portadora do v\u00edrus me indicou o posto onde ela faz tratamento, em Santa Cruz, quando cheguei l\u00e1 me informaram que estavam passando por problemas de superlota\u00e7\u00e3o de pacientes e que seria melhor optar por um posto pr\u00f3ximo de casa, visitei alguns lugares sem muito sucesso de conseguir vaga a curto prazo, dai lembrei do tal posto da Tijuca que meu ex havia comentado outrora, era meados de novembro de 2013, j\u00e1 estava me sentindo muito fraco, sem apetite, perdia peso a cada semana. Chegando ao posto fui informado que tinha vagas apenas para maio, eram seis meses de espera, agradeci ao atendente e com olhar triste fui em busca de algum outro lugar.<\/p>\n<p style=\"text-align: justify;\">De repente, ou\u00e7o o atendente me chamando: <em>Ei rapaz, olha que sorte, achei uma desist\u00eancia para 5 de janeiro, pela manh\u00e3.<\/em> Meu cora\u00e7\u00e3o palpitou, sorri e confirmei a consulta. No dia da consulta, a infectologista conversou bastante comigo, parecia um anjo, me acalmou, passou informa\u00e7\u00f5es novas e prescreveu dois rem\u00e9dios que eu pude pegar na mesma hora, na farm\u00e1cia do posto. Ela disse: <em>vou passar esses dois rem\u00e9dios, s\u00e3o os mais b\u00e1sicos do tratamento, mas n\u00e3o tome at\u00e9 que fa\u00e7a o exame de sangue, pois quero ver como est\u00e1 sua situa\u00e7\u00e3o antes do in\u00edcio do tratamento. E olha que bacana achei vaga para a pr\u00f3xima semana.<\/em> Terminando a consulta fui para casa e fiquei ansioso pelo dia do exame para iniciar o tratamento, olhava para os rem\u00e9dios como se eles fossem pedras preciosas.<\/p>\n<p style=\"text-align: justify;\">O tal exame iria detectar o CD4 e a carga <img decoding=\"async\" class=\" alignleft\" src=\"http:\/\/www.pedromigao.com.br\/ourodetolo\/wp-content\/uploads\/2015\/04\/aids-foto02-300x225.jpg\" alt=\"\" \/>viral presente em meu organismo, resumindo, quanto maior o CD4 e menor a carga viral melhor para o portador do HIV. Fiz o tal exame numa segunda, \u00e0s 7h, assim que cheguei em casa, abri correndo a embalagem do rem\u00e9dio e tomei um comprimido, conforme a prescri\u00e7\u00e3o, era um comprimido de\u00a0manh\u00e3 e a noite repetia este mesmo comprimido e tomava mais um da outra embalagem. Com esse rem\u00e9dio de comprimido branco, o Biovir, n\u00e3o tive nenhuma rea\u00e7\u00e3o, mas ao tomar o da noite tomei um susto, em alguns minutos comecei a ter alucina\u00e7\u00f5es, tontura e um sono intenso, est\u00e1 ai a explica\u00e7\u00e3o do por que ter de ser tomado a noite, antes de dormir. Era uma caixinha de surpresa, a cada noite\u00a0eu tinha uma rea\u00e7\u00e3o diferente, as vezes tontura, por vezes \u00e2nsia de v\u00f4mitos e por vezes n\u00e3o sentia nada.<\/p>\n<p style=\"text-align: justify;\"><em><strong>A:<\/strong> Voc\u00ea leva uma vida normal?<\/em><\/p>\n<p style=\"text-align: justify;\"><em><strong>L:<\/strong><\/em> Bem achar que ter de tomar rem\u00e9dio em hor\u00e1rios determinados, de forma ininterrupta at\u00e9 o fim da minha vida \u00e9 um fato corriqueiro ent\u00e3o \u00e9 normal. Mas para mim, que gosto de curtir a noite \u00e9 complicado, pois o rem\u00e9dio n\u00e3o pode ser ingerido com bebidas alco\u00f3licas, \u00e9 preciso esperar algumas horas entre um e outro, isso atrapalha bastante, al\u00e9m disso tomar o Efavirenz, que \u00e9 o rem\u00e9dio da noite, antes da balada n\u00e3o \u00e9 uma combina\u00e7\u00e3o inteligente e n\u00e3o tomar o rem\u00e9dio pode causar uma falha no tratamento e ser\u00e1 preciso tomar outras combina\u00e7\u00f5es de drogas, n\u00e3o quero ter de tomar v\u00e1rios rem\u00e9dios por dia, como j\u00e1 vi acontecer com outros pacientes. Uma vez me convidaram para uma balada, decidi tomar o rem\u00e9dio quando voltasse, quando cheguei estava t\u00e3o cansado que acabei tomando quando acordei, antes de ir trabalhar, foi a pior coisa que fiz na minha vida, tinha acesso a uma sala do almoxarifado e acabei apagando por uma hora em cima das caixas de papel\u00e3o, ainda bem que\u00a0n\u00e3o fui pego pela dire\u00e7\u00e3o.<\/p>\n<p style=\"text-align: justify;\">\u00c9 bom informar que ap\u00f3s\u00a0uma semana de tratamento come\u00e7ou a aparecer uma alergia na pele, como aquela que d\u00e1 quando um al\u00e9rgico come algo\u00a0que n\u00e3o pode, tipo camar\u00e3o, a cada semana a alergia atingia uma parte do corpo, como se os componentes do rem\u00e9dio estivessem combatendo o v\u00edrus e quando eles \u201cvenciam\u201d a batalha, a alergia parava e eles iam combater em outro lugar. Na consulta seguinte a infectologista me confirmou isso, e hoje vejo que poderia ser pior, pois algumas pessoas t\u00eam diarr\u00e9ias fortes e constantes, precisam inclusive tomar rem\u00e9dios para controlar. Gra\u00e7as a Deus n\u00e3o aconteceu comigo. Meu maior medo era ter lipodistrofia, que \u00e9 um acumulo de gordura em partes do corpo e perda em outras, causando aquela apar\u00eancia comum no aid\u00e9tico. Mas n\u00e3o passei por isso, pelo menos ainda&#8230;<\/p>\n<p style=\"text-align: justify;\"><em><strong>A:<\/strong> E quanto ao CD4, carga viral e o Sarcoma?<\/em><\/p>\n<p style=\"text-align: justify;\"><em><strong>L:<\/strong> <\/em>Ah sim, fui ao INCA assim que comecei o tratamento e l\u00e1 fui informado que este tipo de c\u00e2ncer nas minhas condi\u00e7\u00f5es iria regredir ao iniciar\u00a0o tratamento, meu CD4 estava em 104 e carga viral em 240 mil c\u00f3pias, por pouco n\u00e3o passei desta para a melhor. Hoje em dia, ap\u00f3s tr\u00eas anos de tratamento minha carga viral est\u00e1 indetect\u00e1vel, com CD4 em 470, o Sarcoma realmente est\u00e1 regredindo, as manchas mais superficiais est\u00e3o sumindo, as outras s\u00f3 atrav\u00e9s de remo\u00e7\u00e3o. Mas n\u00e3o posso dizer que levo uma vida totalmente normal, o uso cont\u00ednuo do coquetel modifica o metabolismo, hoje em dia preciso tomar rem\u00e9dios tamb\u00e9m para controlar o colesterol e por vezes me sinto ansioso e com princ\u00edpio de depress\u00e3o.<\/p>\n<p style=\"text-align: justify;\"><em><strong>A:<\/strong> <\/em>\u00a0<em>Quais s\u00e3o seus planos para o futuro? Que mensagem gostaria de deixar?<\/em><\/p>\n<p style=\"text-align: justify;\"><em><strong>L:<\/strong><\/em> Eu vivo um dia ap\u00f3s o outro, a vida de um homossexual j\u00e1 n\u00e3o \u00e9 f\u00e1cil, costumo brincar que tirei a sorte grande, sou gay, pobre e aid\u00e9tico. N\u00e3o fa\u00e7o planos para o futuro, apenas procuro viver cada dia intensamente. Continuo indo a baladas, festas, namorando, fa\u00e7o sexo sempre com camisinha, mesmo com outros portadores, pois h\u00e1 v\u00e1rios tipos de v\u00edrus e o n\u00e3o uso do preservativo pode-se adquirir nova contamina\u00e7\u00e3o, al\u00e9m de outras doen\u00e7as, dificultando ainda mais o tratamento. O Brasil est\u00e1 bem avan\u00e7ado em rela\u00e7\u00e3o ao tratamento, mas isso n\u00e3o significa que estejamos curados, al\u00e9m disso o v\u00edrus HIV \u00e9 fr\u00e1gil, n\u00e3o sobrevive mais que 5 minutos fora do organismo, mas dentro dele \u00e9 <img decoding=\"async\" class=\" alignright\" src=\"http:\/\/www.pedromigao.com.br\/ourodetolo\/wp-content\/uploads\/2015\/04\/aids-foto04-300x200.jpg\" alt=\"\" \/>devastador, al\u00e9m de poder sofrer muta\u00e7\u00f5es se em contato com outros tipos de v\u00edrus ou numa falha de tratamento. S\u00f3 pe\u00e7o a todos que pensem bem, em vez de querer que todos sejam soropositivos \u00e9 mais inteligente querer que a cura realmente esteja presente em\u00a0nossas vidas.<\/p>\n<p style=\"text-align: justify;\"><em><strong>A:<\/strong> <\/em>Obrigado Lucas, seu relato foi bastante esclarecedor. Esperamos que as pessoas possam se conscientizar e pensar\u00a0no pr\u00f3ximo. Com o avan\u00e7o dos estudos sobre a Aids\u00a0esperamos em breve ter\u00a0boas not\u00edcias para o mundo.<\/p>\n<p style=\"text-align: justify;\">E com este relato esperamos mostrar a realidade de um soropositivo, por mais que haja tratamentos eficazes no Brasil, o dia a dia de um portador do HIV \u00e9 \u00e1rduo e dif\u00edcil. Tendo de se privar de lazer algumas vezes em troca da certeza de seu bem estar e a continuidade do tratamento.<\/p>\n","protected":false},"excerpt":{"rendered":"<p>Levando em considera\u00e7\u00e3o os \u00faltimos c\u00e1lculos, a velocidade de dissemina\u00e7\u00e3o da epidemia mundial da Aids parece ter diminu\u00eddo. Dois grupos da Organiza\u00e7\u00e3o Mundial da Sa\u00fadeTour Details<\/p>\n","protected":false},"author":32,"featured_media":34178,"comment_status":"open","ping_status":"open","sticky":false,"template":"","format":"standard","meta":{"footnotes":""},"categories":[641],"tags":[750,756,755,888,889,749,767,27,887,754],"class_list":["post-34176","post","type-post","status-publish","format-standard","has-post-thumbnail","hentry","category-aquenda","tag-aids","tag-carga-viral","tag-cd4","tag-clube-do-carimbo","tag-coquetel","tag-hiv","tag-preconceito","tag-sociedade","tag-soropositivo","tag-tratamento"],"_links":{"self":[{"href":"http:\/\/www.pedromigao.com.br\/ourodetolo\/wp-json\/wp\/v2\/posts\/34176","targetHints":{"allow":["GET"]}}],"collection":[{"href":"http:\/\/www.pedromigao.com.br\/ourodetolo\/wp-json\/wp\/v2\/posts"}],"about":[{"href":"http:\/\/www.pedromigao.com.br\/ourodetolo\/wp-json\/wp\/v2\/types\/post"}],"author":[{"embeddable":true,"href":"http:\/\/www.pedromigao.com.br\/ourodetolo\/wp-json\/wp\/v2\/users\/32"}],"replies":[{"embeddable":true,"href":"http:\/\/www.pedromigao.com.br\/ourodetolo\/wp-json\/wp\/v2\/comments?post=34176"}],"version-history":[{"count":0,"href":"http:\/\/www.pedromigao.com.br\/ourodetolo\/wp-json\/wp\/v2\/posts\/34176\/revisions"}],"wp:featuredmedia":[{"embeddable":true,"href":"http:\/\/www.pedromigao.com.br\/ourodetolo\/wp-json\/wp\/v2\/media\/34178"}],"wp:attachment":[{"href":"http:\/\/www.pedromigao.com.br\/ourodetolo\/wp-json\/wp\/v2\/media?parent=34176"}],"wp:term":[{"taxonomy":"category","embeddable":true,"href":"http:\/\/www.pedromigao.com.br\/ourodetolo\/wp-json\/wp\/v2\/categories?post=34176"},{"taxonomy":"post_tag","embeddable":true,"href":"http:\/\/www.pedromigao.com.br\/ourodetolo\/wp-json\/wp\/v2\/tags?post=34176"}],"curies":[{"name":"wp","href":"https:\/\/api.w.org\/{rel}","templated":true}]}}