{"id":33491,"date":"2015-03-17T18:21:16","date_gmt":"2015-03-17T21:21:16","guid":{"rendered":"http:\/\/www.pedromigao.com.br\/ourodetolo\/?p=33491"},"modified":"2015-03-17T18:22:14","modified_gmt":"2015-03-17T21:22:14","slug":"o-pt-nao-entende-mais-as-ruas","status":"publish","type":"post","link":"http:\/\/www.pedromigao.com.br\/ourodetolo\/2015\/03\/o-pt-nao-entende-mais-as-ruas\/","title":{"rendered":"O PT n\u00e3o entende mais as ruas"},"content":{"rendered":"<p style=\"text-align: justify;\">Nem mesmo o mais fan\u00e1tico e saudosista petista \u00e9 capaz de negar que o PT, para chegar e, principalmente, se manter no poder, abandonou completamente suas ra\u00edzes. Ap\u00f3s ter negada por tr\u00eas vezes a chance de fazer um governo de esquerda, o partido, mesmo com o naufr\u00e1gio da pol\u00edtica neoliberal do segundo mandato de Fernando Henrique Cardoso, resolveu assumir uma postura mais apresent\u00e1vel ao eleitor brasileiro (que nunca foi muito com a cara da esquerda), o que se mostrou uma t\u00e1tica acertada.<\/p>\n<p style=\"text-align: justify;\">Com o passar dos anos, o PT foi cada vez mais se distanciando daquilo que era quando nasceu (o que inclusive criou um n\u00facleo de resist\u00eancia ao PT dentro dos fundadores e de parte dos filiados, o que acabaria desembocando no PSOL) e, \u00e0 parte o momento em que abriu m\u00e3o da &#8220;filosofia&#8221; de n\u00e3o ser uma legenda corrupta, acho isso at\u00e9 bom. Confesso que me agradam Governos que abrem m\u00e3o de ideologias que mais atravancam a governabilidade que ajudam o pa\u00eds.<\/p>\n<p style=\"text-align: justify;\"><a href=\"http:\/\/www.pedromigao.com.br\/ourodetolo\/wp-content\/uploads\/2015\/03\/04782328700.jpg\"><img loading=\"lazy\" decoding=\"async\" class=\"alignleft size-medium wp-image-33574\" src=\"http:\/\/www.pedromigao.com.br\/ourodetolo\/wp-content\/uploads\/2015\/03\/04782328700-300x162.jpg\" alt=\"0,,47823287,00\" width=\"300\" height=\"162\" srcset=\"http:\/\/www.pedromigao.com.br\/ourodetolo\/wp-content\/uploads\/2015\/03\/04782328700-300x162.jpg 300w, http:\/\/www.pedromigao.com.br\/ourodetolo\/wp-content\/uploads\/2015\/03\/04782328700-550x296.jpg 550w, http:\/\/www.pedromigao.com.br\/ourodetolo\/wp-content\/uploads\/2015\/03\/04782328700.jpg 650w\" sizes=\"auto, (max-width: 300px) 100vw, 300px\" \/><\/a>Por\u00e9m, \u00e0 medida que o partido foi cada vez mais se afastando de suas ra\u00edzes, foi tamb\u00e9m perdendo sua identidade. Se o PT s\u00f3 foi ganhar uma Elei\u00e7\u00e3o quando deixou de ser PT, tamb\u00e9m s\u00f3 chegou a esse patamar, ou seja, s\u00f3 teve essa chance, pelo que construiu at\u00e9 2002. A imagem de um PT como esquerda radical tirou e ainda tira muitos votos da legenda, mas tamb\u00e9m ganha v\u00e1rios outros. N\u00e3o por ser esquerda, mas por ser um partido alinhado com o povo. O povo se sente representado pelo PT como n\u00e3o se sente representado pelo PSDB.<\/p>\n<p style=\"text-align: justify;\">Isso n\u00e3o fez muita diferen\u00e7a em 2006 e 2010, mas foi simplesmente fundamental no segundo turno das Elei\u00e7\u00f5es de 2014. Na hora do vamos ver, quando tudo estava praticamente empatado, muita gente acabou hesitando em votar em A\u00e9cio Neves por n\u00e3o se sentir representado por ele, dando assim um voto de confian\u00e7a para Dilma. E isso n\u00e3o aconteceu apenas por conta das ra\u00edzes do PT, mas porque, mesmo abdicando de quase todas elas, o partido ainda era o \u00fanico dos grandes a entender o povo.<\/p>\n<p style=\"text-align: justify;\">A falta de traquejo do PSDB com o eleitor chega a ser bisonha. Alckmin, Serra e A\u00e9cio (este apenas no segundo turno) pareciam nunca ter pisado no Brasil em suas campanhas. N\u00e3o conseguiram, como o PT sempre conseguiu, essa aproxima\u00e7\u00e3o. O eleitor n\u00e3o vota, na maioria das vezes, em quem lhe soa mais competente, mas sim em quem lhe soa mais confi\u00e1vel, mais representativo. O PT sempre soube passar essa imagem por conta de um discurso muito bem feito, que irrita a alguns e afaga a muitos. A diferen\u00e7a entre PT e PSDB n\u00e3o aparece tanto no modo de Governar, mas sim no modo de discursar. E isso, queira a oposi\u00e7\u00e3o ou n\u00e3o, vem do fato de que o PT conhece as ruas. O PT, desde o alto escal\u00e3o at\u00e9 a milit\u00e2ncia, entende as ruas. Os outros, n\u00e3o.<\/p>\n<p style=\"text-align: justify;\"><a href=\"http:\/\/www.pedromigao.com.br\/ourodetolo\/wp-content\/uploads\/2015\/03\/Coletiva-de-imprensa-com-Jose-Eduardo-Cardozo-e-Miguel-Rossetto-apos-protestos-foto-Jose-Cruz-Agencia-Brasil_0005-850x565.jpg\"><img loading=\"lazy\" decoding=\"async\" class=\"alignright size-medium wp-image-33575\" src=\"http:\/\/www.pedromigao.com.br\/ourodetolo\/wp-content\/uploads\/2015\/03\/Coletiva-de-imprensa-com-Jose-Eduardo-Cardozo-e-Miguel-Rossetto-apos-protestos-foto-Jose-Cruz-Agencia-Brasil_0005-850x565-300x199.jpg\" alt=\"Coletiva-de-imprensa-com-Jose-Eduardo-Cardozo-e-Miguel-Rossetto-apos-protestos-foto-Jose-Cruz-Agencia-Brasil_0005-850x565\" width=\"300\" height=\"199\" srcset=\"http:\/\/www.pedromigao.com.br\/ourodetolo\/wp-content\/uploads\/2015\/03\/Coletiva-de-imprensa-com-Jose-Eduardo-Cardozo-e-Miguel-Rossetto-apos-protestos-foto-Jose-Cruz-Agencia-Brasil_0005-850x565-300x199.jpg 300w, http:\/\/www.pedromigao.com.br\/ourodetolo\/wp-content\/uploads\/2015\/03\/Coletiva-de-imprensa-com-Jose-Eduardo-Cardozo-e-Miguel-Rossetto-apos-protestos-foto-Jose-Cruz-Agencia-Brasil_0005-850x565-512x340.jpg 512w, http:\/\/www.pedromigao.com.br\/ourodetolo\/wp-content\/uploads\/2015\/03\/Coletiva-de-imprensa-com-Jose-Eduardo-Cardozo-e-Miguel-Rossetto-apos-protestos-foto-Jose-Cruz-Agencia-Brasil_0005-850x565.jpg 850w\" sizes=\"auto, (max-width: 300px) 100vw, 300px\" \/><\/a>Ocorre que nesse \u00faltimo dia 15 de mar\u00e7o, o PT chegou ao \u00e1pice do momento em que provou estar muito perto de perder esse \u00fanico diferencial. Ap\u00f3s um dos mais belos domingos da democracia brasileira, quando o povo mais uma vez mostrou sua participa\u00e7\u00e3o pol\u00edtica e, de maneira absolutamente pac\u00edfica, gritou contra Dilma, o PT provou que n\u00e3o entende (ou est\u00e1 fingindo n\u00e3o entender) mais as ruas. O discurso dos Ministros Jos\u00e9 Eduardo Cardozo, da Justi\u00e7a, e Miguel Rossetto, da Secretaria-Geral da Presid\u00eancia, prova que o partido que mais entende as ruas simplesmente n\u00e3o entendeu nada do que aconteceu. E basta ver o discurso da milit\u00e2ncia para notar a mesma coisa.<\/p>\n<p style=\"text-align: justify;\">O PT virou um partido arrogante. Na verdade, sempre foi e isso \u00e9 algo bastante inc\u00f4modo. O PT sempre teve a irritante pretens\u00e3o de se colocar como o \u00fanico que poderia Governar para o povo &#8211; e, posteriormente, como o \u00fanico que pode continuar Governando. O problema \u00e9 que, ao reagir assim quando exposto aos esc\u00e2ndalos que provocou, o partido subestima a intelig\u00eancia do eleitor. \u00c9 como se dissesse: &#8220;estou roubando, mas estou fazendo. Contente-se&#8221;. Nos \u00faltimos 12 anos, essa arrog\u00e2ncia vem aumentando de maneira gradual, mas h\u00e1 pouco tempo vem trazendo problemas.<\/p>\n<p style=\"text-align: justify;\">Para mim, o ponto de partida do fim do traquejo do PT para entender o povo aconteceu antes mesmo das Elei\u00e7\u00f5es. Foi naquele 12 de junho em que a Presidente Dilma foi vaiada e xingada na abertura da Copa do Mundo. O que deveria ser um sinal de alerta para o partido, virou a chance para um dos discursos mais pat\u00e9ticos que um partido poderia ter: o PT jogou o povo contra o povo, assumiu o termo &#8220;elite branca&#8221;, de um racismo e de um mau gosto impressionantes, e tentou se fortalecer com os mais pobres. Criou uma guerra de classes, se aproveitou do pensamento de uma minoria para estereotipar a maioria e mostrou aos mais pobres: eles n\u00e3o te representam.<\/p>\n<p style=\"text-align: justify;\">Inacreditavelmente, deu certo. T\u00e3o certo que foi algo explorado a exaust\u00e3o nas Elei\u00e7\u00f5es. O PT rachou o pa\u00eds no meio (como j\u00e1 havia rachado em 2006 ap\u00f3s a inesperada realiza\u00e7\u00e3o de um segundo turno) e, sempre atento ao que os mais pobres queriam ouvir, garantiu a vit\u00f3ria. S\u00f3 que do fim de outubro para c\u00e1, as coisas pioraram muito e n\u00e3o deu mais para enganar o povo. A corrup\u00e7\u00e3o na Petrobras atingiu o inaceit\u00e1vel para todas as classes sociais. A nova pol\u00edtica econ\u00f4mica, que a mim parece muito positiva, tamb\u00e9m desagradou aos mais pobres e tamb\u00e9m aos mais ricos (o que prova que, n\u00e3o, a classe m\u00e9dia padr\u00e3o n\u00e3o \u00e9 contra a ascens\u00e3o dos mais pobres) e o PT, j\u00e1 desgastado pela guerra que criou (ningu\u00e9m ganha uma guerra sem perder alguns soldados) nas Elei\u00e7\u00f5es, n\u00e3o foi mais perdoado.<\/p>\n<p style=\"text-align: justify;\"><a href=\"http:\/\/www.pedromigao.com.br\/ourodetolo\/wp-content\/uploads\/2015\/03\/paulista3.png\"><img loading=\"lazy\" decoding=\"async\" class=\"alignleft size-medium wp-image-33576\" src=\"http:\/\/www.pedromigao.com.br\/ourodetolo\/wp-content\/uploads\/2015\/03\/paulista3-300x225.png\" alt=\"paulista3\" width=\"300\" height=\"225\" srcset=\"http:\/\/www.pedromigao.com.br\/ourodetolo\/wp-content\/uploads\/2015\/03\/paulista3-300x225.png 300w, http:\/\/www.pedromigao.com.br\/ourodetolo\/wp-content\/uploads\/2015\/03\/paulista3-453x340.png 453w, http:\/\/www.pedromigao.com.br\/ourodetolo\/wp-content\/uploads\/2015\/03\/paulista3.png 620w\" sizes=\"auto, (max-width: 300px) 100vw, 300px\" \/><\/a>A soma de todos esses fatores levou a um clima de instabilidade pol\u00edtica gigantesco no Brasil. Em um pa\u00eds onde s\u00f3 se discute pol\u00edtica em \u00e9poca de Elei\u00e7\u00e3o, a mobiliza\u00e7\u00e3o em torno de uma causa &#8211; no caso, os protestos contra Dilma &#8211; ganharam corpo e, em tempos de redes sociais, houve uma intensa organiza\u00e7\u00e3o e articula\u00e7\u00e3o para que este 15 de mar\u00e7o fosse um recado clar\u00edssimo para a Presidente: o pa\u00eds cansou. Eu posso n\u00e3o concordar com a maioria, talvez voc\u00ea n\u00e3o concorde, mas o pa\u00eds cansou sim. A manifesta\u00e7\u00e3o que ganhou o Brasil n\u00e3o foi s\u00f3 pelo impeachment, mas sim para mostrar o descontentamento da popula\u00e7\u00e3o com a Presidente que \u00e9 aprovada por 23% dos brasileiros.<\/p>\n<p style=\"text-align: justify;\">O que fez o PT? O que fez a milit\u00e2ncia? Assumiu o descontentamento geral? Deu alguma resposta positiva aos protestos?<\/p>\n<p style=\"text-align: justify;\">Claro que n\u00e3o.<\/p>\n<p style=\"text-align: justify;\">O PT, atrav\u00e9s da milit\u00e2ncia e atrav\u00e9s de uma interpreta\u00e7\u00e3o sutil do discurso dos j\u00e1 citados ministros quer convencer o Brasil que as tantas milh\u00f5es de pessoas que foram \u00e0s ruas (e n\u00e3o importa o n\u00famero exato) fazem parte de uma &#8220;minoria&#8221;. O PT tenta, em um ato clar\u00edssimo de desespero disfar\u00e7ado com uma arrog\u00e2ncia lament\u00e1vel, descaracterizar os protestos. Tenta pintar um movimento que n\u00e3o existiu: de brancos milion\u00e1rios e racistas que querem um golpe militar. Isso \u00e9 um golpe baixo, sujo, inacredit\u00e1vel. O PT tenta enganar o brasileiro m\u00e9dio para que ele n\u00e3o se sinta representado. Para que o povo n\u00e3o se sinta representado pelo povo.<\/p>\n<p style=\"text-align: justify;\">A milit\u00e2ncia petista, quem diria, debocha do povo. Tem quem diga que domingo\u00a0n\u00e3o houve uma &#8220;festa da democracia&#8221;. Tem quem d\u00ea a inacredit\u00e1vel carteirada de que &#8220;se houve dois milh\u00f5es de pessoas nas ruas, houve 51 milh\u00f5es de votos nas urnas&#8221;. Acreditam, como disse o Ministro Rossetto, que o descontentamento veio de quem votou em A\u00e9cio e n\u00e3o, n\u00e3o \u00e9 assim. Em dezembro, a aprova\u00e7\u00e3o a Dilma ultrapassava os 40%. Na pr\u00f3xima pesquisa, provavelmente estar\u00e1 abaixo de 20% (est\u00e1 em 23% atualmente, como eu disse). Segundo o Datafolha, 76% dos que reprovam a gest\u00e3o de Dilma tem fam\u00edlias com renda mensal inferior a R$ 3,6 mil. Que elite \u00e9 essa?<\/p>\n<p style=\"text-align: justify;\">O desespero petista apenas inflama ainda mais o povo que fica mais indignado a cada discurso oficial. Porque o PT se salvava por falar o que o povo queria e o que o povo sabia que era verdade. A partir do momento em que n\u00e3o entende mais o povo e que n\u00e3o diz mais o que o povo quer ouvir, cava a pr\u00f3pria cova. N\u00e3o, n\u00e3o estou falando de impeachment pois o acho praticamente imposs\u00edvel. Mas as Elei\u00e7\u00f5es de 2018 j\u00e1 j\u00e1 est\u00e3o a\u00ed e a conta vai chegar. O PT e sua milit\u00e2ncia est\u00e3o vivendo um conto de fadas, est\u00e3o fora da realidade, e est\u00e3o se igualando a todos os outros partidos.<\/p>\n<p style=\"text-align: justify;\">Quando quiserem voltar as ruas, j\u00e1 vai ser tarde demais.<\/p>\n","protected":false},"excerpt":{"rendered":"<p>Nem mesmo o mais fan\u00e1tico e saudosista petista \u00e9 capaz de negar que o PT, para chegar e, principalmente, se manter no poder, abandonou completamenteTour Details<\/p>\n","protected":false},"author":40,"featured_media":33573,"comment_status":"open","ping_status":"open","sticky":false,"template":"","format":"standard","meta":{"footnotes":""},"categories":[351],"tags":[638,870,426],"class_list":["post-33491","post","type-post","status-publish","format-standard","has-post-thumbnail","hentry","category-filho-prodigo","tag-dilma","tag-manifestacoes","tag-pt"],"_links":{"self":[{"href":"http:\/\/www.pedromigao.com.br\/ourodetolo\/wp-json\/wp\/v2\/posts\/33491","targetHints":{"allow":["GET"]}}],"collection":[{"href":"http:\/\/www.pedromigao.com.br\/ourodetolo\/wp-json\/wp\/v2\/posts"}],"about":[{"href":"http:\/\/www.pedromigao.com.br\/ourodetolo\/wp-json\/wp\/v2\/types\/post"}],"author":[{"embeddable":true,"href":"http:\/\/www.pedromigao.com.br\/ourodetolo\/wp-json\/wp\/v2\/users\/40"}],"replies":[{"embeddable":true,"href":"http:\/\/www.pedromigao.com.br\/ourodetolo\/wp-json\/wp\/v2\/comments?post=33491"}],"version-history":[{"count":1,"href":"http:\/\/www.pedromigao.com.br\/ourodetolo\/wp-json\/wp\/v2\/posts\/33491\/revisions"}],"predecessor-version":[{"id":33492,"href":"http:\/\/www.pedromigao.com.br\/ourodetolo\/wp-json\/wp\/v2\/posts\/33491\/revisions\/33492"}],"wp:featuredmedia":[{"embeddable":true,"href":"http:\/\/www.pedromigao.com.br\/ourodetolo\/wp-json\/wp\/v2\/media\/33573"}],"wp:attachment":[{"href":"http:\/\/www.pedromigao.com.br\/ourodetolo\/wp-json\/wp\/v2\/media?parent=33491"}],"wp:term":[{"taxonomy":"category","embeddable":true,"href":"http:\/\/www.pedromigao.com.br\/ourodetolo\/wp-json\/wp\/v2\/categories?post=33491"},{"taxonomy":"post_tag","embeddable":true,"href":"http:\/\/www.pedromigao.com.br\/ourodetolo\/wp-json\/wp\/v2\/tags?post=33491"}],"curies":[{"name":"wp","href":"https:\/\/api.w.org\/{rel}","templated":true}]}}