{"id":33440,"date":"2015-03-16T07:18:27","date_gmt":"2015-03-16T10:18:27","guid":{"rendered":"http:\/\/www.pedromigao.com.br\/ourodetolo\/?p=33440"},"modified":"2015-04-26T01:02:39","modified_gmt":"2015-04-26T04:02:39","slug":"pensamentos-atuais-de-um-portelense","status":"publish","type":"post","link":"http:\/\/www.pedromigao.com.br\/ourodetolo\/2015\/03\/pensamentos-atuais-de-um-portelense\/","title":{"rendered":"Pensamentos atuais de um portelense"},"content":{"rendered":"<p style=\"text-align: justify;\">Os leitores mais antigos do blog devem estar achando estranho que passadas mais de\u00a0duas\u00a0semanas da grande bomba do p\u00f3s-Carnaval, a contrata\u00e7\u00e3o do revolucion\u00e1rio Paulo Barros pela sisuda e tradicional Portela, nenhum dos quatro\u00a0portelenses fan\u00e1ticos do blog: eu, o editor, o Rodrigo Farias e o Alex Cardoso, tenha escrito sequer uma linha sobre o fato, deixando toda a an\u00e1lise do blog nas m\u00e3os dos mangueirenses <a href=\"http:\/\/www.pedromigao.com.br\/ourodetolo\/2015\/02\/paulo-da-portela\/\">Leonardo Dahi <\/a>e <a href=\"http:\/\/www.pedromigao.com.br\/ourodetolo\/2015\/03\/as-mudancas-para-o-carnaval-2016\/\">Fred Sabino<\/a>.<\/p>\n<p style=\"text-align: justify;\">Poder\u00edamos bancar os santos e fingir que era mera imparcialidade, que tal fato fora proposital para demonstrar a imparcialidade do blog em seu editorial carro-chefe. Essa desculpa &#8220;pegaria muito bem&#8221; e talvez at\u00e9 ajudasse a vender a imagem deste veiculo. Mas n\u00e3o seria a verdade e n\u00e3o mentimos para os nossos leitores. Ent\u00e3o, respondo-lhes com apenas uma palavra sincera: susto.<\/p>\n<p style=\"text-align: justify;\">O Mig\u00e3o, at\u00e9 por sua posi\u00e7\u00e3o na escola, provavelmente n\u00e3o escrever\u00e1, mas percebi nas nossas conversas que demorou para a &#8220;ficha&#8221; dele &#8220;cair&#8221;, se \u00e9 que j\u00e1 caiu ou ele s\u00f3 pensar\u00e1 nisso quando as f\u00e9rias dele acabarem. O Alex tamb\u00e9m parece estar na mesma vibra\u00e7\u00e3o. J\u00e1 o Rodrigo sumiu at\u00e9 da minha timeline no Twitter.<\/p>\n<p style=\"text-align: justify;\">Foi muito impactante para n\u00f3s portelenses, que sempre gostamos da tradi\u00e7\u00e3o e do bom samba, receber a not\u00edcia de que a escola n\u00e3o s\u00f3 mudou de carnavalesco, como contratou aquele que sempre diz\u00edamos que &#8220;nunca daria certo na Portela&#8221;. Por isso, antes de falar qualquer besteira por impulso, preferi deixar a situa\u00e7\u00e3o se acalmar, pensar bem sobre as consequ\u00eancias de tal not\u00edcia, mas principalmente refletir os motivos que levaram a competente diretoria a tomar tal atitude.<\/p>\n<p style=\"text-align: justify;\">Inicialmente, permitam-me algumas breves palavras sobre aquele que saiu, Alexandre Louzada. Particularmente, j\u00e1 acreditava que ele n\u00e3o continuaria desde antes do Carnaval. N\u00e3o que ele tenha tido algum problema com a escola ou que a escola n\u00e3o tivesse gostado do trabalho dele, muito pelo contr\u00e1rio. Louzada n\u00e3o s\u00f3 \u00e9 portelense de cora\u00e7\u00e3o como \u00e9 s\u00f3cio da escola. Tem um talento nato e conhece como funciona a na\u00e7\u00e3o portelense como ningu\u00e9m. Seus dois \u00faltimos trabalhos na escola foram aclamados pelo bom gosto seja pelo p\u00fablico ou pela pr\u00f3pria comunidade.<\/p>\n<p style=\"text-align: justify;\">Por\u00e9m, por uma situa\u00e7\u00e3o bem pontual e transit\u00f3ria, estava sendo sacrificante para ele trabalhar dentro da filosofia da escola, o que mesmo assim foi feito com louvor. Tanto \u00e9 que, passando esse momento, n\u00e3o duvido que Louzada volte para a escola em algum ponto futuro caso seja demandado.<\/p>\n<p style=\"text-align: justify;\">Tentemos pensar com a cabe\u00e7a de um dirigente. Uma escola que est\u00e1 sendo a mais visada nos \u00faltimos dois anos, a qual vem se reestruturando e almejando um t\u00edtulo o mais r\u00e1pido poss\u00edvel para quebrar um jejum que j\u00e1 dura tr\u00eas\u00a0d\u00e9cadas est\u00e1 sem carnavalesco. Quem voc\u00ea contrataria?<\/p>\n<p style=\"text-align: justify;\">A maioria dos portelenses deve ter respondido Renato Lage ou Rosa Magalh\u00e3es. Os dois s\u00e3o sonhos de consumo antigos dos torcedores de Madureira pois t\u00eam um estilo cl\u00e1ssico, mais parecido com o da escola, al\u00e9m\u00a0de ineg\u00e1vel talento e vasta experi\u00eancia exitosa e vitoriosa em suas carreiras.<\/p>\n<p style=\"text-align: justify;\">Por\u00e9m, Renato Lage j\u00e1 havia renovado com o Salgueiro antes mesmo do Carnaval e Rosa Magalh\u00e3es estava muito bem acomodada na S\u00e3o Clemente, escola para a qual ela deu nova vida neste ano e tem total liberdade para fazer o que quiser. Para uma carnavalesca em &#8220;final de carreira&#8221; (como a mesma se auto-denomina) deve ser muito prazeroso fazer enredos h\u00e1 muito tempo desejados mas reprimidos. Ou seja, ela renovou rapidamente com a Auri-Negra e tamb\u00e9m ficou fora do mercado.<\/p>\n<p style=\"text-align: justify;\">Sem Renato e Rosa, quem voc\u00ea procuraria para ser o carnavalesco da Portela? Talvez alguns tenham pensado em Alex de Souza. Por\u00e9m, apesar de excelentes trabalhos, falta a ele um resultado de peso na carreira, al\u00e9m do fato de conceber\u00a0fantasias ainda mais dif\u00edceis de desfilar do que as de Louzada (\u00fanica pequena reclama\u00e7\u00e3o que se tem dele), as quais a Ilha n\u00e3o se adaptou. Ali\u00e1s, seu melhor trabalho at\u00e9 hoje, Vila-2009, foi feito em parceria com Paulo Barros.<\/p>\n<p style=\"text-align: justify;\">O prov\u00e1vel quarto nome que se pensaria \u00e9 do carnavalesco-sensa\u00e7\u00e3o Fabio Ricardo. Fabinho fez carnavais brilhantes na S\u00e3o Clemente e conseguiu fazer mais um brilhante desfile sobre a pacata cidade de Maric\u00e1, algo que nem um nativo imaginava ser poss\u00edvel.<\/p>\n<p style=\"text-align: justify;\">Por\u00e9m, al\u00e9m de tamb\u00e9m faltar a ele a experi\u00eancia desej\u00e1vel para comandar a cria\u00e7\u00e3o portelense, ele ainda tem os carnavais de 2013 e eu 2015 para se pensar (o trabalho em ambos foi aqu\u00e9m do ideal).<\/p>\n<p style=\"text-align: justify;\">Os outros nomes poss\u00edveis tamb\u00e9m trariam consigo ainda mais d\u00favidas. Max Lopes?\u00a0Cah\u00ea Rodrigues? Paulo Menezes (e a \u00e1guia-origami de 2013 injustamente creditada a ele)? Severo Luzardo, talvez o nome perfeito, era complicado por causa de seu trabalho paralelo ao carnaval que lhe suga muito tempo para se dedicar a uma escola do Grupo Especial.<\/p>\n<p style=\"text-align: justify;\">Nisso que voc\u00ea est\u00e1 matutando entre os pr\u00f3s e contras das op\u00e7\u00f5es surge um &#8220;cavalo selado&#8221;\u00b9 trazendo o carnavalesco mais badalado dos \u00faltimos dez\u00a0anos, com desfiles espetaculares e tr\u00eas\u00a0t\u00edtulos (com outros dois\u00a0que poderiam ter sido campe\u00f5es) na bagagem, com fama de workaholic e minucioso nos detalhes de pista, exatamente onde a Portela pecou neste Carnaval.<\/p>\n<p style=\"text-align: justify;\">Se voc\u00ea fosse o respons\u00e1vel por essa decis\u00e3o o que faria? Simplesmente descartaria a op\u00e7\u00e3o porque ele \u00e9 &#8220;modernoso&#8221; demais e n\u00e3o faz o perfil da escola, para contratar outro carnavalesco, que tamb\u00e9m viria trazendo outros pesos contra? Ou arriscaria e contrataria Paulo Barros? Afinal, j\u00e1 que pr\u00f3s e contras todos tem, se Paulo der certo, ser\u00e1 algo fant\u00e1stico e pode ser uma solu\u00e7\u00e3o de longo prazo para a escola.<\/p>\n<p style=\"text-align: justify;\">Ap\u00f3s pensar em todo esse contexto e deixar a emo\u00e7\u00e3o de lado, como gestor da escola e tendo condi\u00e7\u00f5es financeiras, n\u00e3o titubearia em contat\u00e1-lo para iniciar negocia\u00e7\u00f5es.<\/p>\n<p style=\"text-align: justify;\">Paulo pode ter v\u00e1rios defeitos, especialmente quanto \u00e0s amarras que nas quais ele enreda os compositores de samba-enredo, que n\u00e3o conseguem fazer boas m\u00fasicas para os seus desfiles, o que realmente causa estranheza sua contrata\u00e7\u00e3o pela Portela, que teve 16 notas 10 consecutivas no quesito. Mas com ele chegam in\u00fameras qualidades. N\u00e3o s\u00f3 a modernidade, mas tamb\u00e9m um toque de diretor de harmonia que ele sempre teve e que seria muito \u00fatil no nosso desfile de semanas atr\u00e1s. Alias, ser\u00e1 revivida a dupla Paulo Barros\/Luis Carlos Bruno, que catapultou a Unidos da Tijuca de escola claudicante para a pot\u00eancia que \u00e9 hoje entre os anos de 2004 e 2006.<\/p>\n<p style=\"text-align: justify;\">Tamb\u00e9m ningu\u00e9m pode dizer que a diretoria da Portela n\u00e3o reiterou seu lema \u201cQuem ousa, vence\u201d. S\u00f3 encontro compara\u00e7\u00e3o com a ousadia e o impacto de tal contrata\u00e7\u00e3o em dois\u00a0momentos do Carnaval: a ida de Fernando Pinto para a Mangueira para o desfile de\u00a01982 e a contrata\u00e7\u00e3o de Renato Lage pelo Salgueiro ap\u00f3s o Carnaval-2002. O interessante dessa hist\u00f3ria \u00e9 que os dois precedentes citados tiveram desfechos totalmente antag\u00f4nicos.<\/p>\n<p style=\"text-align: justify;\">Pinto viveu \u00e0s turras com a Mangueira e fez apenas um desfile mediano para rapidamente voltar para sua modernosa Mocidade, na qual teve a melhor fase de sua carreira at\u00e9 a tr\u00e1gica morte em 1987.<\/p>\n<p style=\"text-align: justify;\">J\u00e1 Renato Lage, para quem n\u00e3o se lembra, antes da contrata\u00e7\u00e3o pelo Salgueiro era visto como um carnavalesco \u201cunidimensional\u201d, que s\u00f3 sabia trabalhar no estilo \u201chigh-tech\u201d, cheio de n\u00e9ons, tecnologias e efeitos. Isso tamb\u00e9m n\u00e3o se encaixaria com o estilo mais s\u00f3brio do Salgueiro dos enredos afros e o casamento estava fadado ao fracasso. Ledo engano.<\/p>\n<p style=\"text-align: justify;\">\u00c9 verdade que o come\u00e7o foi bem complicado, com tr\u00eas dos quatro primeiros carnavais\u00a0(2003, 2004 e 2006) bem irregulares, ou at\u00e9 mesmo p\u00e9ssimos. Mas, de repente, o destino mudou justamente em um enredo afro, exatamente daquele tipo que todos diziam que Lage n\u00e3o saberia fazer.<\/p>\n<p style=\"text-align: justify;\">Veio Candaces para o desfile de 2007 e Renato Lage decidiu mostrar ao mundo que ele n\u00e3o era apenas \u201chigh-tech\u201d mas sabia trabalhar muito bem um estilo mais barroco. O resultado foi um desfile deslumbrante e ao mesmo tempo totalmente cl\u00e1ssico, sem sequer um toque de modernidade, todo calcado no ferro, na madeira, no isopor e nos tecidos que sempre foram usados pelas escolas. Apesar do extremamente injusto s\u00e9timo\u00a0lugar, foi s\u00f3 a partir deste desfile que Lage foi mais respeitado como um carnavalesco completo, e ele e o Salgueiro se acertaram para nunca mais descompassarem.<\/p>\n<p style=\"text-align: justify;\">Depois, Lage foi aos poucos reintroduzindo alguns componentes high-tech em excelente mistura com os trabalhos cl\u00e1ssicos, criando desfiles plasticamente inesquec\u00edveis como o campe\u00e3o Tambor (2009), Rio no Cinema (2011) e a Minas Gerais deste ano.<\/p>\n<p style=\"text-align: justify;\">Quem sabe a tradi\u00e7\u00e3o com a qual a Portela inundar\u00e1 Paulo Barros n\u00e3o seja o estalo que estivesse faltando para que Paulo se reinvente (convenhamos que pouca coisa mudou no jeito de ele fazer carnaval de 2003 para c\u00e1)? Quem sabe Paulo n\u00e3o trar\u00e1 de volta o toque de inova\u00e7\u00e3o dentro dos preceitos tradicionais que a Portela teve em seus tempos \u00e1ureos?<\/p>\n<p style=\"text-align: justify;\">Paulo se adaptar\u00e1? Isso ser\u00e1 r\u00e1pido? Caso demore como Renato Lage, a escola lhe dar\u00e1 tempo para se adaptar? Essas s\u00e3o perguntas que n\u00e3o temos como responder hoje, s\u00f3 acompanhando os acontecimentos futuros.<\/p>\n<p style=\"text-align: justify;\">Dois pensamentos totalmente diferentes est\u00e3o se encontrando. A f\u00f3rmula para o sucesso mais uma vez \u00e9 a negocia\u00e7\u00e3o. Os dois lados tem que entender que para relacionamentos serem exitosos, ambos t\u00eam de ceder um pouco em suas convic\u00e7\u00f5es. Ent\u00e3o, por exemplo, temos que nos adaptar aos carros coreografados de Paulo Barros. Para que a Portela o contratou afinal de contas? Alias, isso n\u00e3o \u00e9 muito dif\u00edcil. No fundo, todos os carros do carnaval de qualquer escola de ponta atualmente tem muito ensaio e alguma coreografia. Por outro lado, podemos solicitar que ele se controle nas coreografias das alas e permita aos componentes evolu\u00edrem de forma mais livre e tranquila. N\u00e3o podemos deixar Paulo tirar a \u00e1guia do abre-alas (e acho que nem ele quer isso), mas temos que aceitar algumas id\u00e9ias novas dele para fazer a \u00e1guia e assim por diante.<\/p>\n<p style=\"text-align: justify;\">Tamb\u00e9m cabe \u00e0\u00a0coordena\u00e7\u00e3o de carnaval &#8211; e especialmente \u00e0\u00a0diretoria da escola &#8211; a adequada supervis\u00e3o e imposi\u00e7\u00e3o de limites ao trabalho do carnavalesco. Paulo \u00e9 genial, mas como todo g\u00eanio, pode se perder no excesso de genialidade e, nesse ponto, um olhar externo de avalia\u00e7\u00e3o \u00e9 fundamental. Como prova, vejam o desfile da Mocidade neste ano em um enredo que era um sonho antigo de Paulo Barros. Talvez tenha sido exatamente por isso que Horta n\u00e3o o deixava fazer tal enredo de jeito nenhum.<\/p>\n<p style=\"text-align: justify;\">Nesse ponto, a escolha de um bom enredo, que permita aliar a tradi\u00e7\u00e3o da Portela com a inova\u00e7\u00e3o de Paulo Barros, \u00e9 ponto central. A diretoria sabe disso e deve estar dando bastante aten\u00e7\u00e3o a esse ponto. Uma ideia de enredo que surgiu em uma brincadeira do tamb\u00e9m colunista portelense Alex Cardoso (Fora do Ar), mas que achei que pode realmente ser interessante, \u00e9 uma releitura do desfile de 1993, Cerim\u00f4nia de Casamento.<\/p>\n<p style=\"text-align: justify;\">Tamb\u00e9m seria algo a se pensar uma \u201csolu\u00e7\u00e3o de compromisso\u201d entre a escola e Paulo Barros acerca das famosas imposi\u00e7\u00f5es do carnavalesco nas letras dos sambas concorrentes para que finalmente Paulo Barros possa ter um samba a altura de sua genialidade pl\u00e1stica. Confio na dire\u00e7\u00e3o da escola que \u00e9 a \u00fanica atualmente presidida por um m\u00fasico e compositor de of\u00edcio, Serginho Proc\u00f3pio.<\/p>\n<p style=\"text-align: justify;\">Por fim, a voc\u00ea portelense, certa ou errada, a decis\u00e3o est\u00e1 tomada pela diretoria e at\u00e9 pela realidade do mercado n\u00e3o d\u00e1 mais para voltar atr\u00e1s.<\/p>\n<p style=\"text-align: justify;\">N\u00f3s nascemos e morremos, mas a Portela fica. Ela j\u00e1 tem quase um centen\u00e1rio de vida, idade que 95% de n\u00f3s nunca ir\u00e1 chegar. Sempre tenham em mente que a Portela \u00e9 muito maior que voc\u00ea, eu, o Falcon, o Serginho, o Paulo Barros ou qualquer outro dirigente ou carnavalesco que a escola teve, tenha ou ter\u00e1.<\/p>\n<p style=\"text-align: justify;\">Ent\u00e3o n\u00e3o adianta se afastar da escola. Pelo contr\u00e1rio, se queremos o bem da escola, precisamos mais do que nunca frequent\u00e1-la neste momento. Como Paulo saber\u00e1 o que pensa e sente um portelense se n\u00e3o nos aproximarmos dele e explic\u00e1-lo? Como podemos reclamar de um rumo tomado no desenvolvimento do enredo se n\u00e3o estamos l\u00e1 para vociferar nosso pensamento? Como podemos influir na mudan\u00e7a sem nos expressar? E como iremos nos expressar de modo que nos ou\u00e7am que n\u00e3o seja dentro da pr\u00f3pria Portela?<\/p>\n<p style=\"text-align: justify;\">Mais do que nunca a Portela precisa do apoio dos portelenses. N\u00e3o a abandonamos em crises muito mais profundas, n\u00e3o ser\u00e1 agora quando o sonho do t\u00edtulo est\u00e1 t\u00e3o pr\u00f3ximo como nunca esteve desde o desfile de 1995. A Majestade continuar\u00e1 gigante sem a nossa presen\u00e7a, mas ser\u00e1 ainda mais gigante se n\u00f3s estivermos prontos e dispostos a defender seu pavilh\u00e3o rumo ao vig\u00e9simo segundo t\u00edtulo.<\/p>\n<p style=\"text-align: justify;\">\u201cAvante Portelenses para a Vit\u00f3ria\u201d<\/p>\n<p style=\"text-align: justify;\">\u00b9 a figura de linguagem n\u00e3o \u00e9 minha, mas do Luis Carlos Magalh\u00e3es, diretor cultural da Portela.<\/p>\n","protected":false},"excerpt":{"rendered":"<p>Os leitores mais antigos do blog devem estar achando estranho que passadas mais de\u00a0duas\u00a0semanas da grande bomba do p\u00f3s-Carnaval, a contrata\u00e7\u00e3o do revolucion\u00e1rio Paulo BarrosTour Details<\/p>\n","protected":false},"author":9,"featured_media":0,"comment_status":"open","ping_status":"open","sticky":false,"template":"","format":"standard","meta":{"footnotes":""},"categories":[47],"tags":[865,18,837,532,49],"class_list":["post-33440","post","type-post","status-publish","format-standard","hentry","category-made-in-usa","tag-alexandre-louzada","tag-carnaval","tag-carnaval-2016","tag-paulo-barros","tag-portela"],"_links":{"self":[{"href":"http:\/\/www.pedromigao.com.br\/ourodetolo\/wp-json\/wp\/v2\/posts\/33440","targetHints":{"allow":["GET"]}}],"collection":[{"href":"http:\/\/www.pedromigao.com.br\/ourodetolo\/wp-json\/wp\/v2\/posts"}],"about":[{"href":"http:\/\/www.pedromigao.com.br\/ourodetolo\/wp-json\/wp\/v2\/types\/post"}],"author":[{"embeddable":true,"href":"http:\/\/www.pedromigao.com.br\/ourodetolo\/wp-json\/wp\/v2\/users\/9"}],"replies":[{"embeddable":true,"href":"http:\/\/www.pedromigao.com.br\/ourodetolo\/wp-json\/wp\/v2\/comments?post=33440"}],"version-history":[{"count":0,"href":"http:\/\/www.pedromigao.com.br\/ourodetolo\/wp-json\/wp\/v2\/posts\/33440\/revisions"}],"wp:attachment":[{"href":"http:\/\/www.pedromigao.com.br\/ourodetolo\/wp-json\/wp\/v2\/media?parent=33440"}],"wp:term":[{"taxonomy":"category","embeddable":true,"href":"http:\/\/www.pedromigao.com.br\/ourodetolo\/wp-json\/wp\/v2\/categories?post=33440"},{"taxonomy":"post_tag","embeddable":true,"href":"http:\/\/www.pedromigao.com.br\/ourodetolo\/wp-json\/wp\/v2\/tags?post=33440"}],"curies":[{"name":"wp","href":"https:\/\/api.w.org\/{rel}","templated":true}]}}