{"id":33373,"date":"2015-03-12T07:00:22","date_gmt":"2015-03-12T10:00:22","guid":{"rendered":"http:\/\/www.pedromigao.com.br\/ourodetolo\/?p=33373"},"modified":"2015-03-11T20:09:26","modified_gmt":"2015-03-11T23:09:26","slug":"a-era-do-odio","status":"publish","type":"post","link":"http:\/\/www.pedromigao.com.br\/ourodetolo\/2015\/03\/a-era-do-odio\/","title":{"rendered":"A era do \u00f3dio"},"content":{"rendered":"<p style=\"text-align: justify;\">Se sobrevivermos a esse per\u00edodo que vivemos, com certeza a d\u00e9cada de 10 do s\u00e9culo XXI ser\u00e1 conhecido nos livros de hist\u00f3ria como \u2018A era do \u00f3dio\u2019. A internet, talvez o meio mais democr\u00e1tico hoje em dia, \u00e9 o maior celeiro desse \u00f3dio, com certeza. Digo que a internet \u00e9 o mais democr\u00e1tico n\u00e3o porque atende a todos e todos tem acesso, mas qualquer um pode expressar sua opini\u00e3o. Seja atrav\u00e9s de um blog, como esse, em sua p\u00e1gina pessoal nas redes sociais ou em coment\u00e1rios dos grandes portais que, gra\u00e7as a uma mente brilhante, s\u00e3o moderados e assim evitamos ler maiores absurdos.<\/p>\n<p style=\"text-align: justify;\">J\u00e1 que a internet \u00e9 onde o \u00f3dio \u00e9 mais claro, vamos come\u00e7ar por ela. Foi ela, inclusive, que me deu a ideia de escrever esse post. Ontem, a Rosana Hermann, do R7, publicou <span style=\"color: #ff6600;\"><a style=\"color: #ff6600;\" href=\"http:\/\/noticias.r7.com\/blogs\/querido-leitor\/o-garoto-que-me-ofendeu\/2015\/03\/11\/\">esse texto<\/a><\/span>. Nele, escreve\u00a0que foi alvo de misoginia e gordofobia pelo Twitter. Um garoto a xingou porque um post sobre Twitter no blog estaria errado. Em 2015, o garoto buscou um v\u00eddeo de 2010 em uma p\u00e1gina fechada em 2011. S\u00e3o cinco anos entre a data do v\u00eddeo e a data do xingamento. A internet mudou muitos nesses cinco, mas Rosana foi v\u00edtima de um garoto que nem olhou a data de quando aquilo foi produzido.<\/p>\n<p style=\"text-align: justify;\">E \u00e9 assim na internet. Todos os dias seja por\u00a0colocarmos opini\u00f5es ou simplesmente comentarmos algo, podemos ser v\u00edtimas desse \u00f3dio. Se voc\u00ea acerta, mas n\u00e3o da maneira com que a outra pessoa quer, ela te xinga. Se voc\u00ea erra (e somos humanos, portanto, sujeito a erros), ela te xinga.<\/p>\n<p style=\"text-align: justify;\">O pior \u00e9 que esse \u00f3dio deixou a internet e passou para a vida real, e as v\u00edtimas aparecem a cada dia. \u00d3dio por motivos cada vez mais torpes que ferem e matam.<\/p>\n<p style=\"text-align: justify;\"><a href=\"http:\/\/www.pedromigao.com.br\/ourodetolo\/wp-content\/uploads\/2015\/03\/thumb.jpg\"><img loading=\"lazy\" decoding=\"async\" class=\"alignleft size-medium wp-image-33376\" src=\"http:\/\/www.pedromigao.com.br\/ourodetolo\/wp-content\/uploads\/2015\/03\/thumb-300x172.jpg\" alt=\"thumb\" width=\"300\" height=\"172\" srcset=\"http:\/\/www.pedromigao.com.br\/ourodetolo\/wp-content\/uploads\/2015\/03\/thumb-300x172.jpg 300w, http:\/\/www.pedromigao.com.br\/ourodetolo\/wp-content\/uploads\/2015\/03\/thumb-550x316.jpg 550w, http:\/\/www.pedromigao.com.br\/ourodetolo\/wp-content\/uploads\/2015\/03\/thumb.jpg 617w\" sizes=\"auto, (max-width: 300px) 100vw, 300px\" \/><\/a>No \u00faltimo domingo, foi lembrado o Dia Internacional da Mulher, na segunda-feira, a presidente da Rep\u00fablica, Dilma Rousseff, sancionou a lei do Feminic\u00eddio, na qual o assassinato por raz\u00f5es de g\u00eanero, menosprezo ou descrimina\u00e7\u00e3o contra mulheres passa a ser\u00a0crime hediondo. Um crime que mata 15 mulheres por dia no Brasil.<\/p>\n<p style=\"text-align: justify;\">Assim, como mulheres, os gays s\u00e3o v\u00edtimas desse \u00f3dio seja nas redes sociais ou nas ruas. No Brasil, ano passado, mais de 200 pessoas foram mortas por crimes de homofobia &#8211; que n\u00e3o \u00e9 crime no pa\u00eds. Aqui, a chance de um gay ser assassinado \u00e9 de 80 vezes mais que no Chile. S\u00e3o in\u00fameros casos de agress\u00f5es pelo pa\u00eds.<\/p>\n<p style=\"text-align: justify;\"><a href=\"http:\/\/www.pedromigao.com.br\/ourodetolo\/wp-content\/uploads\/2015\/03\/1212201112316.jpg\"><img loading=\"lazy\" decoding=\"async\" class=\"alignright size-medium wp-image-33375\" src=\"http:\/\/www.pedromigao.com.br\/ourodetolo\/wp-content\/uploads\/2015\/03\/1212201112316-300x213.jpg\" alt=\"1212201112316\" width=\"300\" height=\"213\" srcset=\"http:\/\/www.pedromigao.com.br\/ourodetolo\/wp-content\/uploads\/2015\/03\/1212201112316-300x213.jpg 300w, http:\/\/www.pedromigao.com.br\/ourodetolo\/wp-content\/uploads\/2015\/03\/1212201112316.jpg 380w\" sizes=\"auto, (max-width: 300px) 100vw, 300px\" \/><\/a>Em 2010, Luis Alberto Betonio foi atingido por uma l\u00e2mpada em plena Avenida Paulista pelo fato de ser gay. Em 2011, em S\u00e3o Jo\u00e3o da Boa Vista, pai e filho, heterossexuais, foram v\u00edtimas da homofobia. Estavam abra\u00e7ados em um parque de exposi\u00e7\u00f5es na cidade. O pai teve parte da orelha decepada por um grupo de homof\u00f3bicos que, antes de atacar, perguntou se tratava de um casal gay. Mesmo com a negativa, os dois foram v\u00edtimas. Eu poderia citar mais uma centena desses casos.<\/p>\n<p style=\"text-align: justify;\">O \u00f3dio tamb\u00e9m atinge as religi\u00f5es. No come\u00e7o deste ano, um grupo terrorista invadiu a reda\u00e7\u00e3o do jornal franc\u00eas Charlie Hebdo e matou jornalistas e cartunistas. O ataque foi feito por membros da Al Qaeda, mas quem sofreu com isso foram mu\u00e7ulmanos do mundo inteiro. No Brasil, uma pernambucana foi v\u00edtima de um ataque. Um homem jogou uma pedra aos gritos de \u201cmu\u00e7ulmana maldita\u201d. Ela sofreu amea\u00e7as ap\u00f3s a publica\u00e7\u00e3o da not\u00edcia, mas antes j\u00e1 tinha sofrido xingamentos, golpes de guarda-chuva e pessoas puxando o v\u00e9u.<\/p>\n<p style=\"text-align: justify;\">Mas com certeza o \u00f3dio mais expl\u00edcito nos dias de hoje \u00e9 aquele\u00a0por motiva\u00e7\u00f5es de opini\u00f5es pol\u00edticas. Eu discuto pol\u00edtica desde que me entendo por gente, mas hoje est\u00e1 imposs\u00edvel conversar sobre qualquer coisa da pol\u00edtica brasileira.<\/p>\n<p style=\"text-align: justify;\">No \u00faltimo domingo, Dilma Rousseff fez um pronunciamento na TV e um panela\u00e7o ecoou em\u00a0v\u00e1rias cidades. N\u00e3o vou julgar se a manifesta\u00e7\u00e3o \u00e9 certa ou n\u00e3o, todos t\u00eam o direito de manifestar, mas, al\u00e9m das panelas, xingamentos para a presidente. As redes sociais se infestaram de ataques \u00e0 presidente e contra aqueles que a defendem ou que votaram nela e, como o \u00f3dio gera \u00f3dio, houve a retalia\u00e7\u00e3o e a situa\u00e7\u00e3o ficou insuport\u00e1vel na noite do domingo seja no Facebook ou no Twitter.<\/p>\n<p style=\"text-align: justify;\"><a href=\"http:\/\/www.pedromigao.com.br\/ourodetolo\/wp-content\/uploads\/2015\/03\/2014-762495866-2014102326957.jpg_20141023.jpg\"><img loading=\"lazy\" decoding=\"async\" class=\"alignleft size-medium wp-image-33374\" src=\"http:\/\/www.pedromigao.com.br\/ourodetolo\/wp-content\/uploads\/2015\/03\/2014-762495866-2014102326957.jpg_20141023-300x130.jpg\" alt=\"2014-762495866-2014102326957.jpg_20141023\" width=\"300\" height=\"130\" srcset=\"http:\/\/www.pedromigao.com.br\/ourodetolo\/wp-content\/uploads\/2015\/03\/2014-762495866-2014102326957.jpg_20141023-300x130.jpg 300w, http:\/\/www.pedromigao.com.br\/ourodetolo\/wp-content\/uploads\/2015\/03\/2014-762495866-2014102326957.jpg_20141023-550x239.jpg 550w, http:\/\/www.pedromigao.com.br\/ourodetolo\/wp-content\/uploads\/2015\/03\/2014-762495866-2014102326957.jpg_20141023.jpg 1265w\" sizes=\"auto, (max-width: 300px) 100vw, 300px\" \/><\/a>J\u00e1 n\u00e3o \u00e9 de agora esse clima b\u00e9lico entre tucanos e petistas. No m\u00eas passado, em um ato &#8220;em defesa da Petrobr\u00e1s&#8221;, militantes dos dois partidos partiram para as vias de fato e uma grande confus\u00e3o aconteceu no Rio de Janeiro. Briga que j\u00e1 tinha acontecido na Avenida Paulista durante a campanha do ano passado.<\/p>\n<p style=\"text-align: justify;\">Independentemente da crise pol\u00edtica, h\u00e1 uma crise de relacionamento. As pessoas n\u00e3o conseguem mais conversar. Qualquer not\u00edcia publicada em algum site, qualquer not\u00edcia, seja de pol\u00edtica, esportes, ci\u00eancia ou internacional, o \u00f3dio pol\u00edtico aparece. Uns dizem que a &#8220;a culpa \u00e9 do PT&#8221; e outros que &#8220;era pior na era FHC&#8221;.<\/p>\n<p style=\"text-align: justify;\">A situa\u00e7\u00e3o deve piorar neste fim\u00a0de semana. Duas manifesta\u00e7\u00f5es est\u00e3o marcadas. Sexta-feira, os defensores de Dilma v\u00e3o para as ruas, no domingo ser\u00e1\u00a0a vez dos contr\u00e1rios \u00e0 presidente.<\/p>\n<p style=\"text-align: justify;\">Seja nas redes sociais ou na vida real. Por qualquer motivo futil. Por sexualidade, religi\u00e3o, pol\u00edtica ou futebol. Hoje, o \u00f3dio \u00e9 parte mais evidente na nossa sociedade. O que resta \u00e9 torcermos para sobrevivermos a essa era.<\/p>\n<p style=\"text-align: justify;\"><em><a href=\"http:\/\/www.pedromigao.com.br\/ourodetolo\/wp-content\/uploads\/2015\/03\/10636205_742113525857340_3455720209132156572_n.jpg\"><img loading=\"lazy\" decoding=\"async\" class=\"alignright wp-image-33377 size-medium\" src=\"http:\/\/www.pedromigao.com.br\/ourodetolo\/wp-content\/uploads\/2015\/03\/10636205_742113525857340_3455720209132156572_n-300x150.jpg\" alt=\"10636205_742113525857340_3455720209132156572_n\" width=\"300\" height=\"150\" srcset=\"http:\/\/www.pedromigao.com.br\/ourodetolo\/wp-content\/uploads\/2015\/03\/10636205_742113525857340_3455720209132156572_n-300x150.jpg 300w, http:\/\/www.pedromigao.com.br\/ourodetolo\/wp-content\/uploads\/2015\/03\/10636205_742113525857340_3455720209132156572_n-550x274.jpg 550w, http:\/\/www.pedromigao.com.br\/ourodetolo\/wp-content\/uploads\/2015\/03\/10636205_742113525857340_3455720209132156572_n.jpg 1200w\" sizes=\"auto, (max-width: 300px) 100vw, 300px\" \/><\/a>Em tempo: Ap\u00f3s a elei\u00e7\u00e3o do ano passado, um tumblr foi criado &#8216;pedindo desculpas&#8217; para o amigo que perdeu durante as elei\u00e7\u00f5es. Quando esse clima eleitoral passar, o\u00a0<a href=\"http:\/\/coxinhas2petralha.tumblr.com\/\">http:\/\/coxinhas2petralha.tumblr.com\/<\/a> deve ser visitado para, com bom humor, as amizades serem refeitas.\u00a0<\/em><\/p>\n","protected":false},"excerpt":{"rendered":"<p>Se sobrevivermos a esse per\u00edodo que vivemos, com certeza a d\u00e9cada de 10 do s\u00e9culo XXI ser\u00e1 conhecido nos livros de hist\u00f3ria como \u2018A eraTour Details<\/p>\n","protected":false},"author":36,"featured_media":33379,"comment_status":"open","ping_status":"open","sticky":false,"template":"","format":"standard","meta":{"footnotes":""},"categories":[719],"tags":[859,857,858,27],"class_list":["post-33373","post","type-post","status-publish","format-standard","has-post-thumbnail","hentry","category-devaneios","tag-comportamento","tag-manifestacao","tag-odio","tag-sociedade"],"_links":{"self":[{"href":"http:\/\/www.pedromigao.com.br\/ourodetolo\/wp-json\/wp\/v2\/posts\/33373","targetHints":{"allow":["GET"]}}],"collection":[{"href":"http:\/\/www.pedromigao.com.br\/ourodetolo\/wp-json\/wp\/v2\/posts"}],"about":[{"href":"http:\/\/www.pedromigao.com.br\/ourodetolo\/wp-json\/wp\/v2\/types\/post"}],"author":[{"embeddable":true,"href":"http:\/\/www.pedromigao.com.br\/ourodetolo\/wp-json\/wp\/v2\/users\/36"}],"replies":[{"embeddable":true,"href":"http:\/\/www.pedromigao.com.br\/ourodetolo\/wp-json\/wp\/v2\/comments?post=33373"}],"version-history":[{"count":0,"href":"http:\/\/www.pedromigao.com.br\/ourodetolo\/wp-json\/wp\/v2\/posts\/33373\/revisions"}],"wp:featuredmedia":[{"embeddable":true,"href":"http:\/\/www.pedromigao.com.br\/ourodetolo\/wp-json\/wp\/v2\/media\/33379"}],"wp:attachment":[{"href":"http:\/\/www.pedromigao.com.br\/ourodetolo\/wp-json\/wp\/v2\/media?parent=33373"}],"wp:term":[{"taxonomy":"category","embeddable":true,"href":"http:\/\/www.pedromigao.com.br\/ourodetolo\/wp-json\/wp\/v2\/categories?post=33373"},{"taxonomy":"post_tag","embeddable":true,"href":"http:\/\/www.pedromigao.com.br\/ourodetolo\/wp-json\/wp\/v2\/tags?post=33373"}],"curies":[{"name":"wp","href":"https:\/\/api.w.org\/{rel}","templated":true}]}}