{"id":33357,"date":"2015-03-11T10:44:13","date_gmt":"2015-03-11T13:44:13","guid":{"rendered":"http:\/\/www.pedromigao.com.br\/ourodetolo\/?p=33357"},"modified":"2015-03-11T11:23:04","modified_gmt":"2015-03-11T14:23:04","slug":"as-mudancas-para-o-carnaval-2016","status":"publish","type":"post","link":"http:\/\/www.pedromigao.com.br\/ourodetolo\/2015\/03\/as-mudancas-para-o-carnaval-2016\/","title":{"rendered":"As mudan\u00e7as (ou n\u00e3o) para o Carnaval-2016"},"content":{"rendered":"<p style=\"text-align: justify;\">H\u00e1 exatamente um m\u00eas foi realizado o Desfile das Campe\u00e3s e, desde ent\u00e3o, uma s\u00e9rie de not\u00edcias movimentou os bastidores do Carnaval do Rio. Agora que as coisas parecem ter acalmado um pouco, vamos a uma an\u00e1lise do que aconteceu de mais importantes nas \u00faltimas semanas.<\/p>\n<p style=\"text-align: justify;\"><strong>&#8211; Contrata\u00e7\u00e3o de Paulo Barros pela Portela<\/strong> &#8211; depois da decepcionante passagem do carnavalesco pela\u00a0Mocidade, a \u00c1guia surpreendeu ao contrat\u00e1-lo. Surpreendeu porque PB tem um perfil bem diferente do qual a escola est\u00e1 acostumado. Resta saber se ambos v\u00e3o se moldar um ao outro, porque se isso n\u00e3o ocorrer, a tend\u00eancia \u00e9 a de um casamento problem\u00e1tico e curto. Era muito jovem e n\u00e3o vi na \u00e9poca, mas essa situa\u00e7\u00e3o atual me lembra muito a do breve enlace entre Fernando Pinto e Mangueira em 1982. Por outro lado,\u00a0Paulo Barros \u00e9 g\u00eanio e pode entregar o algo mais que a Portela precisa para quebrar o jejum.<\/p>\n<p style=\"text-align: justify;\"><a href=\"http:\/\/www.pedromigao.com.br\/ourodetolo\/wp-content\/uploads\/2015\/03\/louzadamocidade.jpg\"><img loading=\"lazy\" decoding=\"async\" class=\" size-medium wp-image-33315 alignleft\" src=\"http:\/\/www.pedromigao.com.br\/ourodetolo\/wp-content\/uploads\/2015\/03\/louzadamocidade-300x157.jpg\" alt=\"louzadamocidade\" width=\"300\" height=\"157\" srcset=\"http:\/\/www.pedromigao.com.br\/ourodetolo\/wp-content\/uploads\/2015\/03\/louzadamocidade-300x157.jpg 300w, http:\/\/www.pedromigao.com.br\/ourodetolo\/wp-content\/uploads\/2015\/03\/louzadamocidade.jpg 470w\" sizes=\"auto, (max-width: 300px) 100vw, 300px\" \/><\/a><strong>&#8211; Volta de Alexandre Louzada para a Mocidade<\/strong> &#8211; a capacidade de Louzada \u00e9 inquestion\u00e1vel, tanto que ele j\u00e1 foi campe\u00e3o por Mangueira, Vila Isabel e Beija-Flor. Fez um excepcional trabalho em 2014 e um pouco inferior em 2015, mas est\u00e1 ainda em grande forma. O enredo #alendaimagina\u00e7\u00e3o, se bem desenvolvido, promete um belo desfile para a Verde e Branco, que ter\u00e1 ainda no\u00a0barrac\u00e3o\u00a0o excelente Edson Pereira,que ainda segue na Unidos de Padre Miguel.<\/p>\n<p style=\"text-align: justify;\"><strong>&#8211; Contrata\u00e7\u00e3o de Igor Sorriso pela Vila Isabel<\/strong> &#8211; a escola do bairro de Noel dispensou o \u00f3timo cantor Gilsinho e apostou no mais promissor int\u00e9rprete da nova gera\u00e7\u00e3o do Carnaval. \u00c9 o t\u00edpico caso em que tanto a Vila como Igor sair\u00e3o ganhando. J\u00e1 Gilsinho pode acertar com a Imperatriz. Quem perde, e muito, \u00e9 a S\u00e3o Clemente, que nos \u00faltimos anos vem jogando para longe o estigma de escola ioi\u00f4, com grande contribui\u00e7\u00e3o de Igor.<\/p>\n<p style=\"text-align: justify;\"><strong>&#8211; Perman\u00eancia de Rosa Magalh\u00e3es na S\u00e3o Clemente<\/strong> &#8211; se a escola perdeu Igor Sorriso, por outro lado manteve a grande carnavalesca Rosa Magalh\u00e3es, que \u00a0se antecipou ao anunciar o enredo para 2016: &#8220;Mordomia-Mor da Casa Real de Dom Jo\u00e3o VI&#8221;, que promete aliar os aspectos hist\u00f3ricos\u00a0t\u00e3o presentes nos enredos de Rosa e a irrever\u00eancia da agremia\u00e7\u00e3o da Zona Sul &#8211; o presidente Renato ainda n\u00e3o confirma o enredo. De qualquer forma, ponto para os clementianos!<\/p>\n<p style=\"text-align: justify;\"><strong>&#8211; Enredo da Imperatriz sobre Zez\u00e9 di Camargo &amp; Luciano<\/strong> &#8211; pode at\u00e9 dar certo, mas confesso que n\u00e3o curti. Tudo vai depender da forma como Cah\u00ea Rodrigues desenvolver o enredo, o que ele fez com compet\u00eancia nos \u00faltimos tr\u00eas anos (Par\u00e1, Zico e Ax\u00e9 Nkenda). Se levar pelo lado po\u00e9tico da supera\u00e7\u00e3o de vida dos irm\u00e3os e a chegada ao estrelato, pode funcionar e at\u00e9 emocionar. Se for simplesmente pelo lado dos sucessos da dupla, pode render um samba cheio de clich\u00eas e um desfile chato. O que n\u00e3o aprovo nem sob tortura \u00e9 a dupla participar da grava\u00e7\u00e3o do samba. Nesse ponto, pra mim \u00e9 &#8220;cada macaco no seu galho&#8221;.<\/p>\n<p style=\"text-align: justify;\"><a href=\"http:\/\/www.pedromigao.com.br\/ourodetolo\/wp-content\/uploads\/2015\/03\/enredosalgueiro2016.jpg\"><img loading=\"lazy\" decoding=\"async\" class=\" size-medium wp-image-33362 alignleft\" src=\"http:\/\/www.pedromigao.com.br\/ourodetolo\/wp-content\/uploads\/2015\/03\/enredosalgueiro2016-300x239.jpg\" alt=\"enredosalgueiro2016\" width=\"300\" height=\"239\" srcset=\"http:\/\/www.pedromigao.com.br\/ourodetolo\/wp-content\/uploads\/2015\/03\/enredosalgueiro2016-300x239.jpg 300w, http:\/\/www.pedromigao.com.br\/ourodetolo\/wp-content\/uploads\/2015\/03\/enredosalgueiro2016-428x340.jpg 428w, http:\/\/www.pedromigao.com.br\/ourodetolo\/wp-content\/uploads\/2015\/03\/enredosalgueiro2016.jpg 600w\" sizes=\"auto, (max-width: 300px) 100vw, 300px\" \/><\/a><strong>&#8211; Enredo do Salgueiro<\/strong> &#8211; por enquanto, sabe-se apenas o t\u00edtulo\u00a0do enredo, &#8220;A \u00d3pera dos Malandros&#8221;, e que ser\u00e1 autoral\/cultural. Parece num primeiro momento algo a se\u00a0tornar\u00a0um gol de placa da dire\u00e7\u00e3o da escola, e da sempre competent\u00edssima dupla formada por Renato e M\u00e1rcia Lage. Aguardo com ansiedade a divulga\u00e7\u00e3o de mais detalhes do enredo.<\/p>\n<p style=\"text-align: justify;\"><strong>&#8211; Enredo da Uni\u00e3o da Ilha sobre as Olimp\u00edadas<\/strong> &#8211; a simpatic\u00edssima escola tricolor vai aproveitar o ano ol\u00edmpico para falar sobre os Jogos. Parece justo, mas a Ilha precisa tomar cuidado no desenvolvimento do enredo, j\u00e1 que h\u00e1 o perigo de isso se tornar repetitivo, lembrando que Mangueira (1997) e Portela (2007, embora sobre o Pan) j\u00e1 levaram para a avenida tem\u00e1ticas semelhantes.<\/p>\n<p style=\"text-align: justify;\"><strong>&#8211; Contrata\u00e7\u00e3o de Paulo Menezes e Jack Vasconcelos pela Ilha<\/strong> &#8211; os dois carnavalescos j\u00e1 tiveram passagens pela Tricolor e sem d\u00favida podem fazer um belo trabalho, pois j\u00e1 conhecem bem a escola. Resta saber como ser\u00e1 o desenvolvimento do enredo.<\/p>\n<p style=\"text-align: justify;\"><strong>&#8211; Contrata\u00e7\u00e3o de Alex de Souza pela Vila Isabel<\/strong> &#8211; o carnavalesco encerrou seu ciclo na Ilha e voltou para a escola em que desenvolveu um de seus melhores trabalhos, ao lado de Paulo Barros, em 2009 (enredo sobre o Theatro Municipal). Depois de dois desfiles com coloca\u00e7\u00f5es ruins &#8211; o deste ano merecia uma posi\u00e7\u00e3o mais acima na tabela -, \u00a0a Vila resolveu mudar. A qualidade de Alex \u00e9 inquestion\u00e1vel e ele j\u00e1 prometeu buscar inspira\u00e7\u00e3o na pr\u00f3pria Vila para o pr\u00f3ximo desfile.<\/p>\n<p style=\"text-align: justify;\"><a href=\"http:\/\/www.pedromigao.com.br\/ourodetolo\/wp-content\/uploads\/2015\/03\/casagrandetijuca2016.png\"><img loading=\"lazy\" decoding=\"async\" class=\" size-medium wp-image-33361 alignleft\" src=\"http:\/\/www.pedromigao.com.br\/ourodetolo\/wp-content\/uploads\/2015\/03\/casagrandetijuca2016-225x300.png\" alt=\"casagrandetijuca2016\" width=\"225\" height=\"300\" srcset=\"http:\/\/www.pedromigao.com.br\/ourodetolo\/wp-content\/uploads\/2015\/03\/casagrandetijuca2016-225x300.png 225w, http:\/\/www.pedromigao.com.br\/ourodetolo\/wp-content\/uploads\/2015\/03\/casagrandetijuca2016-255x340.png 255w, http:\/\/www.pedromigao.com.br\/ourodetolo\/wp-content\/uploads\/2015\/03\/casagrandetijuca2016.png 354w\" sizes=\"auto, (max-width: 225px) 100vw, 225px\" \/><\/a><strong>&#8211; Perman\u00eancia de Mestre Casagrande na Tijuca<\/strong> &#8211; a melhor not\u00edcia poss\u00edvel para a comunidade tijucana foi a perman\u00eancia do diretor de bateria, depois dos excelentes trabalhos nos \u00faltimos anos, o que culminou com um in\u00e9dito Estandarte de Ouro para a Pura Cad\u00eancia. Identificado com a escola e de compet\u00eancia inequ\u00edvoca, Casagrande sem d\u00favida continuar\u00e1 mantendo a Tijuca com \u00f3timas notas no quesito.<\/p>\n<p style=\"text-align: justify;\"><strong>&#8211; Indefini\u00e7\u00e3o do novo carnavalesco\u00a0da Mangueira<\/strong> &#8211; Cid Carvalho\u00a0ficou revoltado com a forma pela qual foi dispensado, enquanto a dire\u00e7\u00e3o da escola alega\u00a0que o carnavalesco\u00a0n\u00e3o compareceu ao desfile e tampouco\u00a0entregou o trabalho que se esperava. \u00c9 o t\u00edpico caso que n\u00e3o havia mais clima para ambos trabalharem juntos. Lamentavelmente a indefini\u00e7\u00e3o sobre o carnavalesco oficialmente persiste, mas a escola deve fechar com o promissor Leandro Vieira, que faria uma parceria de luxo com o consagrado Max Lopes.<\/p>\n<p style=\"text-align: justify;\"><strong>&#8211; Contrata\u00e7\u00e3o de Pixul\u00e9 pelo Imp\u00e9rio Serrano<\/strong> &#8211; apesar do \u00f3timo desfile de 2014 nos quesitos samba-enredo e harmonia, a escola da Serrinha contratou o \u00f3timo cantor Pixul\u00e9 para dar peso ao carro de som. Outro caso em que tanto escola como int\u00e9rprete saem ganhando. Vamos ver se a querida agremia\u00e7\u00e3o consegue finalmente voltar ao Grupo Especial.<\/p>\n","protected":false},"excerpt":{"rendered":"<p>H\u00e1 exatamente um m\u00eas foi realizado o Desfile das Campe\u00e3s e, desde ent\u00e3o, uma s\u00e9rie de not\u00edcias movimentou os bastidores do Carnaval do Rio. AgoraTour Details<\/p>\n","protected":false},"author":14,"featured_media":0,"comment_status":"open","ping_status":"open","sticky":false,"template":"","format":"standard","meta":{"footnotes":""},"categories":[20],"tags":[837,19,67,143,66,69,49,104,64,39,68,62],"class_list":["post-33357","post","type-post","status-publish","format-standard","hentry","category-sabinadas","tag-carnaval-2016","tag-escolas-de-samba","tag-imperatriz-leopoldinense","tag-imperio-serrano","tag-mangueira","tag-mocidade-independente","tag-portela","tag-salgueiro","tag-sao-clemente","tag-uniao-da-ilha","tag-unidos-da-tijuca","tag-vila-isabel"],"_links":{"self":[{"href":"http:\/\/www.pedromigao.com.br\/ourodetolo\/wp-json\/wp\/v2\/posts\/33357","targetHints":{"allow":["GET"]}}],"collection":[{"href":"http:\/\/www.pedromigao.com.br\/ourodetolo\/wp-json\/wp\/v2\/posts"}],"about":[{"href":"http:\/\/www.pedromigao.com.br\/ourodetolo\/wp-json\/wp\/v2\/types\/post"}],"author":[{"embeddable":true,"href":"http:\/\/www.pedromigao.com.br\/ourodetolo\/wp-json\/wp\/v2\/users\/14"}],"replies":[{"embeddable":true,"href":"http:\/\/www.pedromigao.com.br\/ourodetolo\/wp-json\/wp\/v2\/comments?post=33357"}],"version-history":[{"count":1,"href":"http:\/\/www.pedromigao.com.br\/ourodetolo\/wp-json\/wp\/v2\/posts\/33357\/revisions"}],"predecessor-version":[{"id":33364,"href":"http:\/\/www.pedromigao.com.br\/ourodetolo\/wp-json\/wp\/v2\/posts\/33357\/revisions\/33364"}],"wp:attachment":[{"href":"http:\/\/www.pedromigao.com.br\/ourodetolo\/wp-json\/wp\/v2\/media?parent=33357"}],"wp:term":[{"taxonomy":"category","embeddable":true,"href":"http:\/\/www.pedromigao.com.br\/ourodetolo\/wp-json\/wp\/v2\/categories?post=33357"},{"taxonomy":"post_tag","embeddable":true,"href":"http:\/\/www.pedromigao.com.br\/ourodetolo\/wp-json\/wp\/v2\/tags?post=33357"}],"curies":[{"name":"wp","href":"https:\/\/api.w.org\/{rel}","templated":true}]}}