{"id":33333,"date":"2015-03-10T07:31:01","date_gmt":"2015-03-10T10:31:01","guid":{"rendered":"http:\/\/www.pedromigao.com.br\/ourodetolo\/?p=33333"},"modified":"2015-03-09T21:58:32","modified_gmt":"2015-03-10T00:58:32","slug":"o-panelaco-no-pais-da-lava-jato","status":"publish","type":"post","link":"http:\/\/www.pedromigao.com.br\/ourodetolo\/2015\/03\/o-panelaco-no-pais-da-lava-jato\/","title":{"rendered":"O panela\u00e7o no pa\u00eds da Lava-Jato"},"content":{"rendered":"<p style=\"text-align: justify;\">A lista dos mais de 50 pol\u00edticos que ser\u00e3o investigados de maneira mais atenta por conta do esc\u00e2ndalo de corrup\u00e7\u00e3o na Petrobras veio carregada de expectativa e de simbolismos. Em um pa\u00eds em que\u00a0a exist\u00eancia da corrup\u00e7\u00e3o n\u00e3o choca mais ningu\u00e9m, os nomes envolvidos acabam montando um quebra-cabe\u00e7as, formando um mosaico do que \u00e9 o Brasil nesses 515 anos. A corrup\u00e7\u00e3o na Petrobras \u00e9, de certa forma, a s\u00edntese de todas as outras.<\/p>\n<p style=\"text-align: justify;\">Vemos na lista a presen\u00e7a de Roseana Sarney, a segunda representante de maior import\u00e2ncia de uma das fam\u00edlias que por mais tempo esteve presente na pol\u00edtica nacional. Ela, que em dezembro do ano passado renunciou ao Governo do Maranh\u00e3o no \u00faltimo m\u00eas de mandato, acabou sendo o s\u00edmbolo da nefasta atua\u00e7\u00e3o de oligarquias locais nos mais diversos esc\u00e2ndalos. Ao lado dela, aparecem nomes completamente desconhecidos do grande p\u00fablico, como o Senador pelo Acre Gladson Camelli, provando que a corrup\u00e7\u00e3o n\u00e3o se restringe a &#8220;picaretas famosos&#8221;.<\/p>\n<p style=\"text-align: justify;\">Um dos grandes simbolismos da lista da Lava-Jato \u00e9 a \u00faltima p\u00e1 de cal na moralidade do PT. O partido que surgiu, independente das bandeiras que levantou ao longo do tempo, para ser diferenciado, para ser moral e para combater a roubalheira que, \u00e0quela \u00e9poca, j\u00e1 era coisa antiga. Trinta anos depois, restou uma legenda que entrar\u00e1 para a hist\u00f3ria do Brasil por ter feito uma verdadeira revolu\u00e7\u00e3o social, mas tamb\u00e9m por ter sido talvez a maior decep\u00e7\u00e3o da nossa hist\u00f3ria. Hoje, analisamos o PT como analisamos todos os outros, relativizando esc\u00e2ndalos para poder avaliar seu legado.<\/p>\n<p style=\"text-align: justify;\"><a href=\"http:\/\/www.pedromigao.com.br\/ourodetolo\/wp-content\/uploads\/2014\/09\/dilmalula.jpg\"><img loading=\"lazy\" decoding=\"async\" class=\" size-medium wp-image-29608 alignleft\" src=\"http:\/\/www.pedromigao.com.br\/ourodetolo\/wp-content\/uploads\/2014\/09\/dilmalula-300x178.jpg\" alt=\"dilmalula\" width=\"300\" height=\"178\" srcset=\"http:\/\/www.pedromigao.com.br\/ourodetolo\/wp-content\/uploads\/2014\/09\/dilmalula-300x178.jpg 300w, http:\/\/www.pedromigao.com.br\/ourodetolo\/wp-content\/uploads\/2014\/09\/dilmalula-550x326.jpg 550w, http:\/\/www.pedromigao.com.br\/ourodetolo\/wp-content\/uploads\/2014\/09\/dilmalula.jpg 800w\" sizes=\"auto, (max-width: 300px) 100vw, 300px\" \/><\/a>Se \u00e9 mesmo verdade que Lula e Dilma nada sabiam desse esc\u00e2ndalo, o PT, al\u00e9m de imoral, tamb\u00e9m \u00e9 incompetente, mas agora incompetente como ningu\u00e9m nunca foi. Convenhamos, \u00e9 dif\u00edcil de acreditar. Por\u00e9m, a presen\u00e7a de apenas seis nomes petistas em uma lista com 54 componentes mostra que o problema \u00e9 maior que o PT. Ver a base aliada de Dilma Rousseff envolvida no esquema (SD, parte do PMDB, parte do PP e PTB) mostra que o sistema cria um monstro quase incontrol\u00e1vel. A necessidade de coliga\u00e7\u00f5es gigantescas e de se lotear o pa\u00eds em legendas sem qualquer significado ideol\u00f3gico e\/ou representativo, cria um sistema totalmente pass\u00edvel de corrup\u00e7\u00e3o.<\/p>\n<p style=\"text-align: justify;\">Uma olhada mais atenta na lista, por\u00e9m, acaba com qualquer esperan\u00e7a. Ver o PSDB, atrav\u00e9s do ex-governador de Minas Gerais Antonio Anastasia, envolvido em todo esse mar de lama prova que n\u00e3o h\u00e1 ideologia para que haja corrup\u00e7\u00e3o. Anastasia, por\u00e9m, n\u00e3o \u00e9 nem o maior s\u00edmbolo disso. A mim, choca mais ver o presidente da C\u00e2mara, Eduardo Cunha, que tem se mostrado um opositor cada vez mais declarado ao Governo Dilma (e tamb\u00e9m um \u00eddolo dos setores mais conservadores da sociedade), na lista. Soa a mim mais inacredit\u00e1vel que todos os deputados federais do PP do Rio Grande do Sul (que, na contram\u00e3o de uma outra corrente da legenda, fazem oposi\u00e7\u00e3o) tenham conseguido entrar na farra.<\/p>\n<p style=\"text-align: justify;\">O Partido Progressista, que, ali\u00e1s, \u00e9 praticamente um esqueleto vivo do que havia de minimamente democr\u00e1tico na Ditadura Militar. Essa mesma Ditadura que muitos inconscientemente querem de volta, ajudou a criar uma sucess\u00e3o de partidos que desembocaram no PP. E a\u00ed est\u00e1 ele, liderando o time dos corruptos. Nenhum partido teve mais nomes que o PP. Nem o PMDB, que era o MDB, a oposi\u00e7\u00e3o \u00e0 Arena, a \u00fanica resist\u00eancia oficial \u00e0 ditadura, e que nesses \u00faltimos 35 anos virou uma esp\u00e9cie de c\u00e2ncer da pol\u00edtica nacional. Um partido com uma influ\u00eancia absurda em todo o pa\u00eds sem o qual \u00e9 imposs\u00edvel governar.<\/p>\n<p style=\"text-align: justify;\">Esse mosaico mostra como a corrup\u00e7\u00e3o se alastrou pela pol\u00edtica nacional. Virou, sem querer defender corrupto nenhum, algo quase autom\u00e1tico. Mais que isso: parece ser uma quest\u00e3o de sobreviv\u00eancia. Por exemplo: quando a lista saiu, nada me soou t\u00e3o simb\u00f3lico quanto Fernando Collor de Mello, atual Senador pelo PTB\/AL e ex-presidente que deixou o cargo para n\u00e3o sofrer impeachment, dividindo espa\u00e7o com Lindbergh Farias, o tamb\u00e9m Senador (pelo PT\/RJ) que entrou no cen\u00e1rio pol\u00edtico nacional como&#8230; l\u00edder do movimento que queria o impeachment de Collor.<a href=\"http:\/\/www.pedromigao.com.br\/ourodetolo\/wp-content\/uploads\/2015\/03\/lindbergh2015.jpg\"><img loading=\"lazy\" decoding=\"async\" class=\" size-medium wp-image-33339 alignright\" src=\"http:\/\/www.pedromigao.com.br\/ourodetolo\/wp-content\/uploads\/2015\/03\/lindbergh2015-300x225.jpg\" alt=\"lindbergh2015\" width=\"300\" height=\"225\" srcset=\"http:\/\/www.pedromigao.com.br\/ourodetolo\/wp-content\/uploads\/2015\/03\/lindbergh2015-300x225.jpg 300w, http:\/\/www.pedromigao.com.br\/ourodetolo\/wp-content\/uploads\/2015\/03\/lindbergh2015.jpg 450w\" sizes=\"auto, (max-width: 300px) 100vw, 300px\" \/><\/a><\/p>\n<p style=\"text-align: justify;\">Agora vamos pensar: ser\u00e1 que aquele Lindbergh de 1992 n\u00e3o tinha mesmo um ideal? Ser\u00e1 que ele n\u00e3o estava mesmo chocado com a corrup\u00e7\u00e3o? Ser\u00e1 que ele n\u00e3o queria mesmo um pa\u00eds mais justo? N\u00e3o ponho minha m\u00e3o no fogo por ningu\u00e9m, mas tenho quase certeza que sim. N\u00e3o era teatro. Mas, quando deixou de tacar pedras para ser vidra\u00e7a, se tornou mais um. \u00c9 a prova definitiva de que, atualmente, um pol\u00edtico honesto n\u00e3o transforma a pol\u00edtica. \u00c9 o contr\u00e1rio. E isso \u00e9 muito mais que a filosofia antiga de que &#8220;o meio transforma o homem&#8221;. Com todo o respeito aos fil\u00f3sofos, \u00e9 algo muito mais concreto. O Brasil, hoje, n\u00e3o existe sem corrup\u00e7\u00e3o. Quem pode aproveitar, aproveita. Quem n\u00e3o pode, reclama.<\/p>\n<p style=\"text-align: justify;\"><a href=\"http:\/\/www.pedromigao.com.br\/ourodetolo\/wp-content\/uploads\/2015\/03\/panelacodilma.jpg\"><img loading=\"lazy\" decoding=\"async\" class=\" size-medium wp-image-33338 alignleft\" src=\"http:\/\/www.pedromigao.com.br\/ourodetolo\/wp-content\/uploads\/2015\/03\/panelacodilma-300x180.jpg\" alt=\"panelacodilma\" width=\"300\" height=\"180\" srcset=\"http:\/\/www.pedromigao.com.br\/ourodetolo\/wp-content\/uploads\/2015\/03\/panelacodilma-300x180.jpg 300w, http:\/\/www.pedromigao.com.br\/ourodetolo\/wp-content\/uploads\/2015\/03\/panelacodilma-550x330.jpg 550w, http:\/\/www.pedromigao.com.br\/ourodetolo\/wp-content\/uploads\/2015\/03\/panelacodilma.jpg 750w\" sizes=\"auto, (max-width: 300px) 100vw, 300px\" \/><\/a>Mas cerca de 48 horas depois da dobradinha Lindbergh-Collor me levar a essa conclus\u00e3o, descobri que a Lava-Jato tem um simbolismo muito maior, mas que s\u00f3 se manifestou de maneira indireta. Quando a presidente Dilma Rousseff entrou em rede nacional para discursar em homenagem \u00e0s mulheres e para tentar apagar a chama do circo que est\u00e1 pegando fogo, panelas come\u00e7aram a se chocar com colheres. Luzes se acendiam e se apagavam. No que pode ser o primeiro ato simb\u00f3lico de um momento hist\u00f3rico, o Brasil iniciou, de maneira inequ\u00edvoca, o movimento que lutar\u00e1 pelo impeachment de Dilma.<\/p>\n<p style=\"text-align: justify;\">N\u00e3o precisa pensar muito para concluir que a manifesta\u00e7\u00e3o que ganhou boa parte da cidade de S\u00e3o Paulo, al\u00e9m de outras cidades como Belo Horizonte e Bras\u00edlia n\u00e3o foi espont\u00e2nea. Havia um movimento na internet e havia a ideia de se mostrar contr\u00e1rio \u00e0 presidente. E assim foi feito. Portanto, j\u00e1 \u00e9 poss\u00edvel perceber os primeiros sinais de organiza\u00e7\u00e3o que caracterizam qualquer movimento revolucion\u00e1rio. Particularmente, sou contra o impeachment e acho praticamente imposs\u00edvel que ele ocorra, mas simplesmente n\u00e3o d\u00e1 mais para negar que h\u00e1, sim, um movimento em favor do fim do mandato de Dilma.<\/p>\n<p style=\"text-align: justify;\">Neste domingo algumas pessoas espalhadas pelo Brasil deixar\u00e3o isso bem claro. N\u00e3o sei se ser\u00e3o uma, duas ou cinco. Se ser\u00e3o dezenas, centenas, milhares ou mesmo milh\u00f5es. S\u00f3 sei que ser\u00e3o. E fico realmente preocupado com o n\u00edvel do imediatismo do movimento. A corrup\u00e7\u00e3o na Petrobras \u00e9, incontestavelmente, um dos fatores que mais incentivam as pessoas a protestar e, dois dias depois da divulga\u00e7\u00e3o da lista de Janot, ficou claro que ningu\u00e9m entendeu o que ela representa. As pessoas continuam achando, e n\u00e3o \u00e9, acredito eu, por desonestidade, que \u00e9 um esc\u00e2ndalo exclusivo do PT.<\/p>\n<p style=\"text-align: justify;\">Se as pessoas tivessem entendido o que de fato aconteceu, teriam batido panelas contra a Dilma, sim. Mas tamb\u00e9m contra todos os envolvidos na Lava-Jato. Est\u00e3o, sim, todos indignados. Mas n\u00e3o percebem o efeito nulo do objetivo que procuram. Se a Dilma sair, entrar\u00e1 Michel Temer. O pa\u00eds ficar\u00e1 com o PMDB, aquele que, definitivamente, est\u00e1 longe de ser um basti\u00e3o da moralidade. Tiremos o Temer! Agora fica melhor. Entrar\u00e1 Eduardo Cunha, do mesmo PMDB, e que figura na lista do Janot. Tiremos Cunha! Entra Renan Calheiros e que tamb\u00e9m est\u00e1 na lista. \u00c9 totalmente natural que se proteste contra o PT, afinal de contas \u00e9 quem comanda. Mas o movimento, se quer mesmo ajudar o pa\u00eds a mudar, precisa entender que existe algo muito maior acontecendo.<a href=\"http:\/\/www.pedromigao.com.br\/ourodetolo\/wp-content\/uploads\/2015\/03\/renancunha.jpeg\"><img loading=\"lazy\" decoding=\"async\" class=\" size-medium wp-image-33341 alignright\" src=\"http:\/\/www.pedromigao.com.br\/ourodetolo\/wp-content\/uploads\/2015\/03\/renancunha-300x169.jpeg\" alt=\"renancunha\" width=\"300\" height=\"169\" srcset=\"http:\/\/www.pedromigao.com.br\/ourodetolo\/wp-content\/uploads\/2015\/03\/renancunha-300x169.jpeg 300w, http:\/\/www.pedromigao.com.br\/ourodetolo\/wp-content\/uploads\/2015\/03\/renancunha-550x309.jpeg 550w, http:\/\/www.pedromigao.com.br\/ourodetolo\/wp-content\/uploads\/2015\/03\/renancunha.jpeg 690w\" sizes=\"auto, (max-width: 300px) 100vw, 300px\" \/><\/a><\/p>\n<p style=\"text-align: justify;\">A prop\u00f3sito: o povo ajudou a derrubar Collor e o que aconteceu? A corrup\u00e7\u00e3o s\u00f3 aumentou. \u00c9 hora de parar de lutar contra personagens e tentar matar o problema em sua origem. Sinceramente, n\u00e3o sei como fazer isso. A hist\u00f3ria nos mostra que todas as tentativas fracassaram miseravelmente, da Revolu\u00e7\u00e3o Francesa \u00e0 Cabanagem no Par\u00e1. Mas, ainda assim, qualquer revolta contra \u00a0esse sistema que vem saqueando o pa\u00eds nos \u00faltimos 500 anos \u00e9 mais \u00fatil que uma simples revolta insana e inconsciente contra um l\u00edder. Pode n\u00e3o parecer, j\u00e1 que ajudar a derrubar um presidente \u00e9 bem mais espetacular, mas \u00e9.<\/p>\n<p style=\"text-align: justify;\">O problema \u00e9 que no meio de tudo isso existem ideologias. O que eu vou dizer pode parecer forte e talvez v\u00e1 te deixar irritado, mas, em minha an\u00e1lise, uma ideologia pol\u00edtica \u00e9 a maior desgra\u00e7a que pode acontecer em uma sociedade. Ideologias cegam, ideologias fazem quem as seguem lutar contra si pr\u00f3prio pelo simples prazer de ganhar uma discuss\u00e3o. Isso ocorre desde um voto ideol\u00f3gico (quando na verdade o voto deve ser em quem cumpra uma demanda de um pa\u00eds\/estado\/cidade naquele quadri\u00eanio) at\u00e9 um verdadeiro Fla-Flu entre os que querem a cabe\u00e7a de Dilma em uma bandeja e os que contam os segundos para votar 13 mais uma vez em 2018.<\/p>\n<p style=\"text-align: justify;\">Tenho acompanhado desde domingo nas redes sociais um inacredit\u00e1vel movimento a favor de Dilma. Confesso que admiro quem conseguiu defender o discurso pat\u00e9tico que a presidente fez em rede nacional, mas isso n\u00e3o me surpreende. Agora, fico realmente preocupado ao ver que existem pessoas inteligentes que realmente acreditam que um movimento deixa de ser popular ou leg\u00edtimo porque tem a companhia dos ricos. Me choca notar que muitas pessoas admirariam um movimento cujo panela\u00e7o ocorresse no Cap\u00e3o Redondo, mas que debocham de maneira absurda do mesmo panela\u00e7o s\u00f3 porque aconteceu em bairros nobres.<\/p>\n<p style=\"text-align: justify;\">Como eu disse, n\u00e3o d\u00e1 mais para negar que h\u00e1 um movimento que quer o impeachment. Mas, para o PT, claro, \u00e9 conveniente lan\u00e7ar um discurso comprado com muita facilidade pela milit\u00e2ncia e pelos demais simpatizantes em geral. \u00c9 muito conveniente resumir o pensamento de milhares (ou talvez milh\u00f5es) de pessoas das mais diversas classes e das mais diversas regi\u00f5es a uma histeria de meia d\u00fazia de alienados que v\u00e3o fazer compras em Miami. \u00c9 f\u00e1cil dizer que as pessoas que querem o fim do governo do PT com suas convic\u00e7\u00f5es querem, na verdade, um golpe de Estado e a volta da ditadura militar. Eu sou contra o impeachment, mas n\u00e3o posso impedir algu\u00e9m de ser a favor. Pelo menos \u00e9 o que sempre disseram, mas agora n\u00e3o tem sido mais assim.<\/p>\n<p style=\"text-align: justify;\">No discurso petista, mais que na fala da presidente, fica claro o medo. O PT sabe que h\u00e1 um movimento cada vez maior contra ele e precisa abaf\u00e1-lo o quanto antes. O melhor caminho para isso \u00e9 a descaracteriza\u00e7\u00e3o, acreditam. \u00c9 como se dissessem aos mais pobres que o movimento do qual participar\u00e3o n\u00e3o lhes pertence. \u00c9 coisa de socialite e de milion\u00e1rio. Pensam que, assim, a tempestade passar\u00e1. Ledo engano. A estrat\u00e9gia apenas evidencia o desespero e aumenta (bem pouco, \u00e9 verdade), as chances do impeachment.<\/p>\n<p style=\"text-align: justify;\">Se este ocorrer, o PT entrar\u00e1 em colapso, Dilma ficar\u00e1 marcada na hist\u00f3ria de maneira negativa e viveremos anos de bastante tens\u00e3o e incerteza. Enquanto isso, v\u00e1rios esc\u00e2ndalos acontecer\u00e3o em Bras\u00edlia enquanto renovamos nossas esperan\u00e7as com um salvador da p\u00e1tria qualquer.<\/p>\n<p style=\"text-align: justify;\">Depois n\u00e3o adianta fazer panela\u00e7o.<\/p>\n","protected":false},"excerpt":{"rendered":"<p>A lista dos mais de 50 pol\u00edticos que ser\u00e3o investigados de maneira mais atenta por conta do esc\u00e2ndalo de corrup\u00e7\u00e3o na Petrobras veio carregada deTour Details<\/p>\n","protected":false},"author":40,"featured_media":0,"comment_status":"open","ping_status":"open","sticky":false,"template":"","format":"standard","meta":{"footnotes":""},"categories":[351],"tags":[60,58,24,27],"class_list":["post-33333","post","type-post","status-publish","format-standard","hentry","category-filho-prodigo","tag-brasil","tag-economia","tag-politica","tag-sociedade"],"_links":{"self":[{"href":"http:\/\/www.pedromigao.com.br\/ourodetolo\/wp-json\/wp\/v2\/posts\/33333","targetHints":{"allow":["GET"]}}],"collection":[{"href":"http:\/\/www.pedromigao.com.br\/ourodetolo\/wp-json\/wp\/v2\/posts"}],"about":[{"href":"http:\/\/www.pedromigao.com.br\/ourodetolo\/wp-json\/wp\/v2\/types\/post"}],"author":[{"embeddable":true,"href":"http:\/\/www.pedromigao.com.br\/ourodetolo\/wp-json\/wp\/v2\/users\/40"}],"replies":[{"embeddable":true,"href":"http:\/\/www.pedromigao.com.br\/ourodetolo\/wp-json\/wp\/v2\/comments?post=33333"}],"version-history":[{"count":0,"href":"http:\/\/www.pedromigao.com.br\/ourodetolo\/wp-json\/wp\/v2\/posts\/33333\/revisions"}],"wp:attachment":[{"href":"http:\/\/www.pedromigao.com.br\/ourodetolo\/wp-json\/wp\/v2\/media?parent=33333"}],"wp:term":[{"taxonomy":"category","embeddable":true,"href":"http:\/\/www.pedromigao.com.br\/ourodetolo\/wp-json\/wp\/v2\/categories?post=33333"},{"taxonomy":"post_tag","embeddable":true,"href":"http:\/\/www.pedromigao.com.br\/ourodetolo\/wp-json\/wp\/v2\/tags?post=33333"}],"curies":[{"name":"wp","href":"https:\/\/api.w.org\/{rel}","templated":true}]}}