{"id":32751,"date":"2015-02-14T16:31:10","date_gmt":"2015-02-14T18:31:10","guid":{"rendered":"http:\/\/www.pedromigao.com.br\/ourodetolo\/?p=32751"},"modified":"2015-02-14T16:37:31","modified_gmt":"2015-02-14T18:37:31","slug":"a-primeira-noite-dos-sambas","status":"publish","type":"post","link":"http:\/\/www.pedromigao.com.br\/ourodetolo\/2015\/02\/a-primeira-noite-dos-sambas\/","title":{"rendered":"A primeira noite dos sambas"},"content":{"rendered":"<p style=\"text-align: justify;\">O que os ouvidos n\u00e3o escutam o cora\u00e7\u00e3o n\u00e3o sente. Minha rela\u00e7\u00e3o com escolas de samba passa pelos sambas de enredo. Para mim n\u00e3o adianta, portanto, assistir a um desfile visualmente bom se a trilha sonora \u00e9 ruim. O desfile do grupo de acesso, neste quesito, come\u00e7ou mal. A primeira noite, para quem \u00e9 f\u00e3 de samba de enredo, foi uma tortura quase sem precedentes.<\/p>\n<p style=\"text-align: justify;\">A Unidos de Bangu ousou um enredo megaloman\u00edaco, sobre diversos imp\u00e9rios, que s\u00f3 podia mesmo produzir um samba-colagem de m\u00e1 qualidade, que em apenas seis versos tentou falar da cria\u00e7\u00e3o do mundo, do Jap\u00e3o, do Egito e da P\u00e9rsia; e em tr\u00eas versos cantou maias, incas, astecas e a chegada de D. Jo\u00e3o ao Brasil. N\u00e3o h\u00e1 compositor que resolva um enredo que podia, pelo menos, ser desmembrado em seis. A bateria ajudou a piorar.<\/p>\n<p style=\"text-align: justify;\">A Em Cima da Hora foi \u00f3tima apenas no esquenta, com &#8220;Destino D. Pedro II&#8221; e &#8220;Os Sert\u00f5es&#8221;. Desfilou (sic) como bloco de sujo de quinta categoria e com um samba fraqu\u00edssimo. Era caso de algum maluco que pagou uma grana pelo ingresso para assistir a um desfile de escola de samba denunciar a escola ao Procon.<\/p>\n<p style=\"text-align: justify;\">O que veio depois tamb\u00e9m n\u00e3o me animou.<\/p>\n<p style=\"text-align: justify;\"><a href=\"http:\/\/www.pedromigao.com.br\/ourodetolo\/wp-content\/uploads\/2015\/02\/curicica2015f.jpg\"><img loading=\"lazy\" decoding=\"async\" class=\" wp-image-32753 alignleft\" src=\"http:\/\/www.pedromigao.com.br\/ourodetolo\/wp-content\/uploads\/2015\/02\/curicica2015f-550x309.jpg\" alt=\"curicica2015f\" width=\"300\" height=\"169\" srcset=\"http:\/\/www.pedromigao.com.br\/ourodetolo\/wp-content\/uploads\/2015\/02\/curicica2015f-550x309.jpg 550w, http:\/\/www.pedromigao.com.br\/ourodetolo\/wp-content\/uploads\/2015\/02\/curicica2015f-300x169.jpg 300w, http:\/\/www.pedromigao.com.br\/ourodetolo\/wp-content\/uploads\/2015\/02\/curicica2015f.jpg 960w\" sizes=\"auto, (max-width: 300px) 100vw, 300px\" \/><\/a>Tivemos o Imp\u00e9rio Serrano cantando um bom samba que, para mim, passou acelerado, prejudicando bastante os trechos mais melodiosos, e um bando de sambas fraqu\u00edssimos: o inacredit\u00e1vel \u201cdesejo canibal\u201d da Tuiuti (a escola, justi\u00e7a seja feita, evitou a rima f\u00e1cil com Sapuca\u00ed); o p\u00e9ssimo samba da Curicica, com melodia marcheada e letra incapaz de apresentar at\u00e9 um simulacro de narrativa que justificasse o enredo; o espantoso \u201cluminescente \u00e9 a vida a brilhar\u201d da Porto da Pedra; a marchinha da Caprichosos com um amontoado de versos com prec\u00e1ria estrutura narrativa e solu\u00e7\u00f5es de rima que apelaram at\u00e9 para o batido \u201c\u00e9 sensacional\u201d.<\/p>\n<p style=\"text-align: justify;\">Em resumo: as letras beiram a indig\u00eancia; a narrativa morreu\u202fcomo recurso de composi\u00e7\u00e3o (o que temos em geral s\u00e3o frases soltas sobre os enredos, que muitas vezes nem minimamente concatenadas est\u00e3o); as melodias s\u00e3o chapadas e previs\u00edveis; as boas melodias penam com a acelera\u00e7\u00e3o das baterias; o som do samb\u00f3dromo n\u00e3o ajuda e ainda atrapalha.<\/p>\n<p style=\"text-align: justify;\">O \u00fanico g\u00eanero \u00e9pico da m\u00fasica brasileira n\u00e3o merecia essa noite de sexta-feira 13.<\/p>\n","protected":false},"excerpt":{"rendered":"<p>O que os ouvidos n\u00e3o escutam o cora\u00e7\u00e3o n\u00e3o sente. Minha rela\u00e7\u00e3o com escolas de samba passa pelos sambas de enredo. Para mim n\u00e3o adianta,Tour Details<\/p>\n","protected":false},"author":16,"featured_media":0,"comment_status":"open","ping_status":"open","sticky":false,"template":"","format":"standard","meta":{"footnotes":""},"categories":[292],"tags":[133,190,19,143,521,520,479,525,823],"class_list":["post-32751","post","type-post","status-publish","format-standard","hentry","category-historias-brasileiras","tag-caprichosos-de-pilares","tag-em-cima-da-hora","tag-escolas-de-samba","tag-imperio-serrano","tag-paraiso-do-tuiuti","tag-porto-da-pedra","tag-serie-a","tag-uniao-do-parque-curicica","tag-unidos-de-bangu"],"_links":{"self":[{"href":"http:\/\/www.pedromigao.com.br\/ourodetolo\/wp-json\/wp\/v2\/posts\/32751","targetHints":{"allow":["GET"]}}],"collection":[{"href":"http:\/\/www.pedromigao.com.br\/ourodetolo\/wp-json\/wp\/v2\/posts"}],"about":[{"href":"http:\/\/www.pedromigao.com.br\/ourodetolo\/wp-json\/wp\/v2\/types\/post"}],"author":[{"embeddable":true,"href":"http:\/\/www.pedromigao.com.br\/ourodetolo\/wp-json\/wp\/v2\/users\/16"}],"replies":[{"embeddable":true,"href":"http:\/\/www.pedromigao.com.br\/ourodetolo\/wp-json\/wp\/v2\/comments?post=32751"}],"version-history":[{"count":0,"href":"http:\/\/www.pedromigao.com.br\/ourodetolo\/wp-json\/wp\/v2\/posts\/32751\/revisions"}],"wp:attachment":[{"href":"http:\/\/www.pedromigao.com.br\/ourodetolo\/wp-json\/wp\/v2\/media?parent=32751"}],"wp:term":[{"taxonomy":"category","embeddable":true,"href":"http:\/\/www.pedromigao.com.br\/ourodetolo\/wp-json\/wp\/v2\/categories?post=32751"},{"taxonomy":"post_tag","embeddable":true,"href":"http:\/\/www.pedromigao.com.br\/ourodetolo\/wp-json\/wp\/v2\/tags?post=32751"}],"curies":[{"name":"wp","href":"https:\/\/api.w.org\/{rel}","templated":true}]}}