{"id":31483,"date":"2014-12-30T08:57:09","date_gmt":"2014-12-30T10:57:09","guid":{"rendered":"http:\/\/www.pedromigao.com.br\/ourodetolo\/?p=31483"},"modified":"2014-12-30T09:00:41","modified_gmt":"2014-12-30T11:00:41","slug":"deixaram-o-samba-enredo-morrer-deixaram-o-samba-acabar","status":"publish","type":"post","link":"http:\/\/www.pedromigao.com.br\/ourodetolo\/2014\/12\/deixaram-o-samba-enredo-morrer-deixaram-o-samba-acabar\/","title":{"rendered":"Deixaram o Samba Enredo Morrer, Deixaram o Samba Acabar!"},"content":{"rendered":"<p style=\"text-align: justify;\">T\u00e1 rolando uma enquete interna aqui no Ouro de Tolo (OT) para escolher a melhor safra de sambas de enredo desde que eles come\u00e7aram a ser gravados, o que remonta a tempos imemoriais quando nem eu, que sou veterano, era nascido.<\/p>\n<p style=\"text-align: justify;\">Dada a minha condi\u00e7\u00e3o leiga eu supostamente n\u00e3o deveria nem participar, mas como n\u00e3o resisto a uma enquete acabei dando o meu voto.<\/p>\n<p style=\"text-align: justify;\">Acima de qualquer ano, 1976, que tem o samba da Imp\u00e9rio que a Marisa Monte gravou (<em>\u201cogunt\u00ea, marab\u00f4, caiala e sob\u00e1, oloxum, ynai\u00ea, jana\u00edna e yemanj\u00e1&#8221;<\/em>), tem o samba do Neguinho (<em>&#8220;sonhar com filharada \u00e9 o coelhinho, com gente teimosa na cabe\u00e7a d\u00e1 burrinho&#8221;<\/em>), tem o samba cult da Em Cima da Hora (<em>\u201cos jagun\u00e7os lutaram at\u00e9 o final, defendendo Canudos naquela guerra fatal\u201d<\/em>), tem o samba da Mangueira\u2026<\/p>\n<p style=\"text-align: justify;\">Lembrei tamb\u00e9m da Festa para um Rei Negro, do Salgueiro de 1971, provavelmente a m\u00fasica brasileira mais conhecida no exterior depois de Garota de Ipanema. Imposs\u00edvel n\u00e3o se emocionar vendo a torcida do Barcelona cantando \u201cO L\u00ea L\u00ea O L\u00e1 L\u00e1 Ser de Bar\u00e7a Es Lo Mejor que Hi Ha\u201d.<\/p>\n<p><iframe loading=\"lazy\" title=\"O le le, O la la, ser del Bar\u00e7a \u00e9s el millor que hi ha\" width=\"525\" height=\"295\" src=\"https:\/\/www.youtube.com\/embed\/Fbvyfb9E4vs?feature=oembed\" frameborder=\"0\" allow=\"accelerometer; autoplay; clipboard-write; encrypted-media; gyroscope; picture-in-picture; web-share\" referrerpolicy=\"strict-origin-when-cross-origin\" allowfullscreen><\/iframe><\/p>\n<p style=\"text-align: justify;\">Nos anos 80 e 90 tamb\u00e9m lembro de uns sambas bacanas. O Jegue da Imperatriz, o Ita no Norte (\u201cexplode cora\u00e7\u00e3o, \u00e9 lindo o meu Salgueiro\u201d), o Caymmi do Ivo Meirelles (\u201cBahia terra sagrada de Yemanj\u00e1 e Ians\u00e3, Mangueira Supercampe\u00e3), Portela com Contos de Areia (\u201c\u00e9 Clara Guerreira\u201d) e o samba do David Correa (\u201cdeixa-me encantar, com tudo teu, e revelar\u201d), Festa Profana, imortalizado pela arquibancada (\u201cconfete e serpentina, vou dar porrada na torcida vasca\u00edna\u201d)&#8230; Kizomba, S\u00f3 da L\u00e1l\u00e1, Liberdade Liberdade Abre as Asas Sobre N\u00f3s&#8230;<\/p>\n<p style=\"text-align: justify;\">Mas virou o s\u00e9culo e eu n\u00e3o lembro de mais nenhum samba! Nenhum. Nem dos dois sambas que desfilei no Salgueiro, um deles, inclusive, campe\u00e3o do Carnaval, eu consigo me lembrar. Eles se apagaram da minha mem\u00f3ria.<\/p>\n<p style=\"text-align: justify;\">Nos anos 70 e 80 os sambas tocavam nas r\u00e1dios meses antes do Carnaval. Todo mundo conhecia os sambas mais pedidos pelos ouvintes. E era costume comprar o LP das Escolas de Samba. Cheguei a conhecer um gaiato que levou para Central do Brasil uma vitrola com alto falante para tocar os sambas das grandes escolas e vender um LP por menos da metade do pre\u00e7o das lojas. S\u00f3 quando chegava em casa o incauto comprador se dava conta de que estava comprando os discos encalhados das escolas de Cabo Frio, mas o malandro desaparecia para sempre; fazia a f\u00e9ria em um \u00fanico dia.<\/p>\n<p style=\"text-align: justify;\">Nos anos 90 esse h\u00e1bito foi diminuindo, mas os sambas ainda chegavam at\u00e9 n\u00f3s. S\u00f3 que tem quase 20 anos que os sambas se tornaram algo confinado aos redutos dos mais enfronhados nesse ambiente. A imensa maioria do p\u00fablico n\u00e3o est\u00e1 nem a\u00ed para o que as escolas produzem a cada ano e a m\u00fasica s\u00f3 \u00e9 ouvida no dia dos desfiles (ou em pequenos intervalos na TV Globo, em an\u00fancios que ningu\u00e9m d\u00e1 muita bola).<\/p>\n<p><iframe loading=\"lazy\" title=\"Vila Isabel 2013 - A Vila Canta o Brasil Celeiro do Mundo... by Calefrancisco\" width=\"525\" height=\"295\" src=\"https:\/\/www.youtube.com\/embed\/PClPR3c2GJo?feature=oembed\" frameborder=\"0\" allow=\"accelerometer; autoplay; clipboard-write; encrypted-media; gyroscope; picture-in-picture; web-share\" referrerpolicy=\"strict-origin-when-cross-origin\" allowfullscreen><\/iframe><\/p>\n<p style=\"text-align: justify;\">Para mim, a humilha\u00e7\u00e3o suprema e a comprova\u00e7\u00e3o definitiva deste afastamento do samba do p\u00fablico em geral aconteceu em 2013. A Vila Isabel foi campe\u00e3 do Carnaval com um samba assinado por Arlindo Cruz, Martinho da Vila, seu filho Tunico da Vila e Andr\u00e9 Diniz &#8211; ou seja, haja grife. Como o Andr\u00e9 e o Tunico s\u00e3o rubro-negros para valer, o Tunico fez uma adapta\u00e7\u00e3o da letra para ser cantada na arquibancada, falava em Zico, em Na\u00e7\u00e3o, em tudo de bom que o Flamengo tem e ficou realmente bacana. Divulgaram para caramba, fizeram v\u00eddeo e o espalharam nas redes sociais, distribu\u00edram a letra.<\/p>\n<p style=\"text-align: justify;\">E, na hora \u201ch\u201d, a torcida do Flamengo resolveu cantar\u2026Viva La Vida, do Coldplay!<\/p>\n<p style=\"text-align: justify;\">Por que isso acontece? Sei l\u00e1! S\u00f3 sei que as escolas de samba deveriam refletir, para come\u00e7o de conversa, sobre o processo de escolha de suas m\u00fasicas.<\/p>\n<p style=\"text-align: justify;\">Tr\u00eas anos atr\u00e1s um amigo me convidou para \u201cassinar\u201d um samba em uma escola famosa (n\u00e3o, n\u00e3o \u00e9 o Salgueiro, tampouco a Portela dos amigos do OT). O que eu precisava fazer? Pagar! Eu aportaria uma polpuda contribui\u00e7\u00e3o em dinheiro para ajudar na divulga\u00e7\u00e3o do samba e assim, sem ter escrito uma linha ou composto um acorde, viraria compositor. Com direito a desfilar na ala respectiva da escola, com aquele terno decorado com a ins\u00edgnia de um compositor que eu nunca fui.<\/p>\n<p style=\"text-align: justify;\">Ou\u00e7o falar em \u201cescrit\u00f3rios\u201d do samba, que s\u00e3o centrais de produ\u00e7\u00e3o de sambas de compositores ocultos. Ou\u00e7o falar em \u201cpombos\u201d, curiosa express\u00e3o que me ensinaram aqui no OT, uma vers\u00e3o sambista dos consagrados laranjas, ou seja, gente que se apresenta publicamente no lugar de outro, que n\u00e3o pode aparecer por raz\u00f5es quase sempre inconfess\u00e1veis. Ou\u00e7o falar em pequenas fortunas empregadas no processo de escolha, assemelhando-se ao financiamento eleitoral. Ou\u00e7o falar em manipula\u00e7\u00e3o deslavada, arbitrariedades de toda sorte, roubalheiras de corar frades de pedra.<\/p>\n<p><iframe loading=\"lazy\" title=\"Mocidade 1975 4\/12 - O Mundo Fant\u00e1stico do Uirapuru\" width=\"525\" height=\"394\" src=\"https:\/\/www.youtube.com\/embed\/lJ2S-wfX8jI?feature=oembed\" frameborder=\"0\" allow=\"accelerometer; autoplay; clipboard-write; encrypted-media; gyroscope; picture-in-picture; web-share\" referrerpolicy=\"strict-origin-when-cross-origin\" allowfullscreen><\/iframe><\/p>\n<p style=\"text-align: justify;\">N\u00e3o \u00e9 de se estranhar que em um ambiente com esse grau de degrada\u00e7\u00e3o tudo fique menor e mais dif\u00edcil de se ir al\u00e9m dele. A popula\u00e7\u00e3o, desconfio, n\u00e3o deixou de gostar de samba. As escolas de samba \u00e9 que parecem n\u00e3o estar nem a\u00ed para os gostos da popula\u00e7\u00e3o e preferem produzir m\u00fasicas para acomodar seus arranjos internos ou agradar unicamente seus adeptos mais fi\u00e9is.<\/p>\n<p style=\"text-align: justify;\">Os quais, ali\u00e1s, tamb\u00e9m parecem se ressentir desse momento. Afinal, na dita enquete aqui do OT, em meio a tantos experts, os sambas do passado aplicam uma goleada sobre os sambas desse mil\u00eanio.<\/p>\n<p style=\"text-align: justify;\">S\u00f3 posso concluir que como fen\u00f4meno cultural e social, deixaram mesmo os sambas de enredo morrerem e acabarem, para desgosto da mangueirense Alcione. Hoje eles s\u00e3o apenas uma vers\u00e3o musical do Uirapuru, aquele p\u00e1ssaro de canto bonito, mas que s\u00f3 canta umas 15 vezes por ano e ainda assim para ouvi-lo \u00e9 necess\u00e1rio ir ao seu habitat.<\/p>\n<p style=\"text-align: justify;\"><strong>Imagem: O Globo<\/strong><\/p>\n<p><iframe loading=\"lazy\" title=\"Portela 2012 - Desfile das Escolas de Samba - Sem Narra\u00e7\u00e3o\" width=\"525\" height=\"394\" src=\"https:\/\/www.youtube.com\/embed\/vu2C2AADxOY?feature=oembed\" frameborder=\"0\" allow=\"accelerometer; autoplay; clipboard-write; encrypted-media; gyroscope; picture-in-picture; web-share\" referrerpolicy=\"strict-origin-when-cross-origin\" allowfullscreen><\/iframe><\/p>\n","protected":false},"excerpt":{"rendered":"<p>T\u00e1 rolando uma enquete interna aqui no Ouro de Tolo (OT) para escolher a melhor safra de sambas de enredo desde que eles come\u00e7aram aTour Details<\/p>\n","protected":false},"author":10,"featured_media":0,"comment_status":"open","ping_status":"open","sticky":false,"template":"","format":"standard","meta":{"footnotes":""},"categories":[38],"tags":[18,535,12,19],"class_list":["post-31483","post","type-post","status-publish","format-standard","hentry","category-bissexta","tag-carnaval","tag-carnaval-2015","tag-cultura","tag-escolas-de-samba"],"_links":{"self":[{"href":"http:\/\/www.pedromigao.com.br\/ourodetolo\/wp-json\/wp\/v2\/posts\/31483","targetHints":{"allow":["GET"]}}],"collection":[{"href":"http:\/\/www.pedromigao.com.br\/ourodetolo\/wp-json\/wp\/v2\/posts"}],"about":[{"href":"http:\/\/www.pedromigao.com.br\/ourodetolo\/wp-json\/wp\/v2\/types\/post"}],"author":[{"embeddable":true,"href":"http:\/\/www.pedromigao.com.br\/ourodetolo\/wp-json\/wp\/v2\/users\/10"}],"replies":[{"embeddable":true,"href":"http:\/\/www.pedromigao.com.br\/ourodetolo\/wp-json\/wp\/v2\/comments?post=31483"}],"version-history":[{"count":0,"href":"http:\/\/www.pedromigao.com.br\/ourodetolo\/wp-json\/wp\/v2\/posts\/31483\/revisions"}],"wp:attachment":[{"href":"http:\/\/www.pedromigao.com.br\/ourodetolo\/wp-json\/wp\/v2\/media?parent=31483"}],"wp:term":[{"taxonomy":"category","embeddable":true,"href":"http:\/\/www.pedromigao.com.br\/ourodetolo\/wp-json\/wp\/v2\/categories?post=31483"},{"taxonomy":"post_tag","embeddable":true,"href":"http:\/\/www.pedromigao.com.br\/ourodetolo\/wp-json\/wp\/v2\/tags?post=31483"}],"curies":[{"name":"wp","href":"https:\/\/api.w.org\/{rel}","templated":true}]}}