{"id":31382,"date":"2014-12-23T04:35:40","date_gmt":"2014-12-23T06:35:40","guid":{"rendered":"http:\/\/www.pedromigao.com.br\/ourodetolo\/?p=31382"},"modified":"2014-12-22T16:00:58","modified_gmt":"2014-12-22T18:00:58","slug":"os-sambas-de-enredo-da-serie-a-para-o-carnaval-de-2015-i","status":"publish","type":"post","link":"http:\/\/www.pedromigao.com.br\/ourodetolo\/2014\/12\/os-sambas-de-enredo-da-serie-a-para-o-carnaval-de-2015-i\/","title":{"rendered":"Os sambas de enredo da S\u00e9rie A para o Carnaval de 2015 &#8211; I"},"content":{"rendered":"<p style=\"text-align: justify;\">Bem, depois de analisados os 12 sambas do Grupo Especial para o Carnaval de 2015, venho hoje com meus pitacos para as 15 obras que passar\u00e3o pela Marqu\u00eas de Sapuca\u00ed nos dias 13 e 14 de fevereiro, pela S\u00e9rie A, o novo \u2013 j\u00e1 nem t\u00e3o novo assim \u2013 Grupo de Acesso.<\/p>\n<p style=\"text-align: justify;\">De uma interessant\u00edssima safra de enredos saiu uma grande safra de sambas. Por conta da aus\u00eancia de reedi\u00e7\u00f5es, acho uma safra ligeiramente inferior \u00e0 do ano passado, mas, ao contr\u00e1rio de 2014, muito melhor que a do Grupo Especial. Como sempre gosto de frisar, embora meu par\u00e2metro seja o CD oficial e na Avenida as coisas \u00e0s vezes s\u00e3o diferentes, dou minhas notas e fa\u00e7o minhas an\u00e1lises baseado nos crit\u00e9rios de julgamento do quesito samba-enredo: para a letra (de 4,5 a 5,0), a adequa\u00e7\u00e3o ao enredo, o bom gosto e sua adapta\u00e7\u00e3o \u00e0 melodia; para a melodia (tamb\u00e9m 4,5 a 5,0), suas caracter\u00edsticas r\u00edtmicas, seu bom gosto e o entrosamento com o canto do componente.<\/p>\n<p style=\"text-align: justify;\">N\u00e3o que eu queira ser jurado, ou que eu concorde com os m\u00e9todos atuais, mas penso que os sambas s\u00e3o escolhidos para tirarem 10 e n\u00e3o para me agradar. Ent\u00e3o, que assim sejam analisados. Eis as notas, na ordem dos desfiles \u2013 hoje as escolas de sexta e amanh\u00e3, s\u00e1bado.<\/p>\n<p style=\"text-align: justify;\"><em>Sexta-Feira, 13 de fevereiro<\/em><\/p>\n<p>http:\/\/www.youtube.com\/watch?v=AyKMs5rHQQc<\/p>\n<p style=\"text-align: justify;\"><strong>Unidos de Bangu<\/strong><\/p>\n<p style=\"text-align: justify;\"><em>Enredo: \u201cImperium\u201d<\/em><\/p>\n<p style=\"text-align: justify;\"><em>Compositores: Serginho Aguiar, Dudu Senna, Bruno Ferraz, Mi\u00fado da Bahia, Walace Harmonia, Diego Rodrigues, Allan Santos, Rodrigo Barbosa e Leozinho Nunes<\/em><\/p>\n<p style=\"text-align: justify;\"><em>Int\u00e9rpretes: Marcelo Rodrigues e Alex Soares<\/em><\/p>\n<p style=\"text-align: justify;\">Voltando \u00e0 Marqu\u00eas de Sapuca\u00ed ap\u00f3s mais de 25 anos de aus\u00eancia, a Unidos de Bangu traz para a Avenida um interessante enredo sobre os imp\u00e9rios da hist\u00f3ria da humanidade. A louv\u00e1vel op\u00e7\u00e3o por n\u00e3o reeditar um samba antigo rendeu uma obra de muita qualidade para abrir os desfiles da S\u00e9rie A. Gosto muito do refr\u00e3o principal, especialmente do verso <em>\u201ccheguei pra ficar\u201d<\/em> e do que imagino ser um trocadilho com o bairro de origem da escola, <em>\u201cvem sentir meu calor\u201d.<\/em> Considero, no entanto, que o verso <em>\u201crespeite meu manto\u201d<\/em> no segundo verso foi colocado apenas para \u201ctapar buraco\u201d na melodia, quebrando assim o sentido da letra.<\/p>\n<p style=\"text-align: justify;\">A letra, ali\u00e1s, \u00e9 excelente. A sinopse, excessivamente indireta, me pareceu um pouco complicada, mas os compositores souberam trabalhar cada um dos setores com clareza, com cita\u00e7\u00f5es facilmente captadas aos imp\u00e9rios mais importantes. A exce\u00e7\u00e3o \u00e9 o refr\u00e3o do meio, que menciona na verdade um trecho que n\u00e3o est\u00e1 na sinopse e sim na justificativa. A melodia tamb\u00e9m me agrada bastante. H\u00e1 uma mudan\u00e7a mel\u00f3dica muito bem constru\u00edda no verso <em>\u201chonra e gl\u00f3ria marcadas na hist\u00f3ria\u201d <\/em>e a sa\u00edda do refr\u00e3o do meio para o primeiro verso da segunda parte \u00e9 espetacular. Esse comecinho, ali\u00e1s, tamb\u00e9m merece elogios. Sinto falta apenas de um momento de maior explos\u00e3o fora do refr\u00e3o principal. Constantemente criticado, Marcelo Rodrigues cantou bem o samba ao lado do estreante Alex Soares. Os dois, apesar da dupla recentemente formada, estavam bem entrosados no CD.<\/p>\n<p style=\"text-align: justify;\">Letra do Samba: 4,8. Melodia: 4,9. <strong>Nota: 9,7.<\/strong><\/p>\n<p><iframe loading=\"lazy\" title=\"Em Cima da Hora 2015 - Ensaio t\u00e9cnico - &quot;Int\u00e9rprete&quot; (20\/12\/2014)\" width=\"525\" height=\"295\" src=\"https:\/\/www.youtube.com\/embed\/Bz6v1lRM53w?feature=oembed\" frameborder=\"0\" allow=\"accelerometer; autoplay; clipboard-write; encrypted-media; gyroscope; picture-in-picture; web-share\" referrerpolicy=\"strict-origin-when-cross-origin\" allowfullscreen><\/iframe><\/p>\n<p style=\"text-align: justify;\"><strong>Em Cima da Hora<\/strong><\/p>\n<p style=\"text-align: justify;\"><em>Enredo: \u201cNo cora\u00e7\u00e3o da cidade: uma hist\u00f3ria das mil e uma noites \u2013 o Rio das Ar\u00e1bias\u201d<\/em><\/p>\n<p style=\"text-align: justify;\"><em>Compositores: Thiago Meiners, Andr\u00e9 Kaballa, Carlos Botafogo, Gl\u00e1ucio Gutierres, Alexandre Gord\u00e3o, R10, Shazam, Wilson Bizzar e GilsonSouza<\/em><\/p>\n<p style=\"text-align: justify;\"><em>Int\u00e9rprete: Ciganerey<\/em><\/p>\n<p style=\"text-align: justify;\">Era \u00f3bvio que, depois de reeditar \u201cOs Sert\u00f5es\u201d, a Em Cima da Hora traria uma obra de qualidade muito inferior para o seu segundo ano de S\u00e9rie A. Ainda assim, o samba que ir\u00e1 traduzir o enredo da influ\u00eancia dos imigrantes \u00e1rabes no Rio de Janeiro \u00e9 de bom n\u00edvel.<\/p>\n<p style=\"text-align: justify;\">A letra \u00e9 das mais inspiradas de todo o CD,uma descri\u00e7\u00e3o fiel do \u00f3timo enredo. J\u00e1 no refr\u00e3o principal, gosto muito dos versos <em>\u201ccom a ben\u00e7\u00e3o dos bambas e do Redentor \/ meu Rio das Ar\u00e1bias chegou\u201d<\/em>. O ponto alto do samba mesmo, ao meu ver, est\u00e1 nos \u00faltimos versos da primeira parte: <em>\u201cdeixando os pal\u00e1cios e desertos \/ cruzando os sete mares, rumo incerto \/ at\u00e9 o para\u00edso encontrar\u201d<\/em>. O trecho j\u00e1 \u00e9 bom por si s\u00f3, mas fica sensacional mesmo porque recebe uma resposta no excelente refr\u00e3o do meio: <em>\u201ce te encontrei&#8230; Cidade Maravilhosa \/ que encanta meu olhar\u201d<\/em>. \u00c9 o gancho necess\u00e1rio para a segunda parte, que fala sobre os \u00e1rabes no Rio.<\/p>\n<p style=\"text-align: justify;\">A parte em quest\u00e3o tamb\u00e9m tem versos inspirados como <em>\u201cnos jornais do dia a dia s\u00e3o mensagens de saudade\u201d<\/em> e <em>\u201ceu vou fazer da Passarela o meu Saara\u201d<\/em>. A melodia tamb\u00e9m \u00e9 muito correta e tem entrosamento perfeito com os versos, mas sinto falta de uma ousadia maior. Tudo \u00e9 muito linear, o que torna o samba um pouco cansativo. Tamb\u00e9m me desagrada a subida de tom excessiva no primeiro verso do refr\u00e3o principal, <em>\u201cdeixa a festa rolar\u201d<\/em>. Ciganerey, por sua vez, conduz o samba com o brilhantismo habitual, mas poderia ter acrescentado mais \u00e0 obra.<\/p>\n<p style=\"text-align: justify;\">Letra do Samba: 5,0. Melodia: 4,8. <strong>Nota: 9,8.<\/strong><\/p>\n<p><iframe loading=\"lazy\" title=\"Imp\u00e9rio Serrano 2015 - Lan\u00e7amento do CD - S\u00e9rie A (06\/12\/2014)\" width=\"525\" height=\"295\" src=\"https:\/\/www.youtube.com\/embed\/jE2V25WKwgA?feature=oembed\" frameborder=\"0\" allow=\"accelerometer; autoplay; clipboard-write; encrypted-media; gyroscope; picture-in-picture; web-share\" referrerpolicy=\"strict-origin-when-cross-origin\" allowfullscreen><\/iframe><\/p>\n<p style=\"text-align: justify;\"><strong>Imp\u00e9rio Serrano<\/strong><\/p>\n<p style=\"text-align: justify;\"><em>Enredo: \u201cPoema aos Peregrinos da F\u00e9\u201d<\/em><\/p>\n<p style=\"text-align: justify;\"><em>Compositores: Arlindo Cruz, Arlindo Neto, Lucas Donato, Alex Ribeiro, Rog\u00ea, Carlos Senna, Beto BR, Andinho Samara, Z\u00e9 Gl\u00f3ria, Wagner Rog\u00e9rio, Ronaldo Nunes, L\u00e9o Guimar\u00e3es e Chico Matos<\/em><\/p>\n<p style=\"text-align: justify;\"><em>Int\u00e9rpretes: Cremilson Silva, Alex Ribeiro, Arlindo Neto e Lucas Donato<\/em><\/p>\n<p style=\"text-align: justify;\">Depois de dois anos, o Imp\u00e9rio Serrano enfim tem um samba que n\u00e3o \u00e9 apenas bom, mas \u00e9 tamb\u00e9m a sua cara, na cada vez mais improv\u00e1vel miss\u00e3o de voltar ao seu lugar. O enredo sobre as peregrina\u00e7\u00f5es e manifesta\u00e7\u00f5es de f\u00e9 ganhou um samba \u00e0 l\u00e1 Serrinha: melodia envolvente, gostoso de cantar e com uma letra que vai al\u00e9m de uma simples descri\u00e7\u00e3o do enredo.<\/p>\n<p style=\"text-align: justify;\">Apesar da letra ser muito boa, com destaque para os trechos que fazem refer\u00eancia \u00e0 f\u00e9 dos imperianos em S\u00e3o Jorge, o ponto alto \u00e9 a melodia. Mais acelerada, deve ser a primeira a levantar o p\u00fablico porque, como eu j\u00e1 disse, \u00e9 bastante envolvente. Os dois destaques s\u00e3o os dois refr\u00f5es. O principal, mais cadenciado, valoriza mais a letra, e o do meio \u00e9 irresist\u00edvel. Devo dizer que sou f\u00e3 de refr\u00f5es que voc\u00ea n\u00e3o percebe, na primeira passada, que se trata de um refr\u00e3o. E esse \u00e9 um deles. N\u00e3o h\u00e1 mudan\u00e7a abrupta na melodia, n\u00e3o tem aquela f\u00f3rmula pronta, n\u00e3o h\u00e1 nenhum esfor\u00e7o para a transi\u00e7\u00e3o entre as duas partes maiores do samba, enfim, \u00e9 excelente.<\/p>\n<p style=\"text-align: justify;\">Outro ponto alto s\u00e3o os versos finais antes do refr\u00e3o: <em>\u201cmeu samba nunca vai morrer \/ e a Serrunha vem dizer \/ que o branco \u00e9 paz e o verde a esperan\u00e7a \/ de ver o mundo s\u00f3 fazer o bem \/ senhor, rogai por n\u00f3s, am\u00e9m\u201d<\/em>.<\/p>\n<p style=\"text-align: justify;\">Fa\u00e7o apenas duas ressalvas, uma para o samba e outra para a grava\u00e7\u00e3o: a melodia no in\u00edcio da primeira parte, dos versos <em>\u201candar com f\u00e9 eu vou\u201d <\/em>a <em>\u201cal\u00e9m dos limites da religi\u00e3o\u201d<\/em> contrastam com o resto da obra. Enquanto todo o samba flui naturalmente, esse trecho se arrasta e fica mais dif\u00edcil de cantar. Quanto a grava\u00e7\u00e3o, devo dizer que o samba foi muito prejudicado pelo quarteto (que virar\u00e1 terceto, j\u00e1 que Lucas Donato n\u00e3o continuar\u00e1 na escola) de int\u00e9rpretes. Pode ser que eles venham a se tornar grandes cantores no futuro, mas, a exce\u00e7\u00e3o de Cremilson, que cantou bem o samba, nenhum deles j\u00e1 tem condi\u00e7\u00f5es de cantar um samba em uma escola como o Imp\u00e9rio Serrano. Dessa forma, a grava\u00e7\u00e3o do samba concorrente, na voz do N\u00eago, ficou bem melhor.<\/p>\n<p style=\"text-align: justify;\">Letra do Samba: 5,0. Melodia: 4,9. <strong>Nota: 9,9.<\/strong><\/p>\n<p>http:\/\/www.youtube.com\/watch?v=Igf1CB76Sl0<\/p>\n<p style=\"text-align: justify;\"><strong>Para\u00edso do Tuiuti<\/strong><\/p>\n<p style=\"text-align: justify;\"><em>Enredo: \u201cCunhat\u00e3 chama Curumim que eu vou contar&#8230;\u201d<\/em><\/p>\n<p style=\"text-align: justify;\"><em>Compositores: Anderson Benson, Leandro RC, Daniel Minuetto, Flazil C\u00e2mara e Flavinho Segal<\/em><\/p>\n<p style=\"text-align: justify;\"><em>Int\u00e9rprete: Daniel Silva<\/em><\/p>\n<p style=\"text-align: justify;\">Outra que vai sofrer no comparativo com seu \u00faltimo samba, j\u00e1 que reeditou \u201cKizomba, a festa da ra\u00e7a\u201d no Carnaval de 2014, a Para\u00edso do Tuiuti traz para a Avenida outro dos bons sambas do Grupo para o enredo sobre a saga de Hans Staden no Brasil que, para mim, \u00e9 o melhor da S\u00e9rie A.<\/p>\n<p style=\"text-align: justify;\">Destaque para a letra, que narra a hist\u00f3ria contada pela sinopse de maneira fiel e criativa. Me incomoda apenas o verso <em>\u201ceu quero ser \u00edndio\u201d<\/em>, no refr\u00e3o principal, que n\u00e3o faz o menor sentido dentro do enredo. Na primeira parte, me agradam muito dos versos <em>\u201co vento soprou novos rumos no af\u00e3 de encontrar \/ riquezas, um eldorado de rara beleza \/ reflete no olhar o esplendor da natureza\u201d<\/em>. A segunda parte tamb\u00e9m tem uma letra bem constru\u00edda, mas me incomoda a repeti\u00e7\u00e3o do trocadilho com a palavra \u201cdevorar\u201d. Primeiro, <em>\u201cdevorando sua cultura\u201d<\/em> e, depois, <em>\u201c\u00e9 devorado pelo artista brasileiro\u201d<\/em>. \u00c9 um dos pontos altos do samba que acaba virando uma falha.<\/p>\n<p style=\"text-align: justify;\">A melodia tamb\u00e9m se destaca, com altera\u00e7\u00f5es bem resolvidas, mas o samba perde muito na segunda passada, com a entrada da bateria, que acelerou demais o andamento. Daniel Silva, um dos mais subestimados int\u00e9rpretes do Rio, tem condu\u00e7\u00e3o perfeita e acrescenta muito ao samba.<\/p>\n<p style=\"text-align: justify;\">Letra do Samba: 4,8. Melodia: 4,9. <strong>Nota: 9,7.<\/strong><\/p>\n<p><iframe loading=\"lazy\" title=\"Uni\u00e3o do Parque Curicica 2015 - Lan\u00e7amento do CD - S\u00e9rie A (06\/12\/2014)\" width=\"525\" height=\"295\" src=\"https:\/\/www.youtube.com\/embed\/TTg0sxpaQsU?feature=oembed\" frameborder=\"0\" allow=\"accelerometer; autoplay; clipboard-write; encrypted-media; gyroscope; picture-in-picture; web-share\" referrerpolicy=\"strict-origin-when-cross-origin\" allowfullscreen><\/iframe><\/p>\n<p style=\"text-align: justify;\"><strong>Uni\u00e3o do Parque Curicica<\/strong><\/p>\n<p style=\"text-align: justify;\"><em>Enredo: \u201cOs 3 Tenores&#8230; Do samba\u201d<\/em><\/p>\n<p style=\"text-align: justify;\"><em>Compositores: Arlindo Neto, L\u00e9o Guimar\u00e3es, Ronaldo Nunes, Marcelinho Moreira e Jo\u00e3o Diniz<\/em><\/p>\n<p style=\"text-align: justify;\"><em>Int\u00e9rprete: Ronaldo Yll\u00ea<\/em><\/p>\n<p style=\"text-align: justify;\">E no quinto samba da primeira noite temos, enfim, a primeira obra de baixa qualidade do Carnaval 2015. O enredo sobre os sambistas Martinho da Vila, Monarco e Arlindo Cruz (que, confesso, ainda n\u00e3o entendi) rendeu \u00e0 Uni\u00e3o do Parque Curicica mais um samba que ser\u00e1 facilmente esquecido. A melodia, al\u00e9m de n\u00e3o apresentar nenhuma ousadia, \u00e9 muito mal constru\u00edda. O samba se arrasta, \u00e9 dif\u00edcil de cantar e cansa facilmente, al\u00e9m de alternar subidas abruptas de tom com redu\u00e7\u00f5es n\u00e3o menos abruptas.<\/p>\n<p style=\"text-align: justify;\">A letra resume bem o enredo, \u00e9 verdade, mas tem tr\u00eas falhas. Duas est\u00e3o no refr\u00e3o principal: uma no verso <em>\u201ce vem sambar de cora\u00e7\u00e3o\u201d<\/em>, que \u00e9 um clich\u00ea dos menos elogi\u00e1veis, e outra ao citar a m\u00fasica \u201cMeu Lugar\u201d, de Arlindo Cruz, e \u201cCasa de Bamba\u201d, de Martinho da Vila, esquecendo-se assim do \u201cterceiro tenor\u201d, Monarco. Tamb\u00e9m me incomoda o excesso de rimas terminadas em \u201car\u201d na primeira parte (s\u00e3o cinco) que contribui para o arrastamento do samba. Vale o destaque apenas para os versos finais, <em>\u201cfecham-se as cortinas \/ meu samba hoje vai vadiar \/ canta forte, canta alto \/ o show tem que continuar\u201d<\/em>. O int\u00e9rprete Ronaldo Yll\u00ea tamb\u00e9m n\u00e3o teve grande desempenho.<\/p>\n<p style=\"text-align: justify;\">Letra do Samba: 4,7. Melodia: 4,7. <strong>Nota: 9,4.<\/strong><\/p>\n<p><iframe loading=\"lazy\" title=\"Unidos do Porto da Pedra 2015 - Lan\u00e7amento do CD - S\u00e9rie A (06\/12\/2014)\" width=\"525\" height=\"295\" src=\"https:\/\/www.youtube.com\/embed\/CFQw_kmhrHw?feature=oembed\" frameborder=\"0\" allow=\"accelerometer; autoplay; clipboard-write; encrypted-media; gyroscope; picture-in-picture; web-share\" referrerpolicy=\"strict-origin-when-cross-origin\" allowfullscreen><\/iframe><\/p>\n<p style=\"text-align: justify;\"><strong>Unidos do Porto da Pedra<\/strong><\/p>\n<p style=\"text-align: justify;\"><em>Enredo: \u201cH\u00e1 uma luz que nunca se apaga&#8230;\u201d<\/em><\/p>\n<p style=\"text-align: justify;\"><em>Compositores: Dudu Nobre, Ricardo Neves, Lequinho, Evaldo, Floriano do Carangueijo, Jedir Brisa, Miltinho, Manolo e Diego Tavares<\/em><\/p>\n<p style=\"text-align: justify;\"><em>Int\u00e9rprete: Anderson Paz<\/em><\/p>\n<p style=\"text-align: justify;\">Talvez a \u00fanica dentre as sete escolas da sexta-feira que possa de fato sonhar com o t\u00edtulo, a Porto da Pedra tem um samba diferente para contar o enredo sobre uma luz que nunca se apaga. Digo diferente porque ainda n\u00e3o consegui descobrir se gosto dele ou n\u00e3o, mas, como eu disse l\u00e1 no in\u00edcio, isso pouco importa. O que importa \u00e9 que o samba \u00e9 um retrato fiel da sinopse. E, se a sinopse \u00e9 confusa, o samba tamb\u00e9m se torna confuso.<\/p>\n<p style=\"text-align: justify;\">O grande problema do hino do Tigre de S\u00e3o Gon\u00e7alo \u00e9 justamente esse: n\u00e3o conseguir explicar uma sinopse que n\u00e3o diz coisa com coisa. Erro dos compositores? Provavelmente n\u00e3o, mas \u00e9 um erro do samba. Fica dif\u00edcil entender o que cada passagem do samba significa em um conjunto e versos como <em>\u201cluminescente \u00e9 a vida a brilhar\u201d<\/em> complicam ainda mais.<\/p>\n<p style=\"text-align: justify;\">A melodia foi muito bem constru\u00edda. \u00c9 um desenho mel\u00f3dico diferente, ousado, com varia\u00e7\u00f5es que valorizam a obra, com destaque para o entrosamento entre melodia e letra no in\u00edcio da segunda parte: <em>\u201cme diz&#8230; Se a luz da raz\u00e3o vai perder a ess\u00eancia \/ se der apag\u00e3o na sua consci\u00eancia \/ que exemplo iremos deixar?\u201d<\/em>. Acredito apenas que os compositores erraram a m\u00e3o no refr\u00e3o do meio que, al\u00e9m da melodia bastante irregular e que torna o samba dif\u00edcil de cantar, ainda tem versos no m\u00ednimo esquisitos como <em>\u201cna transi\u00e7\u00e3o a marca\u00e7\u00e3o \/ o repique modulando a convers\u00e3o\u201d<\/em>. Anderson Paz voltou aos seus melhores dias e acrescentou muito ao samba.<\/p>\n<p style=\"text-align: justify;\">Letra do Samba: 4,7. Melodia: 4,9. <strong>Nota: 9,6.<\/strong><\/p>\n<p><iframe loading=\"lazy\" title=\"Caprichosos de Pilares 2015 - Lan\u00e7amento do CD - S\u00e9rie A (06\/12\/2014)\" width=\"525\" height=\"295\" src=\"https:\/\/www.youtube.com\/embed\/X4n8rbaiio0?feature=oembed\" frameborder=\"0\" allow=\"accelerometer; autoplay; clipboard-write; encrypted-media; gyroscope; picture-in-picture; web-share\" referrerpolicy=\"strict-origin-when-cross-origin\" allowfullscreen><\/iframe><\/p>\n<p style=\"text-align: justify;\"><strong>Caprichosos de Pilares<\/strong><\/p>\n<p style=\"text-align: justify;\"><em>Enredo: \u201cNa minha m\u00e3o \u00e9 + barato\u201d<\/em><\/p>\n<p style=\"text-align: justify;\"><em>Compositores: Lee Santana, Geraldo Rodrigues, Marcelo Schmidt, Anderson Rodrigues e Fernando de Lima<\/em><\/p>\n<p style=\"text-align: justify;\"><em>Int\u00e9rprete: Thiago Brito<\/em><\/p>\n<p style=\"text-align: justify;\">Essa foi uma surpresa bastante negativa que tive nessa safra. O sensacional enredo que contar\u00e1 a hist\u00f3ria do com\u00e9rcio popular do Rio de Janeiro (para mim, inferior apenas ao do Para\u00edso do Tuiuti) n\u00e3o rendeu \u00e0 Caprichosos um bom samba. Uma coisa h\u00e1 de se elogiar: \u00e9 um samba que, de uma forma ou de outra, resgata a irrever\u00eancia da Caprichosos e, dadas as \u00faltimas obras da escola, n\u00e3o deixa de ser surpreendente.<\/p>\n<p style=\"text-align: justify;\">Mas, ainda assim, \u00e9 um samba que tem falhas. A letra, por exemplo, peca pela falta de conex\u00e3o em alguns momentos, como no refr\u00e3o principal. O primeiro verso, <em>\u201c\u00e9 artigo de primeira, pe\u00e7a rara, coisa fina\u201d<\/em> n\u00e3o dialoga com o segundo, <em>\u201ctem escrit\u00f3rio de samba quebrando a firma\u201d<\/em>, o que prejudica o entendimento da letra. O verso final, <em>\u201c\u00e9 mais barato aqui na minha m\u00e3o\u201d <\/em>tamb\u00e9m passa a sensa\u00e7\u00e3o de ter sido encaixado apenas para \u201cfechar\u201d a melodia. Nos primeiros versos da segunda parte, outro erro: <em>\u201cpor vinte tost\u00f5es se comprava \/ meu Rio antigo, saudades traz\u201d<\/em>. Se comprava o que?<\/p>\n<p style=\"text-align: justify;\">Tamb\u00e9m me incomodam os versos <em>\u201c\u00e9 sensacional, tem xepa no Brasil Colonial\u201d<\/em>, no refr\u00e3o do meio, pela rima for\u00e7ada, e <em>\u201cquem dorme sonha \/ quem trabalha conquista \/ diz o artista\u201d<\/em>, na segunda parte, este por n\u00e3o ter qualquer liga\u00e7\u00e3o com qualquer trecho do enredo. A letra na primeira parte \u00e9 boa e o samba cresce muito nos versos finais: <em>\u201cdepois que o dinheiro comprou \/ o sambista a bandeira rasgou \/ eu sou Caprichosos, t\u00e1 dentro do peito \/ meu amor n\u00e3o tem pre\u00e7o \/ n\u00e3o tem jeito\u201d<\/em>. A melodia n\u00e3o me agrada muito porque exige ser cantada em um tom muito alto, o que prejudica o canto. Na segunda parte, os versos <em>\u201cna rua o imigrante chegou \/ o tempo foi quem transformou\u201d <\/em>s\u00e3o atropelados pelo andamento mais acelerado. Thiago Brito, que vinha se destacando como uma das revela\u00e7\u00f5es entre os int\u00e9rpretes, n\u00e3o fez uma boa grava\u00e7\u00e3o neste ano.<\/p>\n<p style=\"text-align: justify;\">Letra do Samba: 4,6. Melodia: 4,8. <strong>Nota: 9,4.<\/strong><\/p>\n","protected":false},"excerpt":{"rendered":"<p>Bem, depois de analisados os 12 sambas do Grupo Especial para o Carnaval de 2015, venho hoje com meus pitacos para as 15 obras queTour Details<\/p>\n","protected":false},"author":12,"featured_media":0,"comment_status":"open","ping_status":"open","sticky":false,"template":"","format":"standard","meta":{"footnotes":""},"categories":[351],"tags":[18,535,12,19],"class_list":["post-31382","post","type-post","status-publish","format-standard","hentry","category-filho-prodigo","tag-carnaval","tag-carnaval-2015","tag-cultura","tag-escolas-de-samba"],"_links":{"self":[{"href":"http:\/\/www.pedromigao.com.br\/ourodetolo\/wp-json\/wp\/v2\/posts\/31382","targetHints":{"allow":["GET"]}}],"collection":[{"href":"http:\/\/www.pedromigao.com.br\/ourodetolo\/wp-json\/wp\/v2\/posts"}],"about":[{"href":"http:\/\/www.pedromigao.com.br\/ourodetolo\/wp-json\/wp\/v2\/types\/post"}],"author":[{"embeddable":true,"href":"http:\/\/www.pedromigao.com.br\/ourodetolo\/wp-json\/wp\/v2\/users\/12"}],"replies":[{"embeddable":true,"href":"http:\/\/www.pedromigao.com.br\/ourodetolo\/wp-json\/wp\/v2\/comments?post=31382"}],"version-history":[{"count":0,"href":"http:\/\/www.pedromigao.com.br\/ourodetolo\/wp-json\/wp\/v2\/posts\/31382\/revisions"}],"wp:attachment":[{"href":"http:\/\/www.pedromigao.com.br\/ourodetolo\/wp-json\/wp\/v2\/media?parent=31382"}],"wp:term":[{"taxonomy":"category","embeddable":true,"href":"http:\/\/www.pedromigao.com.br\/ourodetolo\/wp-json\/wp\/v2\/categories?post=31382"},{"taxonomy":"post_tag","embeddable":true,"href":"http:\/\/www.pedromigao.com.br\/ourodetolo\/wp-json\/wp\/v2\/tags?post=31382"}],"curies":[{"name":"wp","href":"https:\/\/api.w.org\/{rel}","templated":true}]}}