{"id":31352,"date":"2014-12-29T05:11:26","date_gmt":"2014-12-29T07:11:26","guid":{"rendered":"http:\/\/www.pedromigao.com.br\/ourodetolo\/?p=31352"},"modified":"2014-12-29T20:28:25","modified_gmt":"2014-12-29T22:28:25","slug":"retrospectiva-ouro-de-tolo-2014-carnaval-rj","status":"publish","type":"post","link":"http:\/\/www.pedromigao.com.br\/ourodetolo\/2014\/12\/retrospectiva-ouro-de-tolo-2014-carnaval-rj\/","title":{"rendered":"Retrospectiva Ouro de Tolo: o Carnaval do Rio"},"content":{"rendered":"<p style=\"text-align: justify;\">No fim de ano, as retrospectivas chovem por todos os lados. O Ouro de Tolo resolveu entrar nessa e eu fui o respons\u00e1vel por hoje fazer a do Carnaval Carioca.<\/p>\n<p style=\"text-align: justify;\">Retrospectivas carnavalescas s\u00e3o um pouco diferentes, pois como a folia j\u00e1 \u00e9 no in\u00edcio do ano, ela j\u00e1 come\u00e7a agitada, com as escolas j\u00e1 em temporada de ensaios, de quadra e de rua.<\/p>\n<p style=\"text-align: justify;\">O desse ano n\u00e3o foi diferente e come\u00e7amos o ano j\u00e1 na forte prepara\u00e7\u00e3o para um Carnaval na qual a grande expectativa era quanto as atua\u00e7\u00f5es das &#8220;velhas senhoras&#8221; Portela e Mangueira que haviam trocado de diretoria ap\u00f3s desfiles nada competitivos consecutivos de ambas. Mas antes do desfile as not\u00edcias balan\u00e7aram bastante o mundo carnavalesco.<\/p>\n<p style=\"text-align: justify;\">Foi exatamente da Portela que surgiu a primeira not\u00edcia digna de nota do ano, ainda no dia 8 de janeiro: faltando mais de um m\u00eas para o carnaval 2014, a escola j\u00e1 divulgou que o tema de seu enredo para 2015 seria os 450 anos da cidade do Rio de Janeiro, que se completar\u00e3o duas semanas depois da folia do ano vindouro.<\/p>\n<p style=\"text-align: justify;\"><a href=\"http:\/\/www.pedromigao.com.br\/ourodetolo\/2014\/03\/instantaneos-da-folia-2014\/20140309_015304\/\" rel=\"attachment wp-att-24308\"><img loading=\"lazy\" decoding=\"async\" class=\"alignleft size-medium wp-image-24308\" src=\"http:\/\/www.pedromigao.com.br\/ourodetolo\/wp-content\/uploads\/2014\/03\/20140309_015304-300x225.jpg\" alt=\"20140309_015304\" width=\"300\" height=\"225\" srcset=\"http:\/\/www.pedromigao.com.br\/ourodetolo\/wp-content\/uploads\/2014\/03\/20140309_015304-300x225.jpg 300w, http:\/\/www.pedromigao.com.br\/ourodetolo\/wp-content\/uploads\/2014\/03\/20140309_015304-453x340.jpg 453w\" sizes=\"auto, (max-width: 300px) 100vw, 300px\" \/><\/a>A not\u00edcia tomou de surpresa a todos. Outras escolas reclamaram, disseram que tamb\u00e9m queriam verba da prefeitura para falar do tema. Logo ap\u00f3s, surgiram boatos que a Ilha tamb\u00e9m estava em negocia\u00e7\u00e3o.<\/p>\n<p style=\"text-align: justify;\">A Imperatriz logo disse que tamb\u00e9m queria falar dos 450 anos para receber patroc\u00ednio da prefeitura. O presidente da LIESA prop\u00f4s um sorteio entre as interessadas. A Portela se defendeu que j\u00e1 havia firmado compromissos. A Prefeitura se calou e assim o assunto foi posto na &#8216;geladeira&#8217; porque todos ainda precisavam se focar nos desfiles de 2014 antes de pensar em 2015.<\/p>\n<p style=\"text-align: justify;\">Mal essa hist\u00f3ria foi esquecida, o ent\u00e3o vice-presidente do Salgueiro, Marcello Tijolo, foi baleado saindo do trabalho e ficou internado em graves condi\u00e7\u00f5es. Ele se recupera, as not\u00edcias surgidas demonstram consistentes melhoras e, de repente, h\u00e1 uma grave piora e ele falece. Uma hist\u00f3ria com muitas interroga\u00e7\u00f5es e poucas certezas que abalou o pr\u00e9-carnaval e tirou um pouco do brilho do mesmo.<\/p>\n<p style=\"text-align: justify;\">Quando nada mais se esperava de janeiro, eis que uma terceira bomba surge no dia 31: uma decis\u00e3o da justi\u00e7a cassa o mandato de Paulo Vianna como presidente da Mocidade faltando pouco mais de um m\u00eas para o desfile. Assumiu como presidente o seu vice, V\u00f4 Macumba.<\/p>\n<p style=\"text-align: justify;\">Ap\u00f3s um janeiro t\u00e3o intenso, fevereiro foi um m\u00eas mais \u201cnormal\u201d. As escolas andando para terminar seus barrac\u00f5es, preparando e fazendo seus ensaios t\u00e9cnicos. Tudo para fazer o melhor poss\u00edvel nos desfiles de come\u00e7o de mar\u00e7o. Mas dois barrac\u00f5es na Cidade do Samba chamaram bastante a aten\u00e7\u00e3o por motivos opostos.<\/p>\n<p style=\"text-align: justify;\">A Mocidade, bastante atrasada, corria como uma louca para fazer seu barrac\u00e3o em pouco mais de um m\u00eas com o dinheiro aportado pelas novas pessoas que chegaram junto \u00e0 nova gest\u00e3o. Os caminh\u00f5es n\u00e3o paravam de chegar e sair trazendo materiais. Entre estes, madeira e muito isopor, que costumam ser mais usados em fases bem anteriores da constru\u00e7\u00e3o dos carros, o que demonstra o grande atraso.<\/p>\n<p style=\"text-align: justify;\"><a href=\"http:\/\/www.pedromigao.com.br\/ourodetolo\/2014\/12\/retrospectiva-ouro-de-tolo-2014-carnaval-rj\/20140303_224329-2\/\" rel=\"attachment wp-att-31390\"><img loading=\"lazy\" decoding=\"async\" class=\"alignright size-medium wp-image-31390\" src=\"http:\/\/www.pedromigao.com.br\/ourodetolo\/wp-content\/uploads\/2014\/12\/20140303_224329-300x225.jpg\" alt=\"20140303_224329\" width=\"300\" height=\"225\" srcset=\"http:\/\/www.pedromigao.com.br\/ourodetolo\/wp-content\/uploads\/2014\/12\/20140303_224329-300x225.jpg 300w, http:\/\/www.pedromigao.com.br\/ourodetolo\/wp-content\/uploads\/2014\/12\/20140303_224329-453x340.jpg 453w\" sizes=\"auto, (max-width: 300px) 100vw, 300px\" \/><\/a>Algumas escolas, com barrac\u00f5es mais adiantados chegaram a doar m\u00e3o de obra para ajudar a Mocidade a terminar seu trabalho. Entre as que puderam se dar a este luxo, depois quase uma d\u00e9cada de barrac\u00f5es constantemente atrasados, a Portela.<\/p>\n<p style=\"text-align: justify;\">Enquanto isso, a outra escola atrasada, Vila Isabel, continuava mergulhada em grave crise pol\u00edtica e seu barrac\u00e3o n\u00e3o andava. Alias, n\u00e3o andou at\u00e9 o fim do carnaval: os carros aleg\u00f3ricos passaram mal-produzidos, inacabados e muitas alas com fantasias incompletas.<\/p>\n<p style=\"text-align: justify;\">Assim, chegamos ao carnaval. A Viradouro ganhou com justi\u00e7a a Serie A, devolvendo Niter\u00f3i para o Grupo Especial. Enquanto isso o grupo especial teve um desfile equilibrado, no qual n\u00e3o houve uma campe\u00e3 clara. Salgueiro e Tijuca mantiveram o n\u00edvel de ponta de seus \u00faltimos desfiles, mas com falhas, e pelo t\u00edtulo receberam a concorr\u00eancia da Portela, que confirmou sua ressurrei\u00e7\u00e3o com um bel\u00edssimo desfile. J\u00e1 a Mangueira n\u00e3o fez um desfile t\u00e3o bom e n\u00e3o poderia esperar outra coisa al\u00e9m do meio da tabela. A Ilha fez seu melhor desfile desde Festa Profana (1989), mas insuficiente para competir pelo t\u00edtulo; enquanto a Grande Rio ressurgiu com um bel\u00edssimo trabalho do carnavalesco F\u00e1bio Ricardo em um enredo patrocinado bastante complicado.<\/p>\n<p style=\"text-align: justify;\">J\u00e1 a Vila realmente estava t\u00e3o mal que seu presidente pediu nos alto-falantes da Sapuca\u00ed antes do desfile para os jurados <em>\u201cn\u00e3o julgarem a Vila pelo que eles ver\u00e3o, mas pela hist\u00f3ria da Vila Isabel\u201d<\/em>. N\u00e3o \u00e9 que o pedido deu certo? Em meio a um p\u00e9ssimo trabalho de alegorias, um dos piores que j\u00e1 se viu nos \u00faltimos dez ou 15 anos, a jurada Helenise Guimar\u00e3es ainda teve coragem de dar uma nota 10 para a escola em Alegorias e Adere\u00e7os.<\/p>\n<p style=\"text-align: justify;\">A pol\u00eamica em torno dessa nota foi t\u00e3o grande que todos se esqueceram dos 40 pontos conseguidos no quesito pela Tijuca apesar do acabamento bastante inferior dos carros dessa em rela\u00e7\u00e3o a outras escolas. Ao fim, a Vila se safou de um rebaixamento, o qual deveria disputar d\u00e9cimo a d\u00e9cimo com a S\u00e3o Clemente. S\u00f3 que a amarelo-e-preto tamb\u00e9m se safou e, para surpresa de 19 em cada 20 pessoas, a emergente Imp\u00e9rio da Tijuca foi a rebaixada.<\/p>\n<p style=\"text-align: justify;\"><a href=\"http:\/\/www.pedromigao.com.br\/ourodetolo\/2014\/03\/o-segundo-dia-da-serie-a\/padremiguel2\/\" rel=\"attachment wp-att-23674\"><img loading=\"lazy\" decoding=\"async\" class=\"alignleft size-medium wp-image-23674\" src=\"http:\/\/www.pedromigao.com.br\/ourodetolo\/wp-content\/uploads\/2014\/03\/padremiguel2-300x225.jpg\" alt=\"padremiguel2\" width=\"300\" height=\"225\" srcset=\"http:\/\/www.pedromigao.com.br\/ourodetolo\/wp-content\/uploads\/2014\/03\/padremiguel2-300x225.jpg 300w, http:\/\/www.pedromigao.com.br\/ourodetolo\/wp-content\/uploads\/2014\/03\/padremiguel2-453x340.jpg 453w, http:\/\/www.pedromigao.com.br\/ourodetolo\/wp-content\/uploads\/2014\/03\/padremiguel2.jpg 1000w\" sizes=\"auto, (max-width: 300px) 100vw, 300px\" \/><\/a>Outras notas absurdas, mas que foram esquecidas porque a escola conseguiu se manter na Serie A egressa do Grupo B, foram as notas de samba-enredo dadas ao cl\u00e1ssico &#8220;Os Sert\u00f5es&#8221;, \u00a0samba Estandarte de Ouro do Grupo Especial de 1976 da Em Cima da Hora, reeditada neste ano pela mesma. Pois os jurados da S\u00e9rie A de samba-enredo deram dois 9,6 e um 9,9 ao samba que muitos consideram o melhor de todos os tempos&#8230;<\/p>\n<p style=\"text-align: justify;\">Passado o carnaval, muita gritaria contra o rebaixamento da Imp\u00e9rio da Tijuca e algum choro pelo 7\u00b0 lugar da Beija-flor, ela que primeira vez desde 1992 ficou fora do desfile das campe\u00e3s, veio mar\u00e7o, aquele t\u00edpico m\u00eas de marola no meio carnavalesco, no qual s\u00e3o poucas as not\u00edcias e muitos os boatos da \u201csilly season\u201d do carnaval.<\/p>\n<p style=\"text-align: justify;\">Por\u00e9m, no meio de boatos, mesmo n\u00e3o sendo tanta surpresa (a especula\u00e7\u00e3o era antiga), a not\u00edcia que mais impressionou a todos foi a sa\u00edda do carnavalesco-sensa\u00e7\u00e3o e atual campe\u00e3o Paulo Barros da Unidos da Tijuca para a Mocidade. A ideia \u00e9 resgatar a alma inovadora que sempre permeou a escola de Padre Miguel e fazer uma retomada da escola em moldes parecidos ao da Portela.<\/p>\n<p style=\"text-align: justify;\">Mas o que realmente gerou muita conversa de p\u00e9-de-ouvido foi o valor do sal\u00e1rio anual oferecido pela Mocidade. Alguns falaram em 1,5 milh\u00e3o, outros em 2 milh\u00f5es de reais. N\u00e3o se sabe oficialmente at\u00e9 hoje qual foi o valor acertado, mas esses valores chegam a ser surreais, se comparamos com o que o uma escola costuma gastar para fazer um carnaval no Grupo Especial: 8 milh\u00f5es (10 para uma escola de ponta).<\/p>\n<p style=\"text-align: justify;\"><a href=\"http:\/\/www.pedromigao.com.br\/ourodetolo\/2014\/09\/impressoes-da-disputa-na-portela\/20140913_021236\/\" rel=\"attachment wp-att-29380\"><img loading=\"lazy\" decoding=\"async\" class=\"alignright size-medium wp-image-29380\" src=\"http:\/\/www.pedromigao.com.br\/ourodetolo\/wp-content\/uploads\/2014\/09\/20140913_021236-300x168.jpg\" alt=\"20140913_021236\" width=\"300\" height=\"168\" srcset=\"http:\/\/www.pedromigao.com.br\/ourodetolo\/wp-content\/uploads\/2014\/09\/20140913_021236-300x168.jpg 300w, http:\/\/www.pedromigao.com.br\/ourodetolo\/wp-content\/uploads\/2014\/09\/20140913_021236-550x309.jpg 550w\" sizes=\"auto, (max-width: 300px) 100vw, 300px\" \/><\/a>Mas surreal foi mesmo o enredo que a Portela escolheu para homenagear a cidade do Rio. A Majestade foi a primeira a revelar o t\u00edtulo de seu enredo, ainda em mar\u00e7o, quando anunciou que iria trazer um olhar de Dali e seu surrealismo para abordar a cidade do Rio de Janeiro. A Portela tamb\u00e9m foi a primeira a divulgar a sinopse, no final de maio.<\/p>\n<p style=\"text-align: justify;\">Entre esses dois acontecimentos, duas elei\u00e7\u00f5es de presidente nas Escolas de Samba do Especial ocorreram. A Vila Isabel finalmente p\u00f4s um ponto final em sua guerra interna com a aclama\u00e7\u00e3o em chapa \u00fanica de Elisabete Aquino, a Beta, hist\u00f3rica componente da escola e chefe do atelier da mesma em elei\u00e7\u00e3o tranquil\u00edssima.<\/p>\n<p style=\"text-align: justify;\">O Salgueiro tamb\u00e9m reelegeu em chapa \u00fanica a atual presidente Regina Celi, por\u00e9m de forma nem t\u00e3o tranquila. Houve a inscri\u00e7\u00e3o de duas chapas de oposi\u00e7\u00e3o, uma delas encabe\u00e7ada pelo int\u00e9rprete de longo tempo da escola, Quinho. Ambas as chapas foram impugnadas por falta de assinaturas necess\u00e1rias de s\u00f3cios em dia, fato que foi contestado por Quinho na justi\u00e7a. O processo ainda n\u00e3o obteve senten\u00e7a, mas o pedido cautelar feito por Quinho foi negado.<\/p>\n<p style=\"text-align: justify;\">Entre o fim de abril e o in\u00edcio de junho, as escolas foram revelando seus enredos e ficou claro que as discuss\u00f5es sobre enredos de 450 anos da cidade realmente foram esquecidas. N\u00e3o houve nenhuma atitude nem da LIESA, da Prefeitura ou das escolas e ap\u00f3s a Ilha anunciar seu enredo sobre beleza, ficou claro que a Portela ficou como a \u00fanica escola a tratar do tema dos 450 anos da cidade no Grupo Especial &#8211; e sem patroc\u00ednio da Prefeitura (talvez por isso mesmo as outras tenham desistido).<\/p>\n<p><iframe loading=\"lazy\" title=\"Imperatriz Leopoldinense 1979 - Oxumar\u00e9, A Lenda do Arco-\u00edris\" width=\"525\" height=\"394\" src=\"https:\/\/www.youtube.com\/embed\/kleEZJaDXS4?feature=oembed\" frameborder=\"0\" allow=\"accelerometer; autoplay; clipboard-write; encrypted-media; gyroscope; picture-in-picture; web-share\" referrerpolicy=\"strict-origin-when-cross-origin\" allowfullscreen><\/iframe><\/p>\n<p style=\"text-align: justify;\">Houve ainda outros enredos dignos de nota nesta \u00e9poca de revela\u00e7\u00f5es, como o enredo Afro da Imperatriz, o primeiro da escola desde o long\u00ednquo 1979, e o pol\u00eamico enredo da Beija-Flor sobre o pa\u00eds Guin\u00e9 Equatorial. Ao mesmo tempo que marca a volta da Beija Flor aos temas africanos depois de 8 anos marca uma ode a uma ditadura violenta que dura o mesmo tempo da seca de enredos afro da Imperatriz, a mais longa da \u00c1frica.<\/p>\n<p style=\"text-align: justify;\">Outro enredo de destaque foi o da Mocidade: finalmente Paulo Barros emplacou seu enredo sobre o \u00faltimo dia do mundo, algo que ele j\u00e1 queria levar para a avenida fazia dois ou tr\u00eas anos.<\/p>\n<p style=\"text-align: justify;\">Mas a grande novidade dos temas foi da Viradouro que, invertendo a l\u00f3gica que se segue h\u00e1 anos, n\u00e3o fez samba-enredo da sinopse, mas fez sinopse do samba-enredo. Alias, nem do samba-enredo, dos \u201csambas de meio-de-ano\u201d. A escola anunciou que sua sinopse seria inspirada nas composi\u00e7\u00f5es de Luiz Carlos da Vila \u201cNas Veias do Brasil\u201d e \u201cPor um Dia de Gra\u00e7a\u201d, que nunca foram feitas para a avenida, que seriam fundidas para fazer o samba enredo da escola.<\/p>\n<p style=\"text-align: justify;\">Durante a divulga\u00e7\u00e3o dos temas e das sinopses, tiveram que apressar as festas de sorteio da ordem dos desfiles da Serie A e do Especial, que voltaram a ocorrer separadamente ap\u00f3s dois anos, porque durante o per\u00edodo tradicional, meio de junho, ter\u00edamos a Copa do Mundo. N\u00e3o uma Copa qualquer, mas uma Copa no Brasil. Qualquer outro evento ficaria em segundo plano.<\/p>\n<p><iframe loading=\"lazy\" title=\"Portela 2015 - Ensaio de Comunidade 12\/11 \/ 2014\" width=\"525\" height=\"295\" src=\"https:\/\/www.youtube.com\/embed\/d8LDDYCXOlY?feature=oembed\" frameborder=\"0\" allow=\"accelerometer; autoplay; clipboard-write; encrypted-media; gyroscope; picture-in-picture; web-share\" referrerpolicy=\"strict-origin-when-cross-origin\" allowfullscreen><\/iframe><\/p>\n<p style=\"text-align: justify;\">Assim foi feito: o da S\u00e9rie A foi sorteado no dia 31\/05 e o Especial no dia 9 junho. P\u00e9ssimas not\u00edcias para duas escolas tradicional\u00edssimas: Mangueira e Imp\u00e9rio Serrano, que ficaram em posi\u00e7\u00f5es complicad\u00edssimas em seus grupos. Sobrou a 3\u00aa de sexta-feira para a Serrinha e a 2\u00aa de domingo para a Esta\u00e7\u00e3o Primeira.<\/p>\n<p style=\"text-align: justify;\">O tempo foi passando, julho chegou, as escolas da Serie A, que fizeram suas finais de samba-enredo antes, em setembro, j\u00e1 estavam com seus concursos a todo vapor.<\/p>\n<p style=\"text-align: justify;\">Mas o que todos se perguntavam era: \u201cE a Grande Rio?\u201d.<\/p>\n<p style=\"text-align: justify;\">Pois \u00e9, a Grande Rio dominou todas as conversas sobre carnaval entre julho e agosto. Isso porque enquanto todas as outras escolas j\u00e1 haviam divulgado suas sinopses e as mais adiantadas tamb\u00e9m j\u00e1 come\u00e7avam seus concursos de samba-enredo, n\u00e3o havia nenhum sinal sequer do tema do Enredo da escola de Duque de Caxias, muito menos da sinopse.<\/p>\n<p style=\"text-align: justify;\">Muitos temas eram especulados, Uberaba, Ub\u00e1, SENAC, SENAI; mas nenhum anunciado. Julho passou inteiro, agosto j\u00e1 rompia sua metade e nada. As outras escolas j\u00e1 contavam v\u00e1rias rodadas eliminat\u00f3rias do concurso e os compositores de Caxias nem podiam come\u00e7ar seus trabalhos.<\/p>\n<p style=\"text-align: justify;\">Come\u00e7ou a haver forte especula\u00e7\u00e3o sobre uma encomenda de samba por parte da Escola, por absoluta falta de tempo para composi\u00e7\u00e3o e disputa, e enquanto isso a pergunta s\u00f3 ecoava \u201cE a Grande Rio?\u201d \u201cE a Grande Rio?\u201d \u201cSer\u00e1 que um enredo patrocinado \u00e9 t\u00e3o importante assim para a escola?\u201d<\/p>\n<p><iframe loading=\"lazy\" title=\"Acad\u00eamicos do Grande Rio 2015 - Lan\u00e7amento do CD - Grupo Especial (01\/12\/2014)\" width=\"525\" height=\"295\" src=\"https:\/\/www.youtube.com\/embed\/JJYibYZEooQ?feature=oembed\" frameborder=\"0\" allow=\"accelerometer; autoplay; clipboard-write; encrypted-media; gyroscope; picture-in-picture; web-share\" referrerpolicy=\"strict-origin-when-cross-origin\" allowfullscreen><\/iframe><\/p>\n<p style=\"text-align: justify;\">At\u00e9 que no dia 20 de agosto finalmente a Grande Rio revelou o seu tema: um interessante enredo sobre baralhos. Segundo a escola, um tema autoral do carnavalesco F\u00e1bio Ricardo sem qualquer patroc\u00ednio, mas de tem\u00e1tica muito parecida com o da escola paulistana Gavi\u00f5es da Fiel que passar\u00e1 no Anhembi neste 2015.<\/p>\n<p style=\"text-align: justify;\">Detalhe: a data \u00e9 t\u00e3o atrasada que nem Nilo Figueiredo, em seus nada saudosos tempos de Portela, ousou fazer nada parecido. O tema mais atrasado da era Nilo saiu em 22 de julho. Foi em 2010 para o Carnaval 2011.<\/p>\n<p style=\"text-align: justify;\">Fabinho teve que correr com a sinopse, que foi entregue apenas dois dias depois. A Grande Rio n\u00e3o encomendou samba e preferiu sacrificar o tempo de disputa na quadra para os compositores terem mais tempo para preparar suas m\u00fasicas. Assim os compositores s\u00f3 precisaram entregar os sambas no dia 13\/09 e a escola teve apenas um m\u00eas de disputa na pr\u00e1tica (quando o normal s\u00e3o 8 ou 10 semanas dependendo da escola, \u00e0s vezes at\u00e9 mais).<\/p>\n<p style=\"text-align: justify;\">Depois do fim do suspense caxiense, pudemos presenciar aos poucos em setembro a constru\u00e7\u00e3o de uma das melhores safras de samba-enredo da hist\u00f3ria da Serie A. As finais se sucediam e um samba melhor que o outro era escolhido, formando uma cole\u00e7\u00e3o compar\u00e1vel a hist\u00f3rica de 1992.<\/p>\n<p><iframe loading=\"lazy\" title=\"G.R.E.S. Est\u00e1cio de S\u00e1 - Samba campe\u00e3o de 2015 - AO VIVO na final!!! Bateria Medalha de Ouro\" width=\"525\" height=\"295\" src=\"https:\/\/www.youtube.com\/embed\/YoP-ok0scAM?feature=oembed\" frameborder=\"0\" allow=\"accelerometer; autoplay; clipboard-write; encrypted-media; gyroscope; picture-in-picture; web-share\" referrerpolicy=\"strict-origin-when-cross-origin\" allowfullscreen><\/iframe><\/p>\n<p style=\"text-align: justify;\">Obs: para quem quiser mais detalhes desta safra, recomendo minhas duas colunas sobre ela: <span style=\"color: #ff6600;\"><a style=\"color: #ff6600;\" href=\"http:\/\/www.pedromigao.com.br\/ourodetolo\/2014\/12\/a-espetacular-safra-da-serie-a-2015-sexta-feira\/\" target=\"_blank\">sexta-feira<\/a><\/span> e <span style=\"color: #ff6600;\"><a style=\"color: #ff6600;\" href=\"http:\/\/www.pedromigao.com.br\/ourodetolo\/2014\/12\/a-espetacular-safra-da-serie-a-sabado\/\" target=\"_blank\">s\u00e1bado<\/a><\/span>.<\/p>\n<p style=\"text-align: justify;\">J\u00e1 em outubro, todas as aten\u00e7\u00f5es ficaram com as finais de samba-enredo do grupo Especial. A safra que resultou foi pol\u00eamica, com alguns a classificando como boa, outros como razo\u00e1vel mesmo que inferior em rela\u00e7\u00e3o \u00e0 dos anos anteriores e outros como p\u00e9ssima. Discuss\u00f5es \u00e0 parte a unanimidade \u00e9 que n\u00e3o parece n\u00e3o haver nenhum samba arrasa-quarteir\u00e3o na safra apesar da popularidade que vem sendo alcan\u00e7ada por algumas composi\u00e7\u00f5es.<\/p>\n<p style=\"text-align: justify;\">Como pol\u00eamica pouca \u00e9 bobagem e o Carnaval Carioca estava h\u00e1 algum tempo sem uma, Novembro j\u00e1 nos reservou uma bomba logo em seu come\u00e7o. \u00a0Em reuni\u00e3o Plen\u00e1ria, a LIESA resolveu extinguir por quase unanimidade oficial (\u00fanico voto contra foi da Unidos da Tijuca) o quesito Conjunto e dos 36 jurados restantes dos outros 9 quesitos, vetar 20 deles para n\u00e3o mais fazerem parte do corpo de jurados para 2015. Uma renova\u00e7\u00e3o de mais de 50% na mesma tacada. Claro que a boataria de quem seria prejudicado e quem seria &#8220;ajudado&#8221; na nomea\u00e7\u00e3o desses novos jurados come\u00e7ou instantaneamente.<\/p>\n<p style=\"text-align: justify;\">A LIESA ainda n\u00e3o divulgou a lista dos Jurados para o Carnaval 2015 nem divulgou publicamente os 20 nomes a serem trocados; apenas os pr\u00f3prios jurados foram avisados. O que se comenta em off atualmente \u00e9 que alguns quesitos tiveram todos os seus 4 jurados vetados, entre eles alegorias e adere\u00e7os e samba-enredo. Interessante notar que, enquanto os jurados do 1\u00ba quesito vem sendo bastante criticados por suas notas, os jurados de samba-enredo foram bastante elogiados, especialmente em 2013 e 2014.<\/p>\n<p style=\"text-align: justify;\">Ou seja, a se confirmarem estas not\u00edcias, as escolas teriam agido com a mesma incoer\u00eancia que permeariam as notas dos jurados das quais elas tanto reclamam.<\/p>\n<p style=\"text-align: justify;\"><a href=\"http:\/\/www.pedromigao.com.br\/ourodetolo\/2014\/12\/retrospectiva-ouro-de-tolo-2014-carnaval-rj\/20140304_051638-2\/\" rel=\"attachment wp-att-31395\"><img loading=\"lazy\" decoding=\"async\" class=\"alignleft size-medium wp-image-31395\" src=\"http:\/\/www.pedromigao.com.br\/ourodetolo\/wp-content\/uploads\/2014\/12\/20140304_051638-300x225.jpg\" alt=\"20140304_051638\" width=\"300\" height=\"225\" srcset=\"http:\/\/www.pedromigao.com.br\/ourodetolo\/wp-content\/uploads\/2014\/12\/20140304_051638-300x225.jpg 300w, http:\/\/www.pedromigao.com.br\/ourodetolo\/wp-content\/uploads\/2014\/12\/20140304_051638-453x340.jpg 453w\" sizes=\"auto, (max-width: 300px) 100vw, 300px\" \/><\/a>J\u00e1 em Dezembro a grande not\u00edcia foi a ousadia da LIERJ (Liga das escolas da Serie A) em fazer diferente da LIESA e abrir a festa de lan\u00e7amento do CD para o p\u00fablico em um grande evento no Terreir\u00e3o do Samba. Apesar da data n\u00e3o ter sido boa &#8211; coincidiu com o tradicional\u00edssimo \u201cTrem do Samba\u201d rumo a Oswaldo Cruz &#8211; a ideia foi aprovada, todos gostaram e o sucesso da festa parece ter despertado na LIESA a ideia de tamb\u00e9m abrir ao p\u00fablico sua festa. Resta agora conciliar as datas, pois ser\u00e3o tr\u00eas eventos que costumam ocorrer na mesma semana e que, se ocorrerem de forma concomitante, se matar\u00e3o mutuamente.<\/p>\n<p style=\"text-align: justify;\">De resto, o carnaval est\u00e1 passando dezembro tranquilo com todos os barrac\u00f5es da Cidade do Samba caminhando a contento, mesmo que sem tanto luxo como nos outros anos devido ao n\u00e3o fechamento de certos patroc\u00ednios que eram tradicionais para a LIESA como Unimed e Coca-Cola e \u00e0 proibi\u00e7\u00e3o dos &#8220;puxadinhos&#8221; nos barrac\u00f5es da Cidade do Samba.<\/p>\n<p style=\"text-align: justify;\">Como estamos no mundo do samba, o ano n\u00e3o podia encerrar sem uma pol\u00eamica e a desse ano veio semana retrasada na Unidos de Vila Santa Tereza, escola da Serie B (3\u00aa divis\u00e3o do carnaval carioca).<\/p>\n<p style=\"text-align: justify;\">Em decis\u00e3o nunca vista antes, dois dias ap\u00f3s a escola anunciar um samba na final como o vencedor do concurso de samba-enredo da escola, a presidente da Vila Santa Tereza avisa que o samba vencedor n\u00e3o \u00e9 mais o vencedor e que o hino oficial da escola para 2015 seria o segundo colocado no concurso, pois o resultado da elei\u00e7\u00e3o do vencedor teria sido resultado de uma fraude de alguns diretores da escola que participaram da vota\u00e7\u00e3o.<\/p>\n<p style=\"text-align: justify;\">Apesar da forte decis\u00e3o e dos termos utilizados, se h\u00e1 alguma prova mais contundente no sentido de fraude, nada foi mostrado ao p\u00fablico ainda, fato que causou grande indigna\u00e7\u00e3o aos compositores antes vencedores, que entraram na justi\u00e7a contra a Presidente da escola.<\/p>\n<p style=\"text-align: justify;\">\u00c9 um assunto t\u00e3o intrigante e estranho que at\u00e9 o mundo naturalmente fofoqueiro do samba est\u00e1 evitando \u201cmeter a colher\u201d. De qualquer forma, \u00e9 um fato altamente inusitado para encerrar o ano do Carnaval Carioca.<\/p>\n<p style=\"text-align: justify;\">Assim chegamos ao romper do ano, que j\u00e1 anuncia a proximidade do Carnaval 2015 para come\u00e7ar tudo de novo e n\u00e3o se acabar na quarta-feira.<\/p>\n<p style=\"text-align: justify;\">A cobertura do carnaval 2014 do Ouro de Tolo: <a href=\"http:\/\/www.pedromigao.com.br\/ourodetolo\/tag\/carnaval-2014\/\" target=\"_blank\"><span style=\"color: #ff6600;\">http:\/\/www.pedromigao.com.br\/ourodetolo\/tag\/carnaval-2014\/<\/span><\/a><\/p>\n<p style=\"text-align: justify;\">A cobertura de 2015: <a href=\"http:\/\/www.pedromigao.com.br\/ourodetolo\/tag\/carnaval-2015\/\" target=\"_blank\"><span style=\"color: #ff6600;\">http:\/\/www.pedromigao.com.br\/ourodetolo\/tag\/carnaval-2015\/<\/span><\/a><\/p>\n","protected":false},"excerpt":{"rendered":"<p>No fim de ano, as retrospectivas chovem por todos os lados. O Ouro de Tolo resolveu entrar nessa e eu fui o respons\u00e1vel por hojeTour Details<\/p>\n","protected":false},"author":9,"featured_media":0,"comment_status":"open","ping_status":"open","sticky":false,"template":"","format":"standard","meta":{"footnotes":""},"categories":[47],"tags":[18,341,535,473,791],"class_list":["post-31352","post","type-post","status-publish","format-standard","hentry","category-made-in-usa","tag-carnaval","tag-carnaval-2014","tag-carnaval-2015","tag-retrospectiva","tag-retrospectiva-2014"],"_links":{"self":[{"href":"http:\/\/www.pedromigao.com.br\/ourodetolo\/wp-json\/wp\/v2\/posts\/31352","targetHints":{"allow":["GET"]}}],"collection":[{"href":"http:\/\/www.pedromigao.com.br\/ourodetolo\/wp-json\/wp\/v2\/posts"}],"about":[{"href":"http:\/\/www.pedromigao.com.br\/ourodetolo\/wp-json\/wp\/v2\/types\/post"}],"author":[{"embeddable":true,"href":"http:\/\/www.pedromigao.com.br\/ourodetolo\/wp-json\/wp\/v2\/users\/9"}],"replies":[{"embeddable":true,"href":"http:\/\/www.pedromigao.com.br\/ourodetolo\/wp-json\/wp\/v2\/comments?post=31352"}],"version-history":[{"count":0,"href":"http:\/\/www.pedromigao.com.br\/ourodetolo\/wp-json\/wp\/v2\/posts\/31352\/revisions"}],"wp:attachment":[{"href":"http:\/\/www.pedromigao.com.br\/ourodetolo\/wp-json\/wp\/v2\/media?parent=31352"}],"wp:term":[{"taxonomy":"category","embeddable":true,"href":"http:\/\/www.pedromigao.com.br\/ourodetolo\/wp-json\/wp\/v2\/categories?post=31352"},{"taxonomy":"post_tag","embeddable":true,"href":"http:\/\/www.pedromigao.com.br\/ourodetolo\/wp-json\/wp\/v2\/tags?post=31352"}],"curies":[{"name":"wp","href":"https:\/\/api.w.org\/{rel}","templated":true}]}}