{"id":31257,"date":"2014-12-16T18:13:31","date_gmt":"2014-12-16T20:13:31","guid":{"rendered":"http:\/\/www.pedromigao.com.br\/ourodetolo\/?p=31257"},"modified":"2014-12-16T19:51:16","modified_gmt":"2014-12-16T21:51:16","slug":"com-a-palavra-a-verdade-o-caso-de-vila-santa-tereza","status":"publish","type":"post","link":"http:\/\/www.pedromigao.com.br\/ourodetolo\/2014\/12\/com-a-palavra-a-verdade-o-caso-de-vila-santa-tereza\/","title":{"rendered":"O caso de Vila Santa Tereza"},"content":{"rendered":"<p style=\"text-align: justify;\">H\u00e1 cerca de uma semana o Mundo do Samba entrou em polvorosa com um inusitado acontecimento.<\/p>\n<p style=\"text-align: justify;\">O samba da parceria que havia sido anunciada como campe\u00e3, no concurso do GRES UNIDOS DE VILA SANTA TEREZA, na madrugada de sexta para s\u00e1bado (05\/06 de dezembro), no domingo (08\/12), dois dias ap\u00f3s, teve sua vit\u00f3ria anulada, sendo substitu\u00eddo pelo segundo colocado, por decis\u00e3o da Presidenta da Unidos de Vila Santa Tereza.<\/p>\n<p style=\"text-align: justify;\">Para justificar sua decis\u00e3o &#8211; nunca antes, na hist\u00f3ria contempor\u00e2nea do samba, se viu algo igual &#8211; a mandat\u00e1ria daquela agremia\u00e7\u00e3o alegou que n\u00e3o poderia levar um <em>\u201csamba fraudulento&#8221;<\/em> e que havia vencido por <em>\u201cmeios escusos\u201d<\/em>, ao desfile da Intendente Magalh\u00e3es.<\/p>\n<p style=\"text-align: justify;\">Disse ainda, com todas as letras, a Sra. Rute Maria, que <em>\u201ctodo o mundo do samba\u201d<\/em>, assim como <em>\u201ctodos os compositores finalistas j\u00e1 estavam cientes da <strong>venda<\/strong> do samba\u201d<\/em>.<\/p>\n<p style=\"text-align: justify;\">Baseado nas pr\u00f3prias palavras da Presidenta, \u00e9 de se estranhar que ela como gestora e principal respons\u00e1vel, tenha sido, como na hist\u00f3ria do marido enganado, a \u00faltima a saber de tudo, o que come\u00e7a a mostrar que a vers\u00e3o presidencial carece de verossimilhan\u00e7a. E ainda falam do Lula&#8230;<\/p>\n<p style=\"text-align: justify;\"><a href=\"http:\/\/www.pedromigao.com.br\/ourodetolo\/2014\/12\/com-a-palavra-a-verdade-o-caso-de-vila-santa-tereza\/rute2-426x268\/\" rel=\"attachment wp-att-31259\"><img loading=\"lazy\" decoding=\"async\" class=\"alignleft size-medium wp-image-31259\" src=\"http:\/\/www.pedromigao.com.br\/ourodetolo\/wp-content\/uploads\/2014\/12\/rute2-426x268-300x188.jpg\" alt=\"rute2-426x268\" width=\"300\" height=\"188\" srcset=\"http:\/\/www.pedromigao.com.br\/ourodetolo\/wp-content\/uploads\/2014\/12\/rute2-426x268-300x188.jpg 300w, http:\/\/www.pedromigao.com.br\/ourodetolo\/wp-content\/uploads\/2014\/12\/rute2-426x268.jpg 426w\" sizes=\"auto, (max-width: 300px) 100vw, 300px\" \/><\/a>Como essa mesma Presidenta (foto) esteve presente \u00e0 sala onde se realizou a apura\u00e7\u00e3o, onde os jurados se reuniram por quase uma hora, segundo informa\u00e7\u00f5es de alguns que l\u00e1 estiveram, querer, agora, convencer a opini\u00e3o p\u00fablica de que foi, em suas pr\u00f3prias palavras, <em>\u201capunhalada pelas costas\u201d<\/em>?<\/p>\n<p style=\"text-align: justify;\">Estando presente, vale repetir, durante todo o momento da apura\u00e7\u00e3o, vendo e ouvindo, inclusive, a declara\u00e7\u00e3o de voto (e, em alguns casos, a justificativa) de cada um dos jurados, sobre os sambas que estes apontavam como os seus preferidos, como n\u00e3o interveio imediatamente para impedir a vit\u00f3ria (j\u00e1 que possui autoridade para tal), permitindo a vit\u00f3ria do samba que venceu, legitimamente, no voto e, apenas dois dias ap\u00f3s tenha chegado \u00e0 <em>brilhante <\/em>conclus\u00e3o de que a obra em quest\u00e3o vencera por <em>meios escusos<\/em>?<\/p>\n<p style=\"text-align: justify;\">A julgar pela afirma\u00e7\u00e3o da pr\u00f3pria presidenta, de que, no dia da reuni\u00e3o, os QUATRO jurados e diretores acusados combinaram uniformizar seus votos (em um total de NOVE votos), pode-se afirmar, com absoluta certeza de que eles teriam a garantia da vit\u00f3ria em suas m\u00e3os, aritmeticamente?<\/p>\n<p style=\"text-align: justify;\">Ou, em outro giro: Se fosse verdadeira a alega\u00e7\u00e3o da acusadora, de que houve acordo de vota\u00e7\u00e3o em bloco, poderia uma suposta pr\u00e1tica de uniformiza\u00e7\u00e3o de votos entre pessoas afins, ou com interesses afins (como pertencerem a uma mesma diretoria e desejarem o melhor para sua Escola) ser adjetivada como fraude ou a elas ser imputada a pr\u00e1tica de usarem de meios escusos na vota\u00e7\u00e3o e escolha de uma obra concorrente?<\/p>\n<p style=\"text-align: justify;\">Claro que n\u00e3o! E, sob esse aspecto, considero bem pertinente citar as palavras de meu amigo, parceiro (de samba), Poeta e colunista do Ouro de Tolo, <em>Aloisio Villar<\/em>, ao abordar o mesmo tema, em outro \u00f3rg\u00e3o da m\u00eddia:<\/p>\n<p style=\"text-align: justify;\"><em>\u201cUm diretor influenciar outros votantes n\u00e3o \u00e9 fraude, \u00e9 a coisa mais natural do mundo. Se eu sou um diretor com direito a voto e acho um samba melhor tentarei influenciar meus pares na escolha.\u201d <\/em><\/p>\n<p style=\"text-align: justify;\"><em>(&#8230;) <\/em><\/p>\n<p style=\"text-align: justify;\"><em>\u201cVoto combinado? Isso n\u00e3o \u00e9 BBB, \u00e9 uma escolha de samba-enredo e nada pro\u00edbe voto combinado.\u201d<\/em><\/p>\n<p style=\"text-align: justify;\"><em>\u201c(&#8230;) <\/em><\/p>\n<p style=\"text-align: justify;\"><em>\u00a0<\/em><em>Fraude pra mim \u00e9 chantagem, oferecer vantagens pessoais ou em caso de escolas de comunidade ordens de cima pra baixo. <\/em><\/p>\n<p style=\"text-align: justify;\"><em>Tirando essas situa\u00e7\u00f5es n\u00e3o \u00e9 fraude\u201d<br \/>\n<\/em><\/p>\n<p style=\"text-align: justify;\">Creio que o Alo\u00edsio tenha se superado nessa an\u00e1lise. Perfeito, cir\u00fargico, preciso!<\/p>\n<p style=\"text-align: justify;\"><a href=\"http:\/\/www.pedromigao.com.br\/ourodetolo\/2014\/12\/com-a-palavra-a-verdade-o-caso-de-vila-santa-tereza\/santa_tereza_3\/\" rel=\"attachment wp-att-31260\"><img loading=\"lazy\" decoding=\"async\" class=\"alignright size-medium wp-image-31260\" src=\"http:\/\/www.pedromigao.com.br\/ourodetolo\/wp-content\/uploads\/2014\/12\/santa_tereza_3-300x169.jpg\" alt=\"santa_tereza_3\" width=\"300\" height=\"169\" srcset=\"http:\/\/www.pedromigao.com.br\/ourodetolo\/wp-content\/uploads\/2014\/12\/santa_tereza_3-300x169.jpg 300w, http:\/\/www.pedromigao.com.br\/ourodetolo\/wp-content\/uploads\/2014\/12\/santa_tereza_3-550x310.jpg 550w, http:\/\/www.pedromigao.com.br\/ourodetolo\/wp-content\/uploads\/2014\/12\/santa_tereza_3.jpg 620w\" sizes=\"auto, (max-width: 300px) 100vw, 300px\" \/><\/a>Ora, ainda que os fatos tenham ocorrido como alega a representante do pavilh\u00e3o da \u00c1guia da Urura\u00ed, o que n\u00e3o foi o caso, n\u00e3o h\u00e1, em seu relato, qualquer vest\u00edgio de fraude, uma vez que n\u00e3o h\u00e1, ao menos, nenhuma referencia direta \u00e0 oferta e\/ou efetivo recebimento de quaisquer valores ou vantagens indevidas, muito embora Rute Maria tenha, mais de uma vez usado a express\u00e3o samba <em>VENDIDO<\/em> e, se essa foi a real inten\u00e7\u00e3o da Presidenta, essa, sim, \u00e9 que deve satisfa\u00e7\u00f5es \u00e0 todos, inclusive aos compositores acusados de terem comprado e aos diretores acusados de terem recebido algo.<\/p>\n<p style=\"text-align: justify;\">Deve, para provar que n\u00e3o \u00e9 leviana, nem inconsequente, nem irrespons\u00e1vel, dar <em>nome aos bois<\/em>. Quem recebeu, Presidenta? Quem pagou? Quanto foi? O que exatamente foi dado em troca para se falar em samba <em>vendido<\/em>?<\/p>\n<p style=\"text-align: justify;\">O que n\u00e3o se admite \u00e9 que as pessoas usem a internet (ou qualquer outro meio) para soltar palavras e acusa\u00e7\u00f5es ao vento, achando que permanecer\u00e3o impunes e que inverter\u00e3o os pap\u00e9is de <em>mocinhos<\/em> e <em>vil\u00f5es<\/em> desse enredo.<\/p>\n<p style=\"text-align: justify;\">O \u00f4nus da prova incumbe a quem alega e, para isso, fui contratado, como Advogado das pessoas que foram injustamente acusadas e j\u00e1 adotamos as medidas criminais cab\u00edveis, na esp\u00e9cie contra quem acusa sem apresentar provas convincentes.<\/p>\n<p style=\"text-align: justify;\">A \u00fanica <em>\u201cprova\u201d <\/em>apresentada at\u00e9 agora \u00e9 uma suposta conversa travada no <em>inbox<\/em> do <em>Facebook<\/em> por duas pessoas (uma, que supostamente se chamaria Adriano Amaral e seu interlocutor sem identifica\u00e7\u00e3o, uma vez que seu nome est\u00e1 oculto em uma tarja negra, por raz\u00f5es desconhecidas), onde um deles acusa dois diretores de j\u00e1 terem <em>\u201cencomendado o samba\u201d<\/em>, em um di\u00e1logo de pouqu\u00edssimas linhas que, em nada, difere do que, n\u00f3s compositores, diretores, frequentadores das Quadras de Escola de Samba ouvimos, \u00e0 profus\u00e3o, at\u00e9 porque, queiram ou n\u00e3o, a central de boatos faz parte da cultura da disputa de samba, assim como na pol\u00edtica.<\/p>\n<p style=\"text-align: justify;\">Nada diferente do que sempre se ouviu, n\u00e3o fosse pelo mau uso de tal despretensiosa conversa como justificativa para alterar a escolha do samba campe\u00e3o ou como prova para tentar macular a honra e a dignidade de pessoas s\u00e9rias.<\/p>\n<p style=\"text-align: justify;\">Resultante disso, acabamos de distribuir nove interpela\u00e7\u00f5es judiciais (Pedidos de Explica\u00e7\u00f5es, com fulcro no art. 144 do C\u00f3digo Penal), para que a acusadora, Rute Maria, esclare\u00e7a, aclare, individualize suas acusa\u00e7\u00f5es, aponte quem vendeu, quem comprou e quais os valores ou favores oferecidos (ou recebidos).<\/p>\n<p style=\"text-align: justify;\">N\u00e3o h\u00e1 outro caminho.<\/p>\n<p style=\"text-align: justify;\"><a href=\"http:\/\/www.pedromigao.com.br\/ourodetolo\/2014\/12\/com-a-palavra-a-verdade-o-caso-de-vila-santa-tereza\/santa15\/\" rel=\"attachment wp-att-31261\"><img loading=\"lazy\" decoding=\"async\" class=\"alignleft size-medium wp-image-31261\" src=\"http:\/\/www.pedromigao.com.br\/ourodetolo\/wp-content\/uploads\/2014\/12\/santa15-300x225.jpg\" alt=\"santa15\" width=\"300\" height=\"225\" srcset=\"http:\/\/www.pedromigao.com.br\/ourodetolo\/wp-content\/uploads\/2014\/12\/santa15-300x225.jpg 300w, http:\/\/www.pedromigao.com.br\/ourodetolo\/wp-content\/uploads\/2014\/12\/santa15-453x340.jpg 453w, http:\/\/www.pedromigao.com.br\/ourodetolo\/wp-content\/uploads\/2014\/12\/santa15.jpg 620w\" sizes=\"auto, (max-width: 300px) 100vw, 300px\" \/><\/a>Os pr\u00f3ximos passos, posso adiantar, ser\u00e3o o ajuizamento das A\u00e7\u00f5es Penais Privadas (individuais, claro), contra a mesma Presidenta, por parte de todos os que se sentirem ofendidos, bem como ingressaremos com as cab\u00edveis a\u00e7\u00f5es indenizat\u00f3rias por Dano Moral em nome de cada um dos atingidos, inclusive, no caso dos compositores, com o pedido de ressarcimento pelo premio a que fariam jus (valor pago pelas arrecadadoras de direito autoral pela vit\u00f3ria que lhes foi ceifada),<\/p>\n<p style=\"text-align: justify;\">Em situa\u00e7\u00f5es como esta, os palpiteiros de plant\u00e3o precisam ter calma pois palavras de apoio, especialmente em p\u00fablico, (notadamente em redes sociais) podem ser vistas como manifesta\u00e7\u00f5es de concord\u00e2ncia com a vers\u00e3o contada pela Sra. Presidenta e, mesmo que n\u00e3o seja a inten\u00e7\u00e3o inicial, obliquamente insinuam que os compositores do samba\u00a0s\u00e3o pessoas desonestas e praticaram alguma esp\u00e9cie de fraude ou de ato il\u00edcito. No limite, eles podem acabar recendo a mesma interpela\u00e7\u00e3o da Sra. Presidenta.<\/p>\n<p style=\"text-align: justify;\">Foi-se o tempo em que os compositores comportavam-se com um temor reverencial diante dos mandat\u00e1rios das agremia\u00e7\u00f5es. Corrigindo: Alguns ainda resistem nessa postura antiquada, indigna e injustific\u00e1vel, outros n\u00e3o.<\/p>\n<p style=\"text-align: justify;\">Respeito \u00e9 uma coisa, Subservi\u00eancia e conformismo diante de injusti\u00e7as flagrantes como essa ou medo de repres\u00e1lias corporativistas \u00e9 outra coisa completamente diferente.<\/p>\n<p style=\"text-align: justify;\">Que se fa\u00e7a a Justi\u00e7a.<\/p>\n<p style=\"text-align: justify;\">Que algumas pessoas aprendam a refletir sobre as consequ\u00eancias de seus atos e palavras antes de proferirem, irresponsavelmente, acusa\u00e7\u00f5es infundadas e que essa atitude de meus constituintes Vinicius Ferreira, Thiago Lepletier, Danilo Alegria, Hugo Oliveira, Thales Nunes, Macaco Branco,Guilherme Salgueiro, Dalton Cunha e Henrique Xavier sirva como exemplo.<\/p>\n<p style=\"text-align: justify;\">Estamos unidos. Unidos por Vila Santa Tereza. Unidos pelo Samba. Unidos pelo Respeito. Unidos pela Verdade.<\/p>\n<p style=\"text-align: justify;\">E Unidos contra a tirania, contra o abuso de poder e contra a injusti\u00e7a.<\/p>\n<p style=\"text-align: justify;\"><em>[N.do.E.: a Unidos de Vila Santa Tereza \u00e9 uma escola de samba que atualmente est\u00e1 no Acesso B, o que equivale ao terceiro grupo. Desfila na Avenida Intendente Magalh\u00e3es, em Campinho.PM]<\/em><\/p>\n<p style=\"text-align: justify;\"><strong>Imagens: Tudo de Samba, Ziriguidum, SRZD e G1<\/strong><\/p>\n","protected":false},"excerpt":{"rendered":"<p>H\u00e1 cerca de uma semana o Mundo do Samba entrou em polvorosa com um inusitado acontecimento. O samba da parceria que havia sido anunciada comoTour Details<\/p>\n","protected":false},"author":25,"featured_media":0,"comment_status":"open","ping_status":"open","sticky":false,"template":"","format":"standard","meta":{"footnotes":""},"categories":[420],"tags":[18,535,19,25],"class_list":["post-31257","post","type-post","status-publish","format-standard","hentry","category-impressoes-digitais","tag-carnaval","tag-carnaval-2015","tag-escolas-de-samba","tag-judiciario"],"_links":{"self":[{"href":"http:\/\/www.pedromigao.com.br\/ourodetolo\/wp-json\/wp\/v2\/posts\/31257","targetHints":{"allow":["GET"]}}],"collection":[{"href":"http:\/\/www.pedromigao.com.br\/ourodetolo\/wp-json\/wp\/v2\/posts"}],"about":[{"href":"http:\/\/www.pedromigao.com.br\/ourodetolo\/wp-json\/wp\/v2\/types\/post"}],"author":[{"embeddable":true,"href":"http:\/\/www.pedromigao.com.br\/ourodetolo\/wp-json\/wp\/v2\/users\/25"}],"replies":[{"embeddable":true,"href":"http:\/\/www.pedromigao.com.br\/ourodetolo\/wp-json\/wp\/v2\/comments?post=31257"}],"version-history":[{"count":1,"href":"http:\/\/www.pedromigao.com.br\/ourodetolo\/wp-json\/wp\/v2\/posts\/31257\/revisions"}],"predecessor-version":[{"id":31265,"href":"http:\/\/www.pedromigao.com.br\/ourodetolo\/wp-json\/wp\/v2\/posts\/31257\/revisions\/31265"}],"wp:attachment":[{"href":"http:\/\/www.pedromigao.com.br\/ourodetolo\/wp-json\/wp\/v2\/media?parent=31257"}],"wp:term":[{"taxonomy":"category","embeddable":true,"href":"http:\/\/www.pedromigao.com.br\/ourodetolo\/wp-json\/wp\/v2\/categories?post=31257"},{"taxonomy":"post_tag","embeddable":true,"href":"http:\/\/www.pedromigao.com.br\/ourodetolo\/wp-json\/wp\/v2\/tags?post=31257"}],"curies":[{"name":"wp","href":"https:\/\/api.w.org\/{rel}","templated":true}]}}