{"id":31239,"date":"2014-12-16T11:41:06","date_gmt":"2014-12-16T13:41:06","guid":{"rendered":"http:\/\/www.pedromigao.com.br\/ourodetolo\/?p=31239"},"modified":"2014-12-16T08:46:57","modified_gmt":"2014-12-16T10:46:57","slug":"nao-existe-mas-para-bolsonaro-e-a-cnv","status":"publish","type":"post","link":"http:\/\/www.pedromigao.com.br\/ourodetolo\/2014\/12\/nao-existe-mas-para-bolsonaro-e-a-cnv\/","title":{"rendered":"N\u00e3o existe \u2018mas\u2019 para Bolsonaro e a CNV"},"content":{"rendered":"<p style=\"text-align: justify;\">Na \u00faltima semana o deputado federal Jair Bolsonaro (PP-RJ) foi protagonista de uma declara\u00e7\u00e3o na C\u00e2mara dos Deputados onde disse que n\u00e3o estupraria a tamb\u00e9m deputada federal Maria do Ros\u00e1rio (PT-RS) porque ela n\u00e3o merecia ser estuprada.<\/p>\n<p style=\"text-align: justify;\">Um dia ap\u00f3s, a Comiss\u00e3o Nacional da Verdade entrega o seu relat\u00f3rio final para os tr\u00eas poderes. A CNV foi criada em maio de 2012 e foi instaurada para que os crimes de viola\u00e7\u00e3o dos direitos humanos entre 1946 e 1988, portanto, ap\u00f3s a ditadura de Vargas e at\u00e9 o a Constitui\u00e7\u00e3o Cidad\u00e3, fossem apurados.<\/p>\n<p style=\"text-align: justify;\">Por uma coincid\u00eancia de datas, os dois fatos tiveram repercuss\u00e3o ao mesmo tempo, mas os dois est\u00e3o juntos h\u00e1 muito tempo. Bolsonaro \u00e9 declaradamente contra os direitos humanos, a favor da ditadura militar e sempre apronta das suas seja nos programas televisivos ou no plen\u00e1rio da C\u00e2mara.<\/p>\n<p style=\"text-align: justify;\">Bolsonaro foi o deputado federal mais votado do Rio de Janeiro nas elei\u00e7\u00f5es de 2014. A expressiva vota\u00e7\u00e3o do deputado pode ser por dois fatores: a guinada \u00e0 direita das elei\u00e7\u00f5es e a quest\u00e3o de seguran\u00e7a no estado do Rio de Janeiro. Bolsonaro \u00e9 militar e tem na seguran\u00e7a o seu pilar eleitoral. Essa quest\u00e3o da seguran\u00e7a tamb\u00e9m pode explicar porque eleitores votaram em Bolsonaro e Marcelo Freixo \u2013 deputado estadual do PSOL \u2013 ao mesmo tempo (mas isso \u00e9 assunto para um outro texto).<\/p>\n<p style=\"text-align: justify;\"><a href=\"http:\/\/www.pedromigao.com.br\/ourodetolo\/wp-content\/uploads\/2014\/12\/hqdefault.jpg\"><img loading=\"lazy\" decoding=\"async\" class=\"alignleft size-medium wp-image-31243\" src=\"http:\/\/www.pedromigao.com.br\/ourodetolo\/wp-content\/uploads\/2014\/12\/hqdefault-300x225.jpg\" alt=\"hqdefault\" width=\"300\" height=\"225\" srcset=\"http:\/\/www.pedromigao.com.br\/ourodetolo\/wp-content\/uploads\/2014\/12\/hqdefault-300x225.jpg 300w, http:\/\/www.pedromigao.com.br\/ourodetolo\/wp-content\/uploads\/2014\/12\/hqdefault-453x340.jpg 453w, http:\/\/www.pedromigao.com.br\/ourodetolo\/wp-content\/uploads\/2014\/12\/hqdefault.jpg 480w\" sizes=\"auto, (max-width: 300px) 100vw, 300px\" \/><\/a>Jair Bolsonaro e Maria do Ros\u00e1rio se estranham n\u00e3o \u00e9 de hoje, como mostra a imagem ao lado de uma discuss\u00e3o dos dois flagrada pela Rede TV! Nunca defenderam as mesmas coisas e sempre discutiram ali mesmo nos sagu\u00f5es do Congresso Nacional, mas agora a situa\u00e7\u00e3o \u00e9 bem pior. Em uma mesma frase, Bolsonaro disse que uma mulher pode merecer o estupro, que esse crime pode ser algo bom e que ele mesmo possa cometer esse crime caso queira.<\/p>\n<p style=\"text-align: justify;\">Os defensores do deputado dizem que ele foi instigado a isso pela pr\u00f3pria deputada que o chamou de estuprador e que a declara\u00e7\u00e3o foi apenas uma resposta para a Maria do Ros\u00e1rio; por\u00e9m, n\u00e3o existe defesa para o deputado carioca. Ele cometeu um crime de decoro parlamentar. PT, PSB, PCdoB e PSOL j\u00e1 entraram com representa\u00e7\u00e3o no Conselho de \u00c9tica contra ele. Os outros preferem se calar e usar a desculpa do \u201cmas ele foi provocado\u201d. N\u00e3o existe \u2018mas\u2019 essa \u00e9 a verdade. J\u00e1 n\u00e3o \u00e9 a primeira vez que ele comete um caso desses contra uma autoridade (isso sem falar nos casos onde \u2018bandido bom \u00e9 bandido morto\u2019). Bolsonaro j\u00e1 prop\u00f4s a morte de Fernando Henrique Cardoso quando o tucano era presidente da Rep\u00fablica.<\/p>\n<p style=\"text-align: justify;\">Defender Bolsonaro \u00e9 defender os crimes que ele tanto faz apologia. N\u00e3o existe justificativa. N\u00e3o existe meio apoio. N\u00e3o existe meio voto. Jair Bolsonaro j\u00e1 disse que <em>\u201cquem defende a privatiza\u00e7\u00e3o da Petrobr\u00e1s deve ser fuzilado\u201d.<\/em> Esse autor \u00e9 contra a privatiza\u00e7\u00e3o e nem por isso coloca um \u2018mas\u2019 nessa absurda declara\u00e7\u00e3o. N\u00e3o h\u00e1 defesa. N\u00e3o h\u00e1 \u2018mas\u2019. N\u00e3o \u00e9 da democracia. Est\u00e1 na hora de parar de justificar as atitudes dele como sendo democr\u00e1ticas e com representantes.<\/p>\n<p style=\"text-align: justify;\">Do mesmo caso, n\u00e3o h\u00e1 \u2018mas\u2019 no relat\u00f3rio da Comiss\u00e3o Nacional da Verdade divulgado tamb\u00e9m na \u00faltima semana e que Bolsonaro e seus colegas, vi\u00favas da ditadura, contestam o resultado.<\/p>\n<p style=\"text-align: justify;\"><a href=\"http:\/\/www.pedromigao.com.br\/ourodetolo\/wp-content\/uploads\/2014\/12\/entrega-do-Relatorio-Final-da-Comissao-Nacional-da-Verdade.jpg\"><img loading=\"lazy\" decoding=\"async\" class=\"alignright wp-image-31241 size-medium\" src=\"http:\/\/www.pedromigao.com.br\/ourodetolo\/wp-content\/uploads\/2014\/12\/entrega-do-Relatorio-Final-da-Comissao-Nacional-da-Verdade-300x130.jpg\" alt=\"entrega-do-Relatorio-Final-da-Comissao-Nacional-da-Verdade\" width=\"300\" height=\"130\" srcset=\"http:\/\/www.pedromigao.com.br\/ourodetolo\/wp-content\/uploads\/2014\/12\/entrega-do-Relatorio-Final-da-Comissao-Nacional-da-Verdade-300x130.jpg 300w, http:\/\/www.pedromigao.com.br\/ourodetolo\/wp-content\/uploads\/2014\/12\/entrega-do-Relatorio-Final-da-Comissao-Nacional-da-Verdade-550x239.jpg 550w, http:\/\/www.pedromigao.com.br\/ourodetolo\/wp-content\/uploads\/2014\/12\/entrega-do-Relatorio-Final-da-Comissao-Nacional-da-Verdade.jpg 1265w\" sizes=\"auto, (max-width: 300px) 100vw, 300px\" \/><\/a>O relat\u00f3rio hist\u00f3rico d\u00e1 nomes a mortos e desaparecidos pol\u00edticos al\u00e9m de identificar os culpados por essas mortes e desaparecimentos. Corajoso, o relat\u00f3rio come\u00e7a colocando os ditadores &#8211; Humberto Castello Branco, Artur da Costa e Silva, Em\u00edlio Garrastazu M\u00e9dici, Ernesto Geisel e Jo\u00e3o Batista Figueiredo &#8211;\u00a0como primeiros respons\u00e1veis pelas mortes. Pede a revoga\u00e7\u00e3o parcial da Lei de Anistia (1979) e puni\u00e7\u00e3o aos torturadores. A presidente Dilma Rousseff (PT), presa e torturada durante da ditadura militar, j\u00e1 se disse contra a revis\u00e3o da Lei.<\/p>\n<p style=\"text-align: justify;\">A ditadura militar era algo do Estado. Os crimes contra os direitos humanos eram autorizados por leis e pagos com os impostos, por isso, n\u00e3o existe o \u2018mas\u2019 para o relat\u00f3rio da CNV. Militares hoje reclamam e prometem acionar a justi\u00e7a contra a CNV. Afinal de contas, a \u2018terrorista\u2019 que hoje ocupa a presid\u00eancia da Rep\u00fablica e outros terroristas n\u00e3o foram colocados no relat\u00f3rio.<\/p>\n<p style=\"text-align: justify;\">Vale ressaltar que esses eram chamados de terroristas justamente por esse sistema que os militares usaram a seu favor. O Estado hoje tem que pedir desculpas, buscar reconhecer os erros, buscar a verdade porque foi ele, Estado, nas m\u00e3os de militares que foi usado para cometer esses crimes.<\/p>\n<p style=\"text-align: justify;\">N\u00e3o houve luta armada durante a democracia brasileira. Os atos de seq\u00fcestros, roubos e guerrilha, como a do Araguaia, s\u00f3 aconteceram quando a ditadura estava instaurada no pa\u00eds. Se n\u00e3o houvesse o golpe de 64, esses atos de \u2018terrorismo\u2019 poderiam n\u00e3o ter acontecido. Independente do governo que fosse.<\/p>\n<p style=\"text-align: justify;\">Hoje, o Estado n\u00e3o tem que punir os terroristas da \u00e9poca porque, sem os militares usurpando do Estado, Dilma Rousseff e Jos\u00e9 Serra seriam dois estudantes universit\u00e1rios, Carlos Lamarca um militar de esquerda, e tantos outros l\u00edderes e mortos pol\u00edticos n\u00e3o teriam a luta contra a ditadura.<\/p>\n<p style=\"text-align: justify;\">O relat\u00f3rio especifica quais as viola\u00e7\u00f5es dos direitos humanos aconteceram neste per\u00edodo. \u00c9 obriga\u00e7\u00e3o ler, pelo menos, algumas partes deste relat\u00f3rio entregue na \u00faltima semana e que deveria ser lido em sala da aula nas disciplinas de hist\u00f3ria. Aulas essas que s\u00e3o acusadas pelos l\u00edderes da atual direita brasileira de serem alienadoras em uma suposta ditadura de esquerda que vivemos hoje sob o comando do Partido dos Trabalhadores e de Dilma Rousseff, a b\u00falgara terrorista.<\/p>\n<p style=\"text-align: justify;\">A ditadura usou do Estado para roubar \u2013 sim, existia corrup\u00e7\u00e3o naquela \u00e9poca, \u00e9 s\u00f3 olhar a Transamaz\u00f4nica, por exemplo \u2013 ca\u00e7ar, matar, sequestrar, torturar, estuprar, desaparecer com corpos, acabar com fam\u00edlias.<\/p>\n<p style=\"text-align: justify;\">Jair Bolsonaro usa de um poder do Estado para fazer apologia a crimes, desrespeitar o Congresso Nacional e amea\u00e7ar, n\u00e3o s\u00f3 Maria do Ros\u00e1rio, mas todas as mulheres.<\/p>\n<p style=\"text-align: justify;\">N\u00e3o h\u00e1 defesa para tal. N\u00e3o existe &#8216;mas a Maria do Ros\u00e1rio&#8217;. N\u00e3o existe &#8216;mas e os terroristas?&#8217; &#8216;N\u00e3o existe \u2018mas\u2019.<\/p>\n","protected":false},"excerpt":{"rendered":"<p>Na \u00faltima semana o deputado federal Jair Bolsonaro (PP-RJ) foi protagonista de uma declara\u00e7\u00e3o na C\u00e2mara dos Deputados onde disse que n\u00e3o estupraria a tamb\u00e9mTour Details<\/p>\n","protected":false},"author":36,"featured_media":31240,"comment_status":"open","ping_status":"open","sticky":false,"template":"","format":"standard","meta":{"footnotes":""},"categories":[719],"tags":[786,787,537,24,27],"class_list":["post-31239","post","type-post","status-publish","format-standard","has-post-thumbnail","hentry","category-devaneios","tag-bolsonaro","tag-comissao-nacional-da-verdade","tag-ditadura","tag-politica","tag-sociedade"],"_links":{"self":[{"href":"http:\/\/www.pedromigao.com.br\/ourodetolo\/wp-json\/wp\/v2\/posts\/31239","targetHints":{"allow":["GET"]}}],"collection":[{"href":"http:\/\/www.pedromigao.com.br\/ourodetolo\/wp-json\/wp\/v2\/posts"}],"about":[{"href":"http:\/\/www.pedromigao.com.br\/ourodetolo\/wp-json\/wp\/v2\/types\/post"}],"author":[{"embeddable":true,"href":"http:\/\/www.pedromigao.com.br\/ourodetolo\/wp-json\/wp\/v2\/users\/36"}],"replies":[{"embeddable":true,"href":"http:\/\/www.pedromigao.com.br\/ourodetolo\/wp-json\/wp\/v2\/comments?post=31239"}],"version-history":[{"count":0,"href":"http:\/\/www.pedromigao.com.br\/ourodetolo\/wp-json\/wp\/v2\/posts\/31239\/revisions"}],"wp:featuredmedia":[{"embeddable":true,"href":"http:\/\/www.pedromigao.com.br\/ourodetolo\/wp-json\/wp\/v2\/media\/31240"}],"wp:attachment":[{"href":"http:\/\/www.pedromigao.com.br\/ourodetolo\/wp-json\/wp\/v2\/media?parent=31239"}],"wp:term":[{"taxonomy":"category","embeddable":true,"href":"http:\/\/www.pedromigao.com.br\/ourodetolo\/wp-json\/wp\/v2\/categories?post=31239"},{"taxonomy":"post_tag","embeddable":true,"href":"http:\/\/www.pedromigao.com.br\/ourodetolo\/wp-json\/wp\/v2\/tags?post=31239"}],"curies":[{"name":"wp","href":"https:\/\/api.w.org\/{rel}","templated":true}]}}