{"id":31229,"date":"2014-12-16T05:29:13","date_gmt":"2014-12-16T07:29:13","guid":{"rendered":"http:\/\/www.pedromigao.com.br\/ourodetolo\/?p=31229"},"modified":"2014-12-15T17:41:52","modified_gmt":"2014-12-15T19:41:52","slug":"bolsonaro-nao-representa-um-gueto","status":"publish","type":"post","link":"http:\/\/www.pedromigao.com.br\/ourodetolo\/2014\/12\/bolsonaro-nao-representa-um-gueto\/","title":{"rendered":"Bolsonaro n\u00e3o representa um gueto"},"content":{"rendered":"<p style=\"text-align: justify;\">Na \u00faltima semana, uma das not\u00edcias pol\u00edticas mais importantes foram as declara\u00e7\u00f5es feitas pelo deputado federal Jair Bolsonaro (PP-RJ) direcionadas \u00e0 tamb\u00e9m deputada e ex-Ministra da Secretaria de Direitos Humanos Maria do Ros\u00e1rio (PT-RS).<\/p>\n<p style=\"text-align: justify;\">N\u00e3o irei voltar \u00e0s declara\u00e7\u00f5es proferidas pelo deputado, j\u00e1 fartamente conhecidas, mas em resumo ele disse que <em>\u201cn\u00e3o estupraria a deputada porque ela \u00e9 muito feia\u201d<\/em>. \u00c9 mais uma da longa lista de declara\u00e7\u00f5es pol\u00eamicas do deputado \u2013 <span style=\"color: #ff6600;\"><a style=\"color: #ff6600;\" href=\"http:\/\/politica.estadao.com.br\/noticias\/geral,as-frases-polemicas-de-jair-bolsonaro,1127819\" target=\"_blank\">aqui, em mat\u00e9ria do conservador Estad\u00e3o, temos algumas delas<\/a><\/span>.<\/p>\n<p style=\"text-align: justify;\">Fazendo r\u00e1pida pesquisa no Google, podemos encontrar uma s\u00e9rie de opini\u00f5es racistas, homof\u00f3bicas e de intoler\u00e2ncia por parte do deputado. Em c\u00e9lebre entrevista ao programa \u201cCQC\u201d, em 2011, o deputado deu uma s\u00e9rie de declara\u00e7\u00f5es extremistas, entre elas a de que \u201cn\u00e3o corro risco de ver meu filho se apaixonar por uma garota negra porque eles s\u00e3o muito bem educados e isso \u00e9 promiscuidade\u201d. Isso, fora outras palavras na mesma linha.<\/p>\n<p style=\"text-align: justify;\">O pr\u00f3prio entrevero com a deputada Maria do Ros\u00e1rio n\u00e3o \u00e9 novidade. Em 2003 tiveram \u00e1spera discuss\u00e3o na C\u00e2mera, com Bolsonaro chamando a deputada de \u201cvagabunda\u201d. Ou seja, o acontecimento da \u00faltima semana est\u00e1 longe de ser algo pontual.<\/p>\n<p style=\"text-align: justify;\"><a href=\"http:\/\/www.pedromigao.com.br\/ourodetolo\/2014\/12\/bolsonaro-nao-representa-um-gueto\/bolso_deppropriopunho\/\" rel=\"attachment wp-att-31233\"><img loading=\"lazy\" decoding=\"async\" class=\"alignleft wp-image-31233 size-medium\" src=\"http:\/\/www.pedromigao.com.br\/ourodetolo\/wp-content\/uploads\/2014\/12\/bolso_deppropriopunho-300x201.gif\" alt=\"bolso_deppropriopunho\" width=\"300\" height=\"201\" \/><\/a>Bolsonaro apareceu perante a opini\u00e3o p\u00fablica quando, capit\u00e3o do Ex\u00e9rcito<a href=\"http:\/\/blogdomello.blogspot.com.br\/2011\/04\/veja-e-o-croqui-da-bomba-que-bolsonaro.html\" target=\"_blank\">,<span style=\"color: #ff6600;\"> foi alvo de mat\u00e9ria em revista de grande circula\u00e7\u00e3o revelando plano dele e de colega de farda para colocar bombas em quarteis e locais como a adutora do Guandu e o Maracan\u00e3<\/span><\/a>. O objetivo era protestar contra os baixos sal\u00e1rios das For\u00e7as Armadas.<\/p>\n<p style=\"text-align: justify;\">O ent\u00e3o capit\u00e3o foi alvo de inqu\u00e9rito militar, do qual saiu, surpreendentemente, absolvido. No ano seguinte, projetado pelo epis\u00f3dio, elegeu-se vereador na cidade do Rio de Janeiro.<\/p>\n<p style=\"text-align: justify;\">At\u00e9 a\u00ed, nada do que escrevi deve ser novidade para os leitores desta revista eletr\u00f4nica. Entretanto, o que deve ser novidade \u2013 talvez nem tanto \u2013 \u00e9 que as posi\u00e7\u00f5es extremistas, racistas, homof\u00f3bicas, machistas, sexistas e contr\u00e1rias aos direitos humanos expressadas pelo deputado est\u00e3o longe de significar um comportamento exc\u00eantrico, lun\u00e1tico ou de um gueto em termos de representatividade.<\/p>\n<p style=\"text-align: justify;\">Nas \u00faltimas elei\u00e7\u00f5es para a C\u00e2mara Federal, o deputado obteve a reelei\u00e7\u00e3o para seu sexto mandato ininterrupto. Entretanto, ao contr\u00e1rio das outras ocasi\u00f5es, quando ele tinha uma parcela expressiva de votos de militares e de seus c\u00edrculos advinda de seu discurso por melhores sal\u00e1rios, no \u00faltimo dia 5 de outubro ele foi sufragado como o <strong>DEPUTADO MAIS VOTADO DO RIO DE JANEIRO<\/strong>, com 465 mil votos.<\/p>\n<p style=\"text-align: justify;\">Ou seja: ainda que se ressalvando que o sufr\u00e1gio ao Legislativo n\u00e3o \u00e9 t\u00e3o \u201cconsciente\u201d quanto ao Executivo, \u00e9 sinal de que ao menos 500 mil eleitores do Rio de Janeiro concordam, no todo ou em parte, com o ide\u00e1rio representado pelo deputado carioca.<\/p>\n<p style=\"text-align: justify;\">O que isso significa?<\/p>\n<p style=\"text-align: justify;\">Podemos entender este fen\u00f4meno como uma conjun\u00e7\u00e3o de fatores.<\/p>\n<p style=\"text-align: justify;\">O primeiro deles \u00e9 a clara guinada \u00e0 direita que parte da sociedade experimentou nos \u00faltimos anos, especialmente ap\u00f3s as chamadas \u201cjornadas de junho\u201d. Pode-se apontar diversos fatores para esta guinada, mas \u00e9 ineg\u00e1vel que as manifesta\u00e7\u00f5es do ano passado, originalmente proto anarquistas, foram apropriadas pelos segmentos conservadores em um segundo momento.<\/p>\n<p style=\"text-align: justify;\">Esta apropria\u00e7\u00e3o acabou servindo como um catalisador de uma postura conservadora de setores da sociedade, que passou a defender de forma mais expl\u00edcita seus ideais.<\/p>\n<p style=\"text-align: justify;\">Uma segunda explica\u00e7\u00e3o, um pouco derivada da primeira, reside na rea\u00e7\u00e3o de setores da sociedade a pol\u00edticas de afirma\u00e7\u00e3o e de defesa dos direitos de minorias. O racismo e a homofobia expressados pelo deputado tem uma acolhida silenciosa em uma parcela consider\u00e1vel da popula\u00e7\u00e3o, mais a segunda que a primeira.<\/p>\n<p style=\"text-align: justify;\"><a href=\"http:\/\/www.pedromigao.com.br\/ourodetolo\/2014\/12\/bolsonaro-nao-representa-um-gueto\/fotos-produzidas-pelo-senado\/\" rel=\"attachment wp-att-31232\"><img loading=\"lazy\" decoding=\"async\" class=\"alignright size-medium wp-image-31232\" src=\"http:\/\/www.pedromigao.com.br\/ourodetolo\/wp-content\/uploads\/2014\/12\/bolsonaro_1305-300x197.jpg\" alt=\"Fotos produzidas pelo Senado\" width=\"300\" height=\"197\" srcset=\"http:\/\/www.pedromigao.com.br\/ourodetolo\/wp-content\/uploads\/2014\/12\/bolsonaro_1305-300x197.jpg 300w, http:\/\/www.pedromigao.com.br\/ourodetolo\/wp-content\/uploads\/2014\/12\/bolsonaro_1305-517x340.jpg 517w, http:\/\/www.pedromigao.com.br\/ourodetolo\/wp-content\/uploads\/2014\/12\/bolsonaro_1305.jpg 800w\" sizes=\"auto, (max-width: 300px) 100vw, 300px\" \/><\/a>Vale lembrar que os pol\u00edticos de matiz religiosa neopentecostal possuem excelente penetra\u00e7\u00e3o no eleitorado carioca, o que ajuda a explicar, tamb\u00e9m, o bom desempenho de um candidato que defende posi\u00e7\u00f5es que restrinjam os direitos dos homossexuais.<\/p>\n<p style=\"text-align: justify;\">Por outro lado, o racismo, no Brasil, muitas vezes \u00e9 derivado de um preconceito social elevado por parte de camadas mais abastadas de renda \u2013 porque a maioria dos pobres \u00e9 negra. Em termos percentuais, a maior vota\u00e7\u00e3o de Bolsonaro no Rio de Janeiro foi na 9\u00aa Zona Eleitoral, que compreende o bairro carioca da Barra da Tijuca, classe alta em sua maioria. Nesta zona ele obteve 1,86% dos seus votos totais.<\/p>\n<p style=\"text-align: justify;\">Outras zonas eleitorais onde obteve boa vota\u00e7\u00e3o percentual foram a 119\u00aa (tamb\u00e9m Barra da Tijuca), a 7\u00aa (Tijuca), a 192\u00aa (Ilha do Governador\/Jardim Guanabara), a 210\u00aa (Taquara\/Jacarepagu\u00e1) e a 182\u00aa (tamb\u00e9m Taquara). Nestas zonas ele obteve mais que 1% da totalidade de seus sufr\u00e1gios, o que \u00e9 bastante expressivo. Nas 179\u00aa e 180\u00aa zonas, Barra da Tijuca e Jacarepagu\u00e1 respectivamente, ele teve 0,97% de seu sufr\u00e1gio.<\/p>\n<p style=\"text-align: justify;\">Perceba o leitor que todos os locais citados no par\u00e1grafo anterior, \u00e0 exce\u00e7\u00e3o de parte das zonas de Jacarepagu\u00e1, s\u00e3o bairros de classe m\u00e9dia e alta, com preconceito social arraigado \u2013 e trazendo a reboque o racismo disfar\u00e7ado que ocorre com bastante frequ\u00eancia nestas camadas de renda.<\/p>\n<p style=\"text-align: justify;\">Tomando-se o resultado por zona, Bolsonaro nesta j\u00e1 citada 9\u00aa Zona Eleitoral obteve quase o dobro dos votos do candidato mais votado, obtendo 12,8% dos sufr\u00e1gios. Na 119\u00aa Zona tamb\u00e9m foi o mais votado, com 13,5% dos votos. Na 7\u00aa ZE foi o segundo mais votado (12,92%), na 192\u00aa 14,44%, na 182\u00aa 9,34% dos votos, na 179\u00aa 6,72% (segundo mais sufragado) e na 180\u00aa 8,91%.<\/p>\n<p style=\"text-align: justify;\">Tomei como exemplo as Zonas Eleitorais onde Bolsonaro obteve maior vota\u00e7\u00e3o absoluta, mas na 207\u00aa, por exemplo, onde voto (at\u00e9 hoje n\u00e3o transferi meu t\u00edtulo) e que abrange Cascadura e bairros vizinhos, ele foi o mais votado com 10,37%. Na 206\u00aa, Copacabana, ele obteve 10,53%, tamb\u00e9m mais votado, o mesmo se repetindo em Deodoro, local de forte presen\u00e7a militar (123\u00aa, com 9,45%) ou em S\u00e3o Gon\u00e7alo, \u00e1rea de renda m\u00e9dia mais baixa (87\u00aa, 5,7%). Por outro lado, na 240\u00aa, Santa Cruz, ele foi \u201capenas\u201d o quarto mais votado, mesma posi\u00e7\u00e3o que obteve na 254, em Maca\u00e9.<\/p>\n<p style=\"text-align: justify;\">Esses n\u00fameros que tomei como amostragem mostram como o pensamento do deputado possui abrang\u00eancia e penetra\u00e7\u00e3o bastante significativas em todos os espectros sociais e de renda do eleitorado, em que pesem suas posi\u00e7\u00f5es extremistas e que, muitas vezes, revelam total desacordo com a legisla\u00e7\u00e3o brasileira.<\/p>\n<p style=\"text-align: justify;\">Sendo mais claro, para o leitor entender: de forma t\u00e1cita ou aberta uma parcela significativa da sociedade brasileira concorda com posi\u00e7\u00f5es homof\u00f3bicas, racistas, machistas, a favor da tortura, a favor do assassinato como pol\u00edtica de Estado, a favor da discrimina\u00e7\u00e3o, a favor do espancamento de viciados em drogas, contra pol\u00edticas sociais, contra a\u00e7\u00f5es afirmativas, contra a \u201cLei Maria da Penha\u201d e assumindo como \u201cprom\u00edscuo\u201d tudo o que \u00e9 diferente de seu pensamento.<\/p>\n<p style=\"text-align: justify;\"><a href=\"http:\/\/www.pedromigao.com.br\/ourodetolo\/2014\/12\/bolsonaro-nao-representa-um-gueto\/bolsonaro1\/\" rel=\"attachment wp-att-31230\"><img loading=\"lazy\" decoding=\"async\" class=\"alignleft size-medium wp-image-31230\" src=\"http:\/\/www.pedromigao.com.br\/ourodetolo\/wp-content\/uploads\/2014\/12\/bolsonaro1-300x168.jpg\" alt=\"bolsonaro1\" width=\"300\" height=\"168\" srcset=\"http:\/\/www.pedromigao.com.br\/ourodetolo\/wp-content\/uploads\/2014\/12\/bolsonaro1-300x168.jpg 300w, http:\/\/www.pedromigao.com.br\/ourodetolo\/wp-content\/uploads\/2014\/12\/bolsonaro1-550x309.jpg 550w, http:\/\/www.pedromigao.com.br\/ourodetolo\/wp-content\/uploads\/2014\/12\/bolsonaro1.jpg 640w\" sizes=\"auto, (max-width: 300px) 100vw, 300px\" \/><\/a>E, alargando o racioc\u00ednio, a favor do estupro \u2013 expl\u00edcito ou impl\u00edcito.<\/p>\n<p style=\"text-align: justify;\">Ou seja: o fen\u00f4meno chamado Jair Bolsonaro n\u00e3o pode ser tratado como um exemplar ex\u00f3tico que defende posi\u00e7\u00f5es extremistas. \u00c9 efeito de uma postura de parte n\u00e3o desprez\u00edvel da popula\u00e7\u00e3o brasileira, que radicalizou suas opini\u00f5es nos \u00faltimos anos \u2013 por motivos que dariam outro artigo \u2013 e que n\u00e3o est\u00e1 preocupado com interesses que n\u00e3o sejam os seus.<\/p>\n<p style=\"text-align: justify;\">Finalizo ressaltando que Bolsonaro talvez seja o exemplo mais midi\u00e1tico deste tipo de pol\u00edtico, mas v\u00e1rios estados elegeram seus \u201cBolsonaros\u201d para compor um Congresso que \u00e9, de longe, um dos mais conservadores da Hist\u00f3ria do Brasil. O pr\u00f3prio filho do deputado carioca se elegeu a uma cadeira na C\u00e2mara Federal por S\u00e3o Paulo.<\/p>\n<p style=\"text-align: justify;\">Ainda h\u00e1 muito o que se estudar sobre este fen\u00f4meno e n\u00e3o tenho pretens\u00e3o, neste artigo, de esgotar o tema. Mas est\u00e1 claro que existe uma esp\u00e9cie de \u201covo da serpente\u201d sendo gerado.<\/p>\n<p style=\"text-align: justify;\"><strong>Imagens: Uol, Blog do Mello, Revista F\u00f3rum e Extra<\/strong><\/p>\n","protected":false},"excerpt":{"rendered":"<p>Na \u00faltima semana, uma das not\u00edcias pol\u00edticas mais importantes foram as declara\u00e7\u00f5es feitas pelo deputado federal Jair Bolsonaro (PP-RJ) direcionadas \u00e0 tamb\u00e9m deputada e ex-MinistraTour Details<\/p>\n","protected":false},"author":2,"featured_media":0,"comment_status":"open","ping_status":"open","sticky":false,"template":"","format":"standard","meta":{"footnotes":""},"categories":[289],"tags":[24,27,6],"class_list":["post-31229","post","type-post","status-publish","format-standard","hentry","category-pedro-migao","tag-politica","tag-sociedade","tag-vida-cotidiana"],"_links":{"self":[{"href":"http:\/\/www.pedromigao.com.br\/ourodetolo\/wp-json\/wp\/v2\/posts\/31229","targetHints":{"allow":["GET"]}}],"collection":[{"href":"http:\/\/www.pedromigao.com.br\/ourodetolo\/wp-json\/wp\/v2\/posts"}],"about":[{"href":"http:\/\/www.pedromigao.com.br\/ourodetolo\/wp-json\/wp\/v2\/types\/post"}],"author":[{"embeddable":true,"href":"http:\/\/www.pedromigao.com.br\/ourodetolo\/wp-json\/wp\/v2\/users\/2"}],"replies":[{"embeddable":true,"href":"http:\/\/www.pedromigao.com.br\/ourodetolo\/wp-json\/wp\/v2\/comments?post=31229"}],"version-history":[{"count":0,"href":"http:\/\/www.pedromigao.com.br\/ourodetolo\/wp-json\/wp\/v2\/posts\/31229\/revisions"}],"wp:attachment":[{"href":"http:\/\/www.pedromigao.com.br\/ourodetolo\/wp-json\/wp\/v2\/media?parent=31229"}],"wp:term":[{"taxonomy":"category","embeddable":true,"href":"http:\/\/www.pedromigao.com.br\/ourodetolo\/wp-json\/wp\/v2\/categories?post=31229"},{"taxonomy":"post_tag","embeddable":true,"href":"http:\/\/www.pedromigao.com.br\/ourodetolo\/wp-json\/wp\/v2\/tags?post=31229"}],"curies":[{"name":"wp","href":"https:\/\/api.w.org\/{rel}","templated":true}]}}