{"id":30788,"date":"2014-11-22T06:58:12","date_gmt":"2014-11-22T08:58:12","guid":{"rendered":"http:\/\/www.pedromigao.com.br\/ourodetolo\/?p=30788"},"modified":"2014-11-26T08:45:18","modified_gmt":"2014-11-26T10:45:18","slug":"caderno-literario-a-estrutura-narrativa-de-vidas-secas","status":"publish","type":"post","link":"http:\/\/www.pedromigao.com.br\/ourodetolo\/2014\/11\/caderno-literario-a-estrutura-narrativa-de-vidas-secas\/","title":{"rendered":"A estrutura narrativa de &#8220;Vidas Secas&#8221;"},"content":{"rendered":"<p>Com a tem\u00e1tica da seca e um estilo sint\u00e9tico porque tamb\u00e9m seco, o romance <em>Vidas secas<\/em>, de Graciliano Ramos, demonstra isomorfia entre forma (estilo) e conte\u00fado (tem\u00e1tica). Nessa perspectiva, a explora\u00e7\u00e3o de uma escrita \u201ca palo seco\u201d, como se v\u00ea na poesia de Jo\u00e3o Cabral, constitui a completa estrutura do livro.<\/p>\n<p style=\"text-align: justify\">Cada parte da narrativa \u00e9 uma representa\u00e7\u00e3o do seu todo, havendo uma articula\u00e7\u00e3o entre a linguagem, os personagens, o espa\u00e7o, a a\u00e7\u00e3o e o tema abordado. Sendo assim, esses elementos apropriam-se da seca e fazem com que ela seja a respons\u00e1vel pela composi\u00e7\u00e3o da obra, de modo que tudo esteja representando o mesmo: a vida seca do sertanejo.<\/p>\n<p style=\"text-align: justify\"><a href=\"http:\/\/www.pedromigao.com.br\/ourodetolo\/wp-content\/uploads\/2014\/11\/retirantes-vidas-secas.jpg\"><img loading=\"lazy\" decoding=\"async\" class=\"size-medium wp-image-30789 alignleft\" src=\"http:\/\/www.pedromigao.com.br\/ourodetolo\/wp-content\/uploads\/2014\/11\/retirantes-vidas-secas-265x300.jpg\" alt=\"retirantes-vidas-secas\" width=\"265\" height=\"300\" srcset=\"http:\/\/www.pedromigao.com.br\/ourodetolo\/wp-content\/uploads\/2014\/11\/retirantes-vidas-secas-265x300.jpg 265w, http:\/\/www.pedromigao.com.br\/ourodetolo\/wp-content\/uploads\/2014\/11\/retirantes-vidas-secas-300x340.jpg 300w, http:\/\/www.pedromigao.com.br\/ourodetolo\/wp-content\/uploads\/2014\/11\/retirantes-vidas-secas.jpg 779w\" sizes=\"auto, (max-width: 265px) 100vw, 265px\" \/><\/a>No entanto, o prop\u00f3sito de recorr\u00eancia da ideia do seco n\u00e3o reduz ou empobrece a narrativa, pois, ao contr\u00e1rio disso, \u00e9 o que possibilita seu estado de eleva\u00e7\u00e3o e ilumina\u00e7\u00e3o: trabalhar em torno do mesmo elemento, nesse caso, \u00e9 uma maneira de indicar a unidade da obra e ratificar sua organicidade.<\/p>\n<p style=\"text-align: justify\">\u00c9 a partir dessa unidade e dessa estrutura arquitet\u00f4nica que podemos interpretar cada bloco narrativo como partes n\u00e3o t\u00e3o aut\u00f4nomas, porque, mesmo possuindo um sentido completo, cada uma dessas partes constitui apenas uma irradia\u00e7\u00e3o do todo, que diz respeito, por sua vez, ao sentido pleno do livro.<br \/>\n<a href=\"http:\/\/www.pedromigao.com.br\/ourodetolo\/wp-content\/uploads\/2014\/11\/vsecas03.png\"><img loading=\"lazy\" decoding=\"async\" class=\"size-medium wp-image-30790 alignright\" src=\"http:\/\/www.pedromigao.com.br\/ourodetolo\/wp-content\/uploads\/2014\/11\/vsecas03-182x300.png\" alt=\"vsecas03\" width=\"182\" height=\"300\" srcset=\"http:\/\/www.pedromigao.com.br\/ourodetolo\/wp-content\/uploads\/2014\/11\/vsecas03-182x300.png 182w, http:\/\/www.pedromigao.com.br\/ourodetolo\/wp-content\/uploads\/2014\/11\/vsecas03.png 195w\" sizes=\"auto, (max-width: 182px) 100vw, 182px\" \/><\/a><\/p>\n<p style=\"text-align: justify\">Desse modo, a justaposi\u00e7\u00e3o de cap\u00edtulos \u2013 que se refletem porque representam o mesmo, embora de forma diferente \u2013 distancia rigorosamente a narrativa de seu modelo tradicional. Rompe-se a l\u00f3gica de uma hist\u00f3ria composta por encadeamento de fatos, em que um acontecimento necessariamente leva a outro, e o que se tem, na verdade, \u00e9 a impress\u00e3o dos personagens, em cada bloco narrativo, acerca dos eventos.<\/p>\n<p style=\"text-align: justify\">Em <em>Vidas secas <\/em>importa, sobretudo, a rea\u00e7\u00e3o mental do personagem e sua experi\u00eancia emocional. Assim, o leitor habituado ao romance de costumes, que l\u00ea as p\u00e1ginas para saber somente o que acontecer\u00e1 depois de algo j\u00e1 ocorrido, pode estranhar a estrutura do livro.<\/p>\n<p style=\"text-align: justify\">Em vez de uma \u00fanica perspectiva do narrador doutrin\u00e1rio, portanto, o narrador de <em>Vidas secas<\/em> \u00e9 multiperspectivado porque reflete, no ato de narrar, a perspectiva de um e de outro personagem, adotando, para isso, m\u00faltiplos pontos de vista.<\/p>\n","protected":false},"excerpt":{"rendered":"<p>Com a tem\u00e1tica da seca e um estilo sint\u00e9tico porque tamb\u00e9m seco, o romance Vidas secas, de Graciliano Ramos, demonstra isomorfia entre forma (estilo) eTour Details<\/p>\n","protected":false},"author":30,"featured_media":30797,"comment_status":"open","ping_status":"open","sticky":false,"template":"","format":"standard","meta":{"footnotes":""},"categories":[624],"tags":[12,91,73],"class_list":["post-30788","post","type-post","status-publish","format-standard","has-post-thumbnail","hentry","category-caderno-literario","tag-cultura","tag-literatura","tag-livros"],"_links":{"self":[{"href":"http:\/\/www.pedromigao.com.br\/ourodetolo\/wp-json\/wp\/v2\/posts\/30788","targetHints":{"allow":["GET"]}}],"collection":[{"href":"http:\/\/www.pedromigao.com.br\/ourodetolo\/wp-json\/wp\/v2\/posts"}],"about":[{"href":"http:\/\/www.pedromigao.com.br\/ourodetolo\/wp-json\/wp\/v2\/types\/post"}],"author":[{"embeddable":true,"href":"http:\/\/www.pedromigao.com.br\/ourodetolo\/wp-json\/wp\/v2\/users\/30"}],"replies":[{"embeddable":true,"href":"http:\/\/www.pedromigao.com.br\/ourodetolo\/wp-json\/wp\/v2\/comments?post=30788"}],"version-history":[{"count":1,"href":"http:\/\/www.pedromigao.com.br\/ourodetolo\/wp-json\/wp\/v2\/posts\/30788\/revisions"}],"predecessor-version":[{"id":30799,"href":"http:\/\/www.pedromigao.com.br\/ourodetolo\/wp-json\/wp\/v2\/posts\/30788\/revisions\/30799"}],"wp:featuredmedia":[{"embeddable":true,"href":"http:\/\/www.pedromigao.com.br\/ourodetolo\/wp-json\/wp\/v2\/media\/30797"}],"wp:attachment":[{"href":"http:\/\/www.pedromigao.com.br\/ourodetolo\/wp-json\/wp\/v2\/media?parent=30788"}],"wp:term":[{"taxonomy":"category","embeddable":true,"href":"http:\/\/www.pedromigao.com.br\/ourodetolo\/wp-json\/wp\/v2\/categories?post=30788"},{"taxonomy":"post_tag","embeddable":true,"href":"http:\/\/www.pedromigao.com.br\/ourodetolo\/wp-json\/wp\/v2\/tags?post=30788"}],"curies":[{"name":"wp","href":"https:\/\/api.w.org\/{rel}","templated":true}]}}