{"id":30618,"date":"2014-11-14T05:22:36","date_gmt":"2014-11-14T07:22:36","guid":{"rendered":"http:\/\/www.pedromigao.com.br\/ourodetolo\/?p=30618"},"modified":"2014-11-13T07:58:26","modified_gmt":"2014-11-13T09:58:26","slug":"piquet-esta-sorrindo-e-nos-tambem","status":"publish","type":"post","link":"http:\/\/www.pedromigao.com.br\/ourodetolo\/2014\/11\/piquet-esta-sorrindo-e-nos-tambem\/","title":{"rendered":"Piquet est\u00e1 sorrindo. E n\u00f3s tamb\u00e9m!"},"content":{"rendered":"<p style=\"text-align: justify;\">Antes de tudo, desculpem-me por n\u00e3o ter escrito coluna na semana passada, mas estava atolado at\u00e9 o pesco\u00e7o na cobertura do Grande Pr\u00eamio do Brasil de F\u00f3rmula 1 pelo Globoesporte.com. Foi uma cobertura muito saborosa de se fazer, diga-se de passagem, com colegas extremamente profissionais e agrad\u00e1veis.<\/p>\n<p style=\"text-align: justify;\">E o tema da coluna desta semana \u00e9 justamente um dos personagens com os quais convivi no fim de semana que passou. Ele, ali\u00e1s, brilhou mais do que o vencedor Nico Rosberg, o\u00a0l\u00edder do campeonato Lewis Hamilton, ou at\u00e9 mesmo o brasileiro Felipe Massa, que voltou ao p\u00f3dio. Falo de Nelson Piquet Souto Maior. Ele mesmo.<\/p>\n<p style=\"text-align: justify;\">J\u00e1 tinha estado com Nelson em outras ocasi\u00f5es, mas em situa\u00e7\u00f5es muito r\u00e1pidas, que n\u00e3o permitiram emendar um papo mais aprofundado, seja por pressa do pr\u00f3prio, do evento, ou minha mesmo. E nos \u00faltimos anos ele esteve um tanto taciturno, principalmente ap\u00f3s o esc\u00e2ndalo do Cingapuragate, no qual seu filho Nelsinho fora coagido por Flavio Briatore a bater de prop\u00f3sito para beneficiar Fernando Alonso. Na \u00e9poca, ele sofreu bastante. Mas na semana que passou, tudo foi diferente. Consegui, enfim, trocar mais ideias com Nelson. Ou melhor, eu \u00e9 que absorvi cada segundo das conversas. Sim, das conversas.<\/p>\n<p style=\"text-align: justify;\"><a href=\"http:\/\/www.pedromigao.com.br\/ourodetolo\/wp-content\/uploads\/2014\/11\/piquet1.jpg\"><img loading=\"lazy\" decoding=\"async\" class=\"size-medium wp-image-30620 alignleft\" src=\"http:\/\/www.pedromigao.com.br\/ourodetolo\/wp-content\/uploads\/2014\/11\/piquet1-300x204.jpg\" alt=\"piquet1\" width=\"300\" height=\"204\" srcset=\"http:\/\/www.pedromigao.com.br\/ourodetolo\/wp-content\/uploads\/2014\/11\/piquet1-300x204.jpg 300w, http:\/\/www.pedromigao.com.br\/ourodetolo\/wp-content\/uploads\/2014\/11\/piquet1-499x340.jpg 499w, http:\/\/www.pedromigao.com.br\/ourodetolo\/wp-content\/uploads\/2014\/11\/piquet1.jpg 690w\" sizes=\"auto, (max-width: 300px) 100vw, 300px\" \/><\/a>A primeira, ainda na quinta-feira, foi no hospitality center da Porsche, j\u00e1 que Pedro, filho mais novo do tricampe\u00e3o, concederia entrevista a alguns jornalistas em meio a um almo\u00e7o antes dos treinos da Porsche Cup Challenge &#8211; ali\u00e1s, Pedro venceria categoricamente a corrida, sua primeira num carro de turismo.<\/p>\n<p style=\"text-align: justify;\">Depois da sabatina com Pedro, o companheiro Felipe Motta, da R\u00e1dio Jovem Pan e da Fox Sports, emendou:<em> &#8220;Nelson, voc\u00ea responderia a umas tr\u00eas perguntinhas pra gente?&#8221;<\/em>. Piquet, um ex-jogador de t\u00eanis, emendou num voleio \u00e0 la Roger Federer: <em>&#8220;J\u00e1 t\u00f4 aqui, n\u00e9?&#8221;<\/em>, riu.<\/p>\n<p style=\"text-align: justify;\">Sentimos que ele &#8220;queria jogo&#8221;. Ent\u00e3o, Felipe fez a primeira pergunta, eu fiz a segunda, um outro colega a terceira&#8230; Enfim, foram quase trinta minutos de entrevista que renderam farto material a todos. No melhor estilo Piquet, ele criticou a artificialidade da atual F\u00f3rmula 1, pressentiu dificuldades tremendas para a categoria quando Bernie Ecclestone morrer e falou sobre a chegada de pilotos muito jovens \u00e0 F\u00f3rmula 1:<\/p>\n<p style=\"text-align: justify;\"><em>&#8211;\u00a0Na F\u00f3rmula 1 hoje voc\u00ea precisa ser r\u00e1pido e n\u00e3o errar. Basta. Voc\u00ea pode ser um total imbecil de n\u00e3o saber como funciona um motor, mas se o cara for r\u00e1pido e n\u00e3o errar, ele faz o servi\u00e7o dele (risos).<\/em><\/p>\n<p style=\"text-align: justify;\">Ainda falou sobre Felipe Massa, a quem considera um \u00f3timo piloto mas v\u00ea limitado depois do acidente da Hungria, em 2009. Nelson, que tamb\u00e9m sofrera um grave acidente em Imola, em 1987, sabia o que estava dizendo.<\/p>\n<p style=\"text-align: justify;\"><em>&#8211; Eu dei uma p&#8230; pancada na cabe\u00e7a e nunca mais fui o mesmo. Minha carreira a-ca-bou.<\/em><\/p>\n<p style=\"text-align: justify;\">A\u00ed um rep\u00f3rter lembrou que ele tinha sido campe\u00e3o naquele mesmo ano:<\/p>\n<p style=\"text-align: justify;\"><em>&#8211; Ah, \u00e9 verdade&#8230; Mas fui campe\u00e3o na intelig\u00eancia. Nunca fui mais t\u00e3o r\u00e1pido como eu era.<\/em><\/p>\n<p style=\"text-align: justify;\">Terminada a entrevista, todos se levantaram e Piquet continuou batendo papo de forma descontra\u00edda e irreverente, falando diversos palavr\u00f5es, reclamando dos governos das \u00faltimas d\u00e9cadas e, em off, sorrindo de orelha a orelha com o desempenho de Pedro Piquet, campe\u00e3o antecipado da F\u00f3rmula 3 Brasil:<\/p>\n<p style=\"text-align: justify;\"><em>&#8211; Ele \u00e9 r\u00e1pido pra c&#8230; e n\u00e3o erra!<\/em><\/p>\n<p style=\"text-align: justify;\">Apaixonado por corridas que sou, n\u00e3o aguentei e fiz uma pergunta bem\u00a0espec\u00edfica, para elucidar algo que eu jamais vira em qualquer publica\u00e7\u00e3o.<\/p>\n<p style=\"text-align: justify;\"><a href=\"http:\/\/www.pedromigao.com.br\/ourodetolo\/wp-content\/uploads\/2014\/11\/piquet3.jpg\"><img loading=\"lazy\" decoding=\"async\" class=\"wp-image-30623 alignleft\" src=\"http:\/\/www.pedromigao.com.br\/ourodetolo\/wp-content\/uploads\/2014\/11\/piquet3-550x331.jpg\" alt=\"piquet3\" width=\"400\" height=\"241\" srcset=\"http:\/\/www.pedromigao.com.br\/ourodetolo\/wp-content\/uploads\/2014\/11\/piquet3-550x331.jpg 550w, http:\/\/www.pedromigao.com.br\/ourodetolo\/wp-content\/uploads\/2014\/11\/piquet3-300x180.jpg 300w, http:\/\/www.pedromigao.com.br\/ourodetolo\/wp-content\/uploads\/2014\/11\/piquet3.jpg 589w\" sizes=\"auto, (max-width: 400px) 100vw, 400px\" \/><\/a>Voltemos ao dia 26 de outubro de 1986, Adelaide, decis\u00e3o do campeonato. Ele, Nigel Mansell e Alain Prost disputavam o t\u00edtulo. Prost teve um pneu estourado mas como estava perto dos boxes, conseguiu voltar \u00e0 prova a ponto de colar em Mansell, o terceiro, Piquet, o segundo, e Keke Rosberg, o l\u00edder. Este tamb\u00e9m teve um pneu furado e abandonou. Mansell tamb\u00e9m. Piquet ent\u00e3o era o l\u00edder, com Prost em segundo. Este resultado dava o tricampeonato ao brasileiro, mas este foi aos boxes e, apesar de grande rea\u00e7\u00e3o, n\u00e3o conseguiu passar Prost, que levou o bi.<\/p>\n<p style=\"text-align: justify;\">Nelson, dava pra ter\u00a0tentado ir at\u00e9 o fim sem trocar pneus?<\/p>\n<p style=\"text-align: justify;\"><em>&#8211; Putz, bicho, n\u00e3o dava&#8230; J\u00e1 tava vibrando h\u00e1 umas quatro voltas. Se eu fico mais algumas eu ia estourar tamb\u00e9m. O narigudo \u00e9 que foi cag\u00e3o, tava perto dos boxes quando estourou mais cedo (risos).<\/em><\/p>\n<p style=\"text-align: justify;\">Mas, Nelson, voc\u00ea n\u00e3o pensou em mandar tudo \u00e0s favas (n\u00e3o foram bem esses termos\u00a0que\u00a0usei, admito&#8230;)?<\/p>\n<p style=\"text-align: justify;\"><em>&#8211; Ah, n\u00e3o dava&#8230; E os caras tamb\u00e9m estavam apavorados nos boxes&#8230;<\/em><\/p>\n<p style=\"text-align: justify;\">Sincero, sem meias palavras, e rindo. Aproveitei, tirei uma foto com ele (essa eu n\u00e3o divulguei nas redes sociais, s\u00f3 para alguns amigos) e ainda emendamos um papo sobre o carro da Porsche e a disputa pelo campeonato, que, para ele, deve ficar com Lewis Hamilton.<\/p>\n<p style=\"text-align: justify;\"><a href=\"http:\/\/www.pedromigao.com.br\/ourodetolo\/wp-content\/uploads\/2014\/11\/piquet2.jpg\"><img loading=\"lazy\" decoding=\"async\" class=\"wp-image-30621 alignleft\" src=\"http:\/\/www.pedromigao.com.br\/ourodetolo\/wp-content\/uploads\/2014\/11\/piquet2-523x340.jpg\" alt=\"piquet2\" width=\"400\" height=\"260\" srcset=\"http:\/\/www.pedromigao.com.br\/ourodetolo\/wp-content\/uploads\/2014\/11\/piquet2-523x340.jpg 523w, http:\/\/www.pedromigao.com.br\/ourodetolo\/wp-content\/uploads\/2014\/11\/piquet2-300x194.jpg 300w, http:\/\/www.pedromigao.com.br\/ourodetolo\/wp-content\/uploads\/2014\/11\/piquet2.jpg 611w\" sizes=\"auto, (max-width: 400px) 100vw, 400px\" \/><\/a>Domingo voltei a encontr\u00e1-lo no paddock da F\u00f3rmula 1 e ele atendeu aos f\u00e3s, fez mais uma centena de piadas e ainda papeou sobre mais temas como a base do automobilismo no Brasil e a s\u00e9rie de c&#8230;.. da CBA. E, enquanto estava ao lado do meu amigo Marcelo Courregge, esperando a entrada ao vivo no Esporte Espetacular, o sorriso voltou quando Pedro se aproximou depois de vencer na Porsche.<\/p>\n<p style=\"text-align: justify;\">Terminada essa participa\u00e7\u00e3o, ele ainda papeou mais um pouco conosco e seguiu o rumo. Depois, conversou com o prefeito de S\u00e3o Paulo, Fernando Haddad, e, pouco antes da largada, o flagrei, numa cena que quase ningu\u00e9m viu, dando um beijo na testa de Bernie Ecclestone: &#8220;My old friend!&#8221; (Meu velho amigo!&#8221;).<\/p>\n<p style=\"text-align: justify;\">Mas o show n\u00e3o tinha terminado. Numa cena antol\u00f3gica durante a prova, ele partiu pra dar mais um beijo, agora em Niki Lauda, que, como chefe da Mercedes, estava tenso com a briga entre Hamilton e Rosberg. O frio Lauda riu de orelha a orelha e retribuiu o carinho do ex-companheiro de Brabham, em 1978 e 1979.<\/p>\n<p style=\"text-align: justify;\">O gran finale estava reservado para o p\u00f3dio. Ao avistar Hamilton, ele engatou a oitava marcha (sim, hoje os carros usam oitava&#8230;):<\/p>\n<p style=\"text-align: justify;\"><em>&#8211; Lewis, tenho muita inveja do seu estilo, da forma como voc\u00ea pilota. Mas tenho que confessar que eu tenho mais inveja de voc\u00ea mesmo pela tua namorada (a cantora americana Nicole Scherzinger). Ali\u00e1s, onde ela est\u00e1?<\/em><\/p>\n<p style=\"text-align: justify;\">Como \u00e9 bom ver Nelson Piquet se divertindo e divertindo a todos n\u00f3s!<\/p>\n","protected":false},"excerpt":{"rendered":"<p>Antes de tudo, desculpem-me por n\u00e3o ter escrito coluna na semana passada, mas estava atolado at\u00e9 o pesco\u00e7o na cobertura do Grande Pr\u00eamio do BrasilTour Details<\/p>\n","protected":false},"author":14,"featured_media":30622,"comment_status":"open","ping_status":"open","sticky":false,"template":"","format":"standard","meta":{"footnotes":""},"categories":[20],"tags":[34,50,76],"class_list":["post-30618","post","type-post","status-publish","format-standard","has-post-thumbnail","hentry","category-sabinadas","tag-automobilismo","tag-formula-1","tag-nelson-piquet"],"_links":{"self":[{"href":"http:\/\/www.pedromigao.com.br\/ourodetolo\/wp-json\/wp\/v2\/posts\/30618","targetHints":{"allow":["GET"]}}],"collection":[{"href":"http:\/\/www.pedromigao.com.br\/ourodetolo\/wp-json\/wp\/v2\/posts"}],"about":[{"href":"http:\/\/www.pedromigao.com.br\/ourodetolo\/wp-json\/wp\/v2\/types\/post"}],"author":[{"embeddable":true,"href":"http:\/\/www.pedromigao.com.br\/ourodetolo\/wp-json\/wp\/v2\/users\/14"}],"replies":[{"embeddable":true,"href":"http:\/\/www.pedromigao.com.br\/ourodetolo\/wp-json\/wp\/v2\/comments?post=30618"}],"version-history":[{"count":0,"href":"http:\/\/www.pedromigao.com.br\/ourodetolo\/wp-json\/wp\/v2\/posts\/30618\/revisions"}],"wp:featuredmedia":[{"embeddable":true,"href":"http:\/\/www.pedromigao.com.br\/ourodetolo\/wp-json\/wp\/v2\/media\/30622"}],"wp:attachment":[{"href":"http:\/\/www.pedromigao.com.br\/ourodetolo\/wp-json\/wp\/v2\/media?parent=30618"}],"wp:term":[{"taxonomy":"category","embeddable":true,"href":"http:\/\/www.pedromigao.com.br\/ourodetolo\/wp-json\/wp\/v2\/categories?post=30618"},{"taxonomy":"post_tag","embeddable":true,"href":"http:\/\/www.pedromigao.com.br\/ourodetolo\/wp-json\/wp\/v2\/tags?post=30618"}],"curies":[{"name":"wp","href":"https:\/\/api.w.org\/{rel}","templated":true}]}}