{"id":30519,"date":"2014-11-10T14:04:47","date_gmt":"2014-11-10T16:04:47","guid":{"rendered":"http:\/\/www.pedromigao.com.br\/ourodetolo\/?p=30519"},"modified":"2014-11-09T11:27:53","modified_gmt":"2014-11-09T13:27:53","slug":"primeiras-impressoes-de-uma-safra-abaixo-da-media-recente","status":"publish","type":"post","link":"http:\/\/www.pedromigao.com.br\/ourodetolo\/2014\/11\/primeiras-impressoes-de-uma-safra-abaixo-da-media-recente\/","title":{"rendered":"Primeiras Impress\u00f5es de uma Safra Abaixo da M\u00e9dia"},"content":{"rendered":"<p style=\"text-align: justify;\">Finalmente os sambas-enredo do pr\u00f3ximo carnaval tomam forma oficial. Em breve, a grava\u00e7\u00e3o do CD ser\u00e1 disponibilizada por completo. O g\u00eanero \u00e9 pessimamente divulgado, al\u00e9m de ter vivido uma fase de apequenamento, n\u00e3o atingindo mais o grande p\u00fablico, apesar da retomada da qualidade que produziu uma sequ\u00eancia de cinco \u00f3timas safras seguidas, seja pelo conjunto geral ou por causa de obras excepcionais que elevavam o n\u00edvel.<\/p>\n<p style=\"text-align: justify;\">Por\u00e9m, a sequ\u00eancia acabou no ano passado e para 2015 temos, em minha vis\u00e3o, a pior safra desde o sofr\u00edvel CD de 2009. Temos obras muito bem feitas e dignas de destaque, n\u00e3o tanto como Portela 2012 ou Vila 2013, mas que, com certeza, s\u00e3o bem compostas e podem render demais na pista. Por outro lado, se h\u00e1 claramente um grupo de ponta, h\u00e1 um conjunto de sambas &#8220;in\u00fateis&#8221;, comuns ou trashs.<\/p>\n<p style=\"text-align: justify;\">Considero uns quatro sambas, neste primeiro momento, como \u201cpula-faixas\u201d, e mais dois completamente esquec\u00edveis. N\u00famero alto para um grupo de 12 escolas. Tive a sensa\u00e7\u00e3o, nestas primeiras audi\u00e7\u00f5es, de que a safra \u00e9 dominada por tons mel\u00f3dicos mais dolentes e, por mais que a qualidade seja question\u00e1vel, v\u00e1rias escolas saem da f\u00f3rmula tradicional de dois refr\u00e3es de quatro versos, separando duas estrofes de 10. E, convenhamos, depois de cinco safras bacanas, uma hora o n\u00edvel cairia.<\/p>\n<p style=\"text-align: justify;\"><a href=\"http:\/\/www.pedromigao.com.br\/ourodetolo\/2014\/03\/instantaneos-da-folia-2014\/20140308_235316\/\" rel=\"attachment wp-att-24311\"><img loading=\"lazy\" decoding=\"async\" class=\"alignleft size-medium wp-image-24311\" src=\"http:\/\/www.pedromigao.com.br\/ourodetolo\/wp-content\/uploads\/2014\/03\/20140308_235316-300x225.jpg\" alt=\"20140308_235316\" width=\"300\" height=\"225\" srcset=\"http:\/\/www.pedromigao.com.br\/ourodetolo\/wp-content\/uploads\/2014\/03\/20140308_235316-300x225.jpg 300w, http:\/\/www.pedromigao.com.br\/ourodetolo\/wp-content\/uploads\/2014\/03\/20140308_235316-453x340.jpg 453w\" sizes=\"auto, (max-width: 300px) 100vw, 300px\" \/><\/a>Seguem as primeiras avalia\u00e7\u00f5es das obras, pela ordem das faixas no CD:<\/p>\n<p style=\"text-align: justify;\"><strong>Unidos da Tijuca<\/strong>: Ter a Tijuca como atual campe\u00e3 virou sin\u00f4nimo de CD aberto com sambas fracos. E este \u00e9 o pior do ano. A letra \u00e9 completamente desconexa, sem qualquer momento de destaque e uma melodia que vive quebrada e tendo varia\u00e7\u00f5es ruins. A jun\u00e7\u00e3o feita fica muito clara no samba, sendo que a segunda \u00e9 a parte menos ruim. O verso que cita o Nobel no refr\u00e3o principal \u00e9 digno de entrar no rol de trechos ins\u00f3litos do carnaval, j\u00e1 que o pr\u00eamio \u00e9 sueco, enquanto o enredo fala sobre a&#8230; Su\u00ed\u00e7a! Triste ver que a escola que teve os excelentes <em>Agud\u00e1s<\/em> (2003) e <em>O Dono da Terra <\/em>(1999), numa fase imediatamente anterior a Paulo Barros, teve a ala de compositores depenada pela era em que o carnavalesco engessou a produ\u00e7\u00e3o samb\u00edstica.<\/p>\n<p style=\"text-align: justify;\"><strong>Salgueiro<\/strong>: A escola \u00e9 engra\u00e7ada. Nos \u00faltimos anos, com enredos, no m\u00ednimo, question\u00e1veis, os sambas foram \u00f3timos. Neste ano, com um grande enredo (sobre Minas Gerais e sua culin\u00e1ria), o samba \u00e9 fraco. Uma letra pouco inspirada, ficando fora do tom e da m\u00e9trica em quase todo o samba. A melodia me lembra os sambas paulistanos algumas vezes. Isso \u00e9 longe de ser o problema, que est\u00e1 em varia\u00e7\u00f5es bruscas que empobrecem. Mas, certamente, a obra \u00e9 melodicamente melhor do que sua letra. O refr\u00e3o de meio \u00e9 tr\u00e1gico. Confesso que gostaria de ouvir Quinho com este samba. Seria, pelo menos, mais divertido. Tal como a Tijuca, \u00e9 um \u201cpula-faixa\u201d.<\/p>\n<p style=\"text-align: justify;\"><strong>Portela<\/strong>: Ap\u00f3s nove ou dez minutos de maus tratos aos ouvidos, chega o primeiro grande samba da safra. Com um jeito diferente dos lend\u00e1rios sambas recentes de Luiz Carlos M\u00e1ximo e companhia, esta obra, assinada por Noca da Portela, \u00e9 quase toda inspirad\u00edssima, numa melodia envolvente e em tom menor em rela\u00e7\u00e3o aos \u00faltimos tr\u00eas anos da \u00c1guia. Versos emocionantes (\u201dT\u00e3o bela! Orgulhosamente a Portela\u201d), se misturam com sacadas \u00f3timas (\u201cA Natureza lhe foi generosa\u201d) sobre o Rio de Janeiro e seu anivers\u00e1rio. Os \u00faltimos quatro versos, mais o refr\u00e3o final, s\u00e3o os momentos mais fortes da obra. Entretanto, os quatro primeiros versos s\u00e3o medianos e o \u201cE eu \u2018daqui\u2019 feito \u2018dali\u2019\u201d \u00e9 estranho. \u00d3tima composi\u00e7\u00e3o, um pouco abaixo do trio entre 2012-14, mas suficiente para estar no Top-4 desta safra. No ano forte de 2014, brigaria por um sexto lugar.<\/p>\n<p style=\"text-align: justify;\"><strong><a href=\"http:\/\/www.pedromigao.com.br\/ourodetolo\/2014\/03\/instantaneos-da-folia-2014\/20140303_052012\/\" rel=\"attachment wp-att-24329\"><img loading=\"lazy\" decoding=\"async\" class=\"alignright size-medium wp-image-24329\" src=\"http:\/\/www.pedromigao.com.br\/ourodetolo\/wp-content\/uploads\/2014\/03\/20140303_052012-300x225.jpg\" alt=\"20140303_052012\" width=\"300\" height=\"225\" srcset=\"http:\/\/www.pedromigao.com.br\/ourodetolo\/wp-content\/uploads\/2014\/03\/20140303_052012-300x225.jpg 300w, http:\/\/www.pedromigao.com.br\/ourodetolo\/wp-content\/uploads\/2014\/03\/20140303_052012-453x340.jpg 453w\" sizes=\"auto, (max-width: 300px) 100vw, 300px\" \/><\/a>Uni\u00e3o da Ilha<\/strong>: O enredo sobre a beleza, j\u00e1 feito pela Porto da Pedra em 2010 e pela Portela em 1991, ganhou um samba descart\u00e1vel, tal como a ocasi\u00e3o mais recente que passou pela pista. Versos muito longos que amarram o samba e o canto devem ser tr\u00e1gicos para a normalmente claudicante harmonia da escola. O \u201cfiu fiu\u201d \u00e9 completamente mal colocado no refr\u00e3o de meio, se tornando uma mal fadada tentativa de irrever\u00eancia. Uma queda de n\u00edvel em rela\u00e7\u00e3o ao agrad\u00e1vel samba de 2014, e a volta de composi\u00e7\u00f5es fracas \u00e0 gest\u00e3o Ney Filardi. N\u00e3o \u00e9 t\u00e3o ruim quanto Tijuca e Salgueiro, mas o hype da produ\u00e7\u00e3o musical insulana pede bem mais.<\/p>\n<p style=\"text-align: justify;\"><strong>Imperatriz<\/strong>: Chegamos a mais uma obra bem legal desta safra. Mais uma vez saindo de seu lugar comum, a agremia\u00e7\u00e3o de Ramos investe num enredo afro, g\u00eanero que tradicionalmente leva a boas obras, o que se confirma aqui. \u00c9 um samba forte, com um refr\u00e3o \u00fanico e visceral, lembrando Nelson Mandela. H\u00e1 alguns versos no meio do samba que n\u00e3o me agradam tanto, repetindo palavras. Os versos \u201cVamos \u00e0 luta pelos direitos \/ Uma \u2018banana\u2019 para o preconceito\u201d s\u00e3o uma grande sacada e formam um momento marcante deste \u00f3timo samba.<\/p>\n<p style=\"text-align: justify;\"><strong>Grande Rio<\/strong>: Os anos se passam e cada vez mais eu espero a volta da Grande Rio dos anos 1990, aquela que \u201cdava um banho de cultura\u201d. Outra vez a escola da Baixada traz um enredo horr\u00edvel e um samba desolador, para ser educado. A composi\u00e7\u00e3o \u00e9 descart\u00e1vel, com melodia praticamente reta e letra pobre. H\u00e1 uma chance enorme de o sono tomar conta da Sapuca\u00ed no desfile da tricolor de Caxias \u2013 de novo. O refr\u00e3o principal tem versos em que as palavras parecem se embolar. Um samba que n\u00e3o \u00e9 trash, mas que \u00e9 in\u00fatil e facilmente esquec\u00edvel. Al\u00e9m de tudo, Emerson Dias n\u00e3o imp\u00f5e nenhum ganho&#8230;<\/p>\n<p style=\"text-align: justify;\"><strong><a href=\"http:\/\/www.pedromigao.com.br\/ourodetolo\/2014\/03\/instantaneos-da-folia-2014\/20140303_225332\/\" rel=\"attachment wp-att-24330\"><img loading=\"lazy\" decoding=\"async\" class=\"alignleft size-medium wp-image-24330\" src=\"http:\/\/www.pedromigao.com.br\/ourodetolo\/wp-content\/uploads\/2014\/03\/20140303_225332-300x225.jpg\" alt=\"20140303_225332\" width=\"300\" height=\"225\" srcset=\"http:\/\/www.pedromigao.com.br\/ourodetolo\/wp-content\/uploads\/2014\/03\/20140303_225332-300x225.jpg 300w, http:\/\/www.pedromigao.com.br\/ourodetolo\/wp-content\/uploads\/2014\/03\/20140303_225332-453x340.jpg 453w\" sizes=\"auto, (max-width: 300px) 100vw, 300px\" \/><\/a>Beija-Flor<\/strong>: Se de um lado da Baixada, o n\u00edvel n\u00e3o \u00e9 bom, em Nil\u00f3polis, amigo(a), ele \u00e9 excelente. Samba pesado, afro, como a comunidade nilopolitana e os admiradores da Beija-Flor gostam. Uma composi\u00e7\u00e3o que me ganhou de cara e que tem momentos que ati\u00e7am o componente, no bom sentido (\u201cOh minha deusa soberana \/ Resgata sua alma africana\u201d ou \u201cQuem beija essa flor n\u00e3o chora\u201d). O refr\u00e3o de meio \u00e9 visceral e o que mais me conquistou nesta safra at\u00e9 agora. \u00danica ressalva fica para o verso mudado para \u201cDessa mistura eu fa\u00e7o o carnaval&#8230;\u00a0Canta Guin\u00e9 Equatorial\u201d e que ficou fora do encaixe. Pena que o enredo seja gerado por um pa\u00eds de governo tirano. Olhando como torcedor mangueirense, d\u00e1 medo imaginar o povo de Nilop\u00f3lis cantando o samba de Samir Trindade e companhia a plenos pulm\u00f5es, sem medo de ser feliz. Bem-vinda de volta ao topo de uma safra, Beija-Flor.<\/p>\n<p style=\"text-align: justify;\"><strong>Mangueira<\/strong>: Ap\u00f3s tr\u00eas anos seguidos da parceria de Lequinho ser levada \u00e0 avenida, que bom ouvir outro estilo de samba na Velha Manga. A composi\u00e7\u00e3o de Renan Brand\u00e3o, Cadu Zugliani, Alem\u00e3o do Cavaco e outros tem uma pegada mais leve que a linha de Lequinho e \u00e9 bem valorizada pelo canto do subestimado Luizito. Uma boa homenagem \u00e0s mulheres, com ponto forte nas cita\u00e7\u00f5es \u00e0 Dona Neuma e Dona Zica. A alus\u00e3o \u00e0 m\u00fasica cantada por Benito di Paula no refr\u00e3o principal (\u201cEu vou cantar a vida inteira \/ Mulher brasileira em primeiro lugar\u201d) \u00e9 bem bolada. O samba n\u00e3o me conquistou totalmente de primeira, mas \u201ctemo\u201d que isso aconte\u00e7a com o passar das audi\u00e7\u00f5es. N\u00e3o \u00e9 a porrada de 2011, composta pela turma de Alem\u00e3o do Cavaco, mas \u00e9 melhor que os dois \u00faltimos sambas da verde-e-rosa. Fica na metade superior do ranking.<\/p>\n<p style=\"text-align: justify;\"><strong>Mocidade<\/strong>: Independente do caminho, com Paulo Barros o resultado \u00e9 sempre um samba secund\u00e1rio e que sirva ao desfile. O enredo sobre o fim do mundo ganhou uma obra com melodia animadinha que varia at\u00e9 bem, letra comum e que segue a sinopse como se fosse um cordeiro atr\u00e1s de um pastor \u2013 o que \u00e9 percept\u00edvel mesmo para quem n\u00e3o a leu. O samba me lembra um pouco <em>\u00c9 Segredo<\/em> (Tijuca, 2010), mesmo que este tivesse passagens mais inspiradas. Com a safra fraca, n\u00e3o fica t\u00e3o na rabeira da ordem, mas destoa do \u00f3timo samba da Mocidade em 2014.<\/p>\n<p style=\"text-align: justify;\"><strong><a href=\"http:\/\/www.pedromigao.com.br\/ourodetolo\/2014\/03\/instantaneos-da-folia-2014\/20140304_005543\/\" rel=\"attachment wp-att-24331\"><img loading=\"lazy\" decoding=\"async\" class=\"alignright size-medium wp-image-24331\" src=\"http:\/\/www.pedromigao.com.br\/ourodetolo\/wp-content\/uploads\/2014\/03\/20140304_005543-300x225.jpg\" alt=\"20140304_005543\" width=\"300\" height=\"225\" srcset=\"http:\/\/www.pedromigao.com.br\/ourodetolo\/wp-content\/uploads\/2014\/03\/20140304_005543-300x225.jpg 300w, http:\/\/www.pedromigao.com.br\/ourodetolo\/wp-content\/uploads\/2014\/03\/20140304_005543-453x340.jpg 453w\" sizes=\"auto, (max-width: 300px) 100vw, 300px\" \/><\/a>Vila Isabel:<\/strong> Samba irregular, cuja caracter\u00edstica foi mais real\u00e7ada com o refr\u00e3o de meio criado sumariamente nas modifica\u00e7\u00f5es. O samba-enredo sobre o maestro Isaac Karabtchevsky tem um refr\u00e3o final mais longo que o comum, e um pouco atropelado. J\u00e1 o come\u00e7o da primeira, com uma melodia mais dolente, \u00e9 um ponto forte. O refr\u00e3o de meio \u00e9 nitidamente uma inven\u00e7\u00e3o mal feita. A letra n\u00e3o me causa muitas emo\u00e7\u00f5es e n\u00e3o tem um momento que catalise a empolga\u00e7\u00e3o do componente. \u00c9 um samba que tem seus valores, ainda mais numa safra como a de 2015. Uma obra que tem dois refr\u00e3es e mais outro que pode at\u00e9 ser considerado \u201cfalso\u201d.<\/p>\n<p style=\"text-align: justify;\"><strong>S\u00e3o Clemente:<\/strong> Um samba \u201cFrankenstein\u201d. In\u00fameros versos atropelados e uma composi\u00e7\u00e3o que parece uma colcha de retalhos. Um tipo de samba comum no S\u00e9culo XXI. Apesar de tudo, a melodia para cima e a interpreta\u00e7\u00e3o do excelente Igor Sorriso \u2013 o futuro grande nome da Sapuca\u00ed \u2013 valorizam a obra. Gostaria de saber como Fernando Pamplona reagiria se soubesse que o enredo que iria homenage\u00e1-lo teria uma \u201cmarchinha safada\u201d. Destaque para o fato do samba ter tr\u00eas refr\u00e3es.<\/p>\n<p style=\"text-align: justify;\"><strong><a href=\"http:\/\/www.pedromigao.com.br\/ourodetolo\/2014\/11\/primeiras-impressoes-de-uma-safra-abaixo-da-media-recente\/0909_luiz_carlos_da_vila\/\" rel=\"attachment wp-att-30530\"><img loading=\"lazy\" decoding=\"async\" class=\"alignleft size-full wp-image-30530\" src=\"http:\/\/www.pedromigao.com.br\/ourodetolo\/wp-content\/uploads\/2014\/11\/0909_luiz_carlos_da_vila.jpg\" alt=\"0909_luiz_carlos_da_vila\" width=\"300\" height=\"225\" \/><\/a>Viradouro<\/strong>: Todo ano um samba desperta minha curiosidade de como ser\u00e1 o rendimento no desfile. O da Viradouro \u00e9 o que se encaixa nesta categoria em 2015. Uma inova\u00e7\u00e3o \u2013 ou seria \u201cinven\u00e7\u00e3o\u201d? &#8211; bem constru\u00edda pelo especialista em samba-enredo, Gusttavo Clar\u00e3o, presidente da escola. A minha curiosidade \u00e9 como o trecho \u201c\u00f4\u00f4\u00f4\u00f4, \u00f4\u00f4\u00f4\u00f4, \u00f4\u00f4\u00f4\u00f4, Brasil\u201d (momento que \u00e9 um divisor das passadas do samba) vai ser conduzido na pista. Al\u00e9m disso, a bateria \u00e9 outra intriga. \u00c9 um samba que fica valorizado com andamento lento, mas a avenida n\u00e3o permite tanto isso atualmente. Por outro lado, n\u00e3o d\u00e1 para sequer cogitar a possibilidade de a bateria estar em ritmo de frevo, como ocorreu no desfile da escola em 2014. Enfim, samba que fica no top-4 da safra. Pena que o limitado Z\u00e9 Paulo Sierra seja o seu int\u00e9rprete.<\/p>\n<p style=\"text-align: justify;\">Por enquanto, minha ordem \u00e9: Beija-Flor, Imperatriz, Portela, Viradouro, Mangueira, Vila Isabel, Mocidade, S\u00e3o Clemente, Uni\u00e3o da Ilha, Grande Rio, Salgueiro, Unidos da Tijuca.<\/p>\n<p style=\"text-align: justify;\">No fim do ano, ou no come\u00e7o de 2015, devo fazer uma classifica\u00e7\u00e3o mais adequada ao andar das audi\u00e7\u00f5es, com notas, assim como textos sobre as safras da S\u00e9rie A carioca e do Especial paulistano.<\/p>\n","protected":false},"excerpt":{"rendered":"<p>Finalmente os sambas-enredo do pr\u00f3ximo carnaval tomam forma oficial. Em breve, a grava\u00e7\u00e3o do CD ser\u00e1 disponibilizada por completo. O g\u00eanero \u00e9 pessimamente divulgado, al\u00e9mTour Details<\/p>\n","protected":false},"author":29,"featured_media":0,"comment_status":"open","ping_status":"open","sticky":false,"template":"","format":"standard","meta":{"footnotes":""},"categories":[561],"tags":[18,535,12,19],"class_list":["post-30519","post","type-post","status-publish","format-standard","hentry","category-cartas-do-freezer","tag-carnaval","tag-carnaval-2015","tag-cultura","tag-escolas-de-samba"],"_links":{"self":[{"href":"http:\/\/www.pedromigao.com.br\/ourodetolo\/wp-json\/wp\/v2\/posts\/30519","targetHints":{"allow":["GET"]}}],"collection":[{"href":"http:\/\/www.pedromigao.com.br\/ourodetolo\/wp-json\/wp\/v2\/posts"}],"about":[{"href":"http:\/\/www.pedromigao.com.br\/ourodetolo\/wp-json\/wp\/v2\/types\/post"}],"author":[{"embeddable":true,"href":"http:\/\/www.pedromigao.com.br\/ourodetolo\/wp-json\/wp\/v2\/users\/29"}],"replies":[{"embeddable":true,"href":"http:\/\/www.pedromigao.com.br\/ourodetolo\/wp-json\/wp\/v2\/comments?post=30519"}],"version-history":[{"count":1,"href":"http:\/\/www.pedromigao.com.br\/ourodetolo\/wp-json\/wp\/v2\/posts\/30519\/revisions"}],"predecessor-version":[{"id":30529,"href":"http:\/\/www.pedromigao.com.br\/ourodetolo\/wp-json\/wp\/v2\/posts\/30519\/revisions\/30529"}],"wp:attachment":[{"href":"http:\/\/www.pedromigao.com.br\/ourodetolo\/wp-json\/wp\/v2\/media?parent=30519"}],"wp:term":[{"taxonomy":"category","embeddable":true,"href":"http:\/\/www.pedromigao.com.br\/ourodetolo\/wp-json\/wp\/v2\/categories?post=30519"},{"taxonomy":"post_tag","embeddable":true,"href":"http:\/\/www.pedromigao.com.br\/ourodetolo\/wp-json\/wp\/v2\/tags?post=30519"}],"curies":[{"name":"wp","href":"https:\/\/api.w.org\/{rel}","templated":true}]}}